{"id":61557,"date":"2012-06-10T17:35:38","date_gmt":"2012-06-10T16:35:38","guid":{"rendered":"http:\/\/www.visit-ulcinj.com\/blog\/?p=61557"},"modified":"2012-06-10T17:40:45","modified_gmt":"2012-06-10T16:40:45","slug":"dafina-zeqiri-e-verteta-e-historise-sime-me-ledrin-foto","status":"publish","type":"post","link":"https:\/\/www.visit-ulcinj.com\/blog\/2012\/06\/10\/dafina-zeqiri-e-verteta-e-historise-sime-me-ledrin-foto\/","title":{"rendered":"Dafina Zeqiri: E v\u00ebrteta e historis\u00eb sime me Ledrin + Foto"},"content":{"rendered":"<p><a href=\"http:\/\/www.visit-ulcinj.com\/blog\/wp-content\/uploads\/2012\/06\/Dafina-Zeqiri-Ledri-Vulaj.8.jpg\"><img loading=\"lazy\" class=\"alignleft  wp-image-61563\" title=\"Dafina Zeqiri &amp; Ledri Vulaj.8\" src=\"http:\/\/www.visit-ulcinj.com\/blog\/wp-content\/uploads\/2012\/06\/Dafina-Zeqiri-Ledri-Vulaj.8.jpg\" alt=\"\" width=\"508\" height=\"400\" \/><\/a>Ajo \u00ebsht\u00eb nj\u00eb nga k\u00ebng\u00ebtaret m\u00eb ekstravagante t\u00eb sken\u00ebs shqiptare. Gjithmon\u00eb novatore, me k\u00ebng\u00eb dhe klipe tejet europiane. T\u00eb nj\u00ebjt\u00ebn gj\u00eb demonstroi edhe fundjav\u00ebs s\u00eb kaluar ku ishte e ftuar n\u00eb gjysm\u00ebfinalen e \u201cX Factor Albania\u201d. Dafina Zeqiri, k\u00ebng\u00ebtarja RNB, ka sjell\u00eb nj\u00eb performanc\u00eb t\u00eb mrekullueshme q\u00eb ka ngritur publikun e teatrit \u201cKlan\u201d n\u00eb k\u00ebmb\u00eb dhe ngaz\u00ebllyer at\u00eb n\u00eb sht\u00ebpi. E famshme n\u00eb Shqip\u00ebri, ve\u00e7an\u00ebrisht me bashk\u00ebpunimin e saj me reperin 2Po2 dhe k\u00ebng\u00ebtaren Tuna n\u00eb hitin \u201cVibe\u201d, Dafina n\u00eb k\u00ebt\u00eb intervist\u00eb ekskluzive p\u00ebr \u201cSummer Time\u201d, tregon se p\u00ebrsos thashethemeve q\u00eb qarkullojn\u00eb n\u00eb lidhje me prishjen e shoq\u00ebris\u00eb s\u00eb saj me Tun\u00ebn, nuk ka asnj\u00eb t\u00eb v\u00ebrtet\u00eb. Por sa i p\u00ebrket historis\u00eb s\u00eb saj t\u00eb dashuris\u00eb me reperin Ledri Vulaj?! Ajo tregon se\u2026<\/p>\n<p><strong>Dafina, si ishte t\u00eb performonit n\u00eb \u201cX Factor\u201d?<\/strong><\/p>\n<p>Shum\u00eb e mrekullueshme. P\u00ebr pak mendova se edhe un\u00eb isha finaliste. Ishte shum\u00eb-shum\u00eb bukur. Keni performuar me Sheil\u00ebn.<\/p>\n<p><strong>Ajo ka qen\u00eb e preferuara juaj q\u00eb n\u00eb fillim?<\/strong><\/p>\n<p>Un\u00eb jo vet\u00ebm se performova me Sheil\u00ebn, por n\u00eb fakt ajo m\u00eb ka p\u00eblqyer gjithmon\u00eb shum\u00eb. P\u00ebr m\u00eb tep\u00ebr n\u00eb nj\u00eb koncert q\u00eb kam pasur n\u00eb Tiran\u00eb e kam pasur t\u00eb ftuar at\u00eb. M\u00eb ka p\u00eblqyer dukja e saj, sjellja e saj, look-u i saj, performanca e saj, z\u00ebri i saj, dhe jam e k\u00ebnaqur q\u00eb un\u00eb kam pasur mund\u00ebsin\u00eb ta mb\u00ebshtesja at\u00eb.<\/p>\n<p><strong><a href=\"http:\/\/www.visit-ulcinj.com\/blog\/wp-content\/uploads\/2012\/06\/Dafina-Zeqiri-Ledri-Vulaj.jpg\"><img loading=\"lazy\" class=\"alignleft  wp-image-61558\" title=\"Dafina Zeqiri &amp; Ledri Vulaj\" src=\"http:\/\/www.visit-ulcinj.com\/blog\/wp-content\/uploads\/2012\/06\/Dafina-Zeqiri-Ledri-Vulaj.jpg\" alt=\"\" width=\"350\" height=\"400\" \/><\/a>Koh\u00ebt e fundit nuk keni qen\u00eb shum\u00eb prezente n\u00eb Shqip\u00ebri, kjo sepse tashm\u00eb d\u00ebshironi ta fokusoni t\u00eb ardhmen tuaj n\u00eb Europ\u00eb?<\/strong><\/p>\n<p>Kam shum\u00eb angazhime edhe brenda Kosov\u00ebs edhe jasht\u00eb saj dhe nuk kam pasur shum\u00eb koh\u00eb n\u00eb fakt. K\u00ebshtu q\u00eb jam shum\u00eb-shum\u00eb e lumtur q\u00eb erdha n\u00eb Shqip\u00ebri. E dua Shqip\u00ebrin\u00eb, e dua Kosov\u00ebn, t\u00eb gjith\u00eb jemi nj\u00eb dhe kjo \u00ebsht\u00eb shum\u00eb bukur.<\/p>\n<p><strong>K\u00ebng\u00ebt tuaja m\u00eb s\u00eb shumti jan\u00eb n\u00eb anglisht, kjo pik\u00ebrisht p\u00ebr t\u00eb tentuar tregun bot\u00ebror t\u00eb muzik\u00ebs?<\/strong><\/p>\n<p>Un\u00eb jam rritur n\u00eb Suedi dhe kam jetuar me muzik\u00eb anglisht. Q\u00eb prej mosh\u00ebs 10-vje\u00e7are q\u00eb shkruaj tekstet e mia un\u00eb i shkruaj n\u00eb anglisht, dhe punoj me muzik\u00eb anglisht. Gjithmon\u00eb kam k\u00ebnduar anglisht dhe m\u00eb \u00ebsht\u00eb dashur koh\u00eb deri sa ta m\u00ebsoj mir\u00eb gjuh\u00ebn shqip, edhe pse e kam p\u00ebrmir\u00eb- suar mjaft, ndonj\u00ebher\u00eb b\u00ebj edhe ndonj\u00eb gabim, q\u00eb besoj \u00ebsht\u00eb i mir\u00ebkuptuesh\u00ebm. Vet\u00ebm kam d\u00ebshir\u00eb t\u2019i mbaj t\u00eb dyja linjat muzik\u00eb anglisht dhe shqip.<\/p>\n<p><strong>P\u00ebr sa i p\u00ebrket look-ut keni nj\u00eb pamje gjithmon\u00eb tejet evropiane, ka nj\u00eb model q\u00eb ndjek Dafina?<\/strong><\/p>\n<p>Un\u00eb q\u00eb e vog\u00ebl kam par\u00eb fashionshow, dhe Suedia \u00ebsht\u00eb e njohur p\u00ebr fashion, dhe p\u00ebr veshjen e popullit dhe gjith\u00eb populli suedez vishet bukur. K\u00ebshtu q\u00eb ka qen\u00eb e natyrshme sjellja dhe look-u im n\u00eb sken\u00eb.<\/p>\n<p><strong>Ajo q\u00eb ka b\u00ebr\u00eb s\u00eb fundmi buj\u00eb n\u00eb shtypin roz\u00eb dhe mediat sociale \u00ebsht\u00eb lidhja juaj me reperin Ledri Vulaj. Mund t\u00eb na tregoni di\u00e7ka m\u00eb tep\u00ebr rreth k\u00ebsaj lidhjeje?<\/strong><\/p>\n<p>Un\u00eb dhe Ledri jemi koleg\u00eb. Kam shum\u00eb respekt p\u00ebr t\u00eb. Vazhdojm\u00eb t\u00eb jemi koleg\u00eb dhe t\u00eb b\u00ebjm\u00eb muzik\u00eb s\u00eb bashku.<\/p>\n<p><strong>Nuk ka nj\u00eb histori dashurie mes jush?<\/strong><\/p>\n<p>Shum\u00eb jeni t\u00eb interesuar p\u00ebr t\u00eb ditur k\u00ebt\u00eb histori, por un\u00eb nuk ju tregoj (qesh).<\/p>\n<p><strong>Po p\u00ebrse \u00ebsht\u00eb krijuar gjith\u00eb kjo histori dhe zhurm\u00eb nga njer\u00ebzit, shtypi dhe fansat?<\/strong><\/p>\n<p>Nuk kan\u00eb faj njer\u00ebzit, fansat duan q\u00eb reperi m\u00eb i mir\u00eb t\u00eb jet\u00eb s\u00eb bashku me k\u00ebng\u00ebtaren e tyre t\u00eb preferuar.<\/p>\n<p><strong>Ju keni qen\u00eb mike me Tun\u00ebn, p\u00ebrve\u00e7se keni bashk\u00ebpunuar. Vazhdon miq\u00ebsia juaj?<\/strong><\/p>\n<p>P\u00ebr sa i p\u00ebrket projekteve me t\u00eb un\u00eb p\u00ebr momentin po punoj solo dhe me disa producent\u00eb nga jasht\u00eb, dhe nuk kam ndonj\u00eb plan p\u00ebr ndonj\u00eb bashk\u00ebpunim t\u00eb ri me t\u00eb. Do t\u00eb fokusohem tek vetja ime tashm\u00eb, m\u00eb von\u00eb nuk i dihet.<\/p>\n<p><strong>Vazhdon shoq\u00ebria mes jush?<\/strong><\/p>\n<p>Gjithmon\u00eb. Un\u00eb kam respekt p\u00ebr koleg\u00ebt e mi. T\u00eb gjith\u00eb i respektoj dhe do t\u00eb vazhdoj t\u2019i respektoj.<\/p>\n<p><strong>\u00c7far\u00eb do t\u00eb sillni t\u00eb reja p\u00ebr fansat tuaja?<\/strong><\/p>\n<p>Jam duke punuar n\u00eb disa projekte t\u00eb reja q\u00eb do t\u2019i g\u00ebzoj\u00eb fansat. Jav\u00ebs tjet\u00ebr do t\u00eb lan\u00e7ohet klipi im i ri \u201cTonight\u201d. Jam shum\u00eb e lumtur p\u00ebr mb\u00ebshtet\u00ebsit q\u00eb kam dhe i fal\u00ebnderoj t\u00eb gjith\u00eb q\u00eb vijojn\u00eb t\u00eb m\u00eb mb\u00ebshtesin dhe m\u00eb duan. Gjithashtu, dua t\u00eb fal\u00ebnderoj ata q\u00eb m\u00eb p\u00ebrkrahin mamin dhe motr\u00ebn time.<\/p>\n<p><strong><\/strong>\u00a0<strong>Ilda Lumani <\/strong><br \/>\n<strong>Koha Jone<\/strong><br \/>\n<!--YouTube Error: bad URL entered--><br \/>\n<\/p>\n","protected":false},"excerpt":{"rendered":"<p>Ajo \u00ebsht\u00eb nj\u00eb nga k\u00ebng\u00ebtaret m\u00eb ekstravagante t\u00eb sken\u00ebs shqiptare. Gjithmon\u00eb novatore, me k\u00ebng\u00eb dhe klipe tejet europiane. T\u00eb nj\u00ebjt\u00ebn gj\u00eb demonstroi edhe fundjav\u00ebs s\u00eb kaluar ku ishte e ftuar n\u00eb gjysm\u00ebfinalen e \u201cX Factor Albania\u201d. Dafina Zeqiri, k\u00ebng\u00ebtarja RNB, ka sjell\u00eb nj\u00eb performanc\u00eb t\u00eb mrekullueshme q\u00eb ka ngritur publikun e teatrit \u201cKlan\u201d n\u00eb k\u00ebmb\u00eb [&hellip;]<\/p>\n","protected":false},"author":1,"featured_media":0,"comment_status":"open","ping_status":"closed","sticky":false,"template":"","format":"standard","meta":{"spay_email":"","jetpack_publicize_message":"","jetpack_is_tweetstorm":false,"jetpack_publicize_feature_enabled":true},"categories":[1],"tags":[19677,4926,19806,16036,8966,9004,19511,4684],"jetpack_publicize_connections":[],"yoast_head":"<!-- This site is optimized with the Yoast SEO plugin v19.1 - https:\/\/yoast.com\/wordpress\/plugins\/seo\/ -->\n<title>Dafina Zeqiri: E v\u00ebrteta e historis\u00eb sime me Ledrin + Foto - Lajme nga Ulqini<\/title>\n<meta name=\"description\" content=\"Ajo \u00ebsht\u00eb nj\u00eb nga k\u00ebng\u00ebtaret m\u00eb ekstravagante t\u00eb sken\u00ebs shqiptare. Gjithmon\u00eb novatore, me k\u00ebng\u00eb dhe klipe tejet europiane. T\u00eb nj\u00ebjt\u00ebn gj\u00eb demonstroi edhe\" \/>\n<meta name=\"robots\" content=\"index, follow, max-snippet:-1, max-image-preview:large, max-video-preview:-1\" \/>\n<link rel=\"canonical\" href=\"https:\/\/www.visit-ulcinj.com\/blog\/2012\/06\/10\/dafina-zeqiri-e-verteta-e-historise-sime-me-ledrin-foto\/\" \/>\n<meta property=\"og:locale\" content=\"en_US\" \/>\n<meta property=\"og:type\" content=\"article\" \/>\n<meta property=\"og:title\" content=\"Dafina Zeqiri: E v\u00ebrteta e historis\u00eb sime me Ledrin + Foto - Lajme nga Ulqini\" \/>\n<meta property=\"og:description\" content=\"Ajo \u00ebsht\u00eb nj\u00eb nga k\u00ebng\u00ebtaret m\u00eb ekstravagante t\u00eb sken\u00ebs shqiptare. Gjithmon\u00eb novatore, me k\u00ebng\u00eb dhe klipe tejet europiane. T\u00eb nj\u00ebjt\u00ebn gj\u00eb demonstroi edhe\" \/>\n<meta property=\"og:url\" content=\"https:\/\/www.visit-ulcinj.com\/blog\/2012\/06\/10\/dafina-zeqiri-e-verteta-e-historise-sime-me-ledrin-foto\/\" \/>\n<meta property=\"og:site_name\" content=\"Lajme nga Ulqini\" \/>\n<meta property=\"article:published_time\" content=\"2012-06-10T16:35:38+00:00\" \/>\n<meta property=\"article:modified_time\" content=\"2012-06-10T16:40:45+00:00\" \/>\n<meta property=\"og:image\" content=\"https:\/\/www.visit-ulcinj.com\/blog\/wp-content\/uploads\/2012\/06\/Dafina-Zeqiri-Ledri-Vulaj-150x150.jpg\" \/>\n<meta name=\"twitter:label1\" content=\"Written by\" \/>\n\t<meta name=\"twitter:data1\" content=\"ulqini\" \/>\n\t<meta name=\"twitter:label2\" content=\"Est. reading time\" \/>\n\t<meta name=\"twitter:data2\" content=\"4 minutes\" \/>\n<script type=\"application\/ld+json\" class=\"yoast-schema-graph\">{\"@context\":\"https:\/\/schema.org\",\"@graph\":[{\"@type\":\"WebSite\",\"@id\":\"https:\/\/www.visit-ulcinj.com\/blog\/#website\",\"url\":\"https:\/\/www.visit-ulcinj.com\/blog\/\",\"name\":\"Lajme nga Ulqini\",\"description\":\"Lajme,Vijesti,Ulqini,Ulqin,Crna Gora,Mali i Zi\",\"potentialAction\":[{\"@type\":\"SearchAction\",\"target\":{\"@type\":\"EntryPoint\",\"urlTemplate\":\"https:\/\/www.visit-ulcinj.com\/blog\/?s={search_term_string}\"},\"query-input\":\"required name=search_term_string\"}],\"inLanguage\":\"en-US\"},{\"@type\":\"ImageObject\",\"inLanguage\":\"en-US\",\"@id\":\"https:\/\/www.visit-ulcinj.com\/blog\/2012\/06\/10\/dafina-zeqiri-e-verteta-e-historise-sime-me-ledrin-foto\/#primaryimage\",\"url\":\"http:\/\/www.visit-ulcinj.com\/blog\/wp-content\/uploads\/2012\/06\/Dafina-Zeqiri-Ledri-Vulaj.8.jpg\",\"contentUrl\":\"http:\/\/www.visit-ulcinj.com\/blog\/wp-content\/uploads\/2012\/06\/Dafina-Zeqiri-Ledri-Vulaj.8.jpg\"},{\"@type\":\"WebPage\",\"@id\":\"https:\/\/www.visit-ulcinj.com\/blog\/2012\/06\/10\/dafina-zeqiri-e-verteta-e-historise-sime-me-ledrin-foto\/#webpage\",\"url\":\"https:\/\/www.visit-ulcinj.com\/blog\/2012\/06\/10\/dafina-zeqiri-e-verteta-e-historise-sime-me-ledrin-foto\/\",\"name\":\"Dafina Zeqiri: E v\u00ebrteta e historis\u00eb sime me Ledrin + Foto - Lajme nga Ulqini\",\"isPartOf\":{\"@id\":\"https:\/\/www.visit-ulcinj.com\/blog\/#website\"},\"primaryImageOfPage\":{\"@id\":\"https:\/\/www.visit-ulcinj.com\/blog\/2012\/06\/10\/dafina-zeqiri-e-verteta-e-historise-sime-me-ledrin-foto\/#primaryimage\"},\"datePublished\":\"2012-06-10T16:35:38+00:00\",\"dateModified\":\"2012-06-10T16:40:45+00:00\",\"author\":{\"@id\":\"https:\/\/www.visit-ulcinj.com\/blog\/#\/schema\/person\/dcab619c614d3038751c63bc2aadc06d\"},\"description\":\"Ajo \u00ebsht\u00eb nj\u00eb nga k\u00ebng\u00ebtaret m\u00eb ekstravagante t\u00eb sken\u00ebs shqiptare. Gjithmon\u00eb novatore, me k\u00ebng\u00eb dhe klipe tejet europiane. T\u00eb nj\u00ebjt\u00ebn gj\u00eb demonstroi edhe\",\"breadcrumb\":{\"@id\":\"https:\/\/www.visit-ulcinj.com\/blog\/2012\/06\/10\/dafina-zeqiri-e-verteta-e-historise-sime-me-ledrin-foto\/#breadcrumb\"},\"inLanguage\":\"en-US\",\"potentialAction\":[{\"@type\":\"ReadAction\",\"target\":[\"https:\/\/www.visit-ulcinj.com\/blog\/2012\/06\/10\/dafina-zeqiri-e-verteta-e-historise-sime-me-ledrin-foto\/\"]}]},{\"@type\":\"BreadcrumbList\",\"@id\":\"https:\/\/www.visit-ulcinj.com\/blog\/2012\/06\/10\/dafina-zeqiri-e-verteta-e-historise-sime-me-ledrin-foto\/#breadcrumb\",\"itemListElement\":[{\"@type\":\"ListItem\",\"position\":1,\"name\":\"Dafina Zeqiri: E v\u00ebrteta e historis\u00eb sime me Ledrin + Foto\"}]},{\"@type\":\"Person\",\"@id\":\"https:\/\/www.visit-ulcinj.com\/blog\/#\/schema\/person\/dcab619c614d3038751c63bc2aadc06d\",\"name\":\"ulqini\",\"sameAs\":[\"http:\/\/www.visit-ulcinj.com\"],\"url\":\"https:\/\/www.visit-ulcinj.com\/blog\/author\/admin\/\"}]}<\/script>\n<!-- \/ Yoast SEO plugin. -->","yoast_head_json":{"title":"Dafina Zeqiri: E v\u00ebrteta e historis\u00eb sime me Ledrin + Foto - Lajme nga Ulqini","description":"Ajo \u00ebsht\u00eb nj\u00eb nga k\u00ebng\u00ebtaret m\u00eb ekstravagante t\u00eb sken\u00ebs shqiptare. Gjithmon\u00eb novatore, me k\u00ebng\u00eb dhe klipe tejet europiane. T\u00eb nj\u00ebjt\u00ebn gj\u00eb demonstroi edhe","robots":{"index":"index","follow":"follow","max-snippet":"max-snippet:-1","max-image-preview":"max-image-preview:large","max-video-preview":"max-video-preview:-1"},"canonical":"https:\/\/www.visit-ulcinj.com\/blog\/2012\/06\/10\/dafina-zeqiri-e-verteta-e-historise-sime-me-ledrin-foto\/","og_locale":"en_US","og_type":"article","og_title":"Dafina Zeqiri: E v\u00ebrteta e historis\u00eb sime me Ledrin + Foto - Lajme nga Ulqini","og_description":"Ajo \u00ebsht\u00eb nj\u00eb nga k\u00ebng\u00ebtaret m\u00eb ekstravagante t\u00eb sken\u00ebs shqiptare. Gjithmon\u00eb novatore, me k\u00ebng\u00eb dhe klipe tejet europiane. T\u00eb nj\u00ebjt\u00ebn gj\u00eb demonstroi edhe","og_url":"https:\/\/www.visit-ulcinj.com\/blog\/2012\/06\/10\/dafina-zeqiri-e-verteta-e-historise-sime-me-ledrin-foto\/","og_site_name":"Lajme nga Ulqini","article_published_time":"2012-06-10T16:35:38+00:00","article_modified_time":"2012-06-10T16:40:45+00:00","og_image":[{"url":"https:\/\/www.visit-ulcinj.com\/blog\/wp-content\/uploads\/2012\/06\/Dafina-Zeqiri-Ledri-Vulaj-150x150.jpg"}],"twitter_misc":{"Written by":"ulqini","Est. reading time":"4 minutes"},"schema":{"@context":"https:\/\/schema.org","@graph":[{"@type":"WebSite","@id":"https:\/\/www.visit-ulcinj.com\/blog\/#website","url":"https:\/\/www.visit-ulcinj.com\/blog\/","name":"Lajme nga Ulqini","description":"Lajme,Vijesti,Ulqini,Ulqin,Crna Gora,Mali i Zi","potentialAction":[{"@type":"SearchAction","target":{"@type":"EntryPoint","urlTemplate":"https:\/\/www.visit-ulcinj.com\/blog\/?s={search_term_string}"},"query-input":"required name=search_term_string"}],"inLanguage":"en-US"},{"@type":"ImageObject","inLanguage":"en-US","@id":"https:\/\/www.visit-ulcinj.com\/blog\/2012\/06\/10\/dafina-zeqiri-e-verteta-e-historise-sime-me-ledrin-foto\/#primaryimage","url":"http:\/\/www.visit-ulcinj.com\/blog\/wp-content\/uploads\/2012\/06\/Dafina-Zeqiri-Ledri-Vulaj.8.jpg","contentUrl":"http:\/\/www.visit-ulcinj.com\/blog\/wp-content\/uploads\/2012\/06\/Dafina-Zeqiri-Ledri-Vulaj.8.jpg"},{"@type":"WebPage","@id":"https:\/\/www.visit-ulcinj.com\/blog\/2012\/06\/10\/dafina-zeqiri-e-verteta-e-historise-sime-me-ledrin-foto\/#webpage","url":"https:\/\/www.visit-ulcinj.com\/blog\/2012\/06\/10\/dafina-zeqiri-e-verteta-e-historise-sime-me-ledrin-foto\/","name":"Dafina Zeqiri: E v\u00ebrteta e historis\u00eb sime me Ledrin + Foto - Lajme nga Ulqini","isPartOf":{"@id":"https:\/\/www.visit-ulcinj.com\/blog\/#website"},"primaryImageOfPage":{"@id":"https:\/\/www.visit-ulcinj.com\/blog\/2012\/06\/10\/dafina-zeqiri-e-verteta-e-historise-sime-me-ledrin-foto\/#primaryimage"},"datePublished":"2012-06-10T16:35:38+00:00","dateModified":"2012-06-10T16:40:45+00:00","author":{"@id":"https:\/\/www.visit-ulcinj.com\/blog\/#\/schema\/person\/dcab619c614d3038751c63bc2aadc06d"},"description":"Ajo \u00ebsht\u00eb nj\u00eb nga k\u00ebng\u00ebtaret m\u00eb ekstravagante t\u00eb sken\u00ebs shqiptare. Gjithmon\u00eb novatore, me k\u00ebng\u00eb dhe klipe tejet europiane. T\u00eb nj\u00ebjt\u00ebn gj\u00eb demonstroi edhe","breadcrumb":{"@id":"https:\/\/www.visit-ulcinj.com\/blog\/2012\/06\/10\/dafina-zeqiri-e-verteta-e-historise-sime-me-ledrin-foto\/#breadcrumb"},"inLanguage":"en-US","potentialAction":[{"@type":"ReadAction","target":["https:\/\/www.visit-ulcinj.com\/blog\/2012\/06\/10\/dafina-zeqiri-e-verteta-e-historise-sime-me-ledrin-foto\/"]}]},{"@type":"BreadcrumbList","@id":"https:\/\/www.visit-ulcinj.com\/blog\/2012\/06\/10\/dafina-zeqiri-e-verteta-e-historise-sime-me-ledrin-foto\/#breadcrumb","itemListElement":[{"@type":"ListItem","position":1,"name":"Dafina Zeqiri: E v\u00ebrteta e historis\u00eb sime me Ledrin + Foto"}]},{"@type":"Person","@id":"https:\/\/www.visit-ulcinj.com\/blog\/#\/schema\/person\/dcab619c614d3038751c63bc2aadc06d","name":"ulqini","sameAs":["http:\/\/www.visit-ulcinj.com"],"url":"https:\/\/www.visit-ulcinj.com\/blog\/author\/admin\/"}]}},"jetpack_featured_media_url":"","jetpack_sharing_enabled":true,"jetpack_shortlink":"https:\/\/wp.me\/pe6lTn-g0R","_links":{"self":[{"href":"https:\/\/www.visit-ulcinj.com\/blog\/wp-json\/wp\/v2\/posts\/61557"}],"collection":[{"href":"https:\/\/www.visit-ulcinj.com\/blog\/wp-json\/wp\/v2\/posts"}],"about":[{"href":"https:\/\/www.visit-ulcinj.com\/blog\/wp-json\/wp\/v2\/types\/post"}],"author":[{"embeddable":true,"href":"https:\/\/www.visit-ulcinj.com\/blog\/wp-json\/wp\/v2\/users\/1"}],"replies":[{"embeddable":true,"href":"https:\/\/www.visit-ulcinj.com\/blog\/wp-json\/wp\/v2\/comments?post=61557"}],"version-history":[{"count":4,"href":"https:\/\/www.visit-ulcinj.com\/blog\/wp-json\/wp\/v2\/posts\/61557\/revisions"}],"predecessor-version":[{"id":61570,"href":"https:\/\/www.visit-ulcinj.com\/blog\/wp-json\/wp\/v2\/posts\/61557\/revisions\/61570"}],"wp:attachment":[{"href":"https:\/\/www.visit-ulcinj.com\/blog\/wp-json\/wp\/v2\/media?parent=61557"}],"wp:term":[{"taxonomy":"category","embeddable":true,"href":"https:\/\/www.visit-ulcinj.com\/blog\/wp-json\/wp\/v2\/categories?post=61557"},{"taxonomy":"post_tag","embeddable":true,"href":"https:\/\/www.visit-ulcinj.com\/blog\/wp-json\/wp\/v2\/tags?post=61557"}],"curies":[{"name":"wp","href":"https:\/\/api.w.org\/{rel}","templated":true}]}}