{"id":6158,"date":"2008-11-16T12:20:55","date_gmt":"2008-11-16T17:20:55","guid":{"rendered":"http:\/\/www.visit-ulcinj.com\/blog\/?p=6158"},"modified":"2008-11-16T12:20:55","modified_gmt":"2008-11-16T17:20:55","slug":"charlize-theron-ambasadorja-kunder-dhunes-ndaj-grave","status":"publish","type":"post","link":"https:\/\/www.visit-ulcinj.com\/blog\/2008\/11\/16\/charlize-theron-ambasadorja-kunder-dhunes-ndaj-grave\/","title":{"rendered":"Charlize Theron, ambasadorja kund\u00ebr dhun\u00ebs ndaj grave"},"content":{"rendered":"<p><a href=\"http:\/\/www.visit-ulcinj.com\/blog\/wp-content\/uploads\/2008\/11\/charlize-theron.jpg\"><img loading=\"lazy\" class=\"alignleft size-medium wp-image-6159\" title=\"charlize-theron\" src=\"http:\/\/www.visit-ulcinj.com\/blog\/wp-content\/uploads\/2008\/11\/charlize-theron-300x211.jpg\" alt=\"\" width=\"300\" height=\"211\" \/><\/a>E d\u00ebrguara e paqes e Kombeve t\u00eb Bashkuara dhe ambasadorja e OKB-s\u00eb p\u00ebr luft\u00ebn kund\u00ebr dhun\u00ebs ndaj grave, jan\u00eb k\u00ebta titujt q\u00eb i jan\u00eb dh\u00ebn\u00eb aktores fituese t\u00eb \u00e7mimit \u201cOscar\u201d, Charlize Theron.<br \/>\nSekretari i p\u00ebrgjithsh\u00ebm, Ban Ki-Moon n\u00eb momentin e em\u00ebrimit ka deklaruar se Theron \u201cka p\u00ebrdorur z\u00ebrin e saj, p\u00ebrkushtimin e saj dhe marr\u00ebdh\u00ebniet e saj t\u00eb ve\u00e7anta me publikun p\u00ebr t\u00eb krijuar nj\u00eb bot\u00eb m\u00eb t\u00eb mir\u00eb\u201d.<\/p>\n<p><strong>Kosovapress<\/strong><\/p>\n<!--YouTube Error: bad URL entered-->\n","protected":false},"excerpt":{"rendered":"<p>E d\u00ebrguara e paqes e Kombeve t\u00eb Bashkuara dhe ambasadorja e OKB-s\u00eb p\u00ebr luft\u00ebn kund\u00ebr dhun\u00ebs ndaj grave, jan\u00eb k\u00ebta titujt q\u00eb i jan\u00eb dh\u00ebn\u00eb aktores fituese t\u00eb \u00e7mimit \u201cOscar\u201d, Charlize Theron. Sekretari i p\u00ebrgjithsh\u00ebm, Ban Ki-Moon n\u00eb momentin e em\u00ebrimit ka deklaruar se Theron \u201cka p\u00ebrdorur z\u00ebrin e saj, p\u00ebrkushtimin e saj dhe marr\u00ebdh\u00ebniet [&hellip;]<\/p>\n","protected":false},"author":1,"featured_media":0,"comment_status":"open","ping_status":"closed","sticky":false,"template":"","format":"standard","meta":{"spay_email":"","jetpack_publicize_message":"","jetpack_is_tweetstorm":false,"jetpack_publicize_feature_enabled":true},"categories":[1],"tags":[5059],"jetpack_publicize_connections":[],"yoast_head":"<!-- This site is optimized with the Yoast SEO plugin v19.1 - https:\/\/yoast.com\/wordpress\/plugins\/seo\/ -->\n<title>Charlize Theron, ambasadorja kund\u00ebr dhun\u00ebs ndaj grave - Lajme nga Ulqini<\/title>\n<meta name=\"description\" content=\"E d\u00ebrguara e paqes e Kombeve t\u00eb Bashkuara dhe ambasadorja e OKB-s\u00eb p\u00ebr luft\u00ebn kund\u00ebr dhun\u00ebs ndaj grave, jan\u00eb k\u00ebta titujt q\u00eb i jan\u00eb dh\u00ebn\u00eb aktores fituese\" \/>\n<meta name=\"robots\" content=\"index, follow, max-snippet:-1, max-image-preview:large, max-video-preview:-1\" \/>\n<link rel=\"canonical\" href=\"https:\/\/www.visit-ulcinj.com\/blog\/2008\/11\/16\/charlize-theron-ambasadorja-kunder-dhunes-ndaj-grave\/\" \/>\n<meta property=\"og:locale\" content=\"en_US\" \/>\n<meta property=\"og:type\" content=\"article\" \/>\n<meta property=\"og:title\" content=\"Charlize Theron, ambasadorja kund\u00ebr dhun\u00ebs ndaj grave - Lajme nga Ulqini\" \/>\n<meta property=\"og:description\" content=\"E d\u00ebrguara e paqes e Kombeve t\u00eb Bashkuara dhe ambasadorja e OKB-s\u00eb p\u00ebr luft\u00ebn kund\u00ebr dhun\u00ebs ndaj grave, jan\u00eb k\u00ebta titujt q\u00eb i jan\u00eb dh\u00ebn\u00eb aktores fituese\" \/>\n<meta property=\"og:url\" content=\"https:\/\/www.visit-ulcinj.com\/blog\/2008\/11\/16\/charlize-theron-ambasadorja-kunder-dhunes-ndaj-grave\/\" \/>\n<meta property=\"og:site_name\" content=\"Lajme nga Ulqini\" \/>\n<meta property=\"article:published_time\" content=\"2008-11-16T17:20:55+00:00\" \/>\n<meta property=\"og:image\" content=\"http:\/\/www.visit-ulcinj.com\/blog\/wp-content\/uploads\/2008\/11\/charlize-theron-300x211.jpg\" \/>\n<meta name=\"twitter:label1\" content=\"Written by\" \/>\n\t<meta name=\"twitter:data1\" content=\"ulqini\" \/>\n<script type=\"application\/ld+json\" class=\"yoast-schema-graph\">{\"@context\":\"https:\/\/schema.org\",\"@graph\":[{\"@type\":\"WebSite\",\"@id\":\"https:\/\/www.visit-ulcinj.com\/blog\/#website\",\"url\":\"https:\/\/www.visit-ulcinj.com\/blog\/\",\"name\":\"Lajme nga Ulqini\",\"description\":\"Lajme,Vijesti,Ulqini,Ulqin,Crna Gora,Mali i Zi\",\"potentialAction\":[{\"@type\":\"SearchAction\",\"target\":{\"@type\":\"EntryPoint\",\"urlTemplate\":\"https:\/\/www.visit-ulcinj.com\/blog\/?s={search_term_string}\"},\"query-input\":\"required name=search_term_string\"}],\"inLanguage\":\"en-US\"},{\"@type\":\"ImageObject\",\"inLanguage\":\"en-US\",\"@id\":\"https:\/\/www.visit-ulcinj.com\/blog\/2008\/11\/16\/charlize-theron-ambasadorja-kunder-dhunes-ndaj-grave\/#primaryimage\",\"url\":\"http:\/\/www.visit-ulcinj.com\/blog\/wp-content\/uploads\/2008\/11\/charlize-theron-300x211.jpg\",\"contentUrl\":\"http:\/\/www.visit-ulcinj.com\/blog\/wp-content\/uploads\/2008\/11\/charlize-theron-300x211.jpg\"},{\"@type\":\"WebPage\",\"@id\":\"https:\/\/www.visit-ulcinj.com\/blog\/2008\/11\/16\/charlize-theron-ambasadorja-kunder-dhunes-ndaj-grave\/#webpage\",\"url\":\"https:\/\/www.visit-ulcinj.com\/blog\/2008\/11\/16\/charlize-theron-ambasadorja-kunder-dhunes-ndaj-grave\/\",\"name\":\"Charlize Theron, ambasadorja kund\u00ebr dhun\u00ebs ndaj grave - Lajme nga Ulqini\",\"isPartOf\":{\"@id\":\"https:\/\/www.visit-ulcinj.com\/blog\/#website\"},\"primaryImageOfPage\":{\"@id\":\"https:\/\/www.visit-ulcinj.com\/blog\/2008\/11\/16\/charlize-theron-ambasadorja-kunder-dhunes-ndaj-grave\/#primaryimage\"},\"datePublished\":\"2008-11-16T17:20:55+00:00\",\"dateModified\":\"2008-11-16T17:20:55+00:00\",\"author\":{\"@id\":\"https:\/\/www.visit-ulcinj.com\/blog\/#\/schema\/person\/dcab619c614d3038751c63bc2aadc06d\"},\"description\":\"E d\u00ebrguara e paqes e Kombeve t\u00eb Bashkuara dhe ambasadorja e OKB-s\u00eb p\u00ebr luft\u00ebn kund\u00ebr dhun\u00ebs ndaj grave, jan\u00eb k\u00ebta titujt q\u00eb i jan\u00eb dh\u00ebn\u00eb aktores fituese\",\"breadcrumb\":{\"@id\":\"https:\/\/www.visit-ulcinj.com\/blog\/2008\/11\/16\/charlize-theron-ambasadorja-kunder-dhunes-ndaj-grave\/#breadcrumb\"},\"inLanguage\":\"en-US\",\"potentialAction\":[{\"@type\":\"ReadAction\",\"target\":[\"https:\/\/www.visit-ulcinj.com\/blog\/2008\/11\/16\/charlize-theron-ambasadorja-kunder-dhunes-ndaj-grave\/\"]}]},{\"@type\":\"BreadcrumbList\",\"@id\":\"https:\/\/www.visit-ulcinj.com\/blog\/2008\/11\/16\/charlize-theron-ambasadorja-kunder-dhunes-ndaj-grave\/#breadcrumb\",\"itemListElement\":[{\"@type\":\"ListItem\",\"position\":1,\"name\":\"Charlize Theron, ambasadorja kund\u00ebr dhun\u00ebs ndaj grave\"}]},{\"@type\":\"Person\",\"@id\":\"https:\/\/www.visit-ulcinj.com\/blog\/#\/schema\/person\/dcab619c614d3038751c63bc2aadc06d\",\"name\":\"ulqini\",\"sameAs\":[\"http:\/\/www.visit-ulcinj.com\"],\"url\":\"https:\/\/www.visit-ulcinj.com\/blog\/author\/admin\/\"}]}<\/script>\n<!-- \/ Yoast SEO plugin. -->","yoast_head_json":{"title":"Charlize Theron, ambasadorja kund\u00ebr dhun\u00ebs ndaj grave - Lajme nga Ulqini","description":"E d\u00ebrguara e paqes e Kombeve t\u00eb Bashkuara dhe ambasadorja e OKB-s\u00eb p\u00ebr luft\u00ebn kund\u00ebr dhun\u00ebs ndaj grave, jan\u00eb k\u00ebta titujt q\u00eb i jan\u00eb dh\u00ebn\u00eb aktores fituese","robots":{"index":"index","follow":"follow","max-snippet":"max-snippet:-1","max-image-preview":"max-image-preview:large","max-video-preview":"max-video-preview:-1"},"canonical":"https:\/\/www.visit-ulcinj.com\/blog\/2008\/11\/16\/charlize-theron-ambasadorja-kunder-dhunes-ndaj-grave\/","og_locale":"en_US","og_type":"article","og_title":"Charlize Theron, ambasadorja kund\u00ebr dhun\u00ebs ndaj grave - Lajme nga Ulqini","og_description":"E d\u00ebrguara e paqes e Kombeve t\u00eb Bashkuara dhe ambasadorja e OKB-s\u00eb p\u00ebr luft\u00ebn kund\u00ebr dhun\u00ebs ndaj grave, jan\u00eb k\u00ebta titujt q\u00eb i jan\u00eb dh\u00ebn\u00eb aktores fituese","og_url":"https:\/\/www.visit-ulcinj.com\/blog\/2008\/11\/16\/charlize-theron-ambasadorja-kunder-dhunes-ndaj-grave\/","og_site_name":"Lajme nga Ulqini","article_published_time":"2008-11-16T17:20:55+00:00","og_image":[{"url":"http:\/\/www.visit-ulcinj.com\/blog\/wp-content\/uploads\/2008\/11\/charlize-theron-300x211.jpg"}],"twitter_misc":{"Written by":"ulqini"},"schema":{"@context":"https:\/\/schema.org","@graph":[{"@type":"WebSite","@id":"https:\/\/www.visit-ulcinj.com\/blog\/#website","url":"https:\/\/www.visit-ulcinj.com\/blog\/","name":"Lajme nga Ulqini","description":"Lajme,Vijesti,Ulqini,Ulqin,Crna Gora,Mali i Zi","potentialAction":[{"@type":"SearchAction","target":{"@type":"EntryPoint","urlTemplate":"https:\/\/www.visit-ulcinj.com\/blog\/?s={search_term_string}"},"query-input":"required name=search_term_string"}],"inLanguage":"en-US"},{"@type":"ImageObject","inLanguage":"en-US","@id":"https:\/\/www.visit-ulcinj.com\/blog\/2008\/11\/16\/charlize-theron-ambasadorja-kunder-dhunes-ndaj-grave\/#primaryimage","url":"http:\/\/www.visit-ulcinj.com\/blog\/wp-content\/uploads\/2008\/11\/charlize-theron-300x211.jpg","contentUrl":"http:\/\/www.visit-ulcinj.com\/blog\/wp-content\/uploads\/2008\/11\/charlize-theron-300x211.jpg"},{"@type":"WebPage","@id":"https:\/\/www.visit-ulcinj.com\/blog\/2008\/11\/16\/charlize-theron-ambasadorja-kunder-dhunes-ndaj-grave\/#webpage","url":"https:\/\/www.visit-ulcinj.com\/blog\/2008\/11\/16\/charlize-theron-ambasadorja-kunder-dhunes-ndaj-grave\/","name":"Charlize Theron, ambasadorja kund\u00ebr dhun\u00ebs ndaj grave - Lajme nga Ulqini","isPartOf":{"@id":"https:\/\/www.visit-ulcinj.com\/blog\/#website"},"primaryImageOfPage":{"@id":"https:\/\/www.visit-ulcinj.com\/blog\/2008\/11\/16\/charlize-theron-ambasadorja-kunder-dhunes-ndaj-grave\/#primaryimage"},"datePublished":"2008-11-16T17:20:55+00:00","dateModified":"2008-11-16T17:20:55+00:00","author":{"@id":"https:\/\/www.visit-ulcinj.com\/blog\/#\/schema\/person\/dcab619c614d3038751c63bc2aadc06d"},"description":"E d\u00ebrguara e paqes e Kombeve t\u00eb Bashkuara dhe ambasadorja e OKB-s\u00eb p\u00ebr luft\u00ebn kund\u00ebr dhun\u00ebs ndaj grave, jan\u00eb k\u00ebta titujt q\u00eb i jan\u00eb dh\u00ebn\u00eb aktores fituese","breadcrumb":{"@id":"https:\/\/www.visit-ulcinj.com\/blog\/2008\/11\/16\/charlize-theron-ambasadorja-kunder-dhunes-ndaj-grave\/#breadcrumb"},"inLanguage":"en-US","potentialAction":[{"@type":"ReadAction","target":["https:\/\/www.visit-ulcinj.com\/blog\/2008\/11\/16\/charlize-theron-ambasadorja-kunder-dhunes-ndaj-grave\/"]}]},{"@type":"BreadcrumbList","@id":"https:\/\/www.visit-ulcinj.com\/blog\/2008\/11\/16\/charlize-theron-ambasadorja-kunder-dhunes-ndaj-grave\/#breadcrumb","itemListElement":[{"@type":"ListItem","position":1,"name":"Charlize Theron, ambasadorja kund\u00ebr dhun\u00ebs ndaj grave"}]},{"@type":"Person","@id":"https:\/\/www.visit-ulcinj.com\/blog\/#\/schema\/person\/dcab619c614d3038751c63bc2aadc06d","name":"ulqini","sameAs":["http:\/\/www.visit-ulcinj.com"],"url":"https:\/\/www.visit-ulcinj.com\/blog\/author\/admin\/"}]}},"jetpack_featured_media_url":"","jetpack_sharing_enabled":true,"jetpack_shortlink":"https:\/\/wp.me\/pe6lTn-1Bk","_links":{"self":[{"href":"https:\/\/www.visit-ulcinj.com\/blog\/wp-json\/wp\/v2\/posts\/6158"}],"collection":[{"href":"https:\/\/www.visit-ulcinj.com\/blog\/wp-json\/wp\/v2\/posts"}],"about":[{"href":"https:\/\/www.visit-ulcinj.com\/blog\/wp-json\/wp\/v2\/types\/post"}],"author":[{"embeddable":true,"href":"https:\/\/www.visit-ulcinj.com\/blog\/wp-json\/wp\/v2\/users\/1"}],"replies":[{"embeddable":true,"href":"https:\/\/www.visit-ulcinj.com\/blog\/wp-json\/wp\/v2\/comments?post=6158"}],"version-history":[{"count":0,"href":"https:\/\/www.visit-ulcinj.com\/blog\/wp-json\/wp\/v2\/posts\/6158\/revisions"}],"wp:attachment":[{"href":"https:\/\/www.visit-ulcinj.com\/blog\/wp-json\/wp\/v2\/media?parent=6158"}],"wp:term":[{"taxonomy":"category","embeddable":true,"href":"https:\/\/www.visit-ulcinj.com\/blog\/wp-json\/wp\/v2\/categories?post=6158"},{"taxonomy":"post_tag","embeddable":true,"href":"https:\/\/www.visit-ulcinj.com\/blog\/wp-json\/wp\/v2\/tags?post=6158"}],"curies":[{"name":"wp","href":"https:\/\/api.w.org\/{rel}","templated":true}]}}