{"id":61583,"date":"2012-06-12T14:39:36","date_gmt":"2012-06-12T13:39:36","guid":{"rendered":"http:\/\/www.visit-ulcinj.com\/blog\/?p=61583"},"modified":"2012-06-13T21:41:54","modified_gmt":"2012-06-13T20:41:54","slug":"themelohet-lidhja-mbareshqiptare-e-forumeve-rinore-forca-rinore-nga-ulqini-anetare","status":"publish","type":"post","link":"https:\/\/www.visit-ulcinj.com\/blog\/2012\/06\/12\/themelohet-lidhja-mbareshqiptare-e-forumeve-rinore-forca-rinore-nga-ulqini-anetare\/","title":{"rendered":"Themelohet Lidhja Mbar\u00ebshqiptare e Forumeve Rinore &#8211; Forca Rinore nga Ulqini an\u00ebtare"},"content":{"rendered":"<p><strong><a href=\"http:\/\/www.visit-ulcinj.com\/blog\/wp-content\/uploads\/2012\/06\/Lidhja-e-Forumeve-Rinore-Mbareshqiptare-Forca-Rinore-nga-Ulqini-an\u00ebtare.jpg\"><img loading=\"lazy\" class=\"alignleft  wp-image-61584\" title=\"Lidhja e Forumeve Rinore Mbareshqiptare - Forca Rinore nga Ulqini an\u00ebtare\" src=\"http:\/\/www.visit-ulcinj.com\/blog\/wp-content\/uploads\/2012\/06\/Lidhja-e-Forumeve-Rinore-Mbareshqiptare-Forca-Rinore-nga-Ulqini-an\u00ebtare.jpg\" alt=\"\" width=\"508\" height=\"360\" \/><\/a>Forca Rinore n\u00eb Lidhjen <\/strong><strong>Mbar\u00ebshqiptare t\u00eb Forumeve Rinore<\/strong><\/p>\n<p><strong>T\u00eb frym\u00ebzuar nga vepra e atdhetar\u00ebve t\u00eb Rilindjes Komb\u00ebtare Shqiptare dhe n\u00eb vigjilje t\u00eb sh\u00ebnimit t\u00eb 134 vjetorit t\u00eb tubimit t\u00eb tyre p\u00ebr formimin e Lidhjes s\u00eb Prizrenit, forumet rinore t\u00eb partive politike shqip\u00ebtare nga Kosova, Shqip\u00ebria, Maqedonia, Mali i Zi dhe Lugina e Preshev\u00ebs, kan\u00eb formuar Lidhjen Mbar\u00ebshqiptare t\u00eb Forumeve Rinore.<\/strong><\/p>\n<p>N\u00ebnshkrimi i deklarat\u00ebs themeluese t\u00eb k\u00ebsaj lidhjeje\u00a0 \u00ebsht\u00eb b\u00ebr\u00eb t\u00eb shtun\u00ebn me 09.06.2012, \u00a0pas takimit ne Sht\u00ebpin\u00eb e Bardh\u00eb me kryetarin e komun\u00ebs s\u00eb Prizrenit prof. dr. <strong><em>Ramadan Muja<\/em><\/strong>. Deklarata u n\u00ebnshkrua n\u00eb kompleksin muzeor t\u00eb Lidhjes s\u00eb Prizrenit, ku \u00ebsht\u00eb p\u00ebrkujtuar se ky aktivitet p\u00ebrkon edhe me sh\u00ebnimin e shekullit t\u00eb par\u00eb t\u00eb Shqip\u00ebris\u00eb.<\/p>\n<p>N\u00ebnshkruesit e deklarat\u00ebs jan\u00eb zotuar se do t\u00eb angazhohen p\u00ebr bashk\u00ebpunim dhe afirmim t\u00eb vlerave komb\u00ebtare, duke l\u00ebn\u00eb prapa dallimet politike dhe partiake.<\/p>\n<p>Deklarat\u00ebn e kan\u00eb n\u00ebnshkruar edhe forumet rinore t\u00eb partive politike shqip\u00ebtare nga Mali i Zi nd\u00ebr to edhe Forca Rinore me n\u00eb krye kryetarin e saj z.Ardian Mavriqi i cili theksoi se n\u00ebnshkrimi i Deklarat\u00ebs \u00ebsht\u00eb nj\u00eb nism\u00eb pozitive dhe deklaroi se forcat e bashkuara jan\u00eb m\u00ebnyra m\u00eb e mire q\u00eb t\u00eb ndikohet n\u00eb zhvillimin dhe integrimin e Shqip\u00ebtar\u00ebve n\u00eb familjen e madhe europiane.<br \/>\n<a href=\"http:\/\/www.visit-ulcinj.com\/blog\/wp-content\/uploads\/2012\/06\/Lidhja-e-Forumeve-Rinore-Mbareshqiptare-Forca-Rinore-nga-Ulqini-an\u00ebtare.1.jpg\"><img loading=\"lazy\" class=\"alignleft  wp-image-61585\" title=\"Lidhja e Forumeve Rinore Mbareshqiptare - Forca Rinore nga Ulqini an\u00ebtare.1\" src=\"http:\/\/www.visit-ulcinj.com\/blog\/wp-content\/uploads\/2012\/06\/Lidhja-e-Forumeve-Rinore-Mbareshqiptare-Forca-Rinore-nga-Ulqini-an\u00ebtare.1.jpg\" alt=\"\" width=\"508\" height=\"300\" \/><\/a><\/p>\n<p>Takimi i Prizrenit vazhdoi edhe diten e diel me 10.06.2012 ku pjesmarr\u00ebsit morr\u00ebn pjes\u00eb ne festimin e 134-vjetorit t\u00eb Lidhjes s\u00eb Prizrenit. Poashtu takimi vijoi me Kryeministrin e Republik\u00ebs s\u00eb Kosov\u00ebs z.<strong><em>Hashim Tha\u00e7i<\/em><\/strong>, kryetarin e Bashkimit Demokratik per Integrim z.<strong><em>Ali Ahmeti<\/em><\/strong>, kryetarin e komun\u00ebs s\u00eb Preshev\u00ebs z.<strong><em>Ragmi Mustafa<\/em><\/strong> dhe kryetarin e Forc\u00ebs s\u00eb re Demokratike dhe kryetarin e komun\u00ebs s\u00eb Ulqinit z.<strong><em>Nazif Cungu<\/em><\/strong>.<br \/>\n<a href=\"http:\/\/www.visit-ulcinj.com\/blog\/wp-content\/uploads\/2012\/06\/Lidhja-e-Forumeve-Rinore-Mbareshqiptare-Forca-Rinore-nga-Ulqini-an\u00ebtare.2.jpg\"><img loading=\"lazy\" class=\"alignleft  wp-image-61586\" title=\"Lidhja e Forumeve Rinore Mbareshqiptare - Forca Rinore nga Ulqini an\u00ebtare.2\" src=\"http:\/\/www.visit-ulcinj.com\/blog\/wp-content\/uploads\/2012\/06\/Lidhja-e-Forumeve-Rinore-Mbareshqiptare-Forca-Rinore-nga-Ulqini-an\u00ebtare.2.jpg\" alt=\"\" width=\"508\" height=\"300\" \/><\/a><\/p>\n<p>Forumet rinore t\u00eb partive politike shqiptare nga Kosova, Shqip\u00ebria, Maqedonia, Mali i Zi dhe Lugina e Preshev\u00ebs p\u00ebrmes deklarat\u00ebs s\u00eb n\u00ebnshkruar kan\u00eb marr\u00eb p\u00ebrsip\u00ebr obligimin p\u00ebr afirmimin e vlerave komb\u00ebtare, duke promovuar frym\u00ebn e bashk\u00ebpunimit dhe dashuris\u00eb mes pjes\u00ebtar\u00ebve t\u00eb kombit shqip\u00ebtar, duke respektuar diversitetitn fetar e rajonal, por edhe aspirat\u00ebn p\u00ebr paqe e dashuri mes popujve t\u00eb Ballkanit.<\/p>\n<p>&nbsp;<\/p>\n<p><strong>Prizren, <\/strong><\/p>\n<p><strong>9-10 Qeshore 2012<\/strong><\/p>\n<p><strong>FORCA RINORE<\/strong><br \/>\n<object width=\"508\" height=\"380\" classid=\"clsid:d27cdb6e-ae6d-11cf-96b8-444553540000\" codebase=\"http:\/\/download.macromedia.com\/pub\/shockwave\/cabs\/flash\/swflash.cab#version=6,0,40,0\"><param name=\"allowFullScreen\" value=\"true\" \/><param name=\"allowscriptaccess\" value=\"always\" \/><param name=\"src\" value=\"http:\/\/www.youtube-nocookie.com\/v\/qCGZlhdtF-Y?version=3&amp;hl=fr_FR&amp;rel=0\" \/><param name=\"allowfullscreen\" value=\"true\" \/><\/object><br \/>\n\n\t\t<style type=\"text\/css\">\n\t\t\t#gallery-1 {\n\t\t\t\tmargin: auto;\n\t\t\t}\n\t\t\t#gallery-1 .gallery-item {\n\t\t\t\tfloat: left;\n\t\t\t\tmargin-top: 10px;\n\t\t\t\ttext-align: center;\n\t\t\t\twidth: 33%;\n\t\t\t}\n\t\t\t#gallery-1 img {\n\t\t\t\tborder: 2px solid #cfcfcf;\n\t\t\t}\n\t\t\t#gallery-1 .gallery-caption {\n\t\t\t\tmargin-left: 0;\n\t\t\t}\n\t\t\t\/* see gallery_shortcode() in wp-includes\/media.php *\/\n\t\t<\/style>\n\t\t<div id='gallery-1' class='gallery galleryid-61583 gallery-columns-3 gallery-size-thumbnail'><dl class='gallery-item'>\n\t\t\t<dt class='gallery-icon landscape'>\n\t\t\t\t<a href='https:\/\/www.visit-ulcinj.com\/blog\/wp-content\/uploads\/2012\/06\/Lidhja-e-Forumeve-Rinore-Mbareshqiptare-Forca-Rinore-nga-Ulqini-an\u00ebtare.jpg'><img width=\"150\" height=\"150\" src=\"https:\/\/www.visit-ulcinj.com\/blog\/wp-content\/uploads\/2012\/06\/Lidhja-e-Forumeve-Rinore-Mbareshqiptare-Forca-Rinore-nga-Ulqini-an\u00ebtare-150x150.jpg\" class=\"attachment-thumbnail size-thumbnail\" alt=\"\" loading=\"lazy\" \/><\/a>\n\t\t\t<\/dt><\/dl><dl class='gallery-item'>\n\t\t\t<dt class='gallery-icon landscape'>\n\t\t\t\t<a href='https:\/\/www.visit-ulcinj.com\/blog\/wp-content\/uploads\/2012\/06\/Lidhja-e-Forumeve-Rinore-Mbareshqiptare-Forca-Rinore-nga-Ulqini-an\u00ebtare.1.jpg'><img width=\"150\" height=\"150\" src=\"https:\/\/www.visit-ulcinj.com\/blog\/wp-content\/uploads\/2012\/06\/Lidhja-e-Forumeve-Rinore-Mbareshqiptare-Forca-Rinore-nga-Ulqini-an\u00ebtare.1-150x150.jpg\" class=\"attachment-thumbnail size-thumbnail\" alt=\"\" loading=\"lazy\" \/><\/a>\n\t\t\t<\/dt><\/dl><dl class='gallery-item'>\n\t\t\t<dt class='gallery-icon landscape'>\n\t\t\t\t<a href='https:\/\/www.visit-ulcinj.com\/blog\/wp-content\/uploads\/2012\/06\/Lidhja-e-Forumeve-Rinore-Mbareshqiptare-Forca-Rinore-nga-Ulqini-an\u00ebtare.2.jpg'><img width=\"150\" height=\"150\" src=\"https:\/\/www.visit-ulcinj.com\/blog\/wp-content\/uploads\/2012\/06\/Lidhja-e-Forumeve-Rinore-Mbareshqiptare-Forca-Rinore-nga-Ulqini-an\u00ebtare.2-150x150.jpg\" class=\"attachment-thumbnail size-thumbnail\" alt=\"\" loading=\"lazy\" \/><\/a>\n\t\t\t<\/dt><\/dl><br style=\"clear: both\" \/><dl class='gallery-item'>\n\t\t\t<dt class='gallery-icon landscape'>\n\t\t\t\t<a href='https:\/\/www.visit-ulcinj.com\/blog\/wp-content\/uploads\/2012\/06\/Lidhja-e-Forumeve-Rinore-Mbareshqiptare-Forca-Rinore-nga-Ulqini-an\u00ebtare.3.jpg'><img width=\"150\" height=\"150\" src=\"https:\/\/www.visit-ulcinj.com\/blog\/wp-content\/uploads\/2012\/06\/Lidhja-e-Forumeve-Rinore-Mbareshqiptare-Forca-Rinore-nga-Ulqini-an\u00ebtare.3-150x150.jpg\" class=\"attachment-thumbnail size-thumbnail\" alt=\"\" loading=\"lazy\" \/><\/a>\n\t\t\t<\/dt><\/dl><dl class='gallery-item'>\n\t\t\t<dt class='gallery-icon landscape'>\n\t\t\t\t<a href='https:\/\/www.visit-ulcinj.com\/blog\/wp-content\/uploads\/2012\/06\/Lidhja-e-Forumeve-Rinore-Mbareshqiptare-Forca-Rinore-nga-Ulqini-an\u00ebtare.4.jpg'><img width=\"150\" height=\"150\" src=\"https:\/\/www.visit-ulcinj.com\/blog\/wp-content\/uploads\/2012\/06\/Lidhja-e-Forumeve-Rinore-Mbareshqiptare-Forca-Rinore-nga-Ulqini-an\u00ebtare.4-150x150.jpg\" class=\"attachment-thumbnail size-thumbnail\" alt=\"\" loading=\"lazy\" \/><\/a>\n\t\t\t<\/dt><\/dl><dl class='gallery-item'>\n\t\t\t<dt class='gallery-icon landscape'>\n\t\t\t\t<a href='https:\/\/www.visit-ulcinj.com\/blog\/wp-content\/uploads\/2012\/06\/Lidhja-e-Forumeve-Rinore-Mbareshqiptare-Prizren.2012.jpg'><img width=\"150\" height=\"150\" src=\"https:\/\/www.visit-ulcinj.com\/blog\/wp-content\/uploads\/2012\/06\/Lidhja-e-Forumeve-Rinore-Mbareshqiptare-Prizren.2012-150x150.jpg\" class=\"attachment-thumbnail size-thumbnail\" alt=\"\" loading=\"lazy\" \/><\/a>\n\t\t\t<\/dt><\/dl><br style=\"clear: both\" \/><dl class='gallery-item'>\n\t\t\t<dt class='gallery-icon landscape'>\n\t\t\t\t<a href='https:\/\/www.visit-ulcinj.com\/blog\/wp-content\/uploads\/2012\/06\/Lidhja-e-Forumeve-Rinore-Mbareshqiptare-Forca-Rinore-nga-Ulqini-an\u00ebtare.6.jpg'><img width=\"150\" height=\"150\" src=\"https:\/\/www.visit-ulcinj.com\/blog\/wp-content\/uploads\/2012\/06\/Lidhja-e-Forumeve-Rinore-Mbareshqiptare-Forca-Rinore-nga-Ulqini-an\u00ebtare.6-150x150.jpg\" class=\"attachment-thumbnail size-thumbnail\" alt=\"\" loading=\"lazy\" \/><\/a>\n\t\t\t<\/dt><\/dl><dl class='gallery-item'>\n\t\t\t<dt class='gallery-icon landscape'>\n\t\t\t\t<a href='https:\/\/www.visit-ulcinj.com\/blog\/wp-content\/uploads\/2012\/06\/Lidhja-e-Forumeve-Rinore-Mbareshqiptare-Forca-Rinore-nga-Ulqini-an\u00ebtare.7.jpg'><img width=\"150\" height=\"150\" src=\"https:\/\/www.visit-ulcinj.com\/blog\/wp-content\/uploads\/2012\/06\/Lidhja-e-Forumeve-Rinore-Mbareshqiptare-Forca-Rinore-nga-Ulqini-an\u00ebtare.7-150x150.jpg\" class=\"attachment-thumbnail size-thumbnail\" alt=\"\" loading=\"lazy\" \/><\/a>\n\t\t\t<\/dt><\/dl><dl class='gallery-item'>\n\t\t\t<dt class='gallery-icon landscape'>\n\t\t\t\t<a href='https:\/\/www.visit-ulcinj.com\/blog\/wp-content\/uploads\/2012\/06\/Lidhja-e-Forumeve-Rinore-Mbareshqiptare-Forca-Rinore-nga-Ulqini-an\u00ebtare.8.jpg'><img width=\"150\" height=\"150\" src=\"https:\/\/www.visit-ulcinj.com\/blog\/wp-content\/uploads\/2012\/06\/Lidhja-e-Forumeve-Rinore-Mbareshqiptare-Forca-Rinore-nga-Ulqini-an\u00ebtare.8-150x150.jpg\" class=\"attachment-thumbnail size-thumbnail\" alt=\"\" loading=\"lazy\" \/><\/a>\n\t\t\t<\/dt><\/dl><br style=\"clear: both\" \/><dl class='gallery-item'>\n\t\t\t<dt class='gallery-icon landscape'>\n\t\t\t\t<a href='https:\/\/www.visit-ulcinj.com\/blog\/wp-content\/uploads\/2012\/06\/Lidhja-e-Forumeve-Rinore-Mbareshqiptare-Forca-Rinore-nga-Ulqini-an\u00ebtare.9.jpg'><img width=\"150\" height=\"150\" src=\"https:\/\/www.visit-ulcinj.com\/blog\/wp-content\/uploads\/2012\/06\/Lidhja-e-Forumeve-Rinore-Mbareshqiptare-Forca-Rinore-nga-Ulqini-an\u00ebtare.9-150x150.jpg\" class=\"attachment-thumbnail size-thumbnail\" alt=\"\" loading=\"lazy\" \/><\/a>\n\t\t\t<\/dt><\/dl><dl class='gallery-item'>\n\t\t\t<dt class='gallery-icon landscape'>\n\t\t\t\t<a href='https:\/\/www.visit-ulcinj.com\/blog\/wp-content\/uploads\/2012\/06\/Lidhja-e-Forumeve-Rinore-Mbareshqiptare-Forca-Rinore-nga-Ulqini-an\u00ebtare.10.jpg'><img width=\"150\" height=\"150\" src=\"https:\/\/www.visit-ulcinj.com\/blog\/wp-content\/uploads\/2012\/06\/Lidhja-e-Forumeve-Rinore-Mbareshqiptare-Forca-Rinore-nga-Ulqini-an\u00ebtare.10-150x150.jpg\" class=\"attachment-thumbnail size-thumbnail\" alt=\"\" loading=\"lazy\" \/><\/a>\n\t\t\t<\/dt><\/dl><dl class='gallery-item'>\n\t\t\t<dt class='gallery-icon landscape'>\n\t\t\t\t<a href='https:\/\/www.visit-ulcinj.com\/blog\/wp-content\/uploads\/2012\/06\/Lidhja-e-Forumeve-Rinore-Mbareshqiptare-Forca-Rinore-nga-Ulqini-an\u00ebtare.11.jpg'><img width=\"150\" height=\"150\" src=\"https:\/\/www.visit-ulcinj.com\/blog\/wp-content\/uploads\/2012\/06\/Lidhja-e-Forumeve-Rinore-Mbareshqiptare-Forca-Rinore-nga-Ulqini-an\u00ebtare.11-150x150.jpg\" class=\"attachment-thumbnail size-thumbnail\" alt=\"\" loading=\"lazy\" \/><\/a>\n\t\t\t<\/dt><\/dl><br style=\"clear: both\" \/>\n\t\t<\/div>\n<\/p>\n","protected":false},"excerpt":{"rendered":"<p>Forca Rinore n\u00eb Lidhjen Mbar\u00ebshqiptare t\u00eb Forumeve Rinore T\u00eb frym\u00ebzuar nga vepra e atdhetar\u00ebve t\u00eb Rilindjes Komb\u00ebtare Shqiptare dhe n\u00eb vigjilje t\u00eb sh\u00ebnimit t\u00eb 134 vjetorit t\u00eb tubimit t\u00eb tyre p\u00ebr formimin e Lidhjes s\u00eb Prizrenit, forumet rinore t\u00eb partive politike shqip\u00ebtare nga Kosova, Shqip\u00ebria, Maqedonia, Mali i Zi dhe Lugina e Preshev\u00ebs, kan\u00eb formuar [&hellip;]<\/p>\n","protected":false},"author":1,"featured_media":0,"comment_status":"open","ping_status":"closed","sticky":false,"template":"","format":"standard","meta":{"spay_email":"","jetpack_publicize_message":"","jetpack_is_tweetstorm":false,"jetpack_publicize_feature_enabled":true},"categories":[1,11],"tags":[13151,20649,18],"jetpack_publicize_connections":[],"yoast_head":"<!-- This site is optimized with the Yoast SEO plugin v19.1 - https:\/\/yoast.com\/wordpress\/plugins\/seo\/ -->\n<title>Themelohet Lidhja Mbar\u00ebshqiptare e Forumeve Rinore - Forca Rinore nga Ulqini an\u00ebtare - Lajme nga Ulqini<\/title>\n<meta name=\"description\" content=\"Forca Rinore n\u00eb Lidhjen Mbar\u00ebshqiptare t\u00eb Forumeve Rinore T\u00eb frym\u00ebzuar nga vepra e atdhetar\u00ebve t\u00eb Rilindjes Komb\u00ebtare Shqiptare dhe n\u00eb vigjilje t\u00eb\" \/>\n<meta name=\"robots\" content=\"index, follow, max-snippet:-1, max-image-preview:large, max-video-preview:-1\" \/>\n<link rel=\"canonical\" href=\"https:\/\/www.visit-ulcinj.com\/blog\/2012\/06\/12\/themelohet-lidhja-mbareshqiptare-e-forumeve-rinore-forca-rinore-nga-ulqini-anetare\/\" \/>\n<meta property=\"og:locale\" content=\"en_US\" \/>\n<meta property=\"og:type\" content=\"article\" \/>\n<meta property=\"og:title\" content=\"Themelohet Lidhja Mbar\u00ebshqiptare e Forumeve Rinore - Forca Rinore nga Ulqini an\u00ebtare - Lajme nga Ulqini\" \/>\n<meta property=\"og:description\" content=\"Forca Rinore n\u00eb Lidhjen Mbar\u00ebshqiptare t\u00eb Forumeve Rinore T\u00eb frym\u00ebzuar nga vepra e atdhetar\u00ebve t\u00eb Rilindjes Komb\u00ebtare Shqiptare dhe n\u00eb vigjilje t\u00eb\" \/>\n<meta property=\"og:url\" content=\"https:\/\/www.visit-ulcinj.com\/blog\/2012\/06\/12\/themelohet-lidhja-mbareshqiptare-e-forumeve-rinore-forca-rinore-nga-ulqini-anetare\/\" \/>\n<meta property=\"og:site_name\" content=\"Lajme nga Ulqini\" \/>\n<meta property=\"article:published_time\" content=\"2012-06-12T13:39:36+00:00\" \/>\n<meta property=\"article:modified_time\" content=\"2012-06-13T20:41:54+00:00\" \/>\n<meta property=\"og:image\" content=\"https:\/\/www.visit-ulcinj.com\/blog\/wp-content\/uploads\/2012\/06\/Lidhja-e-Forumeve-Rinore-Mbareshqiptare-Forca-Rinore-nga-Ulqini-an\u00ebtare-150x150.jpg\" \/>\n<meta name=\"twitter:label1\" content=\"Written by\" \/>\n\t<meta name=\"twitter:data1\" content=\"ulqini\" \/>\n\t<meta name=\"twitter:label2\" content=\"Est. reading time\" \/>\n\t<meta name=\"twitter:data2\" content=\"2 minutes\" \/>\n<script type=\"application\/ld+json\" class=\"yoast-schema-graph\">{\"@context\":\"https:\/\/schema.org\",\"@graph\":[{\"@type\":\"WebSite\",\"@id\":\"https:\/\/www.visit-ulcinj.com\/blog\/#website\",\"url\":\"https:\/\/www.visit-ulcinj.com\/blog\/\",\"name\":\"Lajme nga Ulqini\",\"description\":\"Lajme,Vijesti,Ulqini,Ulqin,Crna Gora,Mali i Zi\",\"potentialAction\":[{\"@type\":\"SearchAction\",\"target\":{\"@type\":\"EntryPoint\",\"urlTemplate\":\"https:\/\/www.visit-ulcinj.com\/blog\/?s={search_term_string}\"},\"query-input\":\"required name=search_term_string\"}],\"inLanguage\":\"en-US\"},{\"@type\":\"WebPage\",\"@id\":\"https:\/\/www.visit-ulcinj.com\/blog\/2012\/06\/12\/themelohet-lidhja-mbareshqiptare-e-forumeve-rinore-forca-rinore-nga-ulqini-anetare\/#webpage\",\"url\":\"https:\/\/www.visit-ulcinj.com\/blog\/2012\/06\/12\/themelohet-lidhja-mbareshqiptare-e-forumeve-rinore-forca-rinore-nga-ulqini-anetare\/\",\"name\":\"Themelohet Lidhja Mbar\u00ebshqiptare e Forumeve Rinore - Forca Rinore nga Ulqini an\u00ebtare - Lajme nga Ulqini\",\"isPartOf\":{\"@id\":\"https:\/\/www.visit-ulcinj.com\/blog\/#website\"},\"datePublished\":\"2012-06-12T13:39:36+00:00\",\"dateModified\":\"2012-06-13T20:41:54+00:00\",\"author\":{\"@id\":\"https:\/\/www.visit-ulcinj.com\/blog\/#\/schema\/person\/dcab619c614d3038751c63bc2aadc06d\"},\"description\":\"Forca Rinore n\u00eb Lidhjen Mbar\u00ebshqiptare t\u00eb Forumeve Rinore T\u00eb frym\u00ebzuar nga vepra e atdhetar\u00ebve t\u00eb Rilindjes Komb\u00ebtare Shqiptare dhe n\u00eb vigjilje t\u00eb\",\"breadcrumb\":{\"@id\":\"https:\/\/www.visit-ulcinj.com\/blog\/2012\/06\/12\/themelohet-lidhja-mbareshqiptare-e-forumeve-rinore-forca-rinore-nga-ulqini-anetare\/#breadcrumb\"},\"inLanguage\":\"en-US\",\"potentialAction\":[{\"@type\":\"ReadAction\",\"target\":[\"https:\/\/www.visit-ulcinj.com\/blog\/2012\/06\/12\/themelohet-lidhja-mbareshqiptare-e-forumeve-rinore-forca-rinore-nga-ulqini-anetare\/\"]}]},{\"@type\":\"BreadcrumbList\",\"@id\":\"https:\/\/www.visit-ulcinj.com\/blog\/2012\/06\/12\/themelohet-lidhja-mbareshqiptare-e-forumeve-rinore-forca-rinore-nga-ulqini-anetare\/#breadcrumb\",\"itemListElement\":[{\"@type\":\"ListItem\",\"position\":1,\"name\":\"Themelohet Lidhja Mbar\u00ebshqiptare e Forumeve Rinore &#8211; Forca Rinore nga Ulqini an\u00ebtare\"}]},{\"@type\":\"Person\",\"@id\":\"https:\/\/www.visit-ulcinj.com\/blog\/#\/schema\/person\/dcab619c614d3038751c63bc2aadc06d\",\"name\":\"ulqini\",\"sameAs\":[\"http:\/\/www.visit-ulcinj.com\"],\"url\":\"https:\/\/www.visit-ulcinj.com\/blog\/author\/admin\/\"}]}<\/script>\n<!-- \/ Yoast SEO plugin. -->","yoast_head_json":{"title":"Themelohet Lidhja Mbar\u00ebshqiptare e Forumeve Rinore - Forca Rinore nga Ulqini an\u00ebtare - Lajme nga Ulqini","description":"Forca Rinore n\u00eb Lidhjen Mbar\u00ebshqiptare t\u00eb Forumeve Rinore T\u00eb frym\u00ebzuar nga vepra e atdhetar\u00ebve t\u00eb Rilindjes Komb\u00ebtare Shqiptare dhe n\u00eb vigjilje t\u00eb","robots":{"index":"index","follow":"follow","max-snippet":"max-snippet:-1","max-image-preview":"max-image-preview:large","max-video-preview":"max-video-preview:-1"},"canonical":"https:\/\/www.visit-ulcinj.com\/blog\/2012\/06\/12\/themelohet-lidhja-mbareshqiptare-e-forumeve-rinore-forca-rinore-nga-ulqini-anetare\/","og_locale":"en_US","og_type":"article","og_title":"Themelohet Lidhja Mbar\u00ebshqiptare e Forumeve Rinore - Forca Rinore nga Ulqini an\u00ebtare - Lajme nga Ulqini","og_description":"Forca Rinore n\u00eb Lidhjen Mbar\u00ebshqiptare t\u00eb Forumeve Rinore T\u00eb frym\u00ebzuar nga vepra e atdhetar\u00ebve t\u00eb Rilindjes Komb\u00ebtare Shqiptare dhe n\u00eb vigjilje t\u00eb","og_url":"https:\/\/www.visit-ulcinj.com\/blog\/2012\/06\/12\/themelohet-lidhja-mbareshqiptare-e-forumeve-rinore-forca-rinore-nga-ulqini-anetare\/","og_site_name":"Lajme nga Ulqini","article_published_time":"2012-06-12T13:39:36+00:00","article_modified_time":"2012-06-13T20:41:54+00:00","og_image":[{"url":"https:\/\/www.visit-ulcinj.com\/blog\/wp-content\/uploads\/2012\/06\/Lidhja-e-Forumeve-Rinore-Mbareshqiptare-Forca-Rinore-nga-Ulqini-an\u00ebtare-150x150.jpg"}],"twitter_misc":{"Written by":"ulqini","Est. reading time":"2 minutes"},"schema":{"@context":"https:\/\/schema.org","@graph":[{"@type":"WebSite","@id":"https:\/\/www.visit-ulcinj.com\/blog\/#website","url":"https:\/\/www.visit-ulcinj.com\/blog\/","name":"Lajme nga Ulqini","description":"Lajme,Vijesti,Ulqini,Ulqin,Crna Gora,Mali i Zi","potentialAction":[{"@type":"SearchAction","target":{"@type":"EntryPoint","urlTemplate":"https:\/\/www.visit-ulcinj.com\/blog\/?s={search_term_string}"},"query-input":"required name=search_term_string"}],"inLanguage":"en-US"},{"@type":"WebPage","@id":"https:\/\/www.visit-ulcinj.com\/blog\/2012\/06\/12\/themelohet-lidhja-mbareshqiptare-e-forumeve-rinore-forca-rinore-nga-ulqini-anetare\/#webpage","url":"https:\/\/www.visit-ulcinj.com\/blog\/2012\/06\/12\/themelohet-lidhja-mbareshqiptare-e-forumeve-rinore-forca-rinore-nga-ulqini-anetare\/","name":"Themelohet Lidhja Mbar\u00ebshqiptare e Forumeve Rinore - Forca Rinore nga Ulqini an\u00ebtare - Lajme nga Ulqini","isPartOf":{"@id":"https:\/\/www.visit-ulcinj.com\/blog\/#website"},"datePublished":"2012-06-12T13:39:36+00:00","dateModified":"2012-06-13T20:41:54+00:00","author":{"@id":"https:\/\/www.visit-ulcinj.com\/blog\/#\/schema\/person\/dcab619c614d3038751c63bc2aadc06d"},"description":"Forca Rinore n\u00eb Lidhjen Mbar\u00ebshqiptare t\u00eb Forumeve Rinore T\u00eb frym\u00ebzuar nga vepra e atdhetar\u00ebve t\u00eb Rilindjes Komb\u00ebtare Shqiptare dhe n\u00eb vigjilje t\u00eb","breadcrumb":{"@id":"https:\/\/www.visit-ulcinj.com\/blog\/2012\/06\/12\/themelohet-lidhja-mbareshqiptare-e-forumeve-rinore-forca-rinore-nga-ulqini-anetare\/#breadcrumb"},"inLanguage":"en-US","potentialAction":[{"@type":"ReadAction","target":["https:\/\/www.visit-ulcinj.com\/blog\/2012\/06\/12\/themelohet-lidhja-mbareshqiptare-e-forumeve-rinore-forca-rinore-nga-ulqini-anetare\/"]}]},{"@type":"BreadcrumbList","@id":"https:\/\/www.visit-ulcinj.com\/blog\/2012\/06\/12\/themelohet-lidhja-mbareshqiptare-e-forumeve-rinore-forca-rinore-nga-ulqini-anetare\/#breadcrumb","itemListElement":[{"@type":"ListItem","position":1,"name":"Themelohet Lidhja Mbar\u00ebshqiptare e Forumeve Rinore &#8211; Forca Rinore nga Ulqini an\u00ebtare"}]},{"@type":"Person","@id":"https:\/\/www.visit-ulcinj.com\/blog\/#\/schema\/person\/dcab619c614d3038751c63bc2aadc06d","name":"ulqini","sameAs":["http:\/\/www.visit-ulcinj.com"],"url":"https:\/\/www.visit-ulcinj.com\/blog\/author\/admin\/"}]}},"jetpack_featured_media_url":"","jetpack_sharing_enabled":true,"jetpack_shortlink":"https:\/\/wp.me\/pe6lTn-g1h","_links":{"self":[{"href":"https:\/\/www.visit-ulcinj.com\/blog\/wp-json\/wp\/v2\/posts\/61583"}],"collection":[{"href":"https:\/\/www.visit-ulcinj.com\/blog\/wp-json\/wp\/v2\/posts"}],"about":[{"href":"https:\/\/www.visit-ulcinj.com\/blog\/wp-json\/wp\/v2\/types\/post"}],"author":[{"embeddable":true,"href":"https:\/\/www.visit-ulcinj.com\/blog\/wp-json\/wp\/v2\/users\/1"}],"replies":[{"embeddable":true,"href":"https:\/\/www.visit-ulcinj.com\/blog\/wp-json\/wp\/v2\/comments?post=61583"}],"version-history":[{"count":9,"href":"https:\/\/www.visit-ulcinj.com\/blog\/wp-json\/wp\/v2\/posts\/61583\/revisions"}],"predecessor-version":[{"id":61634,"href":"https:\/\/www.visit-ulcinj.com\/blog\/wp-json\/wp\/v2\/posts\/61583\/revisions\/61634"}],"wp:attachment":[{"href":"https:\/\/www.visit-ulcinj.com\/blog\/wp-json\/wp\/v2\/media?parent=61583"}],"wp:term":[{"taxonomy":"category","embeddable":true,"href":"https:\/\/www.visit-ulcinj.com\/blog\/wp-json\/wp\/v2\/categories?post=61583"},{"taxonomy":"post_tag","embeddable":true,"href":"https:\/\/www.visit-ulcinj.com\/blog\/wp-json\/wp\/v2\/tags?post=61583"}],"curies":[{"name":"wp","href":"https:\/\/api.w.org\/{rel}","templated":true}]}}