{"id":616,"date":"2008-02-22T09:49:35","date_gmt":"2008-02-22T14:49:35","guid":{"rendered":"http:\/\/www.visit-ulcinj.com\/blog\/2008\/02\/22\/crna-gora-blizu-ukidanja-viza\/"},"modified":"2008-10-17T13:47:07","modified_gmt":"2008-10-17T18:47:07","slug":"crna-gora-blizu-ukidanja-viza","status":"publish","type":"post","link":"https:\/\/www.visit-ulcinj.com\/blog\/2008\/02\/22\/crna-gora-blizu-ukidanja-viza\/","title":{"rendered":"Crna Gora blizu ukidanja viza"},"content":{"rendered":"<p><a title=\"Franko Fratini_Jusuf Kalamperovi?.\" rel=\"lightbox[pics-1203690632]\" href=\"http:\/\/www.visit-ulcinj.com\/blog\/wp-content\/uploads\/2008\/02\/franko-fratini_jusuf-kalamperovic.gif\"><\/a><img loading=\"lazy\" src=\"http:\/\/www.visit-ulcinj.com\/blog\/wp-content\/uploads\/2008\/02\/franko-fratini_jusuf-kalamperovic.thumbnail.gif\" border=\"0\" alt=\"Franko Fratini_Jusuf Kalamperovi?.\" width=\"200\" height=\"143\" align=\"left\" \/>22.02.2008-Potpredsjednik Evropske komisije Franko Fratini kazao je ju?e da ?e Brisel tokom pregovora o liberalizaciji viznog re\u017eima svaku dr\u017eavu Zapadnog Balkana vrednovati pojedina?no, istovremeno ocjenjuju?i da je Podgorica &#8220;postigla zna?ajne rezultate&#8221; u oblastima vezanim za ovaj proces.<br \/>\n\u0160tampa pi\u0161e da je to ohrabrilo ministra unutra\u0161njih poslova i javne uprave Jusufa Kalamperovi?a da na po?etku pregovora o liberalizaciji viznog re\u017eima izrazi nadu da ?e dr\u017eavljani Crne Gore do kraja godine putovati bez viza u 24 dr\u017eave \u0161engen zone.<br \/>\n&#8220;Mi ?emo svaku zemlju posmatrati pojedina?no, zavisno od zasluga. Zato sam ja danas ovdje. Mislim da je Crna Gora postigla va\u017ene uspjehe i rezultate, kao \u0161to je usvajanje novog Ustava, borba protiv organizovanog kriminala&#8230;&#8221;, rekao je Fratini koji je sa premijerom u ostavci \u017deljkom \u0160turanovi?em otvorio prvi dijalog o liberalizaciji viznog re\u017eima izme?u Crne Gore i EU.<br \/>\nNa sastanku u vili &#8220;Gorica&#8221; kojem su prisutvovali predstavnici Vlade Crne Gore i Evropske komisije (EK) i koji je bio otvoren za novinare, Fratini je objasnio da Brisel na &#8220;mapi puta&#8221; ka liberalizaciji viznog re\u017eima ocjenjuje uspjehe iz ?etiri podru?ja.<br \/>\nTo su bezbjednost li?nih isprava, borba protiv nelegalne imigracije, javna bezbjednost i kriterijumi koji se odnose na spoljnu politiku. &#8220;Vi ste postigli zna?ajne rezulate u svim ovim podru?jima&#8221;, ocijenio je Fratini i podsjetio da ?e u Crnoj Gori do kraja aprila po?eti izdavanje novih paso\u0161a i li?nih karata sa biometrijom.<br \/>\n&#8220;To je jedan od jasnih rezultata, tako da mogu da ka\u017eem da je Crna Gora na pravom putu&#8221;.<br \/>\nKalamperovi? je evropskom komesaru uru?io model budu?eg crnogorskog paso\u0161a, kao i zakone i predloge zakona od ?ije primjene i usvajanja zavisi liberalizacija viznog re\u017eima.<br \/>\nOn je Fratiniju, strastvenom filatelisti, poklonio sve primjerke po\u0161tanskih markica koje su izdate u Crnoj Gori od progla\u0161enja nezavisnosti.<\/p>\n<table border=\"0\" cellspacing=\"0\" cellpadding=\"0\" width=\"98%\">\n<tbody>\n<tr>\n<td class=\"newsdate\">21.02.2008<\/td>\n<\/tr>\n<tr>\n<td class=\"newstitle\">\n<h5>Minister Mate on Security as a Common Good and on Visa Liberalisation with Montenegro<\/h5>\n<\/td>\n<\/tr>\n<tr>\n<td>\n<p style=\"margin: 0px\"><strong><em>Dragutin Mate, Slovenian Minister of the Interior and President of the Justice and Home Affairs Council, attended the fifth annual ministerial conference on cooperation on border security in the Western Balkans, held in Budva, Montenegro and organised by the Ministry of the Interior and Public Administration of Montenegro and the Geneva Centre for the Democratic Control of Armed Forces (DCAF).<\/em><\/strong><\/p>\n<\/td>\n<\/tr>\n<tr>\n<td>\n<p style=\"margin: 0px\"><img loading=\"lazy\" style=\"width: 181px; height: 196px;\" src=\"http:\/\/www.delo.si\/images\/iman\/2005_02\/pb_dragutin_mate_blaz_20samec1c.jpg\" border=\"0\" alt=\"\" width=\"227\" height=\"279\" align=\"left\" \/>Minister Mate <a href=\"http:\/\/www.mnz.gov.si\/fileadmin\/mnz.gov.si\/pageuploads\/SOJ\/predsedovanje\/govorMrBudva_ANG.doc\"><span style=\"color: #284e8f;\">addressed the participants<\/span><\/a> on behalf of the Slovenian EU Presidency and emphasised: \u201cSecurity is not a value that can be limited to a territory of an individual country. The security situation in any given country has implications for security in the region, on the continent and even on a global scale. In order to prevent the European Union and the Schengen area from being seen as a fortress, Slovenia has made increased security and freedom in the Western Balkans one of its priorities.\u201d<\/p>\n<p style=\"margin: 0px\">The fifth annual ministerial conference under the auspices of the Geneva DCAF is devoted to the evaluation of progress achieved and activities carried out in 2007 as part of the DFAC Border Security Programme 2008\u20132011. DCAF programmes focus on a broad spectrum of public security issues. The DFAC Border Security Programme, which is one of its active programmes, began to be implemented in November 2001. Its objectives include enhancing security and cooperating in efficient border control in the Western Balkan region. Minister Mate stated that, despite the fact that each country exercises its functions on its own side of the border, \u201cwe are all on the same side of the border when it comes to combating all forms of crime, terrorism and other security risks. This increased awareness is reflected in specific activities and reinforced police and border police cooperation regardless of the origin of police forces.\u201d<\/p>\n<p style=\"margin: 0px\">The countries in the region have already concluded a number of agreements on cross-border police cooperation. In this context Minister Mate underlined that \u201cthe switch from bilateral cross-border cooperation to regional cross-border cooperation is of great significance. The signing of the modern and comprehensive Police Cooperation Convention for Southeast Europe means genuine progress, not only benefiting the populations of the contracting parties but with much wider favourable effects. The fact that some countries in the region have already ratified the Convention is a strong message that the region is willing and able to raise the level of security while ensuring fundamental human rights and brings to the region the latest standards applicable in the EU Member States.\u201d  The Geneva DCAF, in cooperation with Austria and Slovenia, actively supports activities aimed at setting up capacities and implementing the Police Cooperation Convention for Southeast Europe, which was signed on 5 May 2006 in Vienna. Further, at the conference Minister Mate signed a Cooperation and Partnership Agreement between the Ministry of the Interior of the Republic of Slovenia and Geneva Centre for the Democratic Control of Armed Forces.<\/p>\n<p style=\"margin: 0px\">As part of his visit, Minister Mate also joined Franco Frattini, Vice-President of the European Commission and European Commissioner for Justice, Freedom and Security, who today in Podgorica announced the beginning of dialogue on visa liberalisation with Montenegro. Slovenia supports dialogue with the Western Balkan countries, as this will contribute to their timely drawing closer to the European Union.<\/p>\n<p style=\"margin: 0px\">\n<p style=\"margin: 0px\">\n<p><strong>LE MINISTRE DE L&#8217;INTERIEUR SLOVENE, M. DRAGUTIN MATE<br \/>\nsur<br \/>\nLA SECURITE COMME VALEUR COMMUNE ET LA LIBERALISATION DU REGIME DES VISAS AVEC LE MONTENEGRO<\/strong><\/p>\n<p style=\"margin: 0px\">\n<p style=\"margin: 0px\">M. Dragutin Mate, ministre slov\u00e8ne de l&#8217;Int\u00e9rieur pr\u00e9sidant actuellement le Conseil des affaires int\u00e9rieures de l&#8217;UE, a particip\u00e9 \u00e0 Budva, au Mont\u00e9n\u00e9gro, \u00e0 la cinqui\u00e8me conf\u00e9rence minist\u00e9rielle annuelle sur la coop\u00e9ration dans le domaine de la s\u00e9curit\u00e9 frontali\u00e8re dans la r\u00e9gion des Balkans occidentaux Cette r\u00e9union \u00e9tait organis\u00e9e par le Minist\u00e8re mont\u00e9n\u00e9grin de l&#8217;Int\u00e9rieur et de l&#8217;administration publique et le Centre pour le contr\u00f4le d\u00e9mocratique des forces arm\u00e9es (DCAF) de Gen\u00e8ve.<\/p>\n<p style=\"margin: 0px\"><a href=\"http:\/\/www.mnz.gov.si\/fileadmin\/mnz.gov.si\/pageuploads\/SOJ\/predsedovanje\/govorMrBudva_fr.doc\"><span style=\"color: #284e8f;\">A cette occasion, M. Mate a tenu les propos suivants au nom de la pr\u00e9sidence slov\u00e8ne du Conseil de l&#8217;UE<\/span><\/a> : \u00ab La s\u00e9curit\u00e9 n\u2019est pas une valeur qui peut \u00eatre r\u00e9duite au territoire d\u2019un seul pays, la situation d\u2019un pays en mati\u00e8re de s\u00e9curit\u00e9 ayant des incidences sur la s\u00e9curit\u00e9 d\u2019une r\u00e9gion, d\u2019un continent et m\u00eame \u00e0 l\u2019\u00e9chelle mondiale. Nous ne voulons pas que l&#8217;Union europ\u00e9enne et l\u2019espace Schengen soient consid\u00e9r\u00e9s comme des forteresses. \u00c0 cet effet, la Slov\u00e9nie a fait du renforcement de la s\u00e9curit\u00e9 et de la libert\u00e9 dans les Balkans occidentaux une priorit\u00e9 de sa pr\u00e9sidence.\u00bb<\/p>\n<p style=\"margin: 0px\">La cinqui\u00e8me conf\u00e9rence minist\u00e9rielle annuelle sous l&#8217;\u00e9gide de l&#8217;organisation DCAF est destin\u00e9e \u00e0 l&#8217;\u00e9valuation des progr\u00e8s et des activit\u00e9s r\u00e9alis\u00e9s en 2007 dans le cadre du Programme DCAF relatif \u00e0 la s\u00e9curit\u00e9 frontali\u00e8re 2008 \u2013 2011. Les programmes DCAF couvrent un spectre large de la s\u00e9curit\u00e9 publique. Un des programmes en cours, initi\u00e9 au mois de novembre 2001, est intitul\u00e9 \u00ab DCAF&#8217;s Border security program \u00bb. Il est destin\u00e9 au renforcement de la s\u00e9curit\u00e9 et de la coop\u00e9ration, ceci devant assurer un contr\u00f4le plus efficace des fronti\u00e8res dans la r\u00e9gion des Balkans occidentaux. Bien que chaque pays effectue ses missions dans le cadre de ses fronti\u00e8res nationales, M. Mate a assur\u00e9 que :\u00ab nous avons de plus en plus conscience d\u2019\u00eatre du m\u00eame c\u00f4t\u00e9 dans la lutte contre toute forme de criminalit\u00e9, de terrorisme et les autres risques mena\u00e7ant notre s\u00e9curit\u00e9. Cette sensibilisation accrue est suivie d\u2019actions concr\u00e8tes et d\u2019une coop\u00e9ration renforc\u00e9e entre les forces de polices nationale et frontali\u00e8re de toutes origines. \u00bb<\/p>\n<p>Les pays de la r\u00e9gion ont d\u00e9j\u00e0 conclu beaucoup d&#8217;accords relatifs \u00e0 la coop\u00e9ration polici\u00e8re transfrontali\u00e8re. Sur ce point, M. Mate a \u00e9voqu\u00e9 que \u00ab le passage du niveau bilat\u00e9ral au niveau r\u00e9gional dans le domaine de la coop\u00e9ration polici\u00e8re \u00e9tait d\u2019une grande importance. La signature d\u2019une convention moderne et compl\u00e8te relative \u00e0 la coop\u00e9ration polici\u00e8re dans l\u2019Europe du Sud-Est constitue un progr\u00e8s remarquable. Elle a des effets b\u00e9n\u00e9fiques non seulement pour la population des parties contractantes mais aussi \u00e0 une \u00e9chelle plus large. La ratification de cette convention par certains pays de la r\u00e9gion est porteuse d\u2019un message politique fort : celui qui affirme la volont\u00e9 et les capacit\u00e9s de la r\u00e9gion \u00e0 \u0153uvrer pour accro\u00eetre son niveau de s\u00e9curit\u00e9, tout en respectant la garantie des droits fondamentaux de l\u2019homme et les standards de l\u2019UE \u00bb.  En coop\u00e9ration avec l\u2019Autriche et la Slov\u00e9nie, le DCAF soutient de mani\u00e8re intensive les activit\u00e9s en vue de l\u2019application de la Convention relative \u00e0 la coop\u00e9ration polici\u00e8re dans l\u2019Europe du Sud-Est, sign\u00e9e le 5 mai 2006 \u00e0 Vienne. Lors de cette conf\u00e9rence, M. Dragutin Mate a sign\u00e9 le M\u00e9morandum de coop\u00e9ration et de partenariat entre le Minist\u00e8re de l\u2019Int\u00e9rieur de la R\u00e9publique de Slov\u00e9nie et le Centre pour le contr\u00f4le des forces arm\u00e9es de Gen\u00e8ve.<\/p>\n<p style=\"margin: 0px\">Lors de sa visite, le ministre slov\u00e8ne, M. Mate, a \u00e9galement rejoint le Vice-pr\u00e9sident de la Commission europ\u00e9enne et le commissaire europ\u00e9en en charge des affaires relevant du domaine de la \u00ab Justice, Libert\u00e9 et S\u00e9curit\u00e9 \u00bb, M. Franco Frattini. Ce dernier a annonc\u00e9, aujourd\u2019hui \u00e0 Podgorica, l&#8217;ouverture du dialogue relatif \u00e0 la lib\u00e9ralisation du r\u00e9gime des visas avec le Mont\u00e9n\u00e9gro. La Slov\u00e9nie soutient l\u2019ouverture du dialogue avec les pays des Balkans occidentaux, ce qui facilitera leur rapprochement avec l&#8217;UE.<\/p>\n<p style=\"margin: 0px\">\n<p style=\"margin: 0px\">\n<\/td>\n<\/tr>\n<tr>\n<td><a href=\"http:\/\/www.mnz.gov.si\/en\/eu_news\/?tx_ttnews%5Byear%5D=2008&amp;tx_ttnews%5Bmonth%5D=02&amp;cHash=fe39dcc1f5\"><span style=\"color: #284e8f;\">&lt;- Back to: Slovene Presidency of the EU 2008 <\/span><\/a><\/td>\n<\/tr>\n<\/tbody>\n<\/table>\n","protected":false},"excerpt":{"rendered":"<p>22.02.2008-Potpredsjednik Evropske komisije Franko Fratini kazao je ju?e da ?e Brisel tokom pregovora o liberalizaciji viznog re\u017eima svaku dr\u017eavu Zapadnog Balkana vrednovati pojedina?no, istovremeno ocjenjuju?i da je Podgorica &#8220;postigla zna?ajne rezultate&#8221; u oblastima vezanim za ovaj proces. \u0160tampa pi\u0161e da je to ohrabrilo ministra unutra\u0161njih poslova i javne uprave Jusufa Kalamperovi?a da na po?etku pregovora [&hellip;]<\/p>\n","protected":false},"author":1,"featured_media":0,"comment_status":"open","ping_status":"closed","sticky":false,"template":"","format":"standard","meta":{"spay_email":"","jetpack_publicize_message":"","jetpack_is_tweetstorm":false,"jetpack_publicize_feature_enabled":true},"categories":[7],"tags":[1454,1544,1594,1851,21,90,1673,789,1075,1853,143,1312,79,1850,1327,1757,1336,1494,1536,1490,1852,1854],"jetpack_publicize_connections":[],"yoast_head":"<!-- This site is optimized with the Yoast SEO plugin v19.1 - https:\/\/yoast.com\/wordpress\/plugins\/seo\/ -->\n<title>Crna Gora blizu ukidanja viza - Lajme nga Ulqini<\/title>\n<meta name=\"description\" content=\"22.02.2008-Potpredsjednik Evropske komisije Franko Fratini kazao je ju?e da ?e Brisel tokom pregovora o liberalizaciji viznog re\u017eima svaku dr\u017eavu Zapadnog\" \/>\n<meta name=\"robots\" content=\"index, follow, max-snippet:-1, max-image-preview:large, max-video-preview:-1\" \/>\n<link rel=\"canonical\" href=\"https:\/\/www.visit-ulcinj.com\/blog\/2008\/02\/22\/crna-gora-blizu-ukidanja-viza\/\" \/>\n<meta property=\"og:locale\" content=\"en_US\" \/>\n<meta property=\"og:type\" content=\"article\" \/>\n<meta property=\"og:title\" content=\"Crna Gora blizu ukidanja viza - Lajme nga Ulqini\" \/>\n<meta property=\"og:description\" content=\"22.02.2008-Potpredsjednik Evropske komisije Franko Fratini kazao je ju?e da ?e Brisel tokom pregovora o liberalizaciji viznog re\u017eima svaku dr\u017eavu Zapadnog\" \/>\n<meta property=\"og:url\" content=\"https:\/\/www.visit-ulcinj.com\/blog\/2008\/02\/22\/crna-gora-blizu-ukidanja-viza\/\" \/>\n<meta property=\"og:site_name\" content=\"Lajme nga Ulqini\" \/>\n<meta property=\"article:published_time\" content=\"2008-02-22T14:49:35+00:00\" \/>\n<meta property=\"article:modified_time\" content=\"2008-10-17T18:47:07+00:00\" \/>\n<meta property=\"og:image\" content=\"http:\/\/www.visit-ulcinj.com\/blog\/wp-content\/uploads\/2008\/02\/franko-fratini_jusuf-kalamperovic.thumbnail.gif\" \/>\n<meta name=\"twitter:label1\" content=\"Written by\" \/>\n\t<meta name=\"twitter:data1\" content=\"ulqini\" \/>\n\t<meta name=\"twitter:label2\" content=\"Est. reading time\" \/>\n\t<meta name=\"twitter:data2\" content=\"8 minutes\" \/>\n<script type=\"application\/ld+json\" class=\"yoast-schema-graph\">{\"@context\":\"https:\/\/schema.org\",\"@graph\":[{\"@type\":\"WebSite\",\"@id\":\"https:\/\/www.visit-ulcinj.com\/blog\/#website\",\"url\":\"https:\/\/www.visit-ulcinj.com\/blog\/\",\"name\":\"Lajme nga Ulqini\",\"description\":\"Lajme,Vijesti,Ulqini,Ulqin,Crna Gora,Mali i Zi\",\"potentialAction\":[{\"@type\":\"SearchAction\",\"target\":{\"@type\":\"EntryPoint\",\"urlTemplate\":\"https:\/\/www.visit-ulcinj.com\/blog\/?s={search_term_string}\"},\"query-input\":\"required name=search_term_string\"}],\"inLanguage\":\"en-US\"},{\"@type\":\"ImageObject\",\"inLanguage\":\"en-US\",\"@id\":\"https:\/\/www.visit-ulcinj.com\/blog\/2008\/02\/22\/crna-gora-blizu-ukidanja-viza\/#primaryimage\",\"url\":\"http:\/\/www.visit-ulcinj.com\/blog\/wp-content\/uploads\/2008\/02\/franko-fratini_jusuf-kalamperovic.thumbnail.gif\",\"contentUrl\":\"http:\/\/www.visit-ulcinj.com\/blog\/wp-content\/uploads\/2008\/02\/franko-fratini_jusuf-kalamperovic.thumbnail.gif\"},{\"@type\":\"WebPage\",\"@id\":\"https:\/\/www.visit-ulcinj.com\/blog\/2008\/02\/22\/crna-gora-blizu-ukidanja-viza\/#webpage\",\"url\":\"https:\/\/www.visit-ulcinj.com\/blog\/2008\/02\/22\/crna-gora-blizu-ukidanja-viza\/\",\"name\":\"Crna Gora blizu ukidanja viza - Lajme nga Ulqini\",\"isPartOf\":{\"@id\":\"https:\/\/www.visit-ulcinj.com\/blog\/#website\"},\"primaryImageOfPage\":{\"@id\":\"https:\/\/www.visit-ulcinj.com\/blog\/2008\/02\/22\/crna-gora-blizu-ukidanja-viza\/#primaryimage\"},\"datePublished\":\"2008-02-22T14:49:35+00:00\",\"dateModified\":\"2008-10-17T18:47:07+00:00\",\"author\":{\"@id\":\"https:\/\/www.visit-ulcinj.com\/blog\/#\/schema\/person\/dcab619c614d3038751c63bc2aadc06d\"},\"description\":\"22.02.2008-Potpredsjednik Evropske komisije Franko Fratini kazao je ju?e da ?e Brisel tokom pregovora o liberalizaciji viznog re\u017eima svaku dr\u017eavu Zapadnog\",\"breadcrumb\":{\"@id\":\"https:\/\/www.visit-ulcinj.com\/blog\/2008\/02\/22\/crna-gora-blizu-ukidanja-viza\/#breadcrumb\"},\"inLanguage\":\"en-US\",\"potentialAction\":[{\"@type\":\"ReadAction\",\"target\":[\"https:\/\/www.visit-ulcinj.com\/blog\/2008\/02\/22\/crna-gora-blizu-ukidanja-viza\/\"]}]},{\"@type\":\"BreadcrumbList\",\"@id\":\"https:\/\/www.visit-ulcinj.com\/blog\/2008\/02\/22\/crna-gora-blizu-ukidanja-viza\/#breadcrumb\",\"itemListElement\":[{\"@type\":\"ListItem\",\"position\":1,\"name\":\"Crna Gora blizu ukidanja viza\"}]},{\"@type\":\"Person\",\"@id\":\"https:\/\/www.visit-ulcinj.com\/blog\/#\/schema\/person\/dcab619c614d3038751c63bc2aadc06d\",\"name\":\"ulqini\",\"sameAs\":[\"http:\/\/www.visit-ulcinj.com\"],\"url\":\"https:\/\/www.visit-ulcinj.com\/blog\/author\/admin\/\"}]}<\/script>\n<!-- \/ Yoast SEO plugin. -->","yoast_head_json":{"title":"Crna Gora blizu ukidanja viza - Lajme nga Ulqini","description":"22.02.2008-Potpredsjednik Evropske komisije Franko Fratini kazao je ju?e da ?e Brisel tokom pregovora o liberalizaciji viznog re\u017eima svaku dr\u017eavu Zapadnog","robots":{"index":"index","follow":"follow","max-snippet":"max-snippet:-1","max-image-preview":"max-image-preview:large","max-video-preview":"max-video-preview:-1"},"canonical":"https:\/\/www.visit-ulcinj.com\/blog\/2008\/02\/22\/crna-gora-blizu-ukidanja-viza\/","og_locale":"en_US","og_type":"article","og_title":"Crna Gora blizu ukidanja viza - Lajme nga Ulqini","og_description":"22.02.2008-Potpredsjednik Evropske komisije Franko Fratini kazao je ju?e da ?e Brisel tokom pregovora o liberalizaciji viznog re\u017eima svaku dr\u017eavu Zapadnog","og_url":"https:\/\/www.visit-ulcinj.com\/blog\/2008\/02\/22\/crna-gora-blizu-ukidanja-viza\/","og_site_name":"Lajme nga Ulqini","article_published_time":"2008-02-22T14:49:35+00:00","article_modified_time":"2008-10-17T18:47:07+00:00","og_image":[{"url":"http:\/\/www.visit-ulcinj.com\/blog\/wp-content\/uploads\/2008\/02\/franko-fratini_jusuf-kalamperovic.thumbnail.gif"}],"twitter_misc":{"Written by":"ulqini","Est. reading time":"8 minutes"},"schema":{"@context":"https:\/\/schema.org","@graph":[{"@type":"WebSite","@id":"https:\/\/www.visit-ulcinj.com\/blog\/#website","url":"https:\/\/www.visit-ulcinj.com\/blog\/","name":"Lajme nga Ulqini","description":"Lajme,Vijesti,Ulqini,Ulqin,Crna Gora,Mali i Zi","potentialAction":[{"@type":"SearchAction","target":{"@type":"EntryPoint","urlTemplate":"https:\/\/www.visit-ulcinj.com\/blog\/?s={search_term_string}"},"query-input":"required name=search_term_string"}],"inLanguage":"en-US"},{"@type":"ImageObject","inLanguage":"en-US","@id":"https:\/\/www.visit-ulcinj.com\/blog\/2008\/02\/22\/crna-gora-blizu-ukidanja-viza\/#primaryimage","url":"http:\/\/www.visit-ulcinj.com\/blog\/wp-content\/uploads\/2008\/02\/franko-fratini_jusuf-kalamperovic.thumbnail.gif","contentUrl":"http:\/\/www.visit-ulcinj.com\/blog\/wp-content\/uploads\/2008\/02\/franko-fratini_jusuf-kalamperovic.thumbnail.gif"},{"@type":"WebPage","@id":"https:\/\/www.visit-ulcinj.com\/blog\/2008\/02\/22\/crna-gora-blizu-ukidanja-viza\/#webpage","url":"https:\/\/www.visit-ulcinj.com\/blog\/2008\/02\/22\/crna-gora-blizu-ukidanja-viza\/","name":"Crna Gora blizu ukidanja viza - Lajme nga Ulqini","isPartOf":{"@id":"https:\/\/www.visit-ulcinj.com\/blog\/#website"},"primaryImageOfPage":{"@id":"https:\/\/www.visit-ulcinj.com\/blog\/2008\/02\/22\/crna-gora-blizu-ukidanja-viza\/#primaryimage"},"datePublished":"2008-02-22T14:49:35+00:00","dateModified":"2008-10-17T18:47:07+00:00","author":{"@id":"https:\/\/www.visit-ulcinj.com\/blog\/#\/schema\/person\/dcab619c614d3038751c63bc2aadc06d"},"description":"22.02.2008-Potpredsjednik Evropske komisije Franko Fratini kazao je ju?e da ?e Brisel tokom pregovora o liberalizaciji viznog re\u017eima svaku dr\u017eavu Zapadnog","breadcrumb":{"@id":"https:\/\/www.visit-ulcinj.com\/blog\/2008\/02\/22\/crna-gora-blizu-ukidanja-viza\/#breadcrumb"},"inLanguage":"en-US","potentialAction":[{"@type":"ReadAction","target":["https:\/\/www.visit-ulcinj.com\/blog\/2008\/02\/22\/crna-gora-blizu-ukidanja-viza\/"]}]},{"@type":"BreadcrumbList","@id":"https:\/\/www.visit-ulcinj.com\/blog\/2008\/02\/22\/crna-gora-blizu-ukidanja-viza\/#breadcrumb","itemListElement":[{"@type":"ListItem","position":1,"name":"Crna Gora blizu ukidanja viza"}]},{"@type":"Person","@id":"https:\/\/www.visit-ulcinj.com\/blog\/#\/schema\/person\/dcab619c614d3038751c63bc2aadc06d","name":"ulqini","sameAs":["http:\/\/www.visit-ulcinj.com"],"url":"https:\/\/www.visit-ulcinj.com\/blog\/author\/admin\/"}]}},"jetpack_featured_media_url":"","jetpack_sharing_enabled":true,"jetpack_shortlink":"https:\/\/wp.me\/pe6lTn-9W","_links":{"self":[{"href":"https:\/\/www.visit-ulcinj.com\/blog\/wp-json\/wp\/v2\/posts\/616"}],"collection":[{"href":"https:\/\/www.visit-ulcinj.com\/blog\/wp-json\/wp\/v2\/posts"}],"about":[{"href":"https:\/\/www.visit-ulcinj.com\/blog\/wp-json\/wp\/v2\/types\/post"}],"author":[{"embeddable":true,"href":"https:\/\/www.visit-ulcinj.com\/blog\/wp-json\/wp\/v2\/users\/1"}],"replies":[{"embeddable":true,"href":"https:\/\/www.visit-ulcinj.com\/blog\/wp-json\/wp\/v2\/comments?post=616"}],"version-history":[{"count":0,"href":"https:\/\/www.visit-ulcinj.com\/blog\/wp-json\/wp\/v2\/posts\/616\/revisions"}],"wp:attachment":[{"href":"https:\/\/www.visit-ulcinj.com\/blog\/wp-json\/wp\/v2\/media?parent=616"}],"wp:term":[{"taxonomy":"category","embeddable":true,"href":"https:\/\/www.visit-ulcinj.com\/blog\/wp-json\/wp\/v2\/categories?post=616"},{"taxonomy":"post_tag","embeddable":true,"href":"https:\/\/www.visit-ulcinj.com\/blog\/wp-json\/wp\/v2\/tags?post=616"}],"curies":[{"name":"wp","href":"https:\/\/api.w.org\/{rel}","templated":true}]}}