{"id":61605,"date":"2012-06-13T14:40:39","date_gmt":"2012-06-13T13:40:39","guid":{"rendered":"http:\/\/www.visit-ulcinj.com\/blog\/?p=61605"},"modified":"2012-06-13T14:41:48","modified_gmt":"2012-06-13T13:41:48","slug":"knsh-ja-i-dhuroi-nje-fond-librash-bibliotekes-se-shkolles-m-lekiq-ne-tuz","status":"publish","type":"post","link":"https:\/\/www.visit-ulcinj.com\/blog\/2012\/06\/13\/knsh-ja-i-dhuroi-nje-fond-librash-bibliotekes-se-shkolles-m-lekiq-ne-tuz\/","title":{"rendered":"KNSH -ja i dhuroi nj\u00eb fond librash Bibliotekes s\u00eb Shkoll\u00ebs \u201cM.Lekiq\u201d n\u00eb Tuz"},"content":{"rendered":"<p style=\"text-align: left;\"><a href=\"http:\/\/www.visit-ulcinj.com\/blog\/wp-content\/uploads\/2011\/03\/KNSH_MZ_logo.jpg\"><img loading=\"lazy\" class=\"alignleft  wp-image-45189\" title=\"KNSH_MZ_logo\" src=\"http:\/\/www.visit-ulcinj.com\/blog\/wp-content\/uploads\/2011\/03\/KNSH_MZ_logo.jpg\" alt=\"\" width=\"318\" height=\"142\" srcset=\"https:\/\/www.visit-ulcinj.com\/blog\/wp-content\/uploads\/2011\/03\/KNSH_MZ_logo.jpg 318w, https:\/\/www.visit-ulcinj.com\/blog\/wp-content\/uploads\/2011\/03\/KNSH_MZ_logo-300x133.jpg 300w\" sizes=\"(max-width: 318px) 100vw, 318px\" \/><\/a>K\u00cbSHILLI NACIONAL I SHQIPTAR\u00cbVE N\u00cb MALIN E ZI<\/p>\n<p style=\"text-align: left;\">NACIONALNI SAVJET ALBANACA U CRNOJ GORI<\/p>\n<p style=\"text-align: left;\">ALBANIAN NATIONAL COUNCIL IN MONTENEGRO<\/p>\n<p>K\u00ebshilli Nacional i Shqiptar\u00ebve n\u00eb Malin e Zi , n\u00eb kuad\u00ebr t\u00eb Programit t\u00eb vet t\u00eb pun\u00ebs p\u00ebr k\u00ebt\u00eb vit,i ka dhuruar jav\u00ebn q\u00eb shkoj, nj\u00eb fond prej 100 tituj librash me rreth 200 ekzemplare, Biblotek\u00ebs s\u00eb Shkoll\u00ebs n\u00ebnt\u00ebvjecare \u201cM.Lekiq\u201d n\u00eb Tuz.<\/p>\n<p><a href=\"http:\/\/www.visit-ulcinj.com\/blog\/wp-content\/uploads\/2012\/06\/KNSHMZ-_Dhurimi-i-librave_Tahir-Tahiri.jpg\"><img loading=\"lazy\" class=\"alignleft size-full wp-image-61606\" title=\"KNSHMZ _Dhurimi i librave_Tahir Tahiri\" src=\"http:\/\/www.visit-ulcinj.com\/blog\/wp-content\/uploads\/2012\/06\/KNSHMZ-_Dhurimi-i-librave_Tahir-Tahiri.jpg\" alt=\"\" width=\"508\" height=\"304\" srcset=\"https:\/\/www.visit-ulcinj.com\/blog\/wp-content\/uploads\/2012\/06\/KNSHMZ-_Dhurimi-i-librave_Tahir-Tahiri.jpg 508w, https:\/\/www.visit-ulcinj.com\/blog\/wp-content\/uploads\/2012\/06\/KNSHMZ-_Dhurimi-i-librave_Tahir-Tahiri-300x179.jpg 300w\" sizes=\"(max-width: 508px) 100vw, 508px\" \/><\/a><br \/>\nN\u00eb ceremonin e pranim dor\u00ebzimit , drejtori i shkoll\u00ebs z. Pjet\u00ebr Ivezaj ka falenderuar KNSH-n\u00eb, dhe kryetarin Tahiri p\u00ebr k\u00ebt\u00eb dhurat\u00eb t\u00eb \u00e7mueshme p\u00ebr shkoll\u00ebn dhe bibliotek\u00ebn e saj.K\u00ebto libra tha Z. Ivezaj do ta shtojn\u00eb edhe m\u00eb shum\u00eb fondin e Bibliotek\u00ebs s\u00eb shkoll\u00ebs, duke krijuar mund\u00ebsi p\u00ebr nx\u00ebn\u00ebsit q\u00eb duke lexuar t\u00eb zgjerojn\u00eb njohurit\u00eb e veta, n\u00eb kuad\u00ebr t\u00eb planprogramit edukativo arsimor\u00eb por edhe m\u00eb gj\u00ebr\u00eb, var\u00ebsisht nga interesimi i tyre.Drejtori i shkoll\u00ebs potencoj bashk\u00ebpunimin e mir\u00eb q\u00eb shkolla, edhe n\u00eb t\u00eb kaluar\u00ebn ka patur me K\u00ebshillin Nacional, duke p\u00ebrmendur edhe disa aktivitete t\u00eb tjera p\u00ebrmes t\u00eb cilave KNSH-ja ka ndihmuar Shkoll\u00ebn fillore n\u00eb Tuz, si\u00e7 jan\u00eb, furnizimi me rekvizita sportive dhe me Harta gjeografike n\u00eb gjuh\u00ebn shqipe.<br \/>\nKryetari i Knsh, z. Tahiri, n\u00eb fjal\u00ebn e vet theksoj angazhimin e K\u00ebshillit Nacional p\u00ebr pasurimin e Bibliotakave n\u00eb t\u00eb gjitha shkollat me m\u00ebsim n\u00eb gjuh\u00ebn shqipe n\u00eb Malin e Zi, n\u00eb m\u00ebnyr\u00eb q\u00eb nx\u00ebn\u00ebsve tu krijohen mund\u00ebsit\u00eb p\u00ebr t\u00eb lexuar sa m\u00eb shum\u00eb vepra t\u00eb autor\u00ebve shqiptar\u00eb, duke filluar nga Rilindasit e deri te krijuesit e sot\u00ebm bashkohor\u00eb.Ky aksion theksoj Tahiri, do t\u00eb vazhdoj\u00eb edhe n\u00eb shkollat tjera me m\u00ebsim n\u00eb gjuh\u00ebn shqipe n\u00eb Malin e Zi, edhe krahas v\u00ebshtir\u00ebsive materiale me t\u00eb cilat ballafaqohet K\u00ebshilli. Ai p\u00ebrmendi edhe Projektin e KNSH-s\u00eb, n\u00eb bashk\u00ebpunim me Art-Clubin\u201d Furnizimi i shkollave shqipe me lektyra shkollore\u201d i cili do t\u00eb realizohet n\u00eb fillim t\u00eb vitit t\u00eb ardhsh\u00ebm shkollor\u00eb ,projekt ky i cili do t\u00eb ndihmoj\u00eb sado pak n\u00eb paisjen e bibliotekave t\u00eb shkollave shqipe me lektyra shkollore n\u00eb kuad\u00ebr t\u00eb planprogramit t\u00eb Gjuh\u00ebs Shqipe.<br \/>\nKryetari i KNSH-s\u00eb, falenderoj n\u00eb k\u00ebt\u00eb rast p\u00ebr bashk\u00ebpunim dhe ndihmes\u00eb Sht\u00ebpin\u00eb Botuese \u201cLibri shkollor\u00eb \u201c dhe drejtorin z. Bajram Shatri nga Prishtina, dhe Shoqat\u00ebn Art-Club me drejtorin e saj z. Ali Salaj, t\u00eb cil\u00ebt falas ndan\u00eb p\u00ebr Knsh-n\u00eb nj\u00eb num\u00ebr librash n\u00eb gjuh\u00ebn shqipe t\u00eb cilat ju dhuruan shkoll\u00ebs ne Tuz.<br \/>\nN\u00eb ceremonin\u00eb e dhurimit t\u00eb librave, mor\u00ebn pjes\u00eb edhe bibliotekistja e shkoll\u00ebs znj. Han\u00eb Camaj dhe an\u00ebtari i K\u00ebshillit Nacional, z. Pal\u00eb Dreshaj.<\/p>\n<p>Sh\u00ebrbimi p\u00ebr informim<br \/>\nI KNSH-s\u00eb Ulqin, me 04.06.2012<\/p>\n","protected":false},"excerpt":{"rendered":"<p>K\u00cbSHILLI NACIONAL I SHQIPTAR\u00cbVE N\u00cb MALIN E ZI NACIONALNI SAVJET ALBANACA U CRNOJ GORI ALBANIAN NATIONAL COUNCIL IN MONTENEGRO K\u00ebshilli Nacional i Shqiptar\u00ebve n\u00eb Malin e Zi , n\u00eb kuad\u00ebr t\u00eb Programit t\u00eb vet t\u00eb pun\u00ebs p\u00ebr k\u00ebt\u00eb vit,i ka dhuruar jav\u00ebn q\u00eb shkoj, nj\u00eb fond prej 100 tituj librash me rreth 200 ekzemplare, Biblotek\u00ebs [&hellip;]<\/p>\n","protected":false},"author":1,"featured_media":0,"comment_status":"open","ping_status":"closed","sticky":false,"template":"","format":"standard","meta":{"spay_email":"","jetpack_publicize_message":"","jetpack_is_tweetstorm":false,"jetpack_publicize_feature_enabled":true},"categories":[14],"tags":[5913,20652,899,2450],"jetpack_publicize_connections":[],"yoast_head":"<!-- This site is optimized with the Yoast SEO plugin v19.1 - https:\/\/yoast.com\/wordpress\/plugins\/seo\/ -->\n<title>KNSH -ja i dhuroi nj\u00eb fond librash Bibliotekes s\u00eb Shkoll\u00ebs \u201cM.Lekiq\u201d n\u00eb Tuz - Lajme nga Ulqini<\/title>\n<meta name=\"description\" content=\"K\u00cbSHILLI NACIONAL I SHQIPTAR\u00cbVE N\u00cb MALIN E ZI NACIONALNI SAVJET ALBANACA U CRNOJ GORI ALBANIAN NATIONAL COUNCIL IN MONTENEGRO K\u00ebshilli Nacional i\" \/>\n<meta name=\"robots\" content=\"index, follow, max-snippet:-1, max-image-preview:large, max-video-preview:-1\" \/>\n<link rel=\"canonical\" href=\"https:\/\/www.visit-ulcinj.com\/blog\/2012\/06\/13\/knsh-ja-i-dhuroi-nje-fond-librash-bibliotekes-se-shkolles-m-lekiq-ne-tuz\/\" \/>\n<meta property=\"og:locale\" content=\"en_US\" \/>\n<meta property=\"og:type\" content=\"article\" \/>\n<meta property=\"og:title\" content=\"KNSH -ja i dhuroi nj\u00eb fond librash Bibliotekes s\u00eb Shkoll\u00ebs \u201cM.Lekiq\u201d n\u00eb Tuz - Lajme nga Ulqini\" \/>\n<meta property=\"og:description\" content=\"K\u00cbSHILLI NACIONAL I SHQIPTAR\u00cbVE N\u00cb MALIN E ZI NACIONALNI SAVJET ALBANACA U CRNOJ GORI ALBANIAN NATIONAL COUNCIL IN MONTENEGRO K\u00ebshilli Nacional i\" \/>\n<meta property=\"og:url\" content=\"https:\/\/www.visit-ulcinj.com\/blog\/2012\/06\/13\/knsh-ja-i-dhuroi-nje-fond-librash-bibliotekes-se-shkolles-m-lekiq-ne-tuz\/\" \/>\n<meta property=\"og:site_name\" content=\"Lajme nga Ulqini\" \/>\n<meta property=\"article:published_time\" content=\"2012-06-13T13:40:39+00:00\" \/>\n<meta property=\"article:modified_time\" content=\"2012-06-13T13:41:48+00:00\" \/>\n<meta property=\"og:image\" content=\"http:\/\/www.visit-ulcinj.com\/blog\/wp-content\/uploads\/2011\/03\/KNSH_MZ_logo.jpg\" \/>\n<meta name=\"twitter:label1\" content=\"Written by\" \/>\n\t<meta name=\"twitter:data1\" content=\"ulqini\" \/>\n\t<meta name=\"twitter:label2\" content=\"Est. reading time\" \/>\n\t<meta name=\"twitter:data2\" content=\"2 minutes\" \/>\n<script type=\"application\/ld+json\" class=\"yoast-schema-graph\">{\"@context\":\"https:\/\/schema.org\",\"@graph\":[{\"@type\":\"WebSite\",\"@id\":\"https:\/\/www.visit-ulcinj.com\/blog\/#website\",\"url\":\"https:\/\/www.visit-ulcinj.com\/blog\/\",\"name\":\"Lajme nga Ulqini\",\"description\":\"Lajme,Vijesti,Ulqini,Ulqin,Crna Gora,Mali i Zi\",\"potentialAction\":[{\"@type\":\"SearchAction\",\"target\":{\"@type\":\"EntryPoint\",\"urlTemplate\":\"https:\/\/www.visit-ulcinj.com\/blog\/?s={search_term_string}\"},\"query-input\":\"required name=search_term_string\"}],\"inLanguage\":\"en-US\"},{\"@type\":\"ImageObject\",\"inLanguage\":\"en-US\",\"@id\":\"https:\/\/www.visit-ulcinj.com\/blog\/2012\/06\/13\/knsh-ja-i-dhuroi-nje-fond-librash-bibliotekes-se-shkolles-m-lekiq-ne-tuz\/#primaryimage\",\"url\":\"https:\/\/www.visit-ulcinj.com\/blog\/wp-content\/uploads\/2011\/03\/KNSH_MZ_logo.jpg\",\"contentUrl\":\"https:\/\/www.visit-ulcinj.com\/blog\/wp-content\/uploads\/2011\/03\/KNSH_MZ_logo.jpg\",\"width\":\"318\",\"height\":\"142\"},{\"@type\":\"WebPage\",\"@id\":\"https:\/\/www.visit-ulcinj.com\/blog\/2012\/06\/13\/knsh-ja-i-dhuroi-nje-fond-librash-bibliotekes-se-shkolles-m-lekiq-ne-tuz\/#webpage\",\"url\":\"https:\/\/www.visit-ulcinj.com\/blog\/2012\/06\/13\/knsh-ja-i-dhuroi-nje-fond-librash-bibliotekes-se-shkolles-m-lekiq-ne-tuz\/\",\"name\":\"KNSH -ja i dhuroi nj\u00eb fond librash Bibliotekes s\u00eb Shkoll\u00ebs \u201cM.Lekiq\u201d n\u00eb Tuz - Lajme nga Ulqini\",\"isPartOf\":{\"@id\":\"https:\/\/www.visit-ulcinj.com\/blog\/#website\"},\"primaryImageOfPage\":{\"@id\":\"https:\/\/www.visit-ulcinj.com\/blog\/2012\/06\/13\/knsh-ja-i-dhuroi-nje-fond-librash-bibliotekes-se-shkolles-m-lekiq-ne-tuz\/#primaryimage\"},\"datePublished\":\"2012-06-13T13:40:39+00:00\",\"dateModified\":\"2012-06-13T13:41:48+00:00\",\"author\":{\"@id\":\"https:\/\/www.visit-ulcinj.com\/blog\/#\/schema\/person\/dcab619c614d3038751c63bc2aadc06d\"},\"description\":\"K\u00cbSHILLI NACIONAL I SHQIPTAR\u00cbVE N\u00cb MALIN E ZI NACIONALNI SAVJET ALBANACA U CRNOJ GORI ALBANIAN NATIONAL COUNCIL IN MONTENEGRO K\u00ebshilli Nacional i\",\"breadcrumb\":{\"@id\":\"https:\/\/www.visit-ulcinj.com\/blog\/2012\/06\/13\/knsh-ja-i-dhuroi-nje-fond-librash-bibliotekes-se-shkolles-m-lekiq-ne-tuz\/#breadcrumb\"},\"inLanguage\":\"en-US\",\"potentialAction\":[{\"@type\":\"ReadAction\",\"target\":[\"https:\/\/www.visit-ulcinj.com\/blog\/2012\/06\/13\/knsh-ja-i-dhuroi-nje-fond-librash-bibliotekes-se-shkolles-m-lekiq-ne-tuz\/\"]}]},{\"@type\":\"BreadcrumbList\",\"@id\":\"https:\/\/www.visit-ulcinj.com\/blog\/2012\/06\/13\/knsh-ja-i-dhuroi-nje-fond-librash-bibliotekes-se-shkolles-m-lekiq-ne-tuz\/#breadcrumb\",\"itemListElement\":[{\"@type\":\"ListItem\",\"position\":1,\"name\":\"KNSH -ja i dhuroi nj\u00eb fond librash Bibliotekes s\u00eb Shkoll\u00ebs \u201cM.Lekiq\u201d n\u00eb Tuz\"}]},{\"@type\":\"Person\",\"@id\":\"https:\/\/www.visit-ulcinj.com\/blog\/#\/schema\/person\/dcab619c614d3038751c63bc2aadc06d\",\"name\":\"ulqini\",\"sameAs\":[\"http:\/\/www.visit-ulcinj.com\"],\"url\":\"https:\/\/www.visit-ulcinj.com\/blog\/author\/admin\/\"}]}<\/script>\n<!-- \/ Yoast SEO plugin. -->","yoast_head_json":{"title":"KNSH -ja i dhuroi nj\u00eb fond librash Bibliotekes s\u00eb Shkoll\u00ebs \u201cM.Lekiq\u201d n\u00eb Tuz - Lajme nga Ulqini","description":"K\u00cbSHILLI NACIONAL I SHQIPTAR\u00cbVE N\u00cb MALIN E ZI NACIONALNI SAVJET ALBANACA U CRNOJ GORI ALBANIAN NATIONAL COUNCIL IN MONTENEGRO K\u00ebshilli Nacional i","robots":{"index":"index","follow":"follow","max-snippet":"max-snippet:-1","max-image-preview":"max-image-preview:large","max-video-preview":"max-video-preview:-1"},"canonical":"https:\/\/www.visit-ulcinj.com\/blog\/2012\/06\/13\/knsh-ja-i-dhuroi-nje-fond-librash-bibliotekes-se-shkolles-m-lekiq-ne-tuz\/","og_locale":"en_US","og_type":"article","og_title":"KNSH -ja i dhuroi nj\u00eb fond librash Bibliotekes s\u00eb Shkoll\u00ebs \u201cM.Lekiq\u201d n\u00eb Tuz - Lajme nga Ulqini","og_description":"K\u00cbSHILLI NACIONAL I SHQIPTAR\u00cbVE N\u00cb MALIN E ZI NACIONALNI SAVJET ALBANACA U CRNOJ GORI ALBANIAN NATIONAL COUNCIL IN MONTENEGRO K\u00ebshilli Nacional i","og_url":"https:\/\/www.visit-ulcinj.com\/blog\/2012\/06\/13\/knsh-ja-i-dhuroi-nje-fond-librash-bibliotekes-se-shkolles-m-lekiq-ne-tuz\/","og_site_name":"Lajme nga Ulqini","article_published_time":"2012-06-13T13:40:39+00:00","article_modified_time":"2012-06-13T13:41:48+00:00","og_image":[{"url":"http:\/\/www.visit-ulcinj.com\/blog\/wp-content\/uploads\/2011\/03\/KNSH_MZ_logo.jpg"}],"twitter_misc":{"Written by":"ulqini","Est. reading time":"2 minutes"},"schema":{"@context":"https:\/\/schema.org","@graph":[{"@type":"WebSite","@id":"https:\/\/www.visit-ulcinj.com\/blog\/#website","url":"https:\/\/www.visit-ulcinj.com\/blog\/","name":"Lajme nga Ulqini","description":"Lajme,Vijesti,Ulqini,Ulqin,Crna Gora,Mali i Zi","potentialAction":[{"@type":"SearchAction","target":{"@type":"EntryPoint","urlTemplate":"https:\/\/www.visit-ulcinj.com\/blog\/?s={search_term_string}"},"query-input":"required name=search_term_string"}],"inLanguage":"en-US"},{"@type":"ImageObject","inLanguage":"en-US","@id":"https:\/\/www.visit-ulcinj.com\/blog\/2012\/06\/13\/knsh-ja-i-dhuroi-nje-fond-librash-bibliotekes-se-shkolles-m-lekiq-ne-tuz\/#primaryimage","url":"https:\/\/www.visit-ulcinj.com\/blog\/wp-content\/uploads\/2011\/03\/KNSH_MZ_logo.jpg","contentUrl":"https:\/\/www.visit-ulcinj.com\/blog\/wp-content\/uploads\/2011\/03\/KNSH_MZ_logo.jpg","width":"318","height":"142"},{"@type":"WebPage","@id":"https:\/\/www.visit-ulcinj.com\/blog\/2012\/06\/13\/knsh-ja-i-dhuroi-nje-fond-librash-bibliotekes-se-shkolles-m-lekiq-ne-tuz\/#webpage","url":"https:\/\/www.visit-ulcinj.com\/blog\/2012\/06\/13\/knsh-ja-i-dhuroi-nje-fond-librash-bibliotekes-se-shkolles-m-lekiq-ne-tuz\/","name":"KNSH -ja i dhuroi nj\u00eb fond librash Bibliotekes s\u00eb Shkoll\u00ebs \u201cM.Lekiq\u201d n\u00eb Tuz - Lajme nga Ulqini","isPartOf":{"@id":"https:\/\/www.visit-ulcinj.com\/blog\/#website"},"primaryImageOfPage":{"@id":"https:\/\/www.visit-ulcinj.com\/blog\/2012\/06\/13\/knsh-ja-i-dhuroi-nje-fond-librash-bibliotekes-se-shkolles-m-lekiq-ne-tuz\/#primaryimage"},"datePublished":"2012-06-13T13:40:39+00:00","dateModified":"2012-06-13T13:41:48+00:00","author":{"@id":"https:\/\/www.visit-ulcinj.com\/blog\/#\/schema\/person\/dcab619c614d3038751c63bc2aadc06d"},"description":"K\u00cbSHILLI NACIONAL I SHQIPTAR\u00cbVE N\u00cb MALIN E ZI NACIONALNI SAVJET ALBANACA U CRNOJ GORI ALBANIAN NATIONAL COUNCIL IN MONTENEGRO K\u00ebshilli Nacional i","breadcrumb":{"@id":"https:\/\/www.visit-ulcinj.com\/blog\/2012\/06\/13\/knsh-ja-i-dhuroi-nje-fond-librash-bibliotekes-se-shkolles-m-lekiq-ne-tuz\/#breadcrumb"},"inLanguage":"en-US","potentialAction":[{"@type":"ReadAction","target":["https:\/\/www.visit-ulcinj.com\/blog\/2012\/06\/13\/knsh-ja-i-dhuroi-nje-fond-librash-bibliotekes-se-shkolles-m-lekiq-ne-tuz\/"]}]},{"@type":"BreadcrumbList","@id":"https:\/\/www.visit-ulcinj.com\/blog\/2012\/06\/13\/knsh-ja-i-dhuroi-nje-fond-librash-bibliotekes-se-shkolles-m-lekiq-ne-tuz\/#breadcrumb","itemListElement":[{"@type":"ListItem","position":1,"name":"KNSH -ja i dhuroi nj\u00eb fond librash Bibliotekes s\u00eb Shkoll\u00ebs \u201cM.Lekiq\u201d n\u00eb Tuz"}]},{"@type":"Person","@id":"https:\/\/www.visit-ulcinj.com\/blog\/#\/schema\/person\/dcab619c614d3038751c63bc2aadc06d","name":"ulqini","sameAs":["http:\/\/www.visit-ulcinj.com"],"url":"https:\/\/www.visit-ulcinj.com\/blog\/author\/admin\/"}]}},"jetpack_featured_media_url":"","jetpack_sharing_enabled":true,"jetpack_shortlink":"https:\/\/wp.me\/pe6lTn-g1D","_links":{"self":[{"href":"https:\/\/www.visit-ulcinj.com\/blog\/wp-json\/wp\/v2\/posts\/61605"}],"collection":[{"href":"https:\/\/www.visit-ulcinj.com\/blog\/wp-json\/wp\/v2\/posts"}],"about":[{"href":"https:\/\/www.visit-ulcinj.com\/blog\/wp-json\/wp\/v2\/types\/post"}],"author":[{"embeddable":true,"href":"https:\/\/www.visit-ulcinj.com\/blog\/wp-json\/wp\/v2\/users\/1"}],"replies":[{"embeddable":true,"href":"https:\/\/www.visit-ulcinj.com\/blog\/wp-json\/wp\/v2\/comments?post=61605"}],"version-history":[{"count":5,"href":"https:\/\/www.visit-ulcinj.com\/blog\/wp-json\/wp\/v2\/posts\/61605\/revisions"}],"predecessor-version":[{"id":62252,"href":"https:\/\/www.visit-ulcinj.com\/blog\/wp-json\/wp\/v2\/posts\/61605\/revisions\/62252"}],"wp:attachment":[{"href":"https:\/\/www.visit-ulcinj.com\/blog\/wp-json\/wp\/v2\/media?parent=61605"}],"wp:term":[{"taxonomy":"category","embeddable":true,"href":"https:\/\/www.visit-ulcinj.com\/blog\/wp-json\/wp\/v2\/categories?post=61605"},{"taxonomy":"post_tag","embeddable":true,"href":"https:\/\/www.visit-ulcinj.com\/blog\/wp-json\/wp\/v2\/tags?post=61605"}],"curies":[{"name":"wp","href":"https:\/\/api.w.org\/{rel}","templated":true}]}}