{"id":61613,"date":"2012-06-13T14:58:19","date_gmt":"2012-06-13T13:58:19","guid":{"rendered":"http:\/\/www.visit-ulcinj.com\/blog\/?p=61613"},"modified":"2012-06-13T14:59:33","modified_gmt":"2012-06-13T13:59:33","slug":"interviste-me-kandidatin-mark-gjonaj","status":"publish","type":"post","link":"https:\/\/www.visit-ulcinj.com\/blog\/2012\/06\/13\/interviste-me-kandidatin-mark-gjonaj\/","title":{"rendered":"Intervist\u00eb me kandidatin Mark Gjonaj nga Ulqini"},"content":{"rendered":"<p><a href=\"http:\/\/www.visit-ulcinj.com\/blog\/wp-content\/uploads\/2012\/06\/Mark-Gjonaj-kandidat\u00eb-p\u00ebr-Asamblen\u00eb-Shtet\u00ebrore_Nju-Jork.jpg\"><img loading=\"lazy\" class=\"alignleft size-full wp-image-61614\" title=\"Mark Gjonaj, kandidat\u00eb p\u00ebr Asamblen\u00eb Shtet\u00ebrore_Nju Jork\" src=\"http:\/\/www.visit-ulcinj.com\/blog\/wp-content\/uploads\/2012\/06\/Mark-Gjonaj-kandidat\u00eb-p\u00ebr-Asamblen\u00eb-Shtet\u00ebrore_Nju-Jork.jpg\" alt=\"\" width=\"508\" height=\"270\" \/><\/a>Mark Gjonaj, biznesmen nga Bronksi i Nju Jorkut, \u00ebsht\u00eb nd\u00ebr t\u00eb pakt\u00ebt njer\u00ebz n\u00eb komunitetin shqiptar t\u00eb Amerik\u00ebs q\u00eb synon t\u00eb zgjidhet n\u00eb nj\u00eb post t\u00eb r\u00ebnd\u00ebsish\u00ebm, n\u00eb k\u00ebt\u00eb rast si an\u00ebtar i Asambles\u00eb s\u00eb shtetit Nju Jork.<\/p>\n<p>Votimet paraprake brenda demokrat\u00ebve zhvillohen n\u00eb muajin shtator dhe zoti Gjonaj ka filluar tashm\u00eb fushat\u00ebn. Kandidati Mark Gjonaj, me origjin\u00eb nga Ulqini, \u00ebsht\u00eb lindur n\u00eb Shtetet e Bashkuara dhe merret me prona t\u00eb patundshme.<\/p>\n<p>N\u00eb nj\u00eb lidhje t\u00eb drejtp\u00ebrdrejt\u00eb nga Nju Jorku, zoti Gjonaj tha se, q\u00eb t\u00eb jesh z\u00ebri dhe fytyra e popullit n\u00eb fillim duhet t\u00eb jesh syri dhe veshi i tij, pra duhet t\u00eb d\u00ebgjosh dhe t\u00eb dish ankesat q\u00eb kan\u00eb njer\u00ebzit.<\/p>\n<p>Komuniteti shqiptar, tha ai, \u00ebsht\u00eb marr\u00eb gjat\u00eb shum\u00eb viteve me nevojat dhe \u00e7\u00ebshtjet e m\u00ebdha q\u00eb lidheshin me zhvillimet n\u00eb Ballkan. Prandaj shqiptar\u00ebt e k\u00ebtush\u00ebm kan\u00eb mbetur prapa n\u00eb \u00e7\u00ebshtjet e p\u00ebrfaq\u00ebsimit lokal. \u201cMegjith\u00ebse ata kan\u00eb biznese e sht\u00ebpi, nuk jan\u00eb marr\u00eb me politik\u00eb lokale dhe kjo \u00ebsht\u00eb e pakuptueshme. Por m\u00eb mir\u00eb von\u00eb se kurr\u00eb,\u201d tha kandidati.<\/p>\n<p>Zoti Gjonaj tha se ka besim te ndihma q\u00eb do t\u2019i jap\u00eb komuniteti p\u00ebr t\u2019u zgjedhur si an\u00ebtar i Asambles\u00eb s\u00eb shtetit Nju Jork, ku shpreson t\u00eb p\u00ebrfaq\u00ebsoj\u00eb nj\u00eb zon\u00eb t\u00eb Bronksit. M\u00eb ka prekur si individ p\u00ebrkrahja e madhe q\u00eb m\u00eb kan\u00eb dh\u00ebn\u00eb shqiptar\u00ebt, tha ai.<\/p>\n<p>\u201cNe duhet t\u00eb ndihmojm\u00eb veten sepse p\u00ebrndryshe askush nuk do t\u00eb na ndihmoj\u00eb. Besoj se si komunitet do t\u00eb ecim p\u00ebrpara,\u201d tha zoti Gjonaj n\u00eb intervist\u00eb.<br \/>\n<strong>VAO<br \/>\n<!--YouTube Error: bad URL entered--><br \/>\n<\/strong><\/p>\n","protected":false},"excerpt":{"rendered":"<p>Mark Gjonaj, biznesmen nga Bronksi i Nju Jorkut, \u00ebsht\u00eb nd\u00ebr t\u00eb pakt\u00ebt njer\u00ebz n\u00eb komunitetin shqiptar t\u00eb Amerik\u00ebs q\u00eb synon t\u00eb zgjidhet n\u00eb nj\u00eb post t\u00eb r\u00ebnd\u00ebsish\u00ebm, n\u00eb k\u00ebt\u00eb rast si an\u00ebtar i Asambles\u00eb s\u00eb shtetit Nju Jork. Votimet paraprake brenda demokrat\u00ebve zhvillohen n\u00eb muajin shtator dhe zoti Gjonaj ka filluar tashm\u00eb fushat\u00ebn. Kandidati Mark [&hellip;]<\/p>\n","protected":false},"author":1,"featured_media":0,"comment_status":"open","ping_status":"closed","sticky":false,"template":"","format":"standard","meta":{"spay_email":"","jetpack_publicize_message":"","jetpack_is_tweetstorm":false,"jetpack_publicize_feature_enabled":true},"categories":[5],"tags":[20654,20653,20331,1081,200,18],"jetpack_publicize_connections":[],"yoast_head":"<!-- This site is optimized with the Yoast SEO plugin v19.1 - https:\/\/yoast.com\/wordpress\/plugins\/seo\/ -->\n<title>Intervist\u00eb me kandidatin Mark Gjonaj nga Ulqini - Lajme nga Ulqini<\/title>\n<meta name=\"description\" content=\"Mark Gjonaj, biznesmen nga Bronksi i Nju Jorkut, \u00ebsht\u00eb nd\u00ebr t\u00eb pakt\u00ebt njer\u00ebz n\u00eb komunitetin shqiptar t\u00eb Amerik\u00ebs q\u00eb synon t\u00eb zgjidhet n\u00eb nj\u00eb post t\u00eb\" \/>\n<meta name=\"robots\" content=\"index, follow, max-snippet:-1, max-image-preview:large, max-video-preview:-1\" \/>\n<link rel=\"canonical\" href=\"https:\/\/www.visit-ulcinj.com\/blog\/2012\/06\/13\/interviste-me-kandidatin-mark-gjonaj\/\" \/>\n<meta property=\"og:locale\" content=\"en_US\" \/>\n<meta property=\"og:type\" content=\"article\" \/>\n<meta property=\"og:title\" content=\"Intervist\u00eb me kandidatin Mark Gjonaj nga Ulqini - Lajme nga Ulqini\" \/>\n<meta property=\"og:description\" content=\"Mark Gjonaj, biznesmen nga Bronksi i Nju Jorkut, \u00ebsht\u00eb nd\u00ebr t\u00eb pakt\u00ebt njer\u00ebz n\u00eb komunitetin shqiptar t\u00eb Amerik\u00ebs q\u00eb synon t\u00eb zgjidhet n\u00eb nj\u00eb post t\u00eb\" \/>\n<meta property=\"og:url\" content=\"https:\/\/www.visit-ulcinj.com\/blog\/2012\/06\/13\/interviste-me-kandidatin-mark-gjonaj\/\" \/>\n<meta property=\"og:site_name\" content=\"Lajme nga Ulqini\" \/>\n<meta property=\"article:published_time\" content=\"2012-06-13T13:58:19+00:00\" \/>\n<meta property=\"article:modified_time\" content=\"2012-06-13T13:59:33+00:00\" \/>\n<meta name=\"twitter:label1\" content=\"Written by\" \/>\n\t<meta name=\"twitter:data1\" content=\"ulqini\" \/>\n\t<meta name=\"twitter:label2\" content=\"Est. reading time\" \/>\n\t<meta name=\"twitter:data2\" content=\"1 minute\" \/>\n<script type=\"application\/ld+json\" class=\"yoast-schema-graph\">{\"@context\":\"https:\/\/schema.org\",\"@graph\":[{\"@type\":\"WebSite\",\"@id\":\"https:\/\/www.visit-ulcinj.com\/blog\/#website\",\"url\":\"https:\/\/www.visit-ulcinj.com\/blog\/\",\"name\":\"Lajme nga Ulqini\",\"description\":\"Lajme,Vijesti,Ulqini,Ulqin,Crna Gora,Mali i Zi\",\"potentialAction\":[{\"@type\":\"SearchAction\",\"target\":{\"@type\":\"EntryPoint\",\"urlTemplate\":\"https:\/\/www.visit-ulcinj.com\/blog\/?s={search_term_string}\"},\"query-input\":\"required name=search_term_string\"}],\"inLanguage\":\"en-US\"},{\"@type\":\"WebPage\",\"@id\":\"https:\/\/www.visit-ulcinj.com\/blog\/2012\/06\/13\/interviste-me-kandidatin-mark-gjonaj\/#webpage\",\"url\":\"https:\/\/www.visit-ulcinj.com\/blog\/2012\/06\/13\/interviste-me-kandidatin-mark-gjonaj\/\",\"name\":\"Intervist\u00eb me kandidatin Mark Gjonaj nga Ulqini - Lajme nga Ulqini\",\"isPartOf\":{\"@id\":\"https:\/\/www.visit-ulcinj.com\/blog\/#website\"},\"datePublished\":\"2012-06-13T13:58:19+00:00\",\"dateModified\":\"2012-06-13T13:59:33+00:00\",\"author\":{\"@id\":\"https:\/\/www.visit-ulcinj.com\/blog\/#\/schema\/person\/dcab619c614d3038751c63bc2aadc06d\"},\"description\":\"Mark Gjonaj, biznesmen nga Bronksi i Nju Jorkut, \u00ebsht\u00eb nd\u00ebr t\u00eb pakt\u00ebt njer\u00ebz n\u00eb komunitetin shqiptar t\u00eb Amerik\u00ebs q\u00eb synon t\u00eb zgjidhet n\u00eb nj\u00eb post t\u00eb\",\"breadcrumb\":{\"@id\":\"https:\/\/www.visit-ulcinj.com\/blog\/2012\/06\/13\/interviste-me-kandidatin-mark-gjonaj\/#breadcrumb\"},\"inLanguage\":\"en-US\",\"potentialAction\":[{\"@type\":\"ReadAction\",\"target\":[\"https:\/\/www.visit-ulcinj.com\/blog\/2012\/06\/13\/interviste-me-kandidatin-mark-gjonaj\/\"]}]},{\"@type\":\"BreadcrumbList\",\"@id\":\"https:\/\/www.visit-ulcinj.com\/blog\/2012\/06\/13\/interviste-me-kandidatin-mark-gjonaj\/#breadcrumb\",\"itemListElement\":[{\"@type\":\"ListItem\",\"position\":1,\"name\":\"Intervist\u00eb me kandidatin Mark Gjonaj nga Ulqini\"}]},{\"@type\":\"Person\",\"@id\":\"https:\/\/www.visit-ulcinj.com\/blog\/#\/schema\/person\/dcab619c614d3038751c63bc2aadc06d\",\"name\":\"ulqini\",\"sameAs\":[\"http:\/\/www.visit-ulcinj.com\"],\"url\":\"https:\/\/www.visit-ulcinj.com\/blog\/author\/admin\/\"}]}<\/script>\n<!-- \/ Yoast SEO plugin. -->","yoast_head_json":{"title":"Intervist\u00eb me kandidatin Mark Gjonaj nga Ulqini - Lajme nga Ulqini","description":"Mark Gjonaj, biznesmen nga Bronksi i Nju Jorkut, \u00ebsht\u00eb nd\u00ebr t\u00eb pakt\u00ebt njer\u00ebz n\u00eb komunitetin shqiptar t\u00eb Amerik\u00ebs q\u00eb synon t\u00eb zgjidhet n\u00eb nj\u00eb post t\u00eb","robots":{"index":"index","follow":"follow","max-snippet":"max-snippet:-1","max-image-preview":"max-image-preview:large","max-video-preview":"max-video-preview:-1"},"canonical":"https:\/\/www.visit-ulcinj.com\/blog\/2012\/06\/13\/interviste-me-kandidatin-mark-gjonaj\/","og_locale":"en_US","og_type":"article","og_title":"Intervist\u00eb me kandidatin Mark Gjonaj nga Ulqini - Lajme nga Ulqini","og_description":"Mark Gjonaj, biznesmen nga Bronksi i Nju Jorkut, \u00ebsht\u00eb nd\u00ebr t\u00eb pakt\u00ebt njer\u00ebz n\u00eb komunitetin shqiptar t\u00eb Amerik\u00ebs q\u00eb synon t\u00eb zgjidhet n\u00eb nj\u00eb post t\u00eb","og_url":"https:\/\/www.visit-ulcinj.com\/blog\/2012\/06\/13\/interviste-me-kandidatin-mark-gjonaj\/","og_site_name":"Lajme nga Ulqini","article_published_time":"2012-06-13T13:58:19+00:00","article_modified_time":"2012-06-13T13:59:33+00:00","twitter_misc":{"Written by":"ulqini","Est. reading time":"1 minute"},"schema":{"@context":"https:\/\/schema.org","@graph":[{"@type":"WebSite","@id":"https:\/\/www.visit-ulcinj.com\/blog\/#website","url":"https:\/\/www.visit-ulcinj.com\/blog\/","name":"Lajme nga Ulqini","description":"Lajme,Vijesti,Ulqini,Ulqin,Crna Gora,Mali i Zi","potentialAction":[{"@type":"SearchAction","target":{"@type":"EntryPoint","urlTemplate":"https:\/\/www.visit-ulcinj.com\/blog\/?s={search_term_string}"},"query-input":"required name=search_term_string"}],"inLanguage":"en-US"},{"@type":"WebPage","@id":"https:\/\/www.visit-ulcinj.com\/blog\/2012\/06\/13\/interviste-me-kandidatin-mark-gjonaj\/#webpage","url":"https:\/\/www.visit-ulcinj.com\/blog\/2012\/06\/13\/interviste-me-kandidatin-mark-gjonaj\/","name":"Intervist\u00eb me kandidatin Mark Gjonaj nga Ulqini - Lajme nga Ulqini","isPartOf":{"@id":"https:\/\/www.visit-ulcinj.com\/blog\/#website"},"datePublished":"2012-06-13T13:58:19+00:00","dateModified":"2012-06-13T13:59:33+00:00","author":{"@id":"https:\/\/www.visit-ulcinj.com\/blog\/#\/schema\/person\/dcab619c614d3038751c63bc2aadc06d"},"description":"Mark Gjonaj, biznesmen nga Bronksi i Nju Jorkut, \u00ebsht\u00eb nd\u00ebr t\u00eb pakt\u00ebt njer\u00ebz n\u00eb komunitetin shqiptar t\u00eb Amerik\u00ebs q\u00eb synon t\u00eb zgjidhet n\u00eb nj\u00eb post t\u00eb","breadcrumb":{"@id":"https:\/\/www.visit-ulcinj.com\/blog\/2012\/06\/13\/interviste-me-kandidatin-mark-gjonaj\/#breadcrumb"},"inLanguage":"en-US","potentialAction":[{"@type":"ReadAction","target":["https:\/\/www.visit-ulcinj.com\/blog\/2012\/06\/13\/interviste-me-kandidatin-mark-gjonaj\/"]}]},{"@type":"BreadcrumbList","@id":"https:\/\/www.visit-ulcinj.com\/blog\/2012\/06\/13\/interviste-me-kandidatin-mark-gjonaj\/#breadcrumb","itemListElement":[{"@type":"ListItem","position":1,"name":"Intervist\u00eb me kandidatin Mark Gjonaj nga Ulqini"}]},{"@type":"Person","@id":"https:\/\/www.visit-ulcinj.com\/blog\/#\/schema\/person\/dcab619c614d3038751c63bc2aadc06d","name":"ulqini","sameAs":["http:\/\/www.visit-ulcinj.com"],"url":"https:\/\/www.visit-ulcinj.com\/blog\/author\/admin\/"}]}},"jetpack_featured_media_url":"","jetpack_sharing_enabled":true,"jetpack_shortlink":"https:\/\/wp.me\/pe6lTn-g1L","_links":{"self":[{"href":"https:\/\/www.visit-ulcinj.com\/blog\/wp-json\/wp\/v2\/posts\/61613"}],"collection":[{"href":"https:\/\/www.visit-ulcinj.com\/blog\/wp-json\/wp\/v2\/posts"}],"about":[{"href":"https:\/\/www.visit-ulcinj.com\/blog\/wp-json\/wp\/v2\/types\/post"}],"author":[{"embeddable":true,"href":"https:\/\/www.visit-ulcinj.com\/blog\/wp-json\/wp\/v2\/users\/1"}],"replies":[{"embeddable":true,"href":"https:\/\/www.visit-ulcinj.com\/blog\/wp-json\/wp\/v2\/comments?post=61613"}],"version-history":[{"count":2,"href":"https:\/\/www.visit-ulcinj.com\/blog\/wp-json\/wp\/v2\/posts\/61613\/revisions"}],"predecessor-version":[{"id":61616,"href":"https:\/\/www.visit-ulcinj.com\/blog\/wp-json\/wp\/v2\/posts\/61613\/revisions\/61616"}],"wp:attachment":[{"href":"https:\/\/www.visit-ulcinj.com\/blog\/wp-json\/wp\/v2\/media?parent=61613"}],"wp:term":[{"taxonomy":"category","embeddable":true,"href":"https:\/\/www.visit-ulcinj.com\/blog\/wp-json\/wp\/v2\/categories?post=61613"},{"taxonomy":"post_tag","embeddable":true,"href":"https:\/\/www.visit-ulcinj.com\/blog\/wp-json\/wp\/v2\/tags?post=61613"}],"curies":[{"name":"wp","href":"https:\/\/api.w.org\/{rel}","templated":true}]}}