{"id":61626,"date":"2012-06-13T21:04:52","date_gmt":"2012-06-13T20:04:52","guid":{"rendered":"http:\/\/www.visit-ulcinj.com\/blog\/?p=61626"},"modified":"2012-06-13T21:05:40","modified_gmt":"2012-06-13T20:05:40","slug":"naser-ljamajo-u-katastru-saznao-da-sam-ostao-bez-zemlje","status":"publish","type":"post","link":"https:\/\/www.visit-ulcinj.com\/blog\/2012\/06\/13\/naser-ljamajo-u-katastru-saznao-da-sam-ostao-bez-zemlje\/","title":{"rendered":"Naser Ljamoja: U katastru saznao da sam ostao bez zemlje"},"content":{"rendered":"<div id=\"attachment_61627\" style=\"width: 518px\" class=\"wp-caption alignleft\"><a href=\"http:\/\/www.visit-ulcinj.com\/blog\/wp-content\/uploads\/2012\/06\/Naser-Lamoja-Ulcinj.jpg\"><img aria-describedby=\"caption-attachment-61627\" loading=\"lazy\" class=\" wp-image-61627\" title=\"Naser Lamoja Ulcinj\" src=\"http:\/\/www.visit-ulcinj.com\/blog\/wp-content\/uploads\/2012\/06\/Naser-Lamoja-Ulcinj.jpg\" alt=\"\" width=\"508\" height=\"316\" \/><\/a><p id=\"caption-attachment-61627\" class=\"wp-caption-text\">Foto: Samir Adrovi\u0107 - Vijesti<\/p><\/div>\n<p>Ulcinjanin Naser Ljamaj podnio je tu\u017ebu protiv ruske firme \u201cCasa Valdanos\u201d, u kojoj tvrdi da su Rusi, na osnovu falsifikovanog ostavinskog postupka, postali stvarni vlasnici njegove imovine.<\/p>\n<p>Predmet za zemlji\u0161te u Ba\u0161buljuku, blizu Valdanosa, trenutno je pred Osnovnim sudom u Ulcinju.<\/p>\n<p>\u201cPostupak je sto odsto falsifikovan i to se zna. Policija, sud i tu\u017eila\u0161tvo neka utvrde ko je to uradio, na koji na\u010din i neka sve po\u010dinioce ove sramne obmane privedu pravdi\u201d, kazao je Ljamaj.<\/p>\n<p>On je \u201cVijestima\u201d na uvid dostavio pravosna\u017eno rje\u0161enje Osnovnog suda u Ulcinju od 10. 04. 1982. godine, kojim su kao zakoniti nasljednici sada pokojne Habibe Zatovi\u0107, progla\u0161avaju njeni sinovi Jupo, Hasan, Januz, Fiko i Muhamed, kao i \u0107erke Fadile Muslimi, Kadrije Barjaktari i Hafize Ljamovi\u0107.<\/p>\n<p>Svi oni su, prema tom rje\u0161enju, naslijedili po jednu osminu maslinjaka u Ba\u0161buljuku, veli\u010dine 6.113 kvadrata<\/p>\n<p><a href=\"http:\/\/www.vijesti.me\/vijesti\/u-katastru-saznali-da-su-ostali-bez-zemlje-clanak-77905\" target=\"_blank\"><strong>Za vi\u0161e pro\u010ditaj Vijesti Online \u2013 Samir Adrovi\u0107<\/strong><\/a><\/p>\n","protected":false},"excerpt":{"rendered":"<p>Ulcinjanin Naser Ljamaj podnio je tu\u017ebu protiv ruske firme \u201cCasa Valdanos\u201d, u kojoj tvrdi da su Rusi, na osnovu falsifikovanog ostavinskog postupka, postali stvarni vlasnici njegove imovine. Predmet za zemlji\u0161te u Ba\u0161buljuku, blizu Valdanosa, trenutno je pred Osnovnim sudom u Ulcinju. \u201cPostupak je sto odsto falsifikovan i to se zna. Policija, sud i tu\u017eila\u0161tvo neka [&hellip;]<\/p>\n","protected":false},"author":1,"featured_media":0,"comment_status":"open","ping_status":"closed","sticky":false,"template":"","format":"standard","meta":{"spay_email":"","jetpack_publicize_message":"","jetpack_is_tweetstorm":false,"jetpack_publicize_feature_enabled":true},"categories":[8337],"tags":[20656,20655,19],"jetpack_publicize_connections":[],"yoast_head":"<!-- This site is optimized with the Yoast SEO plugin v19.1 - https:\/\/yoast.com\/wordpress\/plugins\/seo\/ -->\n<title>Naser Ljamoja: U katastru saznao da sam ostao bez zemlje - Lajme nga Ulqini<\/title>\n<meta name=\"description\" content=\"Ulcinjanin Naser Ljamaj podnio je tu\u017ebu protiv ruske firme \u201cCasa Valdanos\u201d, u kojoj tvrdi da su Rusi, na osnovu falsifikovanog ostavinskog postupka,\" \/>\n<meta name=\"robots\" content=\"index, follow, max-snippet:-1, max-image-preview:large, max-video-preview:-1\" \/>\n<link rel=\"canonical\" href=\"https:\/\/www.visit-ulcinj.com\/blog\/2012\/06\/13\/naser-ljamajo-u-katastru-saznao-da-sam-ostao-bez-zemlje\/\" \/>\n<meta property=\"og:locale\" content=\"en_US\" \/>\n<meta property=\"og:type\" content=\"article\" \/>\n<meta property=\"og:title\" content=\"Naser Ljamoja: U katastru saznao da sam ostao bez zemlje - Lajme nga Ulqini\" \/>\n<meta property=\"og:description\" content=\"Ulcinjanin Naser Ljamaj podnio je tu\u017ebu protiv ruske firme \u201cCasa Valdanos\u201d, u kojoj tvrdi da su Rusi, na osnovu falsifikovanog ostavinskog postupka,\" \/>\n<meta property=\"og:url\" content=\"https:\/\/www.visit-ulcinj.com\/blog\/2012\/06\/13\/naser-ljamajo-u-katastru-saznao-da-sam-ostao-bez-zemlje\/\" \/>\n<meta property=\"og:site_name\" content=\"Lajme nga Ulqini\" \/>\n<meta property=\"article:published_time\" content=\"2012-06-13T20:04:52+00:00\" \/>\n<meta property=\"article:modified_time\" content=\"2012-06-13T20:05:40+00:00\" \/>\n<meta property=\"og:image\" content=\"http:\/\/www.visit-ulcinj.com\/blog\/wp-content\/uploads\/2012\/06\/Naser-Lamoja-Ulcinj.jpg\" \/>\n<meta name=\"twitter:label1\" content=\"Written by\" \/>\n\t<meta name=\"twitter:data1\" content=\"ulqini\" \/>\n\t<meta name=\"twitter:label2\" content=\"Est. reading time\" \/>\n\t<meta name=\"twitter:data2\" content=\"1 minute\" \/>\n<script type=\"application\/ld+json\" class=\"yoast-schema-graph\">{\"@context\":\"https:\/\/schema.org\",\"@graph\":[{\"@type\":\"WebSite\",\"@id\":\"https:\/\/www.visit-ulcinj.com\/blog\/#website\",\"url\":\"https:\/\/www.visit-ulcinj.com\/blog\/\",\"name\":\"Lajme nga Ulqini\",\"description\":\"Lajme,Vijesti,Ulqini,Ulqin,Crna Gora,Mali i Zi\",\"potentialAction\":[{\"@type\":\"SearchAction\",\"target\":{\"@type\":\"EntryPoint\",\"urlTemplate\":\"https:\/\/www.visit-ulcinj.com\/blog\/?s={search_term_string}\"},\"query-input\":\"required name=search_term_string\"}],\"inLanguage\":\"en-US\"},{\"@type\":\"ImageObject\",\"inLanguage\":\"en-US\",\"@id\":\"https:\/\/www.visit-ulcinj.com\/blog\/2012\/06\/13\/naser-ljamajo-u-katastru-saznao-da-sam-ostao-bez-zemlje\/#primaryimage\",\"url\":\"https:\/\/www.visit-ulcinj.com\/blog\/wp-content\/uploads\/2012\/06\/Naser-Lamoja-Ulcinj.jpg\",\"contentUrl\":\"https:\/\/www.visit-ulcinj.com\/blog\/wp-content\/uploads\/2012\/06\/Naser-Lamoja-Ulcinj.jpg\",\"width\":\"519\",\"height\":\"316\"},{\"@type\":\"WebPage\",\"@id\":\"https:\/\/www.visit-ulcinj.com\/blog\/2012\/06\/13\/naser-ljamajo-u-katastru-saznao-da-sam-ostao-bez-zemlje\/#webpage\",\"url\":\"https:\/\/www.visit-ulcinj.com\/blog\/2012\/06\/13\/naser-ljamajo-u-katastru-saznao-da-sam-ostao-bez-zemlje\/\",\"name\":\"Naser Ljamoja: U katastru saznao da sam ostao bez zemlje - Lajme nga Ulqini\",\"isPartOf\":{\"@id\":\"https:\/\/www.visit-ulcinj.com\/blog\/#website\"},\"primaryImageOfPage\":{\"@id\":\"https:\/\/www.visit-ulcinj.com\/blog\/2012\/06\/13\/naser-ljamajo-u-katastru-saznao-da-sam-ostao-bez-zemlje\/#primaryimage\"},\"datePublished\":\"2012-06-13T20:04:52+00:00\",\"dateModified\":\"2012-06-13T20:05:40+00:00\",\"author\":{\"@id\":\"https:\/\/www.visit-ulcinj.com\/blog\/#\/schema\/person\/dcab619c614d3038751c63bc2aadc06d\"},\"description\":\"Ulcinjanin Naser Ljamaj podnio je tu\u017ebu protiv ruske firme \u201cCasa Valdanos\u201d, u kojoj tvrdi da su Rusi, na osnovu falsifikovanog ostavinskog postupka,\",\"breadcrumb\":{\"@id\":\"https:\/\/www.visit-ulcinj.com\/blog\/2012\/06\/13\/naser-ljamajo-u-katastru-saznao-da-sam-ostao-bez-zemlje\/#breadcrumb\"},\"inLanguage\":\"en-US\",\"potentialAction\":[{\"@type\":\"ReadAction\",\"target\":[\"https:\/\/www.visit-ulcinj.com\/blog\/2012\/06\/13\/naser-ljamajo-u-katastru-saznao-da-sam-ostao-bez-zemlje\/\"]}]},{\"@type\":\"BreadcrumbList\",\"@id\":\"https:\/\/www.visit-ulcinj.com\/blog\/2012\/06\/13\/naser-ljamajo-u-katastru-saznao-da-sam-ostao-bez-zemlje\/#breadcrumb\",\"itemListElement\":[{\"@type\":\"ListItem\",\"position\":1,\"name\":\"Naser Ljamoja: U katastru saznao da sam ostao bez zemlje\"}]},{\"@type\":\"Person\",\"@id\":\"https:\/\/www.visit-ulcinj.com\/blog\/#\/schema\/person\/dcab619c614d3038751c63bc2aadc06d\",\"name\":\"ulqini\",\"sameAs\":[\"http:\/\/www.visit-ulcinj.com\"],\"url\":\"https:\/\/www.visit-ulcinj.com\/blog\/author\/admin\/\"}]}<\/script>\n<!-- \/ Yoast SEO plugin. -->","yoast_head_json":{"title":"Naser Ljamoja: U katastru saznao da sam ostao bez zemlje - Lajme nga Ulqini","description":"Ulcinjanin Naser Ljamaj podnio je tu\u017ebu protiv ruske firme \u201cCasa Valdanos\u201d, u kojoj tvrdi da su Rusi, na osnovu falsifikovanog ostavinskog postupka,","robots":{"index":"index","follow":"follow","max-snippet":"max-snippet:-1","max-image-preview":"max-image-preview:large","max-video-preview":"max-video-preview:-1"},"canonical":"https:\/\/www.visit-ulcinj.com\/blog\/2012\/06\/13\/naser-ljamajo-u-katastru-saznao-da-sam-ostao-bez-zemlje\/","og_locale":"en_US","og_type":"article","og_title":"Naser Ljamoja: U katastru saznao da sam ostao bez zemlje - Lajme nga Ulqini","og_description":"Ulcinjanin Naser Ljamaj podnio je tu\u017ebu protiv ruske firme \u201cCasa Valdanos\u201d, u kojoj tvrdi da su Rusi, na osnovu falsifikovanog ostavinskog postupka,","og_url":"https:\/\/www.visit-ulcinj.com\/blog\/2012\/06\/13\/naser-ljamajo-u-katastru-saznao-da-sam-ostao-bez-zemlje\/","og_site_name":"Lajme nga Ulqini","article_published_time":"2012-06-13T20:04:52+00:00","article_modified_time":"2012-06-13T20:05:40+00:00","og_image":[{"url":"http:\/\/www.visit-ulcinj.com\/blog\/wp-content\/uploads\/2012\/06\/Naser-Lamoja-Ulcinj.jpg"}],"twitter_misc":{"Written by":"ulqini","Est. reading time":"1 minute"},"schema":{"@context":"https:\/\/schema.org","@graph":[{"@type":"WebSite","@id":"https:\/\/www.visit-ulcinj.com\/blog\/#website","url":"https:\/\/www.visit-ulcinj.com\/blog\/","name":"Lajme nga Ulqini","description":"Lajme,Vijesti,Ulqini,Ulqin,Crna Gora,Mali i Zi","potentialAction":[{"@type":"SearchAction","target":{"@type":"EntryPoint","urlTemplate":"https:\/\/www.visit-ulcinj.com\/blog\/?s={search_term_string}"},"query-input":"required name=search_term_string"}],"inLanguage":"en-US"},{"@type":"ImageObject","inLanguage":"en-US","@id":"https:\/\/www.visit-ulcinj.com\/blog\/2012\/06\/13\/naser-ljamajo-u-katastru-saznao-da-sam-ostao-bez-zemlje\/#primaryimage","url":"https:\/\/www.visit-ulcinj.com\/blog\/wp-content\/uploads\/2012\/06\/Naser-Lamoja-Ulcinj.jpg","contentUrl":"https:\/\/www.visit-ulcinj.com\/blog\/wp-content\/uploads\/2012\/06\/Naser-Lamoja-Ulcinj.jpg","width":"519","height":"316"},{"@type":"WebPage","@id":"https:\/\/www.visit-ulcinj.com\/blog\/2012\/06\/13\/naser-ljamajo-u-katastru-saznao-da-sam-ostao-bez-zemlje\/#webpage","url":"https:\/\/www.visit-ulcinj.com\/blog\/2012\/06\/13\/naser-ljamajo-u-katastru-saznao-da-sam-ostao-bez-zemlje\/","name":"Naser Ljamoja: U katastru saznao da sam ostao bez zemlje - Lajme nga Ulqini","isPartOf":{"@id":"https:\/\/www.visit-ulcinj.com\/blog\/#website"},"primaryImageOfPage":{"@id":"https:\/\/www.visit-ulcinj.com\/blog\/2012\/06\/13\/naser-ljamajo-u-katastru-saznao-da-sam-ostao-bez-zemlje\/#primaryimage"},"datePublished":"2012-06-13T20:04:52+00:00","dateModified":"2012-06-13T20:05:40+00:00","author":{"@id":"https:\/\/www.visit-ulcinj.com\/blog\/#\/schema\/person\/dcab619c614d3038751c63bc2aadc06d"},"description":"Ulcinjanin Naser Ljamaj podnio je tu\u017ebu protiv ruske firme \u201cCasa Valdanos\u201d, u kojoj tvrdi da su Rusi, na osnovu falsifikovanog ostavinskog postupka,","breadcrumb":{"@id":"https:\/\/www.visit-ulcinj.com\/blog\/2012\/06\/13\/naser-ljamajo-u-katastru-saznao-da-sam-ostao-bez-zemlje\/#breadcrumb"},"inLanguage":"en-US","potentialAction":[{"@type":"ReadAction","target":["https:\/\/www.visit-ulcinj.com\/blog\/2012\/06\/13\/naser-ljamajo-u-katastru-saznao-da-sam-ostao-bez-zemlje\/"]}]},{"@type":"BreadcrumbList","@id":"https:\/\/www.visit-ulcinj.com\/blog\/2012\/06\/13\/naser-ljamajo-u-katastru-saznao-da-sam-ostao-bez-zemlje\/#breadcrumb","itemListElement":[{"@type":"ListItem","position":1,"name":"Naser Ljamoja: U katastru saznao da sam ostao bez zemlje"}]},{"@type":"Person","@id":"https:\/\/www.visit-ulcinj.com\/blog\/#\/schema\/person\/dcab619c614d3038751c63bc2aadc06d","name":"ulqini","sameAs":["http:\/\/www.visit-ulcinj.com"],"url":"https:\/\/www.visit-ulcinj.com\/blog\/author\/admin\/"}]}},"jetpack_featured_media_url":"","jetpack_sharing_enabled":true,"jetpack_shortlink":"https:\/\/wp.me\/pe6lTn-g1Y","_links":{"self":[{"href":"https:\/\/www.visit-ulcinj.com\/blog\/wp-json\/wp\/v2\/posts\/61626"}],"collection":[{"href":"https:\/\/www.visit-ulcinj.com\/blog\/wp-json\/wp\/v2\/posts"}],"about":[{"href":"https:\/\/www.visit-ulcinj.com\/blog\/wp-json\/wp\/v2\/types\/post"}],"author":[{"embeddable":true,"href":"https:\/\/www.visit-ulcinj.com\/blog\/wp-json\/wp\/v2\/users\/1"}],"replies":[{"embeddable":true,"href":"https:\/\/www.visit-ulcinj.com\/blog\/wp-json\/wp\/v2\/comments?post=61626"}],"version-history":[{"count":2,"href":"https:\/\/www.visit-ulcinj.com\/blog\/wp-json\/wp\/v2\/posts\/61626\/revisions"}],"predecessor-version":[{"id":61629,"href":"https:\/\/www.visit-ulcinj.com\/blog\/wp-json\/wp\/v2\/posts\/61626\/revisions\/61629"}],"wp:attachment":[{"href":"https:\/\/www.visit-ulcinj.com\/blog\/wp-json\/wp\/v2\/media?parent=61626"}],"wp:term":[{"taxonomy":"category","embeddable":true,"href":"https:\/\/www.visit-ulcinj.com\/blog\/wp-json\/wp\/v2\/categories?post=61626"},{"taxonomy":"post_tag","embeddable":true,"href":"https:\/\/www.visit-ulcinj.com\/blog\/wp-json\/wp\/v2\/tags?post=61626"}],"curies":[{"name":"wp","href":"https:\/\/api.w.org\/{rel}","templated":true}]}}