{"id":61630,"date":"2012-06-13T21:36:11","date_gmt":"2012-06-13T20:36:11","guid":{"rendered":"http:\/\/www.visit-ulcinj.com\/blog\/?p=61630"},"modified":"2012-08-10T12:19:02","modified_gmt":"2012-08-10T11:19:02","slug":"behgjet-pacolli-viziton-ulqinin","status":"publish","type":"post","link":"https:\/\/www.visit-ulcinj.com\/blog\/2012\/06\/13\/behgjet-pacolli-viziton-ulqinin\/","title":{"rendered":"Behgjet Pacolli viziton Ulqinin"},"content":{"rendered":"<p><a href=\"http:\/\/www.visit-ulcinj.com\/blog\/wp-content\/uploads\/2012\/06\/Behgjet-Pacolli-viziton-Ulqinin.jpg\"><img loading=\"lazy\" class=\"alignleft  wp-image-61631\" title=\"Behgjet Pacolli viziton Ulqinin\" src=\"http:\/\/www.visit-ulcinj.com\/blog\/wp-content\/uploads\/2012\/06\/Behgjet-Pacolli-viziton-Ulqinin.jpg\" alt=\"\" width=\"508\" height=\"360\" \/><\/a>Kryetari i komun\u00ebs s\u00eb Ulqinit Nazif Cungu n\u00eb kabinetin e tij priti z\u00ebvend\u00ebs kryeministin e Qeveris\u00eb s\u00eb Republik\u00ebs s\u00eb Kosov\u00ebs dhe p\u00ebrgjegj\u00ebsin p\u00ebr politik\u00ebn e jashtme dhe investimet e huaja zoteri Bexhet Pacolin. Ato diskutuan n\u00eb lidhje me planet zhvillimore dhe shfryt\u00ebzimin e potencjaleve t\u00eb Ulqinit.<\/p>\n<p>Kryetari Cungu e njoftoj zot\u00ebri Pacollin p\u00ebr punet dhe angazhimin e tij n\u00eb krijimin e kushteve p\u00ebr investime duke u fokusuar n\u00eb planet urbanistike, investimet n\u00eb turizem dhe infrastruktur\u00eb.<\/p>\n<p>Zot\u00ebri Cungu me stafin e tij shprehi gatitshmerine q\u00eb t\u00eb vihet n\u00eb dispozicion t\u00eb \u00e7do kompanie q\u00eb \u00ebsht\u00eb e interesuar p\u00ebr investime n\u00eb Ulqin n\u00eb t\u00eb gjitha fushat duke i siguruar procedura t\u00eb shpejta administrative.<\/p>\n<p>Kjo ishte vizita e par\u00eb e zot\u00ebri Pacollit n\u00eb Ulqin dhe p\u00ebrpose takimit n\u00eb kabinetin e kryetartit Cungu,bashk\u00eb me stafin e tij vizitoi edhe disa pjes\u00eb t\u00eb Ulqint ku p\u00ebrforcoi bindjet e tija p\u00ebr Ulqinin, udh\u00ebheqjesin e saj t\u00eb re dhe morri n\u00eb konsiderat\u00eb resurset dhe kushtet p\u00ebr investime q\u00eb ofron komuna e Ulqinit.<\/p>\n<p>Zot\u00ebri Pacolli falenderoi p\u00ebr mikpritje dhe shprehi konsiderat\u00eb p\u00ebr stafin e pergatitur t\u00eb kryetarit Cungu dhe q\u00eb s\u00eb shpejti do t\u00eb komunikoj\u00eb n\u00eb lidhje me mund\u00ebsit\u00eb p\u00ebr investime n\u00eb Ulqin qoft\u00eb personalisht nga kompania e tij, qoft\u00eb edhe nga kompanite partnere boterore.<\/p>\n<p>Komuna Ulqinit<br \/>\n\n\t\t<style type=\"text\/css\">\n\t\t\t#gallery-1 {\n\t\t\t\tmargin: auto;\n\t\t\t}\n\t\t\t#gallery-1 .gallery-item {\n\t\t\t\tfloat: left;\n\t\t\t\tmargin-top: 10px;\n\t\t\t\ttext-align: center;\n\t\t\t\twidth: 33%;\n\t\t\t}\n\t\t\t#gallery-1 img {\n\t\t\t\tborder: 2px solid #cfcfcf;\n\t\t\t}\n\t\t\t#gallery-1 .gallery-caption {\n\t\t\t\tmargin-left: 0;\n\t\t\t}\n\t\t\t\/* see gallery_shortcode() in wp-includes\/media.php *\/\n\t\t<\/style>\n\t\t<div id='gallery-1' class='gallery galleryid-61630 gallery-columns-3 gallery-size-thumbnail'><dl class='gallery-item'>\n\t\t\t<dt class='gallery-icon landscape'>\n\t\t\t\t<a href='https:\/\/www.visit-ulcinj.com\/blog\/2012\/06\/13\/behgjet-pacolli-viziton-ulqinin\/behgjet-pacolli-viziton-ulqinin\/'><img width=\"150\" height=\"150\" src=\"https:\/\/www.visit-ulcinj.com\/blog\/wp-content\/uploads\/2012\/06\/Behgjet-Pacolli-viziton-Ulqinin-150x150.jpg\" class=\"attachment-thumbnail size-thumbnail\" alt=\"\" loading=\"lazy\" \/><\/a>\n\t\t\t<\/dt><\/dl><dl class='gallery-item'>\n\t\t\t<dt class='gallery-icon landscape'>\n\t\t\t\t<a href='https:\/\/www.visit-ulcinj.com\/blog\/2012\/06\/13\/behgjet-pacolli-viziton-ulqinin\/behgjet-pacolli-_nazif-cungu_ulqin-1\/'><img width=\"150\" height=\"150\" src=\"https:\/\/www.visit-ulcinj.com\/blog\/wp-content\/uploads\/2012\/06\/Behgjet-Pacolli-_Nazif-Cungu_Ulqin.1-150x150.jpg\" class=\"attachment-thumbnail size-thumbnail\" alt=\"\" loading=\"lazy\" \/><\/a>\n\t\t\t<\/dt><\/dl><dl class='gallery-item'>\n\t\t\t<dt class='gallery-icon landscape'>\n\t\t\t\t<a href='https:\/\/www.visit-ulcinj.com\/blog\/2012\/06\/13\/behgjet-pacolli-viziton-ulqinin\/behgjet-pacolli-_nazif-cungu_ulqin-2\/'><img width=\"150\" height=\"150\" src=\"https:\/\/www.visit-ulcinj.com\/blog\/wp-content\/uploads\/2012\/06\/Behgjet-Pacolli-_Nazif-Cungu_Ulqin.2-150x150.jpg\" class=\"attachment-thumbnail size-thumbnail\" alt=\"\" loading=\"lazy\" \/><\/a>\n\t\t\t<\/dt><\/dl><br style=\"clear: both\" \/><dl class='gallery-item'>\n\t\t\t<dt class='gallery-icon landscape'>\n\t\t\t\t<a href='https:\/\/www.visit-ulcinj.com\/blog\/2012\/06\/13\/behgjet-pacolli-viziton-ulqinin\/behgjet-pacolli-_nazif-cungu_ulqin-3\/'><img width=\"150\" height=\"150\" src=\"https:\/\/www.visit-ulcinj.com\/blog\/wp-content\/uploads\/2012\/06\/Behgjet-Pacolli-_Nazif-Cungu_Ulqin.3-150x150.jpg\" class=\"attachment-thumbnail size-thumbnail\" alt=\"\" loading=\"lazy\" \/><\/a>\n\t\t\t<\/dt><\/dl><dl class='gallery-item'>\n\t\t\t<dt class='gallery-icon landscape'>\n\t\t\t\t<a href='https:\/\/www.visit-ulcinj.com\/blog\/2012\/06\/13\/behgjet-pacolli-viziton-ulqinin\/behgjet-pacolli-_nazif-cungu_ulqin-4\/'><img width=\"150\" height=\"150\" src=\"https:\/\/www.visit-ulcinj.com\/blog\/wp-content\/uploads\/2012\/06\/Behgjet-Pacolli-_Nazif-Cungu_Ulqin.4-150x150.jpg\" class=\"attachment-thumbnail size-thumbnail\" alt=\"\" loading=\"lazy\" \/><\/a>\n\t\t\t<\/dt><\/dl><dl class='gallery-item'>\n\t\t\t<dt class='gallery-icon landscape'>\n\t\t\t\t<a href='https:\/\/www.visit-ulcinj.com\/blog\/2012\/06\/13\/behgjet-pacolli-viziton-ulqinin\/behgjet-pacolli-_nazif-cungu_ulqin\/'><img width=\"150\" height=\"150\" src=\"https:\/\/www.visit-ulcinj.com\/blog\/wp-content\/uploads\/2012\/06\/Behgjet-Pacolli-_Nazif-Cungu_Ulqin-150x150.jpg\" class=\"attachment-thumbnail size-thumbnail\" alt=\"\" loading=\"lazy\" \/><\/a>\n\t\t\t<\/dt><\/dl><br style=\"clear: both\" \/>\n\t\t<\/div>\n<br \/>\n<!--YouTube Error: bad URL entered--><\/p>\n","protected":false},"excerpt":{"rendered":"<p>Kryetari i komun\u00ebs s\u00eb Ulqinit Nazif Cungu n\u00eb kabinetin e tij priti z\u00ebvend\u00ebs kryeministin e Qeveris\u00eb s\u00eb Republik\u00ebs s\u00eb Kosov\u00ebs dhe p\u00ebrgjegj\u00ebsin p\u00ebr politik\u00ebn e jashtme dhe investimet e huaja zoteri Bexhet Pacolin. Ato diskutuan n\u00eb lidhje me planet zhvillimore dhe shfryt\u00ebzimin e potencjaleve t\u00eb Ulqinit. Kryetari Cungu e njoftoj zot\u00ebri Pacollin p\u00ebr punet dhe [&hellip;]<\/p>\n","protected":false},"author":1,"featured_media":0,"comment_status":"open","ping_status":"closed","sticky":false,"template":"","format":"standard","meta":{"spay_email":"","jetpack_publicize_message":"","jetpack_is_tweetstorm":false,"jetpack_publicize_feature_enabled":true},"categories":[1],"tags":[20657,118,200,18,20658,20659],"jetpack_publicize_connections":[],"yoast_head":"<!-- This site is optimized with the Yoast SEO plugin v19.1 - https:\/\/yoast.com\/wordpress\/plugins\/seo\/ -->\n<title>Behgjet Pacolli viziton Ulqinin - Lajme nga Ulqini<\/title>\n<meta name=\"description\" content=\"Kryetari i komun\u00ebs s\u00eb Ulqinit Nazif Cungu n\u00eb kabinetin e tij priti z\u00ebvend\u00ebs kryeministin e Qeveris\u00eb s\u00eb Republik\u00ebs s\u00eb Kosov\u00ebs dhe p\u00ebrgjegj\u00ebsin p\u00ebr\" \/>\n<meta name=\"robots\" content=\"index, follow, max-snippet:-1, max-image-preview:large, max-video-preview:-1\" \/>\n<link rel=\"canonical\" href=\"https:\/\/www.visit-ulcinj.com\/blog\/2012\/06\/13\/behgjet-pacolli-viziton-ulqinin\/\" \/>\n<meta property=\"og:locale\" content=\"en_US\" \/>\n<meta property=\"og:type\" content=\"article\" \/>\n<meta property=\"og:title\" content=\"Behgjet Pacolli viziton Ulqinin - Lajme nga Ulqini\" \/>\n<meta property=\"og:description\" content=\"Kryetari i komun\u00ebs s\u00eb Ulqinit Nazif Cungu n\u00eb kabinetin e tij priti z\u00ebvend\u00ebs kryeministin e Qeveris\u00eb s\u00eb Republik\u00ebs s\u00eb Kosov\u00ebs dhe p\u00ebrgjegj\u00ebsin p\u00ebr\" \/>\n<meta property=\"og:url\" content=\"https:\/\/www.visit-ulcinj.com\/blog\/2012\/06\/13\/behgjet-pacolli-viziton-ulqinin\/\" \/>\n<meta property=\"og:site_name\" content=\"Lajme nga Ulqini\" \/>\n<meta property=\"article:published_time\" content=\"2012-06-13T20:36:11+00:00\" \/>\n<meta property=\"article:modified_time\" content=\"2012-08-10T11:19:02+00:00\" \/>\n<meta property=\"og:image\" content=\"https:\/\/www.visit-ulcinj.com\/blog\/wp-content\/uploads\/2012\/06\/Behgjet-Pacolli-viziton-Ulqinin-150x150.jpg\" \/>\n<meta name=\"twitter:label1\" content=\"Written by\" \/>\n\t<meta name=\"twitter:data1\" content=\"ulqini\" \/>\n\t<meta name=\"twitter:label2\" content=\"Est. reading time\" \/>\n\t<meta name=\"twitter:data2\" content=\"1 minute\" \/>\n<script type=\"application\/ld+json\" class=\"yoast-schema-graph\">{\"@context\":\"https:\/\/schema.org\",\"@graph\":[{\"@type\":\"WebSite\",\"@id\":\"https:\/\/www.visit-ulcinj.com\/blog\/#website\",\"url\":\"https:\/\/www.visit-ulcinj.com\/blog\/\",\"name\":\"Lajme nga Ulqini\",\"description\":\"Lajme,Vijesti,Ulqini,Ulqin,Crna Gora,Mali i Zi\",\"potentialAction\":[{\"@type\":\"SearchAction\",\"target\":{\"@type\":\"EntryPoint\",\"urlTemplate\":\"https:\/\/www.visit-ulcinj.com\/blog\/?s={search_term_string}\"},\"query-input\":\"required name=search_term_string\"}],\"inLanguage\":\"en-US\"},{\"@type\":\"ImageObject\",\"inLanguage\":\"en-US\",\"@id\":\"https:\/\/www.visit-ulcinj.com\/blog\/2012\/06\/13\/behgjet-pacolli-viziton-ulqinin\/#primaryimage\",\"url\":\"https:\/\/www.visit-ulcinj.com\/blog\/wp-content\/uploads\/2012\/06\/Behgjet-Pacolli-viziton-Ulqinin.jpg\",\"contentUrl\":\"https:\/\/www.visit-ulcinj.com\/blog\/wp-content\/uploads\/2012\/06\/Behgjet-Pacolli-viziton-Ulqinin.jpg\",\"width\":\"640\",\"height\":\"424\"},{\"@type\":\"WebPage\",\"@id\":\"https:\/\/www.visit-ulcinj.com\/blog\/2012\/06\/13\/behgjet-pacolli-viziton-ulqinin\/#webpage\",\"url\":\"https:\/\/www.visit-ulcinj.com\/blog\/2012\/06\/13\/behgjet-pacolli-viziton-ulqinin\/\",\"name\":\"Behgjet Pacolli viziton Ulqinin - Lajme nga Ulqini\",\"isPartOf\":{\"@id\":\"https:\/\/www.visit-ulcinj.com\/blog\/#website\"},\"primaryImageOfPage\":{\"@id\":\"https:\/\/www.visit-ulcinj.com\/blog\/2012\/06\/13\/behgjet-pacolli-viziton-ulqinin\/#primaryimage\"},\"datePublished\":\"2012-06-13T20:36:11+00:00\",\"dateModified\":\"2012-08-10T11:19:02+00:00\",\"author\":{\"@id\":\"https:\/\/www.visit-ulcinj.com\/blog\/#\/schema\/person\/dcab619c614d3038751c63bc2aadc06d\"},\"description\":\"Kryetari i komun\u00ebs s\u00eb Ulqinit Nazif Cungu n\u00eb kabinetin e tij priti z\u00ebvend\u00ebs kryeministin e Qeveris\u00eb s\u00eb Republik\u00ebs s\u00eb Kosov\u00ebs dhe p\u00ebrgjegj\u00ebsin p\u00ebr\",\"breadcrumb\":{\"@id\":\"https:\/\/www.visit-ulcinj.com\/blog\/2012\/06\/13\/behgjet-pacolli-viziton-ulqinin\/#breadcrumb\"},\"inLanguage\":\"en-US\",\"potentialAction\":[{\"@type\":\"ReadAction\",\"target\":[\"https:\/\/www.visit-ulcinj.com\/blog\/2012\/06\/13\/behgjet-pacolli-viziton-ulqinin\/\"]}]},{\"@type\":\"BreadcrumbList\",\"@id\":\"https:\/\/www.visit-ulcinj.com\/blog\/2012\/06\/13\/behgjet-pacolli-viziton-ulqinin\/#breadcrumb\",\"itemListElement\":[{\"@type\":\"ListItem\",\"position\":1,\"name\":\"Behgjet Pacolli viziton Ulqinin\"}]},{\"@type\":\"Person\",\"@id\":\"https:\/\/www.visit-ulcinj.com\/blog\/#\/schema\/person\/dcab619c614d3038751c63bc2aadc06d\",\"name\":\"ulqini\",\"sameAs\":[\"http:\/\/www.visit-ulcinj.com\"],\"url\":\"https:\/\/www.visit-ulcinj.com\/blog\/author\/admin\/\"}]}<\/script>\n<!-- \/ Yoast SEO plugin. -->","yoast_head_json":{"title":"Behgjet Pacolli viziton Ulqinin - Lajme nga Ulqini","description":"Kryetari i komun\u00ebs s\u00eb Ulqinit Nazif Cungu n\u00eb kabinetin e tij priti z\u00ebvend\u00ebs kryeministin e Qeveris\u00eb s\u00eb Republik\u00ebs s\u00eb Kosov\u00ebs dhe p\u00ebrgjegj\u00ebsin p\u00ebr","robots":{"index":"index","follow":"follow","max-snippet":"max-snippet:-1","max-image-preview":"max-image-preview:large","max-video-preview":"max-video-preview:-1"},"canonical":"https:\/\/www.visit-ulcinj.com\/blog\/2012\/06\/13\/behgjet-pacolli-viziton-ulqinin\/","og_locale":"en_US","og_type":"article","og_title":"Behgjet Pacolli viziton Ulqinin - Lajme nga Ulqini","og_description":"Kryetari i komun\u00ebs s\u00eb Ulqinit Nazif Cungu n\u00eb kabinetin e tij priti z\u00ebvend\u00ebs kryeministin e Qeveris\u00eb s\u00eb Republik\u00ebs s\u00eb Kosov\u00ebs dhe p\u00ebrgjegj\u00ebsin p\u00ebr","og_url":"https:\/\/www.visit-ulcinj.com\/blog\/2012\/06\/13\/behgjet-pacolli-viziton-ulqinin\/","og_site_name":"Lajme nga Ulqini","article_published_time":"2012-06-13T20:36:11+00:00","article_modified_time":"2012-08-10T11:19:02+00:00","og_image":[{"url":"https:\/\/www.visit-ulcinj.com\/blog\/wp-content\/uploads\/2012\/06\/Behgjet-Pacolli-viziton-Ulqinin-150x150.jpg"}],"twitter_misc":{"Written by":"ulqini","Est. reading time":"1 minute"},"schema":{"@context":"https:\/\/schema.org","@graph":[{"@type":"WebSite","@id":"https:\/\/www.visit-ulcinj.com\/blog\/#website","url":"https:\/\/www.visit-ulcinj.com\/blog\/","name":"Lajme nga Ulqini","description":"Lajme,Vijesti,Ulqini,Ulqin,Crna Gora,Mali i Zi","potentialAction":[{"@type":"SearchAction","target":{"@type":"EntryPoint","urlTemplate":"https:\/\/www.visit-ulcinj.com\/blog\/?s={search_term_string}"},"query-input":"required name=search_term_string"}],"inLanguage":"en-US"},{"@type":"ImageObject","inLanguage":"en-US","@id":"https:\/\/www.visit-ulcinj.com\/blog\/2012\/06\/13\/behgjet-pacolli-viziton-ulqinin\/#primaryimage","url":"https:\/\/www.visit-ulcinj.com\/blog\/wp-content\/uploads\/2012\/06\/Behgjet-Pacolli-viziton-Ulqinin.jpg","contentUrl":"https:\/\/www.visit-ulcinj.com\/blog\/wp-content\/uploads\/2012\/06\/Behgjet-Pacolli-viziton-Ulqinin.jpg","width":"640","height":"424"},{"@type":"WebPage","@id":"https:\/\/www.visit-ulcinj.com\/blog\/2012\/06\/13\/behgjet-pacolli-viziton-ulqinin\/#webpage","url":"https:\/\/www.visit-ulcinj.com\/blog\/2012\/06\/13\/behgjet-pacolli-viziton-ulqinin\/","name":"Behgjet Pacolli viziton Ulqinin - Lajme nga Ulqini","isPartOf":{"@id":"https:\/\/www.visit-ulcinj.com\/blog\/#website"},"primaryImageOfPage":{"@id":"https:\/\/www.visit-ulcinj.com\/blog\/2012\/06\/13\/behgjet-pacolli-viziton-ulqinin\/#primaryimage"},"datePublished":"2012-06-13T20:36:11+00:00","dateModified":"2012-08-10T11:19:02+00:00","author":{"@id":"https:\/\/www.visit-ulcinj.com\/blog\/#\/schema\/person\/dcab619c614d3038751c63bc2aadc06d"},"description":"Kryetari i komun\u00ebs s\u00eb Ulqinit Nazif Cungu n\u00eb kabinetin e tij priti z\u00ebvend\u00ebs kryeministin e Qeveris\u00eb s\u00eb Republik\u00ebs s\u00eb Kosov\u00ebs dhe p\u00ebrgjegj\u00ebsin p\u00ebr","breadcrumb":{"@id":"https:\/\/www.visit-ulcinj.com\/blog\/2012\/06\/13\/behgjet-pacolli-viziton-ulqinin\/#breadcrumb"},"inLanguage":"en-US","potentialAction":[{"@type":"ReadAction","target":["https:\/\/www.visit-ulcinj.com\/blog\/2012\/06\/13\/behgjet-pacolli-viziton-ulqinin\/"]}]},{"@type":"BreadcrumbList","@id":"https:\/\/www.visit-ulcinj.com\/blog\/2012\/06\/13\/behgjet-pacolli-viziton-ulqinin\/#breadcrumb","itemListElement":[{"@type":"ListItem","position":1,"name":"Behgjet Pacolli viziton Ulqinin"}]},{"@type":"Person","@id":"https:\/\/www.visit-ulcinj.com\/blog\/#\/schema\/person\/dcab619c614d3038751c63bc2aadc06d","name":"ulqini","sameAs":["http:\/\/www.visit-ulcinj.com"],"url":"https:\/\/www.visit-ulcinj.com\/blog\/author\/admin\/"}]}},"jetpack_featured_media_url":"","jetpack_sharing_enabled":true,"jetpack_shortlink":"https:\/\/wp.me\/pe6lTn-g22","_links":{"self":[{"href":"https:\/\/www.visit-ulcinj.com\/blog\/wp-json\/wp\/v2\/posts\/61630"}],"collection":[{"href":"https:\/\/www.visit-ulcinj.com\/blog\/wp-json\/wp\/v2\/posts"}],"about":[{"href":"https:\/\/www.visit-ulcinj.com\/blog\/wp-json\/wp\/v2\/types\/post"}],"author":[{"embeddable":true,"href":"https:\/\/www.visit-ulcinj.com\/blog\/wp-json\/wp\/v2\/users\/1"}],"replies":[{"embeddable":true,"href":"https:\/\/www.visit-ulcinj.com\/blog\/wp-json\/wp\/v2\/comments?post=61630"}],"version-history":[{"count":15,"href":"https:\/\/www.visit-ulcinj.com\/blog\/wp-json\/wp\/v2\/posts\/61630\/revisions"}],"predecessor-version":[{"id":62828,"href":"https:\/\/www.visit-ulcinj.com\/blog\/wp-json\/wp\/v2\/posts\/61630\/revisions\/62828"}],"wp:attachment":[{"href":"https:\/\/www.visit-ulcinj.com\/blog\/wp-json\/wp\/v2\/media?parent=61630"}],"wp:term":[{"taxonomy":"category","embeddable":true,"href":"https:\/\/www.visit-ulcinj.com\/blog\/wp-json\/wp\/v2\/categories?post=61630"},{"taxonomy":"post_tag","embeddable":true,"href":"https:\/\/www.visit-ulcinj.com\/blog\/wp-json\/wp\/v2\/tags?post=61630"}],"curies":[{"name":"wp","href":"https:\/\/api.w.org\/{rel}","templated":true}]}}