{"id":61674,"date":"2012-06-14T18:37:21","date_gmt":"2012-06-14T17:37:21","guid":{"rendered":"http:\/\/www.visit-ulcinj.com\/blog\/?p=61674"},"modified":"2012-06-14T18:37:21","modified_gmt":"2012-06-14T17:37:21","slug":"bedzet-pacoli-u-prvoj-posjeti-ulcinju","status":"publish","type":"post","link":"https:\/\/www.visit-ulcinj.com\/blog\/2012\/06\/14\/bedzet-pacoli-u-prvoj-posjeti-ulcinju\/","title":{"rendered":"Bed\u017eet Pacoli u prvoj posjeti Ulcinju"},"content":{"rendered":"<p><a href=\"http:\/\/www.visit-ulcinj.com\/blog\/wp-content\/uploads\/2012\/06\/Bedzet-Pacoli_Nazif-Cungu_Ulcinj.4.jpg\"><img loading=\"lazy\" class=\"alignleft size-full wp-image-61675\" title=\"Bedzet Pacoli_Nazif Cungu_Ulcinj.4\" src=\"http:\/\/www.visit-ulcinj.com\/blog\/wp-content\/uploads\/2012\/06\/Bedzet-Pacoli_Nazif-Cungu_Ulcinj.4.jpg\" alt=\"\" width=\"640\" height=\"424\" srcset=\"https:\/\/www.visit-ulcinj.com\/blog\/wp-content\/uploads\/2012\/06\/Bedzet-Pacoli_Nazif-Cungu_Ulcinj.4.jpg 640w, https:\/\/www.visit-ulcinj.com\/blog\/wp-content\/uploads\/2012\/06\/Bedzet-Pacoli_Nazif-Cungu_Ulcinj.4-300x198.jpg 300w\" sizes=\"(max-width: 640px) 100vw, 640px\" \/><\/a>Predsjednik Op\u0161tine Ulcinj Nazif Cungu primio je u svom kabinetu Potpredsjednika Vlade Republike Kosovo, odgovornog za spoljnu politiku i strane investicije gospodina Bexheta Pacollija (Bed\u017eet Pacoli). Oni su razgovarali oko razvojnih planova i iskori\u0161avanja potencijala Ulcinja.<br \/>\nPredsjednik Cungu je upoznao gospodina Pacollija o svom radu i anga\u017eovanju u stvaranju uslova za investicije fokusiraju\u0107i se na urbanisti\u010dke planove, investicije u turizmu i infrastrukturi.<br \/>\nGospodin Cungu je izrazio spremnost za pruzanje podrske svakoj kompaniji koja je zainteresirana za investicije u Ulcinju u svim oblastima, obezbje\u0111uju\u0107i im brze administrativne procedure.<br \/>\nOva je bila prva posjeta gospodina Pacollija u Ulcinju, i osim prijema u kabinetu Predsjednika, Cungu sa svojim saradnicima i visokim gostom iz Pri\u0161tine, posjetili su neke djelove grada Ulcinja, a g. Pacolli se jos jednom uvjerio u investicione potencijale i uslove za investicije koje pru\u017ea Op\u0161tina Ulcinj se njegovim rukovodstvom.<br \/>\nGospodin Pacolli zahvalio se na gostoprimstvu i izrazio po\u0161tovanje za stru\u010dno pripremljenu ekipu Predsjednika Cungua i da \u0107e ubrzo u daljim komunikacijama obavjestiti o mogu\u0107nostima za investiranje u Ulcinju bilo od strane njegove kompanije ili od partnerskih svjetskih kompanija.<\/p>\n<p>Opstina Ulcinj<br \/>\n\n\t\t<style type=\"text\/css\">\n\t\t\t#gallery-1 {\n\t\t\t\tmargin: auto;\n\t\t\t}\n\t\t\t#gallery-1 .gallery-item {\n\t\t\t\tfloat: left;\n\t\t\t\tmargin-top: 10px;\n\t\t\t\ttext-align: center;\n\t\t\t\twidth: 33%;\n\t\t\t}\n\t\t\t#gallery-1 img {\n\t\t\t\tborder: 2px solid #cfcfcf;\n\t\t\t}\n\t\t\t#gallery-1 .gallery-caption {\n\t\t\t\tmargin-left: 0;\n\t\t\t}\n\t\t\t\/* see gallery_shortcode() in wp-includes\/media.php *\/\n\t\t<\/style>\n\t\t<div id='gallery-1' class='gallery galleryid-61674 gallery-columns-3 gallery-size-thumbnail'><dl class='gallery-item'>\n\t\t\t<dt class='gallery-icon landscape'>\n\t\t\t\t<a href='https:\/\/www.visit-ulcinj.com\/blog\/wp-content\/uploads\/2012\/06\/Bedzet-Pacoli_Nazif-Cungu_Ulcinj.4.jpg'><img width=\"150\" height=\"150\" src=\"https:\/\/www.visit-ulcinj.com\/blog\/wp-content\/uploads\/2012\/06\/Bedzet-Pacoli_Nazif-Cungu_Ulcinj.4-150x150.jpg\" class=\"attachment-thumbnail size-thumbnail\" alt=\"\" loading=\"lazy\" \/><\/a>\n\t\t\t<\/dt><\/dl><dl class='gallery-item'>\n\t\t\t<dt class='gallery-icon landscape'>\n\t\t\t\t<a href='https:\/\/www.visit-ulcinj.com\/blog\/wp-content\/uploads\/2012\/06\/Bedzet-Pacoli_Nazif-Cungu_Ulcinj.3.jpg'><img width=\"150\" height=\"150\" src=\"https:\/\/www.visit-ulcinj.com\/blog\/wp-content\/uploads\/2012\/06\/Bedzet-Pacoli_Nazif-Cungu_Ulcinj.3-150x150.jpg\" class=\"attachment-thumbnail size-thumbnail\" alt=\"\" loading=\"lazy\" \/><\/a>\n\t\t\t<\/dt><\/dl><dl class='gallery-item'>\n\t\t\t<dt class='gallery-icon landscape'>\n\t\t\t\t<a href='https:\/\/www.visit-ulcinj.com\/blog\/wp-content\/uploads\/2012\/06\/Bedzet-Pacoli_Nazif-Cungu_Ulcinj.5.jpg'><img width=\"150\" height=\"150\" src=\"https:\/\/www.visit-ulcinj.com\/blog\/wp-content\/uploads\/2012\/06\/Bedzet-Pacoli_Nazif-Cungu_Ulcinj.5-150x150.jpg\" class=\"attachment-thumbnail size-thumbnail\" alt=\"\" loading=\"lazy\" \/><\/a>\n\t\t\t<\/dt><\/dl><br style=\"clear: both\" \/><dl class='gallery-item'>\n\t\t\t<dt class='gallery-icon landscape'>\n\t\t\t\t<a href='https:\/\/www.visit-ulcinj.com\/blog\/wp-content\/uploads\/2012\/06\/Bedzet-Pacoli_Nazif-Cungu_Ulcinj.jpg'><img width=\"150\" height=\"150\" src=\"https:\/\/www.visit-ulcinj.com\/blog\/wp-content\/uploads\/2012\/06\/Bedzet-Pacoli_Nazif-Cungu_Ulcinj-150x150.jpg\" class=\"attachment-thumbnail size-thumbnail\" alt=\"\" loading=\"lazy\" \/><\/a>\n\t\t\t<\/dt><\/dl><dl class='gallery-item'>\n\t\t\t<dt class='gallery-icon landscape'>\n\t\t\t\t<a href='https:\/\/www.visit-ulcinj.com\/blog\/wp-content\/uploads\/2012\/06\/Bedzet-Pacoli_Nazif-Cungu_Ulcinj.1.jpg'><img width=\"150\" height=\"150\" src=\"https:\/\/www.visit-ulcinj.com\/blog\/wp-content\/uploads\/2012\/06\/Bedzet-Pacoli_Nazif-Cungu_Ulcinj.1-150x150.jpg\" class=\"attachment-thumbnail size-thumbnail\" alt=\"\" loading=\"lazy\" \/><\/a>\n\t\t\t<\/dt><\/dl><dl class='gallery-item'>\n\t\t\t<dt class='gallery-icon landscape'>\n\t\t\t\t<a href='https:\/\/www.visit-ulcinj.com\/blog\/wp-content\/uploads\/2012\/06\/Bedzet-Pacoli_Nazif-Cungu_Ulcinj.2.jpg'><img width=\"150\" height=\"150\" src=\"https:\/\/www.visit-ulcinj.com\/blog\/wp-content\/uploads\/2012\/06\/Bedzet-Pacoli_Nazif-Cungu_Ulcinj.2-150x150.jpg\" class=\"attachment-thumbnail size-thumbnail\" alt=\"\" loading=\"lazy\" \/><\/a>\n\t\t\t<\/dt><\/dl><br style=\"clear: both\" \/>\n\t\t<\/div>\n<\/p>\n","protected":false},"excerpt":{"rendered":"<p>Predsjednik Op\u0161tine Ulcinj Nazif Cungu primio je u svom kabinetu Potpredsjednika Vlade Republike Kosovo, odgovornog za spoljnu politiku i strane investicije gospodina Bexheta Pacollija (Bed\u017eet Pacoli). Oni su razgovarali oko razvojnih planova i iskori\u0161avanja potencijala Ulcinja. Predsjednik Cungu je upoznao gospodina Pacollija o svom radu i anga\u017eovanju u stvaranju uslova za investicije fokusiraju\u0107i se na [&hellip;]<\/p>\n","protected":false},"author":1,"featured_media":0,"comment_status":"open","ping_status":"closed","sticky":false,"template":"","format":"standard","meta":{"spay_email":"","jetpack_publicize_message":"","jetpack_is_tweetstorm":false,"jetpack_publicize_feature_enabled":true},"categories":[8337],"tags":[20663,20,118,264,19],"jetpack_publicize_connections":[],"yoast_head":"<!-- This site is optimized with the Yoast SEO plugin v19.1 - https:\/\/yoast.com\/wordpress\/plugins\/seo\/ -->\n<title>Bed\u017eet Pacoli u prvoj posjeti Ulcinju - Lajme nga Ulqini<\/title>\n<meta name=\"description\" content=\"Predsjednik Op\u0161tine Ulcinj Nazif Cungu primio je u svom kabinetu Potpredsjednika Vlade Republike Kosovo, odgovornog za spoljnu politiku i strane\" \/>\n<meta name=\"robots\" content=\"index, follow, max-snippet:-1, max-image-preview:large, max-video-preview:-1\" \/>\n<link rel=\"canonical\" href=\"https:\/\/www.visit-ulcinj.com\/blog\/2012\/06\/14\/bedzet-pacoli-u-prvoj-posjeti-ulcinju\/\" \/>\n<meta property=\"og:locale\" content=\"en_US\" \/>\n<meta property=\"og:type\" content=\"article\" \/>\n<meta property=\"og:title\" content=\"Bed\u017eet Pacoli u prvoj posjeti Ulcinju - Lajme nga Ulqini\" \/>\n<meta property=\"og:description\" content=\"Predsjednik Op\u0161tine Ulcinj Nazif Cungu primio je u svom kabinetu Potpredsjednika Vlade Republike Kosovo, odgovornog za spoljnu politiku i strane\" \/>\n<meta property=\"og:url\" content=\"https:\/\/www.visit-ulcinj.com\/blog\/2012\/06\/14\/bedzet-pacoli-u-prvoj-posjeti-ulcinju\/\" \/>\n<meta property=\"og:site_name\" content=\"Lajme nga Ulqini\" \/>\n<meta property=\"article:published_time\" content=\"2012-06-14T17:37:21+00:00\" \/>\n<meta property=\"og:image\" content=\"https:\/\/www.visit-ulcinj.com\/blog\/wp-content\/uploads\/2012\/06\/Bedzet-Pacoli_Nazif-Cungu_Ulcinj.4-150x150.jpg\" \/>\n<meta name=\"twitter:label1\" content=\"Written by\" \/>\n\t<meta name=\"twitter:data1\" content=\"ulqini\" \/>\n\t<meta name=\"twitter:label2\" content=\"Est. reading time\" \/>\n\t<meta name=\"twitter:data2\" content=\"1 minute\" \/>\n<script type=\"application\/ld+json\" class=\"yoast-schema-graph\">{\"@context\":\"https:\/\/schema.org\",\"@graph\":[{\"@type\":\"WebSite\",\"@id\":\"https:\/\/www.visit-ulcinj.com\/blog\/#website\",\"url\":\"https:\/\/www.visit-ulcinj.com\/blog\/\",\"name\":\"Lajme nga Ulqini\",\"description\":\"Lajme,Vijesti,Ulqini,Ulqin,Crna Gora,Mali i Zi\",\"potentialAction\":[{\"@type\":\"SearchAction\",\"target\":{\"@type\":\"EntryPoint\",\"urlTemplate\":\"https:\/\/www.visit-ulcinj.com\/blog\/?s={search_term_string}\"},\"query-input\":\"required name=search_term_string\"}],\"inLanguage\":\"en-US\"},{\"@type\":\"ImageObject\",\"inLanguage\":\"en-US\",\"@id\":\"https:\/\/www.visit-ulcinj.com\/blog\/2012\/06\/14\/bedzet-pacoli-u-prvoj-posjeti-ulcinju\/#primaryimage\",\"url\":\"https:\/\/www.visit-ulcinj.com\/blog\/wp-content\/uploads\/2012\/06\/Bedzet-Pacoli_Nazif-Cungu_Ulcinj.4.jpg\",\"contentUrl\":\"https:\/\/www.visit-ulcinj.com\/blog\/wp-content\/uploads\/2012\/06\/Bedzet-Pacoli_Nazif-Cungu_Ulcinj.4.jpg\",\"width\":\"640\",\"height\":\"424\"},{\"@type\":\"WebPage\",\"@id\":\"https:\/\/www.visit-ulcinj.com\/blog\/2012\/06\/14\/bedzet-pacoli-u-prvoj-posjeti-ulcinju\/#webpage\",\"url\":\"https:\/\/www.visit-ulcinj.com\/blog\/2012\/06\/14\/bedzet-pacoli-u-prvoj-posjeti-ulcinju\/\",\"name\":\"Bed\u017eet Pacoli u prvoj posjeti Ulcinju - Lajme nga Ulqini\",\"isPartOf\":{\"@id\":\"https:\/\/www.visit-ulcinj.com\/blog\/#website\"},\"primaryImageOfPage\":{\"@id\":\"https:\/\/www.visit-ulcinj.com\/blog\/2012\/06\/14\/bedzet-pacoli-u-prvoj-posjeti-ulcinju\/#primaryimage\"},\"datePublished\":\"2012-06-14T17:37:21+00:00\",\"dateModified\":\"2012-06-14T17:37:21+00:00\",\"author\":{\"@id\":\"https:\/\/www.visit-ulcinj.com\/blog\/#\/schema\/person\/dcab619c614d3038751c63bc2aadc06d\"},\"description\":\"Predsjednik Op\u0161tine Ulcinj Nazif Cungu primio je u svom kabinetu Potpredsjednika Vlade Republike Kosovo, odgovornog za spoljnu politiku i strane\",\"breadcrumb\":{\"@id\":\"https:\/\/www.visit-ulcinj.com\/blog\/2012\/06\/14\/bedzet-pacoli-u-prvoj-posjeti-ulcinju\/#breadcrumb\"},\"inLanguage\":\"en-US\",\"potentialAction\":[{\"@type\":\"ReadAction\",\"target\":[\"https:\/\/www.visit-ulcinj.com\/blog\/2012\/06\/14\/bedzet-pacoli-u-prvoj-posjeti-ulcinju\/\"]}]},{\"@type\":\"BreadcrumbList\",\"@id\":\"https:\/\/www.visit-ulcinj.com\/blog\/2012\/06\/14\/bedzet-pacoli-u-prvoj-posjeti-ulcinju\/#breadcrumb\",\"itemListElement\":[{\"@type\":\"ListItem\",\"position\":1,\"name\":\"Bed\u017eet Pacoli u prvoj posjeti Ulcinju\"}]},{\"@type\":\"Person\",\"@id\":\"https:\/\/www.visit-ulcinj.com\/blog\/#\/schema\/person\/dcab619c614d3038751c63bc2aadc06d\",\"name\":\"ulqini\",\"sameAs\":[\"http:\/\/www.visit-ulcinj.com\"],\"url\":\"https:\/\/www.visit-ulcinj.com\/blog\/author\/admin\/\"}]}<\/script>\n<!-- \/ Yoast SEO plugin. -->","yoast_head_json":{"title":"Bed\u017eet Pacoli u prvoj posjeti Ulcinju - Lajme nga Ulqini","description":"Predsjednik Op\u0161tine Ulcinj Nazif Cungu primio je u svom kabinetu Potpredsjednika Vlade Republike Kosovo, odgovornog za spoljnu politiku i strane","robots":{"index":"index","follow":"follow","max-snippet":"max-snippet:-1","max-image-preview":"max-image-preview:large","max-video-preview":"max-video-preview:-1"},"canonical":"https:\/\/www.visit-ulcinj.com\/blog\/2012\/06\/14\/bedzet-pacoli-u-prvoj-posjeti-ulcinju\/","og_locale":"en_US","og_type":"article","og_title":"Bed\u017eet Pacoli u prvoj posjeti Ulcinju - Lajme nga Ulqini","og_description":"Predsjednik Op\u0161tine Ulcinj Nazif Cungu primio je u svom kabinetu Potpredsjednika Vlade Republike Kosovo, odgovornog za spoljnu politiku i strane","og_url":"https:\/\/www.visit-ulcinj.com\/blog\/2012\/06\/14\/bedzet-pacoli-u-prvoj-posjeti-ulcinju\/","og_site_name":"Lajme nga Ulqini","article_published_time":"2012-06-14T17:37:21+00:00","og_image":[{"url":"https:\/\/www.visit-ulcinj.com\/blog\/wp-content\/uploads\/2012\/06\/Bedzet-Pacoli_Nazif-Cungu_Ulcinj.4-150x150.jpg"}],"twitter_misc":{"Written by":"ulqini","Est. reading time":"1 minute"},"schema":{"@context":"https:\/\/schema.org","@graph":[{"@type":"WebSite","@id":"https:\/\/www.visit-ulcinj.com\/blog\/#website","url":"https:\/\/www.visit-ulcinj.com\/blog\/","name":"Lajme nga Ulqini","description":"Lajme,Vijesti,Ulqini,Ulqin,Crna Gora,Mali i Zi","potentialAction":[{"@type":"SearchAction","target":{"@type":"EntryPoint","urlTemplate":"https:\/\/www.visit-ulcinj.com\/blog\/?s={search_term_string}"},"query-input":"required name=search_term_string"}],"inLanguage":"en-US"},{"@type":"ImageObject","inLanguage":"en-US","@id":"https:\/\/www.visit-ulcinj.com\/blog\/2012\/06\/14\/bedzet-pacoli-u-prvoj-posjeti-ulcinju\/#primaryimage","url":"https:\/\/www.visit-ulcinj.com\/blog\/wp-content\/uploads\/2012\/06\/Bedzet-Pacoli_Nazif-Cungu_Ulcinj.4.jpg","contentUrl":"https:\/\/www.visit-ulcinj.com\/blog\/wp-content\/uploads\/2012\/06\/Bedzet-Pacoli_Nazif-Cungu_Ulcinj.4.jpg","width":"640","height":"424"},{"@type":"WebPage","@id":"https:\/\/www.visit-ulcinj.com\/blog\/2012\/06\/14\/bedzet-pacoli-u-prvoj-posjeti-ulcinju\/#webpage","url":"https:\/\/www.visit-ulcinj.com\/blog\/2012\/06\/14\/bedzet-pacoli-u-prvoj-posjeti-ulcinju\/","name":"Bed\u017eet Pacoli u prvoj posjeti Ulcinju - Lajme nga Ulqini","isPartOf":{"@id":"https:\/\/www.visit-ulcinj.com\/blog\/#website"},"primaryImageOfPage":{"@id":"https:\/\/www.visit-ulcinj.com\/blog\/2012\/06\/14\/bedzet-pacoli-u-prvoj-posjeti-ulcinju\/#primaryimage"},"datePublished":"2012-06-14T17:37:21+00:00","dateModified":"2012-06-14T17:37:21+00:00","author":{"@id":"https:\/\/www.visit-ulcinj.com\/blog\/#\/schema\/person\/dcab619c614d3038751c63bc2aadc06d"},"description":"Predsjednik Op\u0161tine Ulcinj Nazif Cungu primio je u svom kabinetu Potpredsjednika Vlade Republike Kosovo, odgovornog za spoljnu politiku i strane","breadcrumb":{"@id":"https:\/\/www.visit-ulcinj.com\/blog\/2012\/06\/14\/bedzet-pacoli-u-prvoj-posjeti-ulcinju\/#breadcrumb"},"inLanguage":"en-US","potentialAction":[{"@type":"ReadAction","target":["https:\/\/www.visit-ulcinj.com\/blog\/2012\/06\/14\/bedzet-pacoli-u-prvoj-posjeti-ulcinju\/"]}]},{"@type":"BreadcrumbList","@id":"https:\/\/www.visit-ulcinj.com\/blog\/2012\/06\/14\/bedzet-pacoli-u-prvoj-posjeti-ulcinju\/#breadcrumb","itemListElement":[{"@type":"ListItem","position":1,"name":"Bed\u017eet Pacoli u prvoj posjeti Ulcinju"}]},{"@type":"Person","@id":"https:\/\/www.visit-ulcinj.com\/blog\/#\/schema\/person\/dcab619c614d3038751c63bc2aadc06d","name":"ulqini","sameAs":["http:\/\/www.visit-ulcinj.com"],"url":"https:\/\/www.visit-ulcinj.com\/blog\/author\/admin\/"}]}},"jetpack_featured_media_url":"","jetpack_sharing_enabled":true,"jetpack_shortlink":"https:\/\/wp.me\/pe6lTn-g2K","_links":{"self":[{"href":"https:\/\/www.visit-ulcinj.com\/blog\/wp-json\/wp\/v2\/posts\/61674"}],"collection":[{"href":"https:\/\/www.visit-ulcinj.com\/blog\/wp-json\/wp\/v2\/posts"}],"about":[{"href":"https:\/\/www.visit-ulcinj.com\/blog\/wp-json\/wp\/v2\/types\/post"}],"author":[{"embeddable":true,"href":"https:\/\/www.visit-ulcinj.com\/blog\/wp-json\/wp\/v2\/users\/1"}],"replies":[{"embeddable":true,"href":"https:\/\/www.visit-ulcinj.com\/blog\/wp-json\/wp\/v2\/comments?post=61674"}],"version-history":[{"count":1,"href":"https:\/\/www.visit-ulcinj.com\/blog\/wp-json\/wp\/v2\/posts\/61674\/revisions"}],"predecessor-version":[{"id":61681,"href":"https:\/\/www.visit-ulcinj.com\/blog\/wp-json\/wp\/v2\/posts\/61674\/revisions\/61681"}],"wp:attachment":[{"href":"https:\/\/www.visit-ulcinj.com\/blog\/wp-json\/wp\/v2\/media?parent=61674"}],"wp:term":[{"taxonomy":"category","embeddable":true,"href":"https:\/\/www.visit-ulcinj.com\/blog\/wp-json\/wp\/v2\/categories?post=61674"},{"taxonomy":"post_tag","embeddable":true,"href":"https:\/\/www.visit-ulcinj.com\/blog\/wp-json\/wp\/v2\/tags?post=61674"}],"curies":[{"name":"wp","href":"https:\/\/api.w.org\/{rel}","templated":true}]}}