{"id":61683,"date":"2012-06-14T20:44:43","date_gmt":"2012-06-14T19:44:43","guid":{"rendered":"http:\/\/www.visit-ulcinj.com\/blog\/?p=61683"},"modified":"2012-06-19T08:26:35","modified_gmt":"2012-06-19T07:26:35","slug":"nga-18-20-qershor-java-e-filmit-kosovar-ne-ulqin-video","status":"publish","type":"post","link":"https:\/\/www.visit-ulcinj.com\/blog\/2012\/06\/14\/nga-18-20-qershor-java-e-filmit-kosovar-ne-ulqin-video\/","title":{"rendered":"Nga 18-20 qershor Java e Filmit Kosovar n\u00eb Ulqin &#8211; Video"},"content":{"rendered":"<p><a href=\"http:\/\/www.visit-ulcinj.com\/blog\/wp-content\/uploads\/2012\/06\/Java-e-Filmit-Kosovar-n\u00eb-Ulqin.jpg\"><img loading=\"lazy\" class=\"alignleft size-full wp-image-61684\" title=\"Java e Filmit Kosovar n\u00eb Ulqin\" src=\"http:\/\/www.visit-ulcinj.com\/blog\/wp-content\/uploads\/2012\/06\/Java-e-Filmit-Kosovar-n\u00eb-Ulqin.jpg\" alt=\"\" width=\"300\" height=\"300\" srcset=\"https:\/\/www.visit-ulcinj.com\/blog\/wp-content\/uploads\/2012\/06\/Java-e-Filmit-Kosovar-n\u00eb-Ulqin.jpg 300w, https:\/\/www.visit-ulcinj.com\/blog\/wp-content\/uploads\/2012\/06\/Java-e-Filmit-Kosovar-n\u00eb-Ulqin-150x150.jpg 150w\" sizes=\"(max-width: 300px) 100vw, 300px\" \/><\/a>Shoqata e Artist\u00ebve dhe Intelektual\u00ebve \u201cArt Club\u201d dhe Sht\u00ebpia Filmike \u201cKosovafilm\u201d, n\u00eb bashk\u00ebpunim me Qendr\u00ebn Kulturore t\u00eb Ulqinit, do t\u00eb organizojn\u00eb nga data 18-20 qershor p\u00ebr t\u00eb par\u00ebn her\u00eb n\u00eb Ulqin \u201cJav\u00ebn e Filmit Kosovar\u201d. Gjat\u00eb k\u00ebsaj veprimtarie do t\u00eb shfaqen tre filma, prodhime t\u00eb \u201cKosovafilm\u201d-it. Java e Filmit Kosovar do t\u00eb nis\u00eb t\u00eb h\u00ebn\u00ebn me filmin \u201cKukumi\u201d t\u00eb regjisorit me renome Isa Qosja, pjes\u00ebmarr\u00ebs dhe fitues i disa \u00e7mimeve nd\u00ebrkomb\u00ebtare, p\u00ebr t\u00eb vazhduar t\u00eb mart\u00ebn me filmin \u201cPikniku\u201d t\u00eb regjisorit nga Ulqini, Emin Halili, dhe t\u00eb m\u00ebrkur\u00ebn me filmin \u201cLepuri me pes\u00eb k\u00ebmb\u00eb\u201d t\u00eb regjisorit Ismail Imeri.<\/p>\n<p>Filmat do t\u00eb shfaqen n\u00eb amfiteatrin e Qendr\u00ebs Kulturore n\u00eb Ulqin p\u00ebr \u00e7do mbr\u00ebmje n\u00eb or\u00ebn 20.00, nd\u00ebrsa hyrja do t\u00eb jet\u00eb e lir\u00eb.<\/p>\n<p>\u201cKosovafilmi\u201d, i themeluar n\u00eb vitin 1969, \u00ebsht\u00eb sht\u00ebpia m\u00eb e vjet\u00ebr filmike n\u00eb Kosov\u00eb dhe nd\u00ebr produksionet m\u00eb t\u00eb vjetra n\u00eb Ballkan. Gjat\u00eb 43 vjet\u00ebve \u201cKosovafilmi\u201d ka realizuar mbi 40 filma t\u00eb metrazhit t\u00eb gjat\u00eb, filma t\u00eb metrazhit t\u00eb shkurt\u00ebr, dokumentar\u00eb dhe vizatimor\u00eb. Dikur \u201cKosovafilmi\u201d krahasohej me sht\u00ebpit\u00eb m\u00eb prestigjioze t\u00eb ish-Jugosllavis\u00eb dhe Ballkanit.<\/p>\n<p><strong>Koha Net<\/strong><br \/>\n<object width=\"508\" height=\"380\" classid=\"clsid:d27cdb6e-ae6d-11cf-96b8-444553540000\" codebase=\"http:\/\/download.macromedia.com\/pub\/shockwave\/cabs\/flash\/swflash.cab#version=6,0,40,0\"><param name=\"allowFullScreen\" value=\"true\" \/><param name=\"allowscriptaccess\" value=\"always\" \/><param name=\"src\" value=\"http:\/\/www.youtube-nocookie.com\/v\/cZHYG5GiMB8?version=3&amp;hl=fr_FR&amp;rel=0\" \/><param name=\"allowfullscreen\" value=\"true\" \/><\/object><br \/>\nShoqata e Artist\u00ebve dhe Intelektual\u00ebve \u201cArt Club\u201d dhe Sht\u00ebpia Filmike \u201cKosovafilm\u201d, n\u00eb bashk\u00ebpunim me Qendr\u00ebn Kulturore t\u00eb Ulqinit, do t\u00eb organizojn\u00eb nga data 18-20 qershor 2012 n\u00eb Ulqin \u201cJav\u00ebn e Filmit Kosovar\u201d.<\/p>\n<p>Gjat\u00eb dit\u00ebve t\u00eb &#8220;Jav\u00ebs s\u00eb Filmit Kosovar&#8221; do t\u00eb shfaqen tre filma sipas k\u00ebtij kalendari:<br \/>\nE h\u00ebn\u00eb, m\u00eb 18 qershor 2012, ora 20.00 &#8211; &#8220;Kukumi&#8221;<br \/>\nE mart\u00eb, m\u00eb 19 qershor 2012, ora 20.00 &#8211; &#8220;Pikniku&#8221;<br \/>\nE m\u00ebrkur\u00eb, 20 qershor 2012, ora 20.00 &#8211; &#8220;Lepuri me pes\u00eb k\u00ebmb\u00eb&#8221;<\/p>\n<p>Filmat do t\u00eb shfaqen n\u00eb amfiteatrin e Qendr\u00ebs Kulturore n\u00eb Ulqin, nd\u00ebrsa hyrja \u00ebsht\u00eb e lir\u00eb.<\/p>\n<p>Ju ftojm\u00eb q\u00eb t\u00eb b\u00ebheni pjes\u00eb e k\u00ebsaj veprimtarie kulturore dhe ta madh\u00ebroni at\u00eb me pranin\u00eb Tuaj.<\/p>\n","protected":false},"excerpt":{"rendered":"<p>Shoqata e Artist\u00ebve dhe Intelektual\u00ebve \u201cArt Club\u201d dhe Sht\u00ebpia Filmike \u201cKosovafilm\u201d, n\u00eb bashk\u00ebpunim me Qendr\u00ebn Kulturore t\u00eb Ulqinit, do t\u00eb organizojn\u00eb nga data 18-20 qershor p\u00ebr t\u00eb par\u00ebn her\u00eb n\u00eb Ulqin \u201cJav\u00ebn e Filmit Kosovar\u201d. Gjat\u00eb k\u00ebsaj veprimtarie do t\u00eb shfaqen tre filma, prodhime t\u00eb \u201cKosovafilm\u201d-it. Java e Filmit Kosovar do t\u00eb nis\u00eb t\u00eb h\u00ebn\u00ebn [&hellip;]<\/p>\n","protected":false},"author":1,"featured_media":0,"comment_status":"open","ping_status":"closed","sticky":false,"template":"","format":"standard","meta":{"spay_email":"","jetpack_publicize_message":"","jetpack_is_tweetstorm":false,"jetpack_publicize_feature_enabled":true},"categories":[6950],"tags":[20665,20664,200,18],"jetpack_publicize_connections":[],"yoast_head":"<!-- This site is optimized with the Yoast SEO plugin v19.1 - https:\/\/yoast.com\/wordpress\/plugins\/seo\/ -->\n<title>Nga 18-20 qershor Java e Filmit Kosovar n\u00eb Ulqin - Video - Lajme nga Ulqini<\/title>\n<meta name=\"description\" content=\"Shoqata e Artist\u00ebve dhe Intelektual\u00ebve \u201cArt Club\u201d dhe Sht\u00ebpia Filmike \u201cKosovafilm\u201d, n\u00eb bashk\u00ebpunim me Qendr\u00ebn Kulturore t\u00eb Ulqinit, do t\u00eb organizojn\u00eb nga\" \/>\n<meta name=\"robots\" content=\"index, follow, max-snippet:-1, max-image-preview:large, max-video-preview:-1\" \/>\n<link rel=\"canonical\" href=\"https:\/\/www.visit-ulcinj.com\/blog\/2012\/06\/14\/nga-18-20-qershor-java-e-filmit-kosovar-ne-ulqin-video\/\" \/>\n<meta property=\"og:locale\" content=\"en_US\" \/>\n<meta property=\"og:type\" content=\"article\" \/>\n<meta property=\"og:title\" content=\"Nga 18-20 qershor Java e Filmit Kosovar n\u00eb Ulqin - Video - Lajme nga Ulqini\" \/>\n<meta property=\"og:description\" content=\"Shoqata e Artist\u00ebve dhe Intelektual\u00ebve \u201cArt Club\u201d dhe Sht\u00ebpia Filmike \u201cKosovafilm\u201d, n\u00eb bashk\u00ebpunim me Qendr\u00ebn Kulturore t\u00eb Ulqinit, do t\u00eb organizojn\u00eb nga\" \/>\n<meta property=\"og:url\" content=\"https:\/\/www.visit-ulcinj.com\/blog\/2012\/06\/14\/nga-18-20-qershor-java-e-filmit-kosovar-ne-ulqin-video\/\" \/>\n<meta property=\"og:site_name\" content=\"Lajme nga Ulqini\" \/>\n<meta property=\"article:published_time\" content=\"2012-06-14T19:44:43+00:00\" \/>\n<meta property=\"article:modified_time\" content=\"2012-06-19T07:26:35+00:00\" \/>\n<meta name=\"twitter:label1\" content=\"Written by\" \/>\n\t<meta name=\"twitter:data1\" content=\"ulqini\" \/>\n\t<meta name=\"twitter:label2\" content=\"Est. reading time\" \/>\n\t<meta name=\"twitter:data2\" content=\"2 minutes\" \/>\n<script type=\"application\/ld+json\" class=\"yoast-schema-graph\">{\"@context\":\"https:\/\/schema.org\",\"@graph\":[{\"@type\":\"WebSite\",\"@id\":\"https:\/\/www.visit-ulcinj.com\/blog\/#website\",\"url\":\"https:\/\/www.visit-ulcinj.com\/blog\/\",\"name\":\"Lajme nga Ulqini\",\"description\":\"Lajme,Vijesti,Ulqini,Ulqin,Crna Gora,Mali i Zi\",\"potentialAction\":[{\"@type\":\"SearchAction\",\"target\":{\"@type\":\"EntryPoint\",\"urlTemplate\":\"https:\/\/www.visit-ulcinj.com\/blog\/?s={search_term_string}\"},\"query-input\":\"required name=search_term_string\"}],\"inLanguage\":\"en-US\"},{\"@type\":\"WebPage\",\"@id\":\"https:\/\/www.visit-ulcinj.com\/blog\/2012\/06\/14\/nga-18-20-qershor-java-e-filmit-kosovar-ne-ulqin-video\/#webpage\",\"url\":\"https:\/\/www.visit-ulcinj.com\/blog\/2012\/06\/14\/nga-18-20-qershor-java-e-filmit-kosovar-ne-ulqin-video\/\",\"name\":\"Nga 18-20 qershor Java e Filmit Kosovar n\u00eb Ulqin - Video - Lajme nga Ulqini\",\"isPartOf\":{\"@id\":\"https:\/\/www.visit-ulcinj.com\/blog\/#website\"},\"datePublished\":\"2012-06-14T19:44:43+00:00\",\"dateModified\":\"2012-06-19T07:26:35+00:00\",\"author\":{\"@id\":\"https:\/\/www.visit-ulcinj.com\/blog\/#\/schema\/person\/dcab619c614d3038751c63bc2aadc06d\"},\"description\":\"Shoqata e Artist\u00ebve dhe Intelektual\u00ebve \u201cArt Club\u201d dhe Sht\u00ebpia Filmike \u201cKosovafilm\u201d, n\u00eb bashk\u00ebpunim me Qendr\u00ebn Kulturore t\u00eb Ulqinit, do t\u00eb organizojn\u00eb nga\",\"breadcrumb\":{\"@id\":\"https:\/\/www.visit-ulcinj.com\/blog\/2012\/06\/14\/nga-18-20-qershor-java-e-filmit-kosovar-ne-ulqin-video\/#breadcrumb\"},\"inLanguage\":\"en-US\",\"potentialAction\":[{\"@type\":\"ReadAction\",\"target\":[\"https:\/\/www.visit-ulcinj.com\/blog\/2012\/06\/14\/nga-18-20-qershor-java-e-filmit-kosovar-ne-ulqin-video\/\"]}]},{\"@type\":\"BreadcrumbList\",\"@id\":\"https:\/\/www.visit-ulcinj.com\/blog\/2012\/06\/14\/nga-18-20-qershor-java-e-filmit-kosovar-ne-ulqin-video\/#breadcrumb\",\"itemListElement\":[{\"@type\":\"ListItem\",\"position\":1,\"name\":\"Nga 18-20 qershor Java e Filmit Kosovar n\u00eb Ulqin &#8211; Video\"}]},{\"@type\":\"Person\",\"@id\":\"https:\/\/www.visit-ulcinj.com\/blog\/#\/schema\/person\/dcab619c614d3038751c63bc2aadc06d\",\"name\":\"ulqini\",\"sameAs\":[\"http:\/\/www.visit-ulcinj.com\"],\"url\":\"https:\/\/www.visit-ulcinj.com\/blog\/author\/admin\/\"}]}<\/script>\n<!-- \/ Yoast SEO plugin. -->","yoast_head_json":{"title":"Nga 18-20 qershor Java e Filmit Kosovar n\u00eb Ulqin - Video - Lajme nga Ulqini","description":"Shoqata e Artist\u00ebve dhe Intelektual\u00ebve \u201cArt Club\u201d dhe Sht\u00ebpia Filmike \u201cKosovafilm\u201d, n\u00eb bashk\u00ebpunim me Qendr\u00ebn Kulturore t\u00eb Ulqinit, do t\u00eb organizojn\u00eb nga","robots":{"index":"index","follow":"follow","max-snippet":"max-snippet:-1","max-image-preview":"max-image-preview:large","max-video-preview":"max-video-preview:-1"},"canonical":"https:\/\/www.visit-ulcinj.com\/blog\/2012\/06\/14\/nga-18-20-qershor-java-e-filmit-kosovar-ne-ulqin-video\/","og_locale":"en_US","og_type":"article","og_title":"Nga 18-20 qershor Java e Filmit Kosovar n\u00eb Ulqin - Video - Lajme nga Ulqini","og_description":"Shoqata e Artist\u00ebve dhe Intelektual\u00ebve \u201cArt Club\u201d dhe Sht\u00ebpia Filmike \u201cKosovafilm\u201d, n\u00eb bashk\u00ebpunim me Qendr\u00ebn Kulturore t\u00eb Ulqinit, do t\u00eb organizojn\u00eb nga","og_url":"https:\/\/www.visit-ulcinj.com\/blog\/2012\/06\/14\/nga-18-20-qershor-java-e-filmit-kosovar-ne-ulqin-video\/","og_site_name":"Lajme nga Ulqini","article_published_time":"2012-06-14T19:44:43+00:00","article_modified_time":"2012-06-19T07:26:35+00:00","twitter_misc":{"Written by":"ulqini","Est. reading time":"2 minutes"},"schema":{"@context":"https:\/\/schema.org","@graph":[{"@type":"WebSite","@id":"https:\/\/www.visit-ulcinj.com\/blog\/#website","url":"https:\/\/www.visit-ulcinj.com\/blog\/","name":"Lajme nga Ulqini","description":"Lajme,Vijesti,Ulqini,Ulqin,Crna Gora,Mali i Zi","potentialAction":[{"@type":"SearchAction","target":{"@type":"EntryPoint","urlTemplate":"https:\/\/www.visit-ulcinj.com\/blog\/?s={search_term_string}"},"query-input":"required name=search_term_string"}],"inLanguage":"en-US"},{"@type":"WebPage","@id":"https:\/\/www.visit-ulcinj.com\/blog\/2012\/06\/14\/nga-18-20-qershor-java-e-filmit-kosovar-ne-ulqin-video\/#webpage","url":"https:\/\/www.visit-ulcinj.com\/blog\/2012\/06\/14\/nga-18-20-qershor-java-e-filmit-kosovar-ne-ulqin-video\/","name":"Nga 18-20 qershor Java e Filmit Kosovar n\u00eb Ulqin - Video - Lajme nga Ulqini","isPartOf":{"@id":"https:\/\/www.visit-ulcinj.com\/blog\/#website"},"datePublished":"2012-06-14T19:44:43+00:00","dateModified":"2012-06-19T07:26:35+00:00","author":{"@id":"https:\/\/www.visit-ulcinj.com\/blog\/#\/schema\/person\/dcab619c614d3038751c63bc2aadc06d"},"description":"Shoqata e Artist\u00ebve dhe Intelektual\u00ebve \u201cArt Club\u201d dhe Sht\u00ebpia Filmike \u201cKosovafilm\u201d, n\u00eb bashk\u00ebpunim me Qendr\u00ebn Kulturore t\u00eb Ulqinit, do t\u00eb organizojn\u00eb nga","breadcrumb":{"@id":"https:\/\/www.visit-ulcinj.com\/blog\/2012\/06\/14\/nga-18-20-qershor-java-e-filmit-kosovar-ne-ulqin-video\/#breadcrumb"},"inLanguage":"en-US","potentialAction":[{"@type":"ReadAction","target":["https:\/\/www.visit-ulcinj.com\/blog\/2012\/06\/14\/nga-18-20-qershor-java-e-filmit-kosovar-ne-ulqin-video\/"]}]},{"@type":"BreadcrumbList","@id":"https:\/\/www.visit-ulcinj.com\/blog\/2012\/06\/14\/nga-18-20-qershor-java-e-filmit-kosovar-ne-ulqin-video\/#breadcrumb","itemListElement":[{"@type":"ListItem","position":1,"name":"Nga 18-20 qershor Java e Filmit Kosovar n\u00eb Ulqin &#8211; Video"}]},{"@type":"Person","@id":"https:\/\/www.visit-ulcinj.com\/blog\/#\/schema\/person\/dcab619c614d3038751c63bc2aadc06d","name":"ulqini","sameAs":["http:\/\/www.visit-ulcinj.com"],"url":"https:\/\/www.visit-ulcinj.com\/blog\/author\/admin\/"}]}},"jetpack_featured_media_url":"","jetpack_sharing_enabled":true,"jetpack_shortlink":"https:\/\/wp.me\/pe6lTn-g2T","_links":{"self":[{"href":"https:\/\/www.visit-ulcinj.com\/blog\/wp-json\/wp\/v2\/posts\/61683"}],"collection":[{"href":"https:\/\/www.visit-ulcinj.com\/blog\/wp-json\/wp\/v2\/posts"}],"about":[{"href":"https:\/\/www.visit-ulcinj.com\/blog\/wp-json\/wp\/v2\/types\/post"}],"author":[{"embeddable":true,"href":"https:\/\/www.visit-ulcinj.com\/blog\/wp-json\/wp\/v2\/users\/1"}],"replies":[{"embeddable":true,"href":"https:\/\/www.visit-ulcinj.com\/blog\/wp-json\/wp\/v2\/comments?post=61683"}],"version-history":[{"count":2,"href":"https:\/\/www.visit-ulcinj.com\/blog\/wp-json\/wp\/v2\/posts\/61683\/revisions"}],"predecessor-version":[{"id":61867,"href":"https:\/\/www.visit-ulcinj.com\/blog\/wp-json\/wp\/v2\/posts\/61683\/revisions\/61867"}],"wp:attachment":[{"href":"https:\/\/www.visit-ulcinj.com\/blog\/wp-json\/wp\/v2\/media?parent=61683"}],"wp:term":[{"taxonomy":"category","embeddable":true,"href":"https:\/\/www.visit-ulcinj.com\/blog\/wp-json\/wp\/v2\/categories?post=61683"},{"taxonomy":"post_tag","embeddable":true,"href":"https:\/\/www.visit-ulcinj.com\/blog\/wp-json\/wp\/v2\/tags?post=61683"}],"curies":[{"name":"wp","href":"https:\/\/api.w.org\/{rel}","templated":true}]}}