{"id":61690,"date":"2012-06-15T09:40:38","date_gmt":"2012-06-15T08:40:38","guid":{"rendered":"http:\/\/www.visit-ulcinj.com\/blog\/?p=61690"},"modified":"2012-06-17T14:15:56","modified_gmt":"2012-06-17T13:15:56","slug":"hapja-solemne-e-restaurantit-aragosta-ne-rane-ulqin","status":"publish","type":"post","link":"https:\/\/www.visit-ulcinj.com\/blog\/2012\/06\/15\/hapja-solemne-e-restaurantit-aragosta-ne-rane-ulqin\/","title":{"rendered":"Hapja solemne e restaurantit Aragosta n\u00eb Ran\u00eb &#8211; Ulqin"},"content":{"rendered":"<p><strong><a href=\"http:\/\/www.visit-ulcinj.com\/blog\/wp-content\/uploads\/2012\/06\/Hapja-solemne-e-restaurantit-Aragosta-n\u00eb-Ran\u00eb-Ulqin.jpg\"><img loading=\"lazy\" class=\"alignleft  wp-image-61691\" title=\"Hapja solemne e restaurantit Aragosta n\u00eb Ran\u00eb - Ulqin\" src=\"http:\/\/www.visit-ulcinj.com\/blog\/wp-content\/uploads\/2012\/06\/Hapja-solemne-e-restaurantit-Aragosta-n\u00eb-Ran\u00eb-Ulqin.jpg\" alt=\"\" width=\"508\" height=\"360\" \/><\/a>Luli dhe Lapi kan hapur nj\u00eb restaurant t\u00eb ri n\u00eb Ran\u00eb t\u00eb Ulqinit me emrin \u201cAragosta\u201dmu n\u00eb ish\u00eb vendin e hotelit&#8221; REPUBLIKA&#8221;.<\/strong><\/p>\n<p>Hapja solemne u b\u00eb dje \u00a0ku t\u00eb pranish\u00ebm n\u00eb k\u00ebt\u00eb hapje solemne p\u00ebrpos familjar\u00ebve ishin edhe qytetar\u00eb t\u00eb shumt\u00eb t\u00eb Ulqinit,musafir\u00eb t\u00eb ndrysh\u00ebm,si dhe p\u00ebrfaq\u00ebsues t\u00eb pushtetit lokal t\u00eb Komun\u00ebs s\u00eb Ulqinit.<\/p>\n<p>Restauranti quhet \u201cAragosta\u201d, nj\u00eb restaurant q\u00eb ekzistonte por tashm\u00eb n\u00ebn menaxhimin e dy part\u00ebner\u00ebve Lul\u00ebzim Nimani (Luli) dhe Senad Cungu (Lapi).<br \/>\n<a href=\"http:\/\/www.visit-ulcinj.com\/blog\/wp-content\/uploads\/2012\/06\/Senad-Cungu-Lapi_njeri-nga-pronaret-e-Restaurantit-Aragosta.jpg\"><img loading=\"lazy\" class=\"alignleft  wp-image-61692\" title=\"Senad Cungu (Lapi)_njeri nga pronaret e Restaurantit Aragosta\" src=\"http:\/\/www.visit-ulcinj.com\/blog\/wp-content\/uploads\/2012\/06\/Senad-Cungu-Lapi_njeri-nga-pronaret-e-Restaurantit-Aragosta.jpg\" alt=\"\" width=\"508\" height=\"300\" \/><\/a><\/p>\n<p>P\u00ebr t\u00eb gjith\u00eb ata q\u00eb e vizitojn\u00eb restaurantin n\u00eb dit\u00ebt n\u00eb vijim, specialiteti i sht\u00ebpis\u00eb do t\u00eb jet\u00eb I garantuar.<\/p>\n<p>Di\u00e7ka p\u00ebr Restaurantin Aragosta n\u00eb Ran\u00eb<\/p>\n<p>Restauranti \u201cAragosta\u201d n\u00eb Ran\u00eb ndodhet 20 metra af\u00ebr ujit t\u00eb detit n\u00eb plazhin e vog\u00ebl t\u00eb Ulqinit, dhe eshte vendi ideal per te kaluar pushimet tuaja te veres duke shijuar kuzhin\u00ebn e tyre.Gjate qendrimit tuaj ne Restaurantin \u201cAragosta\u201d do te shijoni nje kuzhine krejt ndryshe, specialitete qe pergatiten posa\u00e7erisht per ju.Ndersa te bari i Restaurantit \u201cAragosta\u201d mund te shijoni nje kafe me miqte tuaj ,ne pjesen e brendshme dhe te jashtme te tij. Restauranti \u201cAragosta\u201d \u00a0ka edhe nje parking te madh. Ne restaurantin \u201dAragosta\u201dmund te shijoni kuzhinen tradicionale shqiptare dhe ate nderkombetare. Restauranti posedon meny t\u00eb begatshme, me t\u00eb gjitha llojet e ushqimeve.<br \/>\n<a href=\"http:\/\/www.visit-ulcinj.com\/blog\/wp-content\/uploads\/2012\/06\/Hapja-solemne-e-restaurantit-Aragosta-n\u00eb-Ran\u00eb-Ulqin.1.jpg\"><img loading=\"lazy\" class=\"alignleft  wp-image-61693\" title=\"Hapja solemne e restaurantit Aragosta n\u00eb Ran\u00eb - Ulqin.1\" src=\"http:\/\/www.visit-ulcinj.com\/blog\/wp-content\/uploads\/2012\/06\/Hapja-solemne-e-restaurantit-Aragosta-n\u00eb-Ran\u00eb-Ulqin.1.jpg\" alt=\"\" width=\"508\" height=\"300\" \/><\/a><\/p>\n<p>Krenaria e Restaurantit \u201cAragosta\u201d eshte peshku i detit t\u00eb Ulqinit,ku specialitetet e detit gjenden vetem n\u00eb kete restaurant dhe qe eshte tradite dhe ve\u00e7ori gatimi i kesaj zone.Restorantet zakonisht jane te specializuara ne peshk, mish ose te dyja se bashku.<\/p>\n<p>Ne restaurantin \u201dAragosta\u201d, mund te shijosh pa fanatizem kuzhinen tradicionale shqiptare te te gjitha zonave, te nderthurur edhe me specialitetin italian, kryesisht me \u00e7mime te kenaqshme e te perballueshme.\u00a0\u00a0E ve\u00e7anta e kuzhines t\u00eb \u00a0restaurantit\u201dAragosta\u201deshte gatimi i produkteve te detit, nga peshku, kallamari, karkaleci, midhjet, e deri tek aragostat, ku pothuajse te gjitha restorantet e qytetit i kane te perfshira ne menyte e tyre.<\/p>\n<p>Ju mund te provoni gatimet me fantazi dhe shije te kuzhinierve te Aragost\u00ebs, duke vizituar edhe disa nga restorantet e qytetit t\u00eb Ulqinit. Specialitetet e tyre do i kenaqin gjithmone shijet tuaja.<\/p>\n<p><strong>Lajme nga Ulqini<\/strong><br \/>\n<!--YouTube Error: bad URL entered--><br \/>\n<a href=\"https:\/\/www.facebook.com\/media\/set\/?set=a.4194824993118.2176042.1359492972&amp;type=1\" target=\"_blank\"><strong>FOTO NGA ISMET KARAMANAGA FACEBOOK<\/strong><\/a><br \/>\n\n\t\t<style type=\"text\/css\">\n\t\t\t#gallery-1 {\n\t\t\t\tmargin: auto;\n\t\t\t}\n\t\t\t#gallery-1 .gallery-item {\n\t\t\t\tfloat: left;\n\t\t\t\tmargin-top: 10px;\n\t\t\t\ttext-align: center;\n\t\t\t\twidth: 33%;\n\t\t\t}\n\t\t\t#gallery-1 img {\n\t\t\t\tborder: 2px solid #cfcfcf;\n\t\t\t}\n\t\t\t#gallery-1 .gallery-caption {\n\t\t\t\tmargin-left: 0;\n\t\t\t}\n\t\t\t\/* see gallery_shortcode() in wp-includes\/media.php *\/\n\t\t<\/style>\n\t\t<div id='gallery-1' class='gallery galleryid-61690 gallery-columns-3 gallery-size-thumbnail'><dl class='gallery-item'>\n\t\t\t<dt class='gallery-icon landscape'>\n\t\t\t\t<a href='https:\/\/www.visit-ulcinj.com\/blog\/wp-content\/uploads\/2012\/06\/Hapja-solemne-e-restaurantit-Aragosta-n\u00eb-Ran\u00eb-Ulqin.jpg'><img width=\"150\" height=\"150\" src=\"https:\/\/www.visit-ulcinj.com\/blog\/wp-content\/uploads\/2012\/06\/Hapja-solemne-e-restaurantit-Aragosta-n\u00eb-Ran\u00eb-Ulqin-150x150.jpg\" class=\"attachment-thumbnail size-thumbnail\" alt=\"\" loading=\"lazy\" \/><\/a>\n\t\t\t<\/dt><\/dl><dl class='gallery-item'>\n\t\t\t<dt class='gallery-icon landscape'>\n\t\t\t\t<a href='https:\/\/www.visit-ulcinj.com\/blog\/wp-content\/uploads\/2012\/06\/Senad-Cungu-Lapi_njeri-nga-pronaret-e-Restaurantit-Aragosta.jpg'><img width=\"150\" height=\"150\" src=\"https:\/\/www.visit-ulcinj.com\/blog\/wp-content\/uploads\/2012\/06\/Senad-Cungu-Lapi_njeri-nga-pronaret-e-Restaurantit-Aragosta-150x150.jpg\" class=\"attachment-thumbnail size-thumbnail\" alt=\"\" loading=\"lazy\" \/><\/a>\n\t\t\t<\/dt><\/dl><dl class='gallery-item'>\n\t\t\t<dt class='gallery-icon landscape'>\n\t\t\t\t<a href='https:\/\/www.visit-ulcinj.com\/blog\/wp-content\/uploads\/2012\/06\/Hapja-solemne-e-restaurantit-Aragosta-n\u00eb-Ran\u00eb-Ulqin.1.jpg'><img width=\"150\" height=\"150\" src=\"https:\/\/www.visit-ulcinj.com\/blog\/wp-content\/uploads\/2012\/06\/Hapja-solemne-e-restaurantit-Aragosta-n\u00eb-Ran\u00eb-Ulqin.1-150x150.jpg\" class=\"attachment-thumbnail size-thumbnail\" alt=\"\" loading=\"lazy\" \/><\/a>\n\t\t\t<\/dt><\/dl><br style=\"clear: both\" \/><dl class='gallery-item'>\n\t\t\t<dt class='gallery-icon landscape'>\n\t\t\t\t<a href='https:\/\/www.visit-ulcinj.com\/blog\/wp-content\/uploads\/2012\/06\/Hapja-solemne-e-restaurantit-Aragosta-n\u00eb-Ran\u00eb-Ulqin.2.jpg'><img width=\"150\" height=\"150\" src=\"https:\/\/www.visit-ulcinj.com\/blog\/wp-content\/uploads\/2012\/06\/Hapja-solemne-e-restaurantit-Aragosta-n\u00eb-Ran\u00eb-Ulqin.2-150x150.jpg\" class=\"attachment-thumbnail size-thumbnail\" alt=\"\" loading=\"lazy\" \/><\/a>\n\t\t\t<\/dt><\/dl><dl class='gallery-item'>\n\t\t\t<dt class='gallery-icon landscape'>\n\t\t\t\t<a href='https:\/\/www.visit-ulcinj.com\/blog\/wp-content\/uploads\/2012\/06\/Hapja-solemne-e-restaurantit-Aragosta-n\u00eb-Ran\u00eb-Ulqin.3.jpg'><img width=\"150\" height=\"150\" src=\"https:\/\/www.visit-ulcinj.com\/blog\/wp-content\/uploads\/2012\/06\/Hapja-solemne-e-restaurantit-Aragosta-n\u00eb-Ran\u00eb-Ulqin.3-150x150.jpg\" class=\"attachment-thumbnail size-thumbnail\" alt=\"\" loading=\"lazy\" \/><\/a>\n\t\t\t<\/dt><\/dl><dl class='gallery-item'>\n\t\t\t<dt class='gallery-icon landscape'>\n\t\t\t\t<a href='https:\/\/www.visit-ulcinj.com\/blog\/wp-content\/uploads\/2012\/06\/Hapja-solemne-e-restaurantit-Aragosta-n\u00eb-Ran\u00eb-Ulqin.4.jpg'><img width=\"150\" height=\"150\" src=\"https:\/\/www.visit-ulcinj.com\/blog\/wp-content\/uploads\/2012\/06\/Hapja-solemne-e-restaurantit-Aragosta-n\u00eb-Ran\u00eb-Ulqin.4-150x150.jpg\" class=\"attachment-thumbnail size-thumbnail\" alt=\"\" loading=\"lazy\" \/><\/a>\n\t\t\t<\/dt><\/dl><br style=\"clear: both\" \/><dl class='gallery-item'>\n\t\t\t<dt class='gallery-icon landscape'>\n\t\t\t\t<a href='https:\/\/www.visit-ulcinj.com\/blog\/wp-content\/uploads\/2012\/06\/Hapja-solemne-e-restaurantit-Aragosta-n\u00eb-Ran\u00eb-Ulqin.5.jpg'><img width=\"150\" height=\"150\" src=\"https:\/\/www.visit-ulcinj.com\/blog\/wp-content\/uploads\/2012\/06\/Hapja-solemne-e-restaurantit-Aragosta-n\u00eb-Ran\u00eb-Ulqin.5-150x150.jpg\" class=\"attachment-thumbnail size-thumbnail\" alt=\"\" loading=\"lazy\" \/><\/a>\n\t\t\t<\/dt><\/dl><dl class='gallery-item'>\n\t\t\t<dt class='gallery-icon landscape'>\n\t\t\t\t<a href='https:\/\/www.visit-ulcinj.com\/blog\/wp-content\/uploads\/2012\/06\/Hapja-solemne-e-restaurantit-Aragosta-n\u00eb-Ran\u00eb-Ulqin.6.jpg'><img width=\"150\" height=\"150\" src=\"https:\/\/www.visit-ulcinj.com\/blog\/wp-content\/uploads\/2012\/06\/Hapja-solemne-e-restaurantit-Aragosta-n\u00eb-Ran\u00eb-Ulqin.6-150x150.jpg\" class=\"attachment-thumbnail size-thumbnail\" alt=\"\" loading=\"lazy\" \/><\/a>\n\t\t\t<\/dt><\/dl><dl class='gallery-item'>\n\t\t\t<dt class='gallery-icon landscape'>\n\t\t\t\t<a href='https:\/\/www.visit-ulcinj.com\/blog\/wp-content\/uploads\/2012\/06\/Hapja-solemne-e-restaurantit-Aragosta-n\u00eb-Ran\u00eb-Ulqin.7.jpg'><img width=\"150\" height=\"150\" src=\"https:\/\/www.visit-ulcinj.com\/blog\/wp-content\/uploads\/2012\/06\/Hapja-solemne-e-restaurantit-Aragosta-n\u00eb-Ran\u00eb-Ulqin.7-150x150.jpg\" class=\"attachment-thumbnail size-thumbnail\" alt=\"\" loading=\"lazy\" \/><\/a>\n\t\t\t<\/dt><\/dl><br style=\"clear: both\" \/><dl class='gallery-item'>\n\t\t\t<dt class='gallery-icon landscape'>\n\t\t\t\t<a href='https:\/\/www.visit-ulcinj.com\/blog\/wp-content\/uploads\/2012\/06\/Hapja-solemne-e-restaurantit-Aragosta-n\u00eb-Ran\u00eb-Ulqin.8.jpg'><img width=\"150\" height=\"150\" src=\"https:\/\/www.visit-ulcinj.com\/blog\/wp-content\/uploads\/2012\/06\/Hapja-solemne-e-restaurantit-Aragosta-n\u00eb-Ran\u00eb-Ulqin.8-150x150.jpg\" class=\"attachment-thumbnail size-thumbnail\" alt=\"\" loading=\"lazy\" \/><\/a>\n\t\t\t<\/dt><\/dl><dl class='gallery-item'>\n\t\t\t<dt class='gallery-icon landscape'>\n\t\t\t\t<a href='https:\/\/www.visit-ulcinj.com\/blog\/wp-content\/uploads\/2012\/06\/Hapja-solemne-e-restaurantit-Aragosta-n\u00eb-Ran\u00eb-Ulqin.9.jpg'><img width=\"150\" height=\"150\" src=\"https:\/\/www.visit-ulcinj.com\/blog\/wp-content\/uploads\/2012\/06\/Hapja-solemne-e-restaurantit-Aragosta-n\u00eb-Ran\u00eb-Ulqin.9-150x150.jpg\" class=\"attachment-thumbnail size-thumbnail\" alt=\"\" loading=\"lazy\" \/><\/a>\n\t\t\t<\/dt><\/dl><dl class='gallery-item'>\n\t\t\t<dt class='gallery-icon landscape'>\n\t\t\t\t<a href='https:\/\/www.visit-ulcinj.com\/blog\/wp-content\/uploads\/2012\/06\/Hapja-solemne-e-restaurantit-Aragosta-n\u00eb-Ran\u00eb-Ulqin.10.jpg'><img width=\"150\" height=\"150\" src=\"https:\/\/www.visit-ulcinj.com\/blog\/wp-content\/uploads\/2012\/06\/Hapja-solemne-e-restaurantit-Aragosta-n\u00eb-Ran\u00eb-Ulqin.10-150x150.jpg\" class=\"attachment-thumbnail size-thumbnail\" alt=\"\" loading=\"lazy\" \/><\/a>\n\t\t\t<\/dt><\/dl><br style=\"clear: both\" \/><dl class='gallery-item'>\n\t\t\t<dt class='gallery-icon landscape'>\n\t\t\t\t<a href='https:\/\/www.visit-ulcinj.com\/blog\/wp-content\/uploads\/2012\/06\/Hapja-solemne-e-restaurantit-Aragosta-n\u00eb-Ran\u00eb-Ulqin.11.jpg'><img width=\"150\" height=\"150\" src=\"https:\/\/www.visit-ulcinj.com\/blog\/wp-content\/uploads\/2012\/06\/Hapja-solemne-e-restaurantit-Aragosta-n\u00eb-Ran\u00eb-Ulqin.11-150x150.jpg\" class=\"attachment-thumbnail size-thumbnail\" alt=\"\" loading=\"lazy\" \/><\/a>\n\t\t\t<\/dt><\/dl><dl class='gallery-item'>\n\t\t\t<dt class='gallery-icon landscape'>\n\t\t\t\t<a href='https:\/\/www.visit-ulcinj.com\/blog\/wp-content\/uploads\/2012\/06\/Hapja-solemne-e-restaurantit-Aragosta-n\u00eb-Ran\u00eb-Ulqin.12.jpg'><img width=\"150\" height=\"150\" src=\"https:\/\/www.visit-ulcinj.com\/blog\/wp-content\/uploads\/2012\/06\/Hapja-solemne-e-restaurantit-Aragosta-n\u00eb-Ran\u00eb-Ulqin.12-150x150.jpg\" class=\"attachment-thumbnail size-thumbnail\" alt=\"\" loading=\"lazy\" \/><\/a>\n\t\t\t<\/dt><\/dl><dl class='gallery-item'>\n\t\t\t<dt class='gallery-icon landscape'>\n\t\t\t\t<a href='https:\/\/www.visit-ulcinj.com\/blog\/wp-content\/uploads\/2012\/06\/Hapja-solemne-e-restaurantit-Aragosta-n\u00eb-Ran\u00eb-Ulqin.13.jpg'><img width=\"150\" height=\"150\" src=\"https:\/\/www.visit-ulcinj.com\/blog\/wp-content\/uploads\/2012\/06\/Hapja-solemne-e-restaurantit-Aragosta-n\u00eb-Ran\u00eb-Ulqin.13-150x150.jpg\" class=\"attachment-thumbnail size-thumbnail\" alt=\"\" loading=\"lazy\" \/><\/a>\n\t\t\t<\/dt><\/dl><br style=\"clear: both\" \/>\n\t\t<\/div>\n<\/p>\n<p>&nbsp;<\/p>\n","protected":false},"excerpt":{"rendered":"<p>Luli dhe Lapi kan hapur nj\u00eb restaurant t\u00eb ri n\u00eb Ran\u00eb t\u00eb Ulqinit me emrin \u201cAragosta\u201dmu n\u00eb ish\u00eb vendin e hotelit&#8221; REPUBLIKA&#8221;. Hapja solemne u b\u00eb dje \u00a0ku t\u00eb pranish\u00ebm n\u00eb k\u00ebt\u00eb hapje solemne p\u00ebrpos familjar\u00ebve ishin edhe qytetar\u00eb t\u00eb shumt\u00eb t\u00eb Ulqinit,musafir\u00eb t\u00eb ndrysh\u00ebm,si dhe p\u00ebrfaq\u00ebsues t\u00eb pushtetit lokal t\u00eb Komun\u00ebs s\u00eb Ulqinit. Restauranti [&hellip;]<\/p>\n","protected":false},"author":1,"featured_media":0,"comment_status":"open","ping_status":"closed","sticky":false,"template":"","format":"standard","meta":{"spay_email":"","jetpack_publicize_message":"","jetpack_is_tweetstorm":false,"jetpack_publicize_feature_enabled":true},"categories":[1,6950],"tags":[17551,20670,20669,20671,20668,20667,200,18],"jetpack_publicize_connections":[],"yoast_head":"<!-- This site is optimized with the Yoast SEO plugin v19.1 - https:\/\/yoast.com\/wordpress\/plugins\/seo\/ -->\n<title>Hapja solemne e restaurantit Aragosta n\u00eb Ran\u00eb - Ulqin - Lajme nga Ulqini<\/title>\n<meta name=\"description\" content=\"Luli dhe Lapi kan hapur nj\u00eb restaurant t\u00eb ri n\u00eb Ran\u00eb t\u00eb Ulqinit me emrin \u201cAragosta\u201dmu n\u00eb ish\u00eb vendin e hotelit&quot; REPUBLIKA&quot;. Hapja solemne u b\u00eb dje \u00a0ku t\u00eb\" \/>\n<meta name=\"robots\" content=\"index, follow, max-snippet:-1, max-image-preview:large, max-video-preview:-1\" \/>\n<link rel=\"canonical\" href=\"https:\/\/www.visit-ulcinj.com\/blog\/2012\/06\/15\/hapja-solemne-e-restaurantit-aragosta-ne-rane-ulqin\/\" \/>\n<meta property=\"og:locale\" content=\"en_US\" \/>\n<meta property=\"og:type\" content=\"article\" \/>\n<meta property=\"og:title\" content=\"Hapja solemne e restaurantit Aragosta n\u00eb Ran\u00eb - Ulqin - Lajme nga Ulqini\" \/>\n<meta property=\"og:description\" content=\"Luli dhe Lapi kan hapur nj\u00eb restaurant t\u00eb ri n\u00eb Ran\u00eb t\u00eb Ulqinit me emrin \u201cAragosta\u201dmu n\u00eb ish\u00eb vendin e hotelit&quot; REPUBLIKA&quot;. Hapja solemne u b\u00eb dje \u00a0ku t\u00eb\" \/>\n<meta property=\"og:url\" content=\"https:\/\/www.visit-ulcinj.com\/blog\/2012\/06\/15\/hapja-solemne-e-restaurantit-aragosta-ne-rane-ulqin\/\" \/>\n<meta property=\"og:site_name\" content=\"Lajme nga Ulqini\" \/>\n<meta property=\"article:published_time\" content=\"2012-06-15T08:40:38+00:00\" \/>\n<meta property=\"article:modified_time\" content=\"2012-06-17T13:15:56+00:00\" \/>\n<meta property=\"og:image\" content=\"https:\/\/www.visit-ulcinj.com\/blog\/wp-content\/uploads\/2012\/06\/Hapja-solemne-e-restaurantit-Aragosta-n\u00eb-Ran\u00eb-Ulqin-150x150.jpg\" \/>\n<meta name=\"twitter:label1\" content=\"Written by\" \/>\n\t<meta name=\"twitter:data1\" content=\"ulqini\" \/>\n\t<meta name=\"twitter:label2\" content=\"Est. reading time\" \/>\n\t<meta name=\"twitter:data2\" content=\"2 minutes\" \/>\n<script type=\"application\/ld+json\" class=\"yoast-schema-graph\">{\"@context\":\"https:\/\/schema.org\",\"@graph\":[{\"@type\":\"WebSite\",\"@id\":\"https:\/\/www.visit-ulcinj.com\/blog\/#website\",\"url\":\"https:\/\/www.visit-ulcinj.com\/blog\/\",\"name\":\"Lajme nga Ulqini\",\"description\":\"Lajme,Vijesti,Ulqini,Ulqin,Crna Gora,Mali i Zi\",\"potentialAction\":[{\"@type\":\"SearchAction\",\"target\":{\"@type\":\"EntryPoint\",\"urlTemplate\":\"https:\/\/www.visit-ulcinj.com\/blog\/?s={search_term_string}\"},\"query-input\":\"required name=search_term_string\"}],\"inLanguage\":\"en-US\"},{\"@type\":\"ImageObject\",\"inLanguage\":\"en-US\",\"@id\":\"https:\/\/www.visit-ulcinj.com\/blog\/2012\/06\/15\/hapja-solemne-e-restaurantit-aragosta-ne-rane-ulqin\/#primaryimage\",\"url\":\"https:\/\/www.visit-ulcinj.com\/blog\/wp-content\/uploads\/2012\/06\/Senad-Cungu-Lapi_njeri-nga-pronaret-e-Restaurantit-Aragosta.jpg\",\"contentUrl\":\"https:\/\/www.visit-ulcinj.com\/blog\/wp-content\/uploads\/2012\/06\/Senad-Cungu-Lapi_njeri-nga-pronaret-e-Restaurantit-Aragosta.jpg\",\"width\":\"960\",\"height\":\"720\"},{\"@type\":\"WebPage\",\"@id\":\"https:\/\/www.visit-ulcinj.com\/blog\/2012\/06\/15\/hapja-solemne-e-restaurantit-aragosta-ne-rane-ulqin\/#webpage\",\"url\":\"https:\/\/www.visit-ulcinj.com\/blog\/2012\/06\/15\/hapja-solemne-e-restaurantit-aragosta-ne-rane-ulqin\/\",\"name\":\"Hapja solemne e restaurantit Aragosta n\u00eb Ran\u00eb - Ulqin - Lajme nga Ulqini\",\"isPartOf\":{\"@id\":\"https:\/\/www.visit-ulcinj.com\/blog\/#website\"},\"primaryImageOfPage\":{\"@id\":\"https:\/\/www.visit-ulcinj.com\/blog\/2012\/06\/15\/hapja-solemne-e-restaurantit-aragosta-ne-rane-ulqin\/#primaryimage\"},\"datePublished\":\"2012-06-15T08:40:38+00:00\",\"dateModified\":\"2012-06-17T13:15:56+00:00\",\"author\":{\"@id\":\"https:\/\/www.visit-ulcinj.com\/blog\/#\/schema\/person\/dcab619c614d3038751c63bc2aadc06d\"},\"description\":\"Luli dhe Lapi kan hapur nj\u00eb restaurant t\u00eb ri n\u00eb Ran\u00eb t\u00eb Ulqinit me emrin \u201cAragosta\u201dmu n\u00eb ish\u00eb vendin e hotelit\\\" REPUBLIKA\\\". Hapja solemne u b\u00eb dje \u00a0ku t\u00eb\",\"breadcrumb\":{\"@id\":\"https:\/\/www.visit-ulcinj.com\/blog\/2012\/06\/15\/hapja-solemne-e-restaurantit-aragosta-ne-rane-ulqin\/#breadcrumb\"},\"inLanguage\":\"en-US\",\"potentialAction\":[{\"@type\":\"ReadAction\",\"target\":[\"https:\/\/www.visit-ulcinj.com\/blog\/2012\/06\/15\/hapja-solemne-e-restaurantit-aragosta-ne-rane-ulqin\/\"]}]},{\"@type\":\"BreadcrumbList\",\"@id\":\"https:\/\/www.visit-ulcinj.com\/blog\/2012\/06\/15\/hapja-solemne-e-restaurantit-aragosta-ne-rane-ulqin\/#breadcrumb\",\"itemListElement\":[{\"@type\":\"ListItem\",\"position\":1,\"name\":\"Hapja solemne e restaurantit Aragosta n\u00eb Ran\u00eb &#8211; Ulqin\"}]},{\"@type\":\"Person\",\"@id\":\"https:\/\/www.visit-ulcinj.com\/blog\/#\/schema\/person\/dcab619c614d3038751c63bc2aadc06d\",\"name\":\"ulqini\",\"sameAs\":[\"http:\/\/www.visit-ulcinj.com\"],\"url\":\"https:\/\/www.visit-ulcinj.com\/blog\/author\/admin\/\"}]}<\/script>\n<!-- \/ Yoast SEO plugin. -->","yoast_head_json":{"title":"Hapja solemne e restaurantit Aragosta n\u00eb Ran\u00eb - Ulqin - Lajme nga Ulqini","description":"Luli dhe Lapi kan hapur nj\u00eb restaurant t\u00eb ri n\u00eb Ran\u00eb t\u00eb Ulqinit me emrin \u201cAragosta\u201dmu n\u00eb ish\u00eb vendin e hotelit\" REPUBLIKA\". Hapja solemne u b\u00eb dje \u00a0ku t\u00eb","robots":{"index":"index","follow":"follow","max-snippet":"max-snippet:-1","max-image-preview":"max-image-preview:large","max-video-preview":"max-video-preview:-1"},"canonical":"https:\/\/www.visit-ulcinj.com\/blog\/2012\/06\/15\/hapja-solemne-e-restaurantit-aragosta-ne-rane-ulqin\/","og_locale":"en_US","og_type":"article","og_title":"Hapja solemne e restaurantit Aragosta n\u00eb Ran\u00eb - Ulqin - Lajme nga Ulqini","og_description":"Luli dhe Lapi kan hapur nj\u00eb restaurant t\u00eb ri n\u00eb Ran\u00eb t\u00eb Ulqinit me emrin \u201cAragosta\u201dmu n\u00eb ish\u00eb vendin e hotelit\" REPUBLIKA\". Hapja solemne u b\u00eb dje \u00a0ku t\u00eb","og_url":"https:\/\/www.visit-ulcinj.com\/blog\/2012\/06\/15\/hapja-solemne-e-restaurantit-aragosta-ne-rane-ulqin\/","og_site_name":"Lajme nga Ulqini","article_published_time":"2012-06-15T08:40:38+00:00","article_modified_time":"2012-06-17T13:15:56+00:00","og_image":[{"url":"https:\/\/www.visit-ulcinj.com\/blog\/wp-content\/uploads\/2012\/06\/Hapja-solemne-e-restaurantit-Aragosta-n\u00eb-Ran\u00eb-Ulqin-150x150.jpg"}],"twitter_misc":{"Written by":"ulqini","Est. reading time":"2 minutes"},"schema":{"@context":"https:\/\/schema.org","@graph":[{"@type":"WebSite","@id":"https:\/\/www.visit-ulcinj.com\/blog\/#website","url":"https:\/\/www.visit-ulcinj.com\/blog\/","name":"Lajme nga Ulqini","description":"Lajme,Vijesti,Ulqini,Ulqin,Crna Gora,Mali i Zi","potentialAction":[{"@type":"SearchAction","target":{"@type":"EntryPoint","urlTemplate":"https:\/\/www.visit-ulcinj.com\/blog\/?s={search_term_string}"},"query-input":"required name=search_term_string"}],"inLanguage":"en-US"},{"@type":"ImageObject","inLanguage":"en-US","@id":"https:\/\/www.visit-ulcinj.com\/blog\/2012\/06\/15\/hapja-solemne-e-restaurantit-aragosta-ne-rane-ulqin\/#primaryimage","url":"https:\/\/www.visit-ulcinj.com\/blog\/wp-content\/uploads\/2012\/06\/Senad-Cungu-Lapi_njeri-nga-pronaret-e-Restaurantit-Aragosta.jpg","contentUrl":"https:\/\/www.visit-ulcinj.com\/blog\/wp-content\/uploads\/2012\/06\/Senad-Cungu-Lapi_njeri-nga-pronaret-e-Restaurantit-Aragosta.jpg","width":"960","height":"720"},{"@type":"WebPage","@id":"https:\/\/www.visit-ulcinj.com\/blog\/2012\/06\/15\/hapja-solemne-e-restaurantit-aragosta-ne-rane-ulqin\/#webpage","url":"https:\/\/www.visit-ulcinj.com\/blog\/2012\/06\/15\/hapja-solemne-e-restaurantit-aragosta-ne-rane-ulqin\/","name":"Hapja solemne e restaurantit Aragosta n\u00eb Ran\u00eb - Ulqin - Lajme nga Ulqini","isPartOf":{"@id":"https:\/\/www.visit-ulcinj.com\/blog\/#website"},"primaryImageOfPage":{"@id":"https:\/\/www.visit-ulcinj.com\/blog\/2012\/06\/15\/hapja-solemne-e-restaurantit-aragosta-ne-rane-ulqin\/#primaryimage"},"datePublished":"2012-06-15T08:40:38+00:00","dateModified":"2012-06-17T13:15:56+00:00","author":{"@id":"https:\/\/www.visit-ulcinj.com\/blog\/#\/schema\/person\/dcab619c614d3038751c63bc2aadc06d"},"description":"Luli dhe Lapi kan hapur nj\u00eb restaurant t\u00eb ri n\u00eb Ran\u00eb t\u00eb Ulqinit me emrin \u201cAragosta\u201dmu n\u00eb ish\u00eb vendin e hotelit\" REPUBLIKA\". Hapja solemne u b\u00eb dje \u00a0ku t\u00eb","breadcrumb":{"@id":"https:\/\/www.visit-ulcinj.com\/blog\/2012\/06\/15\/hapja-solemne-e-restaurantit-aragosta-ne-rane-ulqin\/#breadcrumb"},"inLanguage":"en-US","potentialAction":[{"@type":"ReadAction","target":["https:\/\/www.visit-ulcinj.com\/blog\/2012\/06\/15\/hapja-solemne-e-restaurantit-aragosta-ne-rane-ulqin\/"]}]},{"@type":"BreadcrumbList","@id":"https:\/\/www.visit-ulcinj.com\/blog\/2012\/06\/15\/hapja-solemne-e-restaurantit-aragosta-ne-rane-ulqin\/#breadcrumb","itemListElement":[{"@type":"ListItem","position":1,"name":"Hapja solemne e restaurantit Aragosta n\u00eb Ran\u00eb &#8211; Ulqin"}]},{"@type":"Person","@id":"https:\/\/www.visit-ulcinj.com\/blog\/#\/schema\/person\/dcab619c614d3038751c63bc2aadc06d","name":"ulqini","sameAs":["http:\/\/www.visit-ulcinj.com"],"url":"https:\/\/www.visit-ulcinj.com\/blog\/author\/admin\/"}]}},"jetpack_featured_media_url":"","jetpack_sharing_enabled":true,"jetpack_shortlink":"https:\/\/wp.me\/pe6lTn-g30","_links":{"self":[{"href":"https:\/\/www.visit-ulcinj.com\/blog\/wp-json\/wp\/v2\/posts\/61690"}],"collection":[{"href":"https:\/\/www.visit-ulcinj.com\/blog\/wp-json\/wp\/v2\/posts"}],"about":[{"href":"https:\/\/www.visit-ulcinj.com\/blog\/wp-json\/wp\/v2\/types\/post"}],"author":[{"embeddable":true,"href":"https:\/\/www.visit-ulcinj.com\/blog\/wp-json\/wp\/v2\/users\/1"}],"replies":[{"embeddable":true,"href":"https:\/\/www.visit-ulcinj.com\/blog\/wp-json\/wp\/v2\/comments?post=61690"}],"version-history":[{"count":6,"href":"https:\/\/www.visit-ulcinj.com\/blog\/wp-json\/wp\/v2\/posts\/61690\/revisions"}],"predecessor-version":[{"id":61707,"href":"https:\/\/www.visit-ulcinj.com\/blog\/wp-json\/wp\/v2\/posts\/61690\/revisions\/61707"}],"wp:attachment":[{"href":"https:\/\/www.visit-ulcinj.com\/blog\/wp-json\/wp\/v2\/media?parent=61690"}],"wp:term":[{"taxonomy":"category","embeddable":true,"href":"https:\/\/www.visit-ulcinj.com\/blog\/wp-json\/wp\/v2\/categories?post=61690"},{"taxonomy":"post_tag","embeddable":true,"href":"https:\/\/www.visit-ulcinj.com\/blog\/wp-json\/wp\/v2\/tags?post=61690"}],"curies":[{"name":"wp","href":"https:\/\/api.w.org\/{rel}","templated":true}]}}