{"id":61713,"date":"2012-06-15T15:31:33","date_gmt":"2012-06-15T14:31:33","guid":{"rendered":"http:\/\/www.visit-ulcinj.com\/blog\/?p=61713"},"modified":"2012-06-15T15:33:49","modified_gmt":"2012-06-15T14:33:49","slug":"martina-ivezaj-krenare-ne-garen-miss-world-2012-foto","status":"publish","type":"post","link":"https:\/\/www.visit-ulcinj.com\/blog\/2012\/06\/15\/martina-ivezaj-krenare-ne-garen-miss-world-2012-foto\/","title":{"rendered":"Martina Ivezaj krenare n\u00eb gar\u00ebn Miss World 2012 + Foto"},"content":{"rendered":"<p><a href=\"http:\/\/www.visit-ulcinj.com\/blog\/wp-content\/uploads\/2012\/06\/Martina-Ivezaj_Miss-World-Germany-2012.1.jpg\"><img loading=\"lazy\" class=\"alignleft  wp-image-61714\" title=\"Martina Ivezaj_Miss World Germany 2012.1\" src=\"http:\/\/www.visit-ulcinj.com\/blog\/wp-content\/uploads\/2012\/06\/Martina-Ivezaj_Miss-World-Germany-2012.1.jpg\" alt=\"\" width=\"350\" height=\"450\" \/><\/a>N\u00eb nj\u00eb intervist\u00eb p\u00ebr mediat shqiptare, bukuroshja shqiptare nga Mali i Zi, Martina Ivezaj me plot krenari rr\u00ebfen biografin\u00eb e saj me prejardhje nga Tuzi, vend t\u00eb cilin ajo e viziton \u00e7do vit, edhe pse e lindur dhe e rritur n\u00eb Gjermani.<\/p>\n<p>Bukuroshja nga Mal\u00ebsia e lindur dhe rritur n\u00eb Gjermani, Martina Ivezaj do ta p\u00ebrfaq\u00ebsoj\u00eb Gjermanin\u00eb n\u00eb gar\u00ebn Miss World 2012. Ajo ka th\u00ebn\u00eb se ndihet krenare q\u00eb si shqiptare merr pjes\u00eb n\u00eb k\u00ebt\u00eb gar\u00eb.<\/p>\n<p>N\u00eb nj\u00eb intervist\u00eb p\u00ebr mediat shqiptare, bukuroshja shqiptare nga Mali i Zi, Martina Ivezaj me plot krenari rr\u00ebfen biografin\u00eb e saj me prejardhje nga Tuzi, vend t\u00eb cilin ajo e viziton \u00e7do vit, edhe pse e lindur dhe e rritur n\u00eb Gjermani.<\/p>\n<p>Martina Ivezaj q\u00eb po \u00e7mend gjerman\u00ebt, k\u00ebt\u00eb vit ka arritur majat e suksesit t\u00eb saj. Ajo do ta p\u00ebrfaq\u00ebsoj\u00eb Gjermanin\u00eb n\u00eb \u2018Miss World 2012\u2019 ,duke u b\u00ebr\u00eb k\u00ebshtu edhe shqiptarja e par\u00eb e cila p\u00ebrfaq\u00ebson nj\u00eb vend t\u00eb huaj n\u00eb spektaklin m\u00eb t\u00eb madh t\u00eb bukuris\u00eb.<\/p>\n<p>\u201dN\u00eb Tuz shkoj \u00e7do vit, atje kam t\u00eb af\u00ebrmit q\u00eb m\u00eb p\u00ebrkrahin gjithmon\u00eb. Ndihem krenare q\u00eb jam shqiptare dhe t\u00eb gjith\u00eb e din\u00eb k\u00ebt\u00eb n\u00eb Gjermani\u201d tha Martina,duke shtuar: \u201cN\u00eb Kin\u00eb un\u00eb do t\u00eb p\u00ebrfaq\u00ebsoj Gjermanin\u00eb si shqiptare, do t\u00eb jap maksimumin, t\u2019i b\u00ebj t\u00eb gjith\u00eb shqiptaret t\u00eb ndihen krenar\u00eb\u201d, ka shtuar Martina.<br \/>\n<a href=\"http:\/\/www.visit-ulcinj.com\/blog\/wp-content\/uploads\/2012\/06\/Martina-Ivezaj_Miss-World-Germany-2012.jpg\"><img loading=\"lazy\" class=\"alignleft  wp-image-61715\" title=\"Martina Ivezaj_Miss World Germany 2012\" src=\"http:\/\/www.visit-ulcinj.com\/blog\/wp-content\/uploads\/2012\/06\/Martina-Ivezaj_Miss-World-Germany-2012.jpg\" alt=\"\" width=\"508\" height=\"300\" \/><\/a><br \/>\nN\u00eb vitin 2010 Martina ishte shpallur \u201dMiss Tuning\u201d dhe realizoi kalendarin e par\u00eb personal me foto n\u00eb bikini nga nj\u00eb agjension britanik, nd\u00ebrsa tani p\u00ebrzgjidhet m\u00eb e bukura e Gjermanis\u00eb. K\u00ebt\u00eb sukses thot\u00eb se e ka arritur duke qen\u00eb vetvetja, me \u00e7\u2019 rast ajo edhe porositi t\u00eb gjitha femrat shqiptare:\u201dJini vetvetja, ashtu si\u00e7 jeni\u201d.<br \/>\n<a href=\"http:\/\/www.visit-ulcinj.com\/blog\/wp-content\/uploads\/2012\/06\/Martina-Ivezaj-krenare-n\u00eb-gar\u00ebn-Miss-World-2012.jpg\"><img loading=\"lazy\" class=\"alignleft  wp-image-61716\" title=\"Martina Ivezaj krenare n\u00eb gar\u00ebn Miss World 2012\" src=\"http:\/\/www.visit-ulcinj.com\/blog\/wp-content\/uploads\/2012\/06\/Martina-Ivezaj-krenare-n\u00eb-gar\u00ebn-Miss-World-2012.jpg\" alt=\"\" width=\"508\" height=\"300\" \/><\/a><br \/>\nMartina, e cila koh\u00eb m\u00eb par\u00eb kishte dh\u00ebn\u00eb intervist\u00eb p\u00ebr gazet\u00ebn Express, ka shtuar se ndjehet e lumtur dhe krenare q\u00eb si shqiptare do t\u00eb marr\u00eb pjes\u00eb n\u00eb k\u00ebt\u00eb gar\u00eb bukurie, duke e p\u00ebrfaq\u00ebsuar shtetin ku ajo jeton &#8211; Gjermanin\u00eb.<\/p>\n<p>Spektakli m\u00eb i madh i bukuris\u00eb \u201cMiss World 2012\u201d k\u00ebt\u00eb vit do t\u00eb mbahet m\u00eb 18 gusht n\u00eb Kin\u00eb.<\/p>\n<p>Shqiptar\u00ebt dhe gjerman\u00ebt tanim\u00eb e kan\u00eb favoriten e tyre Miss-in e Gjermanis\u00eb, Martina Ivezaj.<\/p>\n\n","protected":false},"excerpt":{"rendered":"<p>N\u00eb nj\u00eb intervist\u00eb p\u00ebr mediat shqiptare, bukuroshja shqiptare nga Mali i Zi, Martina Ivezaj me plot krenari rr\u00ebfen biografin\u00eb e saj me prejardhje nga Tuzi, vend t\u00eb cilin ajo e viziton \u00e7do vit, edhe pse e lindur dhe e rritur n\u00eb Gjermani. Bukuroshja nga Mal\u00ebsia e lindur dhe rritur n\u00eb Gjermani, Martina Ivezaj do ta [&hellip;]<\/p>\n","protected":false},"author":1,"featured_media":0,"comment_status":"open","ping_status":"closed","sticky":false,"template":"","format":"standard","meta":{"spay_email":"","jetpack_publicize_message":"","jetpack_is_tweetstorm":false,"jetpack_publicize_feature_enabled":true},"categories":[1],"tags":[15678,7721,20672,201],"jetpack_publicize_connections":[],"yoast_head":"<!-- This site is optimized with the Yoast SEO plugin v19.1 - https:\/\/yoast.com\/wordpress\/plugins\/seo\/ -->\n<title>Martina Ivezaj krenare n\u00eb gar\u00ebn Miss World 2012 + Foto - Lajme nga Ulqini<\/title>\n<meta name=\"description\" content=\"N\u00eb nj\u00eb intervist\u00eb p\u00ebr mediat shqiptare, bukuroshja shqiptare nga Mali i Zi, Martina Ivezaj me plot krenari rr\u00ebfen biografin\u00eb e saj me prejardhje nga Tuzi,\" \/>\n<meta name=\"robots\" content=\"index, follow, max-snippet:-1, max-image-preview:large, max-video-preview:-1\" \/>\n<link rel=\"canonical\" href=\"https:\/\/www.visit-ulcinj.com\/blog\/2012\/06\/15\/martina-ivezaj-krenare-ne-garen-miss-world-2012-foto\/\" \/>\n<meta property=\"og:locale\" content=\"en_US\" \/>\n<meta property=\"og:type\" content=\"article\" \/>\n<meta property=\"og:title\" content=\"Martina Ivezaj krenare n\u00eb gar\u00ebn Miss World 2012 + Foto - Lajme nga Ulqini\" \/>\n<meta property=\"og:description\" content=\"N\u00eb nj\u00eb intervist\u00eb p\u00ebr mediat shqiptare, bukuroshja shqiptare nga Mali i Zi, Martina Ivezaj me plot krenari rr\u00ebfen biografin\u00eb e saj me prejardhje nga Tuzi,\" \/>\n<meta property=\"og:url\" content=\"https:\/\/www.visit-ulcinj.com\/blog\/2012\/06\/15\/martina-ivezaj-krenare-ne-garen-miss-world-2012-foto\/\" \/>\n<meta property=\"og:site_name\" content=\"Lajme nga Ulqini\" \/>\n<meta property=\"article:published_time\" content=\"2012-06-15T14:31:33+00:00\" \/>\n<meta property=\"article:modified_time\" content=\"2012-06-15T14:33:49+00:00\" \/>\n<meta property=\"og:image\" content=\"https:\/\/www.visit-ulcinj.com\/blog\/wp-content\/uploads\/2012\/06\/Martina-Ivezaj_Miss-World-Germany-2012.1-150x150.jpg\" \/>\n<meta name=\"twitter:label1\" content=\"Written by\" \/>\n\t<meta name=\"twitter:data1\" content=\"ulqini\" \/>\n\t<meta name=\"twitter:label2\" content=\"Est. reading time\" \/>\n\t<meta name=\"twitter:data2\" content=\"2 minutes\" \/>\n<script type=\"application\/ld+json\" class=\"yoast-schema-graph\">{\"@context\":\"https:\/\/schema.org\",\"@graph\":[{\"@type\":\"WebSite\",\"@id\":\"https:\/\/www.visit-ulcinj.com\/blog\/#website\",\"url\":\"https:\/\/www.visit-ulcinj.com\/blog\/\",\"name\":\"Lajme nga Ulqini\",\"description\":\"Lajme,Vijesti,Ulqini,Ulqin,Crna Gora,Mali i Zi\",\"potentialAction\":[{\"@type\":\"SearchAction\",\"target\":{\"@type\":\"EntryPoint\",\"urlTemplate\":\"https:\/\/www.visit-ulcinj.com\/blog\/?s={search_term_string}\"},\"query-input\":\"required name=search_term_string\"}],\"inLanguage\":\"en-US\"},{\"@type\":\"ImageObject\",\"inLanguage\":\"en-US\",\"@id\":\"https:\/\/www.visit-ulcinj.com\/blog\/2012\/06\/15\/martina-ivezaj-krenare-ne-garen-miss-world-2012-foto\/#primaryimage\",\"url\":\"http:\/\/www.visit-ulcinj.com\/blog\/wp-content\/uploads\/2012\/06\/Martina-Ivezaj_Miss-World-Germany-2012.1.jpg\",\"contentUrl\":\"http:\/\/www.visit-ulcinj.com\/blog\/wp-content\/uploads\/2012\/06\/Martina-Ivezaj_Miss-World-Germany-2012.1.jpg\"},{\"@type\":\"WebPage\",\"@id\":\"https:\/\/www.visit-ulcinj.com\/blog\/2012\/06\/15\/martina-ivezaj-krenare-ne-garen-miss-world-2012-foto\/#webpage\",\"url\":\"https:\/\/www.visit-ulcinj.com\/blog\/2012\/06\/15\/martina-ivezaj-krenare-ne-garen-miss-world-2012-foto\/\",\"name\":\"Martina Ivezaj krenare n\u00eb gar\u00ebn Miss World 2012 + Foto - Lajme nga Ulqini\",\"isPartOf\":{\"@id\":\"https:\/\/www.visit-ulcinj.com\/blog\/#website\"},\"primaryImageOfPage\":{\"@id\":\"https:\/\/www.visit-ulcinj.com\/blog\/2012\/06\/15\/martina-ivezaj-krenare-ne-garen-miss-world-2012-foto\/#primaryimage\"},\"datePublished\":\"2012-06-15T14:31:33+00:00\",\"dateModified\":\"2012-06-15T14:33:49+00:00\",\"author\":{\"@id\":\"https:\/\/www.visit-ulcinj.com\/blog\/#\/schema\/person\/dcab619c614d3038751c63bc2aadc06d\"},\"description\":\"N\u00eb nj\u00eb intervist\u00eb p\u00ebr mediat shqiptare, bukuroshja shqiptare nga Mali i Zi, Martina Ivezaj me plot krenari rr\u00ebfen biografin\u00eb e saj me prejardhje nga Tuzi,\",\"breadcrumb\":{\"@id\":\"https:\/\/www.visit-ulcinj.com\/blog\/2012\/06\/15\/martina-ivezaj-krenare-ne-garen-miss-world-2012-foto\/#breadcrumb\"},\"inLanguage\":\"en-US\",\"potentialAction\":[{\"@type\":\"ReadAction\",\"target\":[\"https:\/\/www.visit-ulcinj.com\/blog\/2012\/06\/15\/martina-ivezaj-krenare-ne-garen-miss-world-2012-foto\/\"]}]},{\"@type\":\"BreadcrumbList\",\"@id\":\"https:\/\/www.visit-ulcinj.com\/blog\/2012\/06\/15\/martina-ivezaj-krenare-ne-garen-miss-world-2012-foto\/#breadcrumb\",\"itemListElement\":[{\"@type\":\"ListItem\",\"position\":1,\"name\":\"Martina Ivezaj krenare n\u00eb gar\u00ebn Miss World 2012 + Foto\"}]},{\"@type\":\"Person\",\"@id\":\"https:\/\/www.visit-ulcinj.com\/blog\/#\/schema\/person\/dcab619c614d3038751c63bc2aadc06d\",\"name\":\"ulqini\",\"sameAs\":[\"http:\/\/www.visit-ulcinj.com\"],\"url\":\"https:\/\/www.visit-ulcinj.com\/blog\/author\/admin\/\"}]}<\/script>\n<!-- \/ Yoast SEO plugin. -->","yoast_head_json":{"title":"Martina Ivezaj krenare n\u00eb gar\u00ebn Miss World 2012 + Foto - Lajme nga Ulqini","description":"N\u00eb nj\u00eb intervist\u00eb p\u00ebr mediat shqiptare, bukuroshja shqiptare nga Mali i Zi, Martina Ivezaj me plot krenari rr\u00ebfen biografin\u00eb e saj me prejardhje nga Tuzi,","robots":{"index":"index","follow":"follow","max-snippet":"max-snippet:-1","max-image-preview":"max-image-preview:large","max-video-preview":"max-video-preview:-1"},"canonical":"https:\/\/www.visit-ulcinj.com\/blog\/2012\/06\/15\/martina-ivezaj-krenare-ne-garen-miss-world-2012-foto\/","og_locale":"en_US","og_type":"article","og_title":"Martina Ivezaj krenare n\u00eb gar\u00ebn Miss World 2012 + Foto - Lajme nga Ulqini","og_description":"N\u00eb nj\u00eb intervist\u00eb p\u00ebr mediat shqiptare, bukuroshja shqiptare nga Mali i Zi, Martina Ivezaj me plot krenari rr\u00ebfen biografin\u00eb e saj me prejardhje nga Tuzi,","og_url":"https:\/\/www.visit-ulcinj.com\/blog\/2012\/06\/15\/martina-ivezaj-krenare-ne-garen-miss-world-2012-foto\/","og_site_name":"Lajme nga Ulqini","article_published_time":"2012-06-15T14:31:33+00:00","article_modified_time":"2012-06-15T14:33:49+00:00","og_image":[{"url":"https:\/\/www.visit-ulcinj.com\/blog\/wp-content\/uploads\/2012\/06\/Martina-Ivezaj_Miss-World-Germany-2012.1-150x150.jpg"}],"twitter_misc":{"Written by":"ulqini","Est. reading time":"2 minutes"},"schema":{"@context":"https:\/\/schema.org","@graph":[{"@type":"WebSite","@id":"https:\/\/www.visit-ulcinj.com\/blog\/#website","url":"https:\/\/www.visit-ulcinj.com\/blog\/","name":"Lajme nga Ulqini","description":"Lajme,Vijesti,Ulqini,Ulqin,Crna Gora,Mali i Zi","potentialAction":[{"@type":"SearchAction","target":{"@type":"EntryPoint","urlTemplate":"https:\/\/www.visit-ulcinj.com\/blog\/?s={search_term_string}"},"query-input":"required name=search_term_string"}],"inLanguage":"en-US"},{"@type":"ImageObject","inLanguage":"en-US","@id":"https:\/\/www.visit-ulcinj.com\/blog\/2012\/06\/15\/martina-ivezaj-krenare-ne-garen-miss-world-2012-foto\/#primaryimage","url":"http:\/\/www.visit-ulcinj.com\/blog\/wp-content\/uploads\/2012\/06\/Martina-Ivezaj_Miss-World-Germany-2012.1.jpg","contentUrl":"http:\/\/www.visit-ulcinj.com\/blog\/wp-content\/uploads\/2012\/06\/Martina-Ivezaj_Miss-World-Germany-2012.1.jpg"},{"@type":"WebPage","@id":"https:\/\/www.visit-ulcinj.com\/blog\/2012\/06\/15\/martina-ivezaj-krenare-ne-garen-miss-world-2012-foto\/#webpage","url":"https:\/\/www.visit-ulcinj.com\/blog\/2012\/06\/15\/martina-ivezaj-krenare-ne-garen-miss-world-2012-foto\/","name":"Martina Ivezaj krenare n\u00eb gar\u00ebn Miss World 2012 + Foto - Lajme nga Ulqini","isPartOf":{"@id":"https:\/\/www.visit-ulcinj.com\/blog\/#website"},"primaryImageOfPage":{"@id":"https:\/\/www.visit-ulcinj.com\/blog\/2012\/06\/15\/martina-ivezaj-krenare-ne-garen-miss-world-2012-foto\/#primaryimage"},"datePublished":"2012-06-15T14:31:33+00:00","dateModified":"2012-06-15T14:33:49+00:00","author":{"@id":"https:\/\/www.visit-ulcinj.com\/blog\/#\/schema\/person\/dcab619c614d3038751c63bc2aadc06d"},"description":"N\u00eb nj\u00eb intervist\u00eb p\u00ebr mediat shqiptare, bukuroshja shqiptare nga Mali i Zi, Martina Ivezaj me plot krenari rr\u00ebfen biografin\u00eb e saj me prejardhje nga Tuzi,","breadcrumb":{"@id":"https:\/\/www.visit-ulcinj.com\/blog\/2012\/06\/15\/martina-ivezaj-krenare-ne-garen-miss-world-2012-foto\/#breadcrumb"},"inLanguage":"en-US","potentialAction":[{"@type":"ReadAction","target":["https:\/\/www.visit-ulcinj.com\/blog\/2012\/06\/15\/martina-ivezaj-krenare-ne-garen-miss-world-2012-foto\/"]}]},{"@type":"BreadcrumbList","@id":"https:\/\/www.visit-ulcinj.com\/blog\/2012\/06\/15\/martina-ivezaj-krenare-ne-garen-miss-world-2012-foto\/#breadcrumb","itemListElement":[{"@type":"ListItem","position":1,"name":"Martina Ivezaj krenare n\u00eb gar\u00ebn Miss World 2012 + Foto"}]},{"@type":"Person","@id":"https:\/\/www.visit-ulcinj.com\/blog\/#\/schema\/person\/dcab619c614d3038751c63bc2aadc06d","name":"ulqini","sameAs":["http:\/\/www.visit-ulcinj.com"],"url":"https:\/\/www.visit-ulcinj.com\/blog\/author\/admin\/"}]}},"jetpack_featured_media_url":"","jetpack_sharing_enabled":true,"jetpack_shortlink":"https:\/\/wp.me\/pe6lTn-g3n","_links":{"self":[{"href":"https:\/\/www.visit-ulcinj.com\/blog\/wp-json\/wp\/v2\/posts\/61713"}],"collection":[{"href":"https:\/\/www.visit-ulcinj.com\/blog\/wp-json\/wp\/v2\/posts"}],"about":[{"href":"https:\/\/www.visit-ulcinj.com\/blog\/wp-json\/wp\/v2\/types\/post"}],"author":[{"embeddable":true,"href":"https:\/\/www.visit-ulcinj.com\/blog\/wp-json\/wp\/v2\/users\/1"}],"replies":[{"embeddable":true,"href":"https:\/\/www.visit-ulcinj.com\/blog\/wp-json\/wp\/v2\/comments?post=61713"}],"version-history":[{"count":3,"href":"https:\/\/www.visit-ulcinj.com\/blog\/wp-json\/wp\/v2\/posts\/61713\/revisions"}],"predecessor-version":[{"id":61725,"href":"https:\/\/www.visit-ulcinj.com\/blog\/wp-json\/wp\/v2\/posts\/61713\/revisions\/61725"}],"wp:attachment":[{"href":"https:\/\/www.visit-ulcinj.com\/blog\/wp-json\/wp\/v2\/media?parent=61713"}],"wp:term":[{"taxonomy":"category","embeddable":true,"href":"https:\/\/www.visit-ulcinj.com\/blog\/wp-json\/wp\/v2\/categories?post=61713"},{"taxonomy":"post_tag","embeddable":true,"href":"https:\/\/www.visit-ulcinj.com\/blog\/wp-json\/wp\/v2\/tags?post=61713"}],"curies":[{"name":"wp","href":"https:\/\/api.w.org\/{rel}","templated":true}]}}