{"id":61774,"date":"2012-06-16T18:45:01","date_gmt":"2012-06-16T17:45:01","guid":{"rendered":"http:\/\/www.visit-ulcinj.com\/blog\/?p=61774"},"modified":"2012-06-16T18:45:01","modified_gmt":"2012-06-16T17:45:01","slug":"nimanbegu-albanci-na-jednoj-listi","status":"publish","type":"post","link":"https:\/\/www.visit-ulcinj.com\/blog\/2012\/06\/16\/nimanbegu-albanci-na-jednoj-listi\/","title":{"rendered":"Nimanbegu: Albanci na jednoj listi"},"content":{"rendered":"<p><a href=\"http:\/\/www.visit-ulcinj.com\/blog\/wp-content\/uploads\/2012\/06\/Genci-Nimanbegu.jpg\"><img loading=\"lazy\" class=\"alignleft  wp-image-61775\" title=\"Genci Nimanbegu\" src=\"http:\/\/www.visit-ulcinj.com\/blog\/wp-content\/uploads\/2012\/06\/Genci-Nimanbegu.jpg\" alt=\"\" width=\"508\" height=\"360\" \/><\/a>Poslanik Force Genci Nimanbegu najavio je da \u0107e njegova partija predlo\u017eiti ostalim politi\u010dkim strankama sa albanskim predznakom da na slede\u0107im izborima nastupe zajedno. Navode\u0107i da su u Forci ve\u0107 startovali sa pripremama za parlamentarne izbore, Nimanbegu nagla\u0161ava da \u0107e njegova stranka u kampanji biti prepoznatljiva po uobi\u010dajenim zahtjevima koji se odnose na decentralizaciju vlasti i na prava Albanaca.<br \/>\n\u2013Nastoja\u0107amao da albanske partije na izborima ne nastupe kao do sada, na pet ili \u0161est lista, ve\u0107 da se objedinimo i na jednu listu, eventualno dvije. Poku\u0161a\u0107emo i da promijenimo Izborni zakon u dijelu koji se ti\u010de na\u010dina na koji \u0107e Albanci biti predstavljeni u Skup\u0161tini \u2013 naglasio je Nimanbegu.<br \/>\nAktuelni problemi i aktivnosti, kako ka\u017ee, bi\u0107e tema njihovog izbornog programa.<br \/>\n\u2013 Jo\u0161 je rano da otkrivam sve pojedinosti izbornog programa koji \u0107emo ponuditi gra\u0111anima. On \u0107e zavisiti od trenutka kada \u0107e se izbori odr\u017eati. Oni su zasad samo nezvani\u010dno najavljeni i nema ta\u010dnog datuma njihovog odr\u017eavanja. Poradi\u0107emo na ispravljanju regionalne nerazvijenosti i vra\u0107anju i za\u0161titi privatne imovine \u2013 poru\u010dio je Nimanbegu.<br \/>\n<a href=\"http:\/\/www.dan.co.me\/?nivo=3&amp;rubrika=Politika&amp;clanak=335171&amp;najdatum=2012-06-15&amp;datum=2012-06-16&amp;naslov=Albanci%20na%20jednoj%20listi\" target=\"_blank\"><strong>Mi. N.<\/strong><br \/>\n<strong>Izvor: DAN<\/strong><\/a><\/p>\n","protected":false},"excerpt":{"rendered":"<p>Poslanik Force Genci Nimanbegu najavio je da \u0107e njegova partija predlo\u017eiti ostalim politi\u010dkim strankama sa albanskim predznakom da na slede\u0107im izborima nastupe zajedno. Navode\u0107i da su u Forci ve\u0107 startovali sa pripremama za parlamentarne izbore, Nimanbegu nagla\u0161ava da \u0107e njegova stranka u kampanji biti prepoznatljiva po uobi\u010dajenim zahtjevima koji se odnose na decentralizaciju vlasti i [&hellip;]<\/p>\n","protected":false},"author":1,"featured_media":0,"comment_status":"open","ping_status":"closed","sticky":false,"template":"","format":"standard","meta":{"spay_email":"","jetpack_publicize_message":"","jetpack_is_tweetstorm":false,"jetpack_publicize_feature_enabled":true},"categories":[8337],"tags":[1520,117,1073,19],"jetpack_publicize_connections":[],"yoast_head":"<!-- This site is optimized with the Yoast SEO plugin v19.1 - https:\/\/yoast.com\/wordpress\/plugins\/seo\/ -->\n<title>Nimanbegu: Albanci na jednoj listi - Lajme nga Ulqini<\/title>\n<meta name=\"description\" content=\"Poslanik Force Genci Nimanbegu najavio je da \u0107e njegova partija predlo\u017eiti ostalim politi\u010dkim strankama sa albanskim predznakom da na slede\u0107im izborima\" \/>\n<meta name=\"robots\" content=\"index, follow, max-snippet:-1, max-image-preview:large, max-video-preview:-1\" \/>\n<link rel=\"canonical\" href=\"https:\/\/www.visit-ulcinj.com\/blog\/2012\/06\/16\/nimanbegu-albanci-na-jednoj-listi\/\" \/>\n<meta property=\"og:locale\" content=\"en_US\" \/>\n<meta property=\"og:type\" content=\"article\" \/>\n<meta property=\"og:title\" content=\"Nimanbegu: Albanci na jednoj listi - Lajme nga Ulqini\" \/>\n<meta property=\"og:description\" content=\"Poslanik Force Genci Nimanbegu najavio je da \u0107e njegova partija predlo\u017eiti ostalim politi\u010dkim strankama sa albanskim predznakom da na slede\u0107im izborima\" \/>\n<meta property=\"og:url\" content=\"https:\/\/www.visit-ulcinj.com\/blog\/2012\/06\/16\/nimanbegu-albanci-na-jednoj-listi\/\" \/>\n<meta property=\"og:site_name\" content=\"Lajme nga Ulqini\" \/>\n<meta property=\"article:published_time\" content=\"2012-06-16T17:45:01+00:00\" \/>\n<meta property=\"og:image\" content=\"http:\/\/www.visit-ulcinj.com\/blog\/wp-content\/uploads\/2012\/06\/Genci-Nimanbegu.jpg\" \/>\n<meta name=\"twitter:label1\" content=\"Written by\" \/>\n\t<meta name=\"twitter:data1\" content=\"ulqini\" \/>\n\t<meta name=\"twitter:label2\" content=\"Est. reading time\" \/>\n\t<meta name=\"twitter:data2\" content=\"1 minute\" \/>\n<script type=\"application\/ld+json\" class=\"yoast-schema-graph\">{\"@context\":\"https:\/\/schema.org\",\"@graph\":[{\"@type\":\"WebSite\",\"@id\":\"https:\/\/www.visit-ulcinj.com\/blog\/#website\",\"url\":\"https:\/\/www.visit-ulcinj.com\/blog\/\",\"name\":\"Lajme nga Ulqini\",\"description\":\"Lajme,Vijesti,Ulqini,Ulqin,Crna Gora,Mali i Zi\",\"potentialAction\":[{\"@type\":\"SearchAction\",\"target\":{\"@type\":\"EntryPoint\",\"urlTemplate\":\"https:\/\/www.visit-ulcinj.com\/blog\/?s={search_term_string}\"},\"query-input\":\"required name=search_term_string\"}],\"inLanguage\":\"en-US\"},{\"@type\":\"ImageObject\",\"inLanguage\":\"en-US\",\"@id\":\"https:\/\/www.visit-ulcinj.com\/blog\/2012\/06\/16\/nimanbegu-albanci-na-jednoj-listi\/#primaryimage\",\"url\":\"https:\/\/www.visit-ulcinj.com\/blog\/wp-content\/uploads\/2012\/06\/Genci-Nimanbegu.jpg\",\"contentUrl\":\"https:\/\/www.visit-ulcinj.com\/blog\/wp-content\/uploads\/2012\/06\/Genci-Nimanbegu.jpg\",\"width\":\"1000\",\"height\":\"778\"},{\"@type\":\"WebPage\",\"@id\":\"https:\/\/www.visit-ulcinj.com\/blog\/2012\/06\/16\/nimanbegu-albanci-na-jednoj-listi\/#webpage\",\"url\":\"https:\/\/www.visit-ulcinj.com\/blog\/2012\/06\/16\/nimanbegu-albanci-na-jednoj-listi\/\",\"name\":\"Nimanbegu: Albanci na jednoj listi - Lajme nga Ulqini\",\"isPartOf\":{\"@id\":\"https:\/\/www.visit-ulcinj.com\/blog\/#website\"},\"primaryImageOfPage\":{\"@id\":\"https:\/\/www.visit-ulcinj.com\/blog\/2012\/06\/16\/nimanbegu-albanci-na-jednoj-listi\/#primaryimage\"},\"datePublished\":\"2012-06-16T17:45:01+00:00\",\"dateModified\":\"2012-06-16T17:45:01+00:00\",\"author\":{\"@id\":\"https:\/\/www.visit-ulcinj.com\/blog\/#\/schema\/person\/dcab619c614d3038751c63bc2aadc06d\"},\"description\":\"Poslanik Force Genci Nimanbegu najavio je da \u0107e njegova partija predlo\u017eiti ostalim politi\u010dkim strankama sa albanskim predznakom da na slede\u0107im izborima\",\"breadcrumb\":{\"@id\":\"https:\/\/www.visit-ulcinj.com\/blog\/2012\/06\/16\/nimanbegu-albanci-na-jednoj-listi\/#breadcrumb\"},\"inLanguage\":\"en-US\",\"potentialAction\":[{\"@type\":\"ReadAction\",\"target\":[\"https:\/\/www.visit-ulcinj.com\/blog\/2012\/06\/16\/nimanbegu-albanci-na-jednoj-listi\/\"]}]},{\"@type\":\"BreadcrumbList\",\"@id\":\"https:\/\/www.visit-ulcinj.com\/blog\/2012\/06\/16\/nimanbegu-albanci-na-jednoj-listi\/#breadcrumb\",\"itemListElement\":[{\"@type\":\"ListItem\",\"position\":1,\"name\":\"Nimanbegu: Albanci na jednoj listi\"}]},{\"@type\":\"Person\",\"@id\":\"https:\/\/www.visit-ulcinj.com\/blog\/#\/schema\/person\/dcab619c614d3038751c63bc2aadc06d\",\"name\":\"ulqini\",\"sameAs\":[\"http:\/\/www.visit-ulcinj.com\"],\"url\":\"https:\/\/www.visit-ulcinj.com\/blog\/author\/admin\/\"}]}<\/script>\n<!-- \/ Yoast SEO plugin. -->","yoast_head_json":{"title":"Nimanbegu: Albanci na jednoj listi - Lajme nga Ulqini","description":"Poslanik Force Genci Nimanbegu najavio je da \u0107e njegova partija predlo\u017eiti ostalim politi\u010dkim strankama sa albanskim predznakom da na slede\u0107im izborima","robots":{"index":"index","follow":"follow","max-snippet":"max-snippet:-1","max-image-preview":"max-image-preview:large","max-video-preview":"max-video-preview:-1"},"canonical":"https:\/\/www.visit-ulcinj.com\/blog\/2012\/06\/16\/nimanbegu-albanci-na-jednoj-listi\/","og_locale":"en_US","og_type":"article","og_title":"Nimanbegu: Albanci na jednoj listi - Lajme nga Ulqini","og_description":"Poslanik Force Genci Nimanbegu najavio je da \u0107e njegova partija predlo\u017eiti ostalim politi\u010dkim strankama sa albanskim predznakom da na slede\u0107im izborima","og_url":"https:\/\/www.visit-ulcinj.com\/blog\/2012\/06\/16\/nimanbegu-albanci-na-jednoj-listi\/","og_site_name":"Lajme nga Ulqini","article_published_time":"2012-06-16T17:45:01+00:00","og_image":[{"url":"http:\/\/www.visit-ulcinj.com\/blog\/wp-content\/uploads\/2012\/06\/Genci-Nimanbegu.jpg"}],"twitter_misc":{"Written by":"ulqini","Est. reading time":"1 minute"},"schema":{"@context":"https:\/\/schema.org","@graph":[{"@type":"WebSite","@id":"https:\/\/www.visit-ulcinj.com\/blog\/#website","url":"https:\/\/www.visit-ulcinj.com\/blog\/","name":"Lajme nga Ulqini","description":"Lajme,Vijesti,Ulqini,Ulqin,Crna Gora,Mali i Zi","potentialAction":[{"@type":"SearchAction","target":{"@type":"EntryPoint","urlTemplate":"https:\/\/www.visit-ulcinj.com\/blog\/?s={search_term_string}"},"query-input":"required name=search_term_string"}],"inLanguage":"en-US"},{"@type":"ImageObject","inLanguage":"en-US","@id":"https:\/\/www.visit-ulcinj.com\/blog\/2012\/06\/16\/nimanbegu-albanci-na-jednoj-listi\/#primaryimage","url":"https:\/\/www.visit-ulcinj.com\/blog\/wp-content\/uploads\/2012\/06\/Genci-Nimanbegu.jpg","contentUrl":"https:\/\/www.visit-ulcinj.com\/blog\/wp-content\/uploads\/2012\/06\/Genci-Nimanbegu.jpg","width":"1000","height":"778"},{"@type":"WebPage","@id":"https:\/\/www.visit-ulcinj.com\/blog\/2012\/06\/16\/nimanbegu-albanci-na-jednoj-listi\/#webpage","url":"https:\/\/www.visit-ulcinj.com\/blog\/2012\/06\/16\/nimanbegu-albanci-na-jednoj-listi\/","name":"Nimanbegu: Albanci na jednoj listi - Lajme nga Ulqini","isPartOf":{"@id":"https:\/\/www.visit-ulcinj.com\/blog\/#website"},"primaryImageOfPage":{"@id":"https:\/\/www.visit-ulcinj.com\/blog\/2012\/06\/16\/nimanbegu-albanci-na-jednoj-listi\/#primaryimage"},"datePublished":"2012-06-16T17:45:01+00:00","dateModified":"2012-06-16T17:45:01+00:00","author":{"@id":"https:\/\/www.visit-ulcinj.com\/blog\/#\/schema\/person\/dcab619c614d3038751c63bc2aadc06d"},"description":"Poslanik Force Genci Nimanbegu najavio je da \u0107e njegova partija predlo\u017eiti ostalim politi\u010dkim strankama sa albanskim predznakom da na slede\u0107im izborima","breadcrumb":{"@id":"https:\/\/www.visit-ulcinj.com\/blog\/2012\/06\/16\/nimanbegu-albanci-na-jednoj-listi\/#breadcrumb"},"inLanguage":"en-US","potentialAction":[{"@type":"ReadAction","target":["https:\/\/www.visit-ulcinj.com\/blog\/2012\/06\/16\/nimanbegu-albanci-na-jednoj-listi\/"]}]},{"@type":"BreadcrumbList","@id":"https:\/\/www.visit-ulcinj.com\/blog\/2012\/06\/16\/nimanbegu-albanci-na-jednoj-listi\/#breadcrumb","itemListElement":[{"@type":"ListItem","position":1,"name":"Nimanbegu: Albanci na jednoj listi"}]},{"@type":"Person","@id":"https:\/\/www.visit-ulcinj.com\/blog\/#\/schema\/person\/dcab619c614d3038751c63bc2aadc06d","name":"ulqini","sameAs":["http:\/\/www.visit-ulcinj.com"],"url":"https:\/\/www.visit-ulcinj.com\/blog\/author\/admin\/"}]}},"jetpack_featured_media_url":"","jetpack_sharing_enabled":true,"jetpack_shortlink":"https:\/\/wp.me\/pe6lTn-g4m","_links":{"self":[{"href":"https:\/\/www.visit-ulcinj.com\/blog\/wp-json\/wp\/v2\/posts\/61774"}],"collection":[{"href":"https:\/\/www.visit-ulcinj.com\/blog\/wp-json\/wp\/v2\/posts"}],"about":[{"href":"https:\/\/www.visit-ulcinj.com\/blog\/wp-json\/wp\/v2\/types\/post"}],"author":[{"embeddable":true,"href":"https:\/\/www.visit-ulcinj.com\/blog\/wp-json\/wp\/v2\/users\/1"}],"replies":[{"embeddable":true,"href":"https:\/\/www.visit-ulcinj.com\/blog\/wp-json\/wp\/v2\/comments?post=61774"}],"version-history":[{"count":1,"href":"https:\/\/www.visit-ulcinj.com\/blog\/wp-json\/wp\/v2\/posts\/61774\/revisions"}],"predecessor-version":[{"id":61776,"href":"https:\/\/www.visit-ulcinj.com\/blog\/wp-json\/wp\/v2\/posts\/61774\/revisions\/61776"}],"wp:attachment":[{"href":"https:\/\/www.visit-ulcinj.com\/blog\/wp-json\/wp\/v2\/media?parent=61774"}],"wp:term":[{"taxonomy":"category","embeddable":true,"href":"https:\/\/www.visit-ulcinj.com\/blog\/wp-json\/wp\/v2\/categories?post=61774"},{"taxonomy":"post_tag","embeddable":true,"href":"https:\/\/www.visit-ulcinj.com\/blog\/wp-json\/wp\/v2\/tags?post=61774"}],"curies":[{"name":"wp","href":"https:\/\/api.w.org\/{rel}","templated":true}]}}