{"id":61777,"date":"2012-06-16T18:53:27","date_gmt":"2012-06-16T17:53:27","guid":{"rendered":"http:\/\/www.visit-ulcinj.com\/blog\/?p=61777"},"modified":"2012-06-16T18:59:39","modified_gmt":"2012-06-16T17:59:39","slug":"albanske-stranke-pojedinacno-nemamo-sansu","status":"publish","type":"post","link":"https:\/\/www.visit-ulcinj.com\/blog\/2012\/06\/16\/albanske-stranke-pojedinacno-nemamo-sansu\/","title":{"rendered":"Albanske stranke: Pojedina\u010dno nemamo \u0161ansu"},"content":{"rendered":"<p><strong>Predstavnici albanskih partija o zajedni\u010dkom nastupu na predstoje\u0107im izborima<\/strong><br \/>\nPredstavnici parlamentarnih albanskih stranaka podr\u017eavaju poziv poslanika Force Gencija Nimanbegua za zajedni\u010dki nastup na predstoje\u0107im parlamentarnim izborima. U izjavi za \u201eDan\u201d oni su kazali da je Nimanbeguov poziv opravdan, ali nijesu ni isklju\u010dili mogu\u0107nost bojkota izbora.<\/p>\n<p><a href=\"http:\/\/www.visit-ulcinj.com\/blog\/wp-content\/uploads\/2012\/06\/Albanske-stranke-Crne-Gore.jpg\"><img loading=\"lazy\" class=\"alignleft  wp-image-61781\" title=\"Albanske stranke Crne Gore\" src=\"http:\/\/www.visit-ulcinj.com\/blog\/wp-content\/uploads\/2012\/06\/Albanske-stranke-Crne-Gore.jpg\" alt=\"\" width=\"508\" height=\"360\" \/><\/a><br \/>\nPoslanik Perspektive Vaselj Sini\u0161taj podr\u017eava zajedni\u010dki nastup predstavnika albanskog naroda na predstoje\u0107im izborima.<br \/>\n\u2013 Nimanbegu opravdano poziva na jedinstvo, ali pitanje je da li imamo rje\u0161enje da postignemo ujedinjenje, a da bismo to postigli moramo prihvatiti rezultate pro\u0161lih izbora kao realnost \u2013 kazao je Sini\u0161taj.<br \/>\nOn isti\u010de da im je vlast oduzela i ono \u0161to su imali, kao i da \u0107e na putu do ujedinjena biti mnogo prepreka i raznih me\u0111usobnih zahtjeva.<br \/>\n\u2013 Ukoliko se tom predlogu pristupi sa namjerom da se posao odradi dobronamjerno, da bi se osvojili mandati koji nam pripadaju kao autenti\u010dnim predstavnicima albanske manjine, bi\u0107e dogovora. A ako bude maksimalisti\u010dkih zahtjeva ne\u0107emo na\u0107i zajedni\u010dki jezik i svi \u0107emo skupa pla\u0107ati na\u0161e gre\u0161ke \u2013 poru\u010dio je Sini\u0161taj.<br \/>\nPredsjednik najstarije albanske partije u Crnoj Gori Demokratskog saveza Albanaca Mehmet Bardhi isti\u010de da \u0107e uskoro odr\u017eati sastanak sa svim albanskim partijama.<br \/>\n\u2013 Pojedina\u010dno albanske partije nemaju \u0161ansu da ostvare dobar izborni rezultat. Tokom ovog mjeseca inicira\u0107u raspravu i saznati kako kolege vide situaciju u kojoj smo se na\u0161li. Razgovara\u0107emo o izborima koji nas o\u010dekuju i na\u010dinu na kojem \u0107emo nastupiti na njima. Ne isklju\u010dujem ni mogu\u0107nost bojkota \u2013 naveo je Bardhi.<br \/>\nPodsje\u0107a da su albanskom narodu oduzeta ste\u010dena prava, pored toga \u0161to im se ne uva\u017eavaju ni specifi\u010dna politi\u010dka i nacionalna prava.<br \/>\n\u2013 U tom smislu smo ostali bez prava koja nam pripadaju. Izborni zakon nas stavlja pred velike dileme i vidje\u0107emo kako i na koji na\u010din i da li \u0107emo uop\u0161te u\u010destvovati na izborima \u2013 podvukao je Bardhi.<\/p>\n<p><a href=\"http:\/\/www.dan.co.me\/?nivo=3&amp;rubrika=Politika&amp;clanak=335381&amp;datum=2012-06-16&amp;naslov=Pojedina%E8no%20nemamo%20%B9ansu\" target=\"_blank\"><strong>Bo. M. \u2013 Mi. N.<\/strong><br \/>\n<strong> Izvor: DAN<\/strong><\/a><\/p>\n","protected":false},"excerpt":{"rendered":"<p>Predstavnici albanskih partija o zajedni\u010dkom nastupu na predstoje\u0107im izborima Predstavnici parlamentarnih albanskih stranaka podr\u017eavaju poziv poslanika Force Gencija Nimanbegua za zajedni\u010dki nastup na predstoje\u0107im parlamentarnim izborima. U izjavi za \u201eDan\u201d oni su kazali da je Nimanbeguov poziv opravdan, ali nijesu ni isklju\u010dili mogu\u0107nost bojkota izbora. Poslanik Perspektive Vaselj Sini\u0161taj podr\u017eava zajedni\u010dki nastup predstavnika albanskog naroda [&hellip;]<\/p>\n","protected":false},"author":1,"featured_media":0,"comment_status":"open","ping_status":"closed","sticky":false,"template":"","format":"standard","meta":{"spay_email":"","jetpack_publicize_message":"","jetpack_is_tweetstorm":false,"jetpack_publicize_feature_enabled":true},"categories":[8337],"tags":[13641,117,1073,347,19],"jetpack_publicize_connections":[],"yoast_head":"<!-- This site is optimized with the Yoast SEO plugin v19.1 - https:\/\/yoast.com\/wordpress\/plugins\/seo\/ -->\n<title>Albanske stranke: Pojedina\u010dno nemamo \u0161ansu - Lajme nga Ulqini<\/title>\n<meta name=\"description\" content=\"Predstavnici albanskih partija o zajedni\u010dkom nastupu na predstoje\u0107im izborima Predstavnici parlamentarnih albanskih stranaka podr\u017eavaju poziv poslanika\" \/>\n<meta name=\"robots\" content=\"index, follow, max-snippet:-1, max-image-preview:large, max-video-preview:-1\" \/>\n<link rel=\"canonical\" href=\"https:\/\/www.visit-ulcinj.com\/blog\/2012\/06\/16\/albanske-stranke-pojedinacno-nemamo-sansu\/\" \/>\n<meta property=\"og:locale\" content=\"en_US\" \/>\n<meta property=\"og:type\" content=\"article\" \/>\n<meta property=\"og:title\" content=\"Albanske stranke: Pojedina\u010dno nemamo \u0161ansu - Lajme nga Ulqini\" \/>\n<meta property=\"og:description\" content=\"Predstavnici albanskih partija o zajedni\u010dkom nastupu na predstoje\u0107im izborima Predstavnici parlamentarnih albanskih stranaka podr\u017eavaju poziv poslanika\" \/>\n<meta property=\"og:url\" content=\"https:\/\/www.visit-ulcinj.com\/blog\/2012\/06\/16\/albanske-stranke-pojedinacno-nemamo-sansu\/\" \/>\n<meta property=\"og:site_name\" content=\"Lajme nga Ulqini\" \/>\n<meta property=\"article:published_time\" content=\"2012-06-16T17:53:27+00:00\" \/>\n<meta property=\"article:modified_time\" content=\"2012-06-16T17:59:39+00:00\" \/>\n<meta property=\"og:image\" content=\"http:\/\/www.visit-ulcinj.com\/blog\/wp-content\/uploads\/2012\/06\/Albanske-stranke-Crne-Gore.jpg\" \/>\n<meta name=\"twitter:label1\" content=\"Written by\" \/>\n\t<meta name=\"twitter:data1\" content=\"ulqini\" \/>\n\t<meta name=\"twitter:label2\" content=\"Est. reading time\" \/>\n\t<meta name=\"twitter:data2\" content=\"2 minutes\" \/>\n<script type=\"application\/ld+json\" class=\"yoast-schema-graph\">{\"@context\":\"https:\/\/schema.org\",\"@graph\":[{\"@type\":\"WebSite\",\"@id\":\"https:\/\/www.visit-ulcinj.com\/blog\/#website\",\"url\":\"https:\/\/www.visit-ulcinj.com\/blog\/\",\"name\":\"Lajme nga Ulqini\",\"description\":\"Lajme,Vijesti,Ulqini,Ulqin,Crna Gora,Mali i Zi\",\"potentialAction\":[{\"@type\":\"SearchAction\",\"target\":{\"@type\":\"EntryPoint\",\"urlTemplate\":\"https:\/\/www.visit-ulcinj.com\/blog\/?s={search_term_string}\"},\"query-input\":\"required name=search_term_string\"}],\"inLanguage\":\"en-US\"},{\"@type\":\"ImageObject\",\"inLanguage\":\"en-US\",\"@id\":\"https:\/\/www.visit-ulcinj.com\/blog\/2012\/06\/16\/albanske-stranke-pojedinacno-nemamo-sansu\/#primaryimage\",\"url\":\"https:\/\/www.visit-ulcinj.com\/blog\/wp-content\/uploads\/2012\/06\/Albanske-stranke-Crne-Gore.jpg\",\"contentUrl\":\"https:\/\/www.visit-ulcinj.com\/blog\/wp-content\/uploads\/2012\/06\/Albanske-stranke-Crne-Gore.jpg\",\"width\":\"1000\",\"height\":\"667\"},{\"@type\":\"WebPage\",\"@id\":\"https:\/\/www.visit-ulcinj.com\/blog\/2012\/06\/16\/albanske-stranke-pojedinacno-nemamo-sansu\/#webpage\",\"url\":\"https:\/\/www.visit-ulcinj.com\/blog\/2012\/06\/16\/albanske-stranke-pojedinacno-nemamo-sansu\/\",\"name\":\"Albanske stranke: Pojedina\u010dno nemamo \u0161ansu - Lajme nga Ulqini\",\"isPartOf\":{\"@id\":\"https:\/\/www.visit-ulcinj.com\/blog\/#website\"},\"primaryImageOfPage\":{\"@id\":\"https:\/\/www.visit-ulcinj.com\/blog\/2012\/06\/16\/albanske-stranke-pojedinacno-nemamo-sansu\/#primaryimage\"},\"datePublished\":\"2012-06-16T17:53:27+00:00\",\"dateModified\":\"2012-06-16T17:59:39+00:00\",\"author\":{\"@id\":\"https:\/\/www.visit-ulcinj.com\/blog\/#\/schema\/person\/dcab619c614d3038751c63bc2aadc06d\"},\"description\":\"Predstavnici albanskih partija o zajedni\u010dkom nastupu na predstoje\u0107im izborima Predstavnici parlamentarnih albanskih stranaka podr\u017eavaju poziv poslanika\",\"breadcrumb\":{\"@id\":\"https:\/\/www.visit-ulcinj.com\/blog\/2012\/06\/16\/albanske-stranke-pojedinacno-nemamo-sansu\/#breadcrumb\"},\"inLanguage\":\"en-US\",\"potentialAction\":[{\"@type\":\"ReadAction\",\"target\":[\"https:\/\/www.visit-ulcinj.com\/blog\/2012\/06\/16\/albanske-stranke-pojedinacno-nemamo-sansu\/\"]}]},{\"@type\":\"BreadcrumbList\",\"@id\":\"https:\/\/www.visit-ulcinj.com\/blog\/2012\/06\/16\/albanske-stranke-pojedinacno-nemamo-sansu\/#breadcrumb\",\"itemListElement\":[{\"@type\":\"ListItem\",\"position\":1,\"name\":\"Albanske stranke: Pojedina\u010dno nemamo \u0161ansu\"}]},{\"@type\":\"Person\",\"@id\":\"https:\/\/www.visit-ulcinj.com\/blog\/#\/schema\/person\/dcab619c614d3038751c63bc2aadc06d\",\"name\":\"ulqini\",\"sameAs\":[\"http:\/\/www.visit-ulcinj.com\"],\"url\":\"https:\/\/www.visit-ulcinj.com\/blog\/author\/admin\/\"}]}<\/script>\n<!-- \/ Yoast SEO plugin. -->","yoast_head_json":{"title":"Albanske stranke: Pojedina\u010dno nemamo \u0161ansu - Lajme nga Ulqini","description":"Predstavnici albanskih partija o zajedni\u010dkom nastupu na predstoje\u0107im izborima Predstavnici parlamentarnih albanskih stranaka podr\u017eavaju poziv poslanika","robots":{"index":"index","follow":"follow","max-snippet":"max-snippet:-1","max-image-preview":"max-image-preview:large","max-video-preview":"max-video-preview:-1"},"canonical":"https:\/\/www.visit-ulcinj.com\/blog\/2012\/06\/16\/albanske-stranke-pojedinacno-nemamo-sansu\/","og_locale":"en_US","og_type":"article","og_title":"Albanske stranke: Pojedina\u010dno nemamo \u0161ansu - Lajme nga Ulqini","og_description":"Predstavnici albanskih partija o zajedni\u010dkom nastupu na predstoje\u0107im izborima Predstavnici parlamentarnih albanskih stranaka podr\u017eavaju poziv poslanika","og_url":"https:\/\/www.visit-ulcinj.com\/blog\/2012\/06\/16\/albanske-stranke-pojedinacno-nemamo-sansu\/","og_site_name":"Lajme nga Ulqini","article_published_time":"2012-06-16T17:53:27+00:00","article_modified_time":"2012-06-16T17:59:39+00:00","og_image":[{"url":"http:\/\/www.visit-ulcinj.com\/blog\/wp-content\/uploads\/2012\/06\/Albanske-stranke-Crne-Gore.jpg"}],"twitter_misc":{"Written by":"ulqini","Est. reading time":"2 minutes"},"schema":{"@context":"https:\/\/schema.org","@graph":[{"@type":"WebSite","@id":"https:\/\/www.visit-ulcinj.com\/blog\/#website","url":"https:\/\/www.visit-ulcinj.com\/blog\/","name":"Lajme nga Ulqini","description":"Lajme,Vijesti,Ulqini,Ulqin,Crna Gora,Mali i Zi","potentialAction":[{"@type":"SearchAction","target":{"@type":"EntryPoint","urlTemplate":"https:\/\/www.visit-ulcinj.com\/blog\/?s={search_term_string}"},"query-input":"required name=search_term_string"}],"inLanguage":"en-US"},{"@type":"ImageObject","inLanguage":"en-US","@id":"https:\/\/www.visit-ulcinj.com\/blog\/2012\/06\/16\/albanske-stranke-pojedinacno-nemamo-sansu\/#primaryimage","url":"https:\/\/www.visit-ulcinj.com\/blog\/wp-content\/uploads\/2012\/06\/Albanske-stranke-Crne-Gore.jpg","contentUrl":"https:\/\/www.visit-ulcinj.com\/blog\/wp-content\/uploads\/2012\/06\/Albanske-stranke-Crne-Gore.jpg","width":"1000","height":"667"},{"@type":"WebPage","@id":"https:\/\/www.visit-ulcinj.com\/blog\/2012\/06\/16\/albanske-stranke-pojedinacno-nemamo-sansu\/#webpage","url":"https:\/\/www.visit-ulcinj.com\/blog\/2012\/06\/16\/albanske-stranke-pojedinacno-nemamo-sansu\/","name":"Albanske stranke: Pojedina\u010dno nemamo \u0161ansu - Lajme nga Ulqini","isPartOf":{"@id":"https:\/\/www.visit-ulcinj.com\/blog\/#website"},"primaryImageOfPage":{"@id":"https:\/\/www.visit-ulcinj.com\/blog\/2012\/06\/16\/albanske-stranke-pojedinacno-nemamo-sansu\/#primaryimage"},"datePublished":"2012-06-16T17:53:27+00:00","dateModified":"2012-06-16T17:59:39+00:00","author":{"@id":"https:\/\/www.visit-ulcinj.com\/blog\/#\/schema\/person\/dcab619c614d3038751c63bc2aadc06d"},"description":"Predstavnici albanskih partija o zajedni\u010dkom nastupu na predstoje\u0107im izborima Predstavnici parlamentarnih albanskih stranaka podr\u017eavaju poziv poslanika","breadcrumb":{"@id":"https:\/\/www.visit-ulcinj.com\/blog\/2012\/06\/16\/albanske-stranke-pojedinacno-nemamo-sansu\/#breadcrumb"},"inLanguage":"en-US","potentialAction":[{"@type":"ReadAction","target":["https:\/\/www.visit-ulcinj.com\/blog\/2012\/06\/16\/albanske-stranke-pojedinacno-nemamo-sansu\/"]}]},{"@type":"BreadcrumbList","@id":"https:\/\/www.visit-ulcinj.com\/blog\/2012\/06\/16\/albanske-stranke-pojedinacno-nemamo-sansu\/#breadcrumb","itemListElement":[{"@type":"ListItem","position":1,"name":"Albanske stranke: Pojedina\u010dno nemamo \u0161ansu"}]},{"@type":"Person","@id":"https:\/\/www.visit-ulcinj.com\/blog\/#\/schema\/person\/dcab619c614d3038751c63bc2aadc06d","name":"ulqini","sameAs":["http:\/\/www.visit-ulcinj.com"],"url":"https:\/\/www.visit-ulcinj.com\/blog\/author\/admin\/"}]}},"jetpack_featured_media_url":"","jetpack_sharing_enabled":true,"jetpack_shortlink":"https:\/\/wp.me\/pe6lTn-g4p","_links":{"self":[{"href":"https:\/\/www.visit-ulcinj.com\/blog\/wp-json\/wp\/v2\/posts\/61777"}],"collection":[{"href":"https:\/\/www.visit-ulcinj.com\/blog\/wp-json\/wp\/v2\/posts"}],"about":[{"href":"https:\/\/www.visit-ulcinj.com\/blog\/wp-json\/wp\/v2\/types\/post"}],"author":[{"embeddable":true,"href":"https:\/\/www.visit-ulcinj.com\/blog\/wp-json\/wp\/v2\/users\/1"}],"replies":[{"embeddable":true,"href":"https:\/\/www.visit-ulcinj.com\/blog\/wp-json\/wp\/v2\/comments?post=61777"}],"version-history":[{"count":3,"href":"https:\/\/www.visit-ulcinj.com\/blog\/wp-json\/wp\/v2\/posts\/61777\/revisions"}],"predecessor-version":[{"id":61782,"href":"https:\/\/www.visit-ulcinj.com\/blog\/wp-json\/wp\/v2\/posts\/61777\/revisions\/61782"}],"wp:attachment":[{"href":"https:\/\/www.visit-ulcinj.com\/blog\/wp-json\/wp\/v2\/media?parent=61777"}],"wp:term":[{"taxonomy":"category","embeddable":true,"href":"https:\/\/www.visit-ulcinj.com\/blog\/wp-json\/wp\/v2\/categories?post=61777"},{"taxonomy":"post_tag","embeddable":true,"href":"https:\/\/www.visit-ulcinj.com\/blog\/wp-json\/wp\/v2\/tags?post=61777"}],"curies":[{"name":"wp","href":"https:\/\/api.w.org\/{rel}","templated":true}]}}