{"id":61815,"date":"2012-06-18T15:45:33","date_gmt":"2012-06-18T14:45:33","guid":{"rendered":"http:\/\/www.visit-ulcinj.com\/blog\/?p=61815"},"modified":"2012-06-18T16:31:38","modified_gmt":"2012-06-18T15:31:38","slug":"opstina-ulcinj-primljena-u-clanstvo-jadranske-euroregije","status":"publish","type":"post","link":"https:\/\/www.visit-ulcinj.com\/blog\/2012\/06\/18\/opstina-ulcinj-primljena-u-clanstvo-jadranske-euroregije\/","title":{"rendered":"Op\u0161tina Ulcinj primljena u \u010dlanstvo Jadranske euroregije &#8211; Video"},"content":{"rendered":"<p><strong><a href=\"http:\/\/www.visit-ulcinj.com\/blog\/wp-content\/uploads\/2012\/06\/Selim-Resulbegovic-u-Trst-_Optina-Ulcinj-primljena-u-clanstvo-Jadranske-euroregije.jpg\"><img loading=\"lazy\" class=\"alignleft size-full wp-image-61816\" title=\"SAMSUNG DIGITAL CAMERA\" src=\"http:\/\/www.visit-ulcinj.com\/blog\/wp-content\/uploads\/2012\/06\/Selim-Resulbegovic-u-Trst-_Optina-Ulcinj-primljena-u-clanstvo-Jadranske-euroregije.jpg\" alt=\"\" width=\"400\" height=\"227\" srcset=\"https:\/\/www.visit-ulcinj.com\/blog\/wp-content\/uploads\/2012\/06\/Selim-Resulbegovic-u-Trst-_Optina-Ulcinj-primljena-u-clanstvo-Jadranske-euroregije.jpg 400w, https:\/\/www.visit-ulcinj.com\/blog\/wp-content\/uploads\/2012\/06\/Selim-Resulbegovic-u-Trst-_Optina-Ulcinj-primljena-u-clanstvo-Jadranske-euroregije-300x170.jpg 300w\" sizes=\"(max-width: 400px) 100vw, 400px\" \/><\/a>U Trstu odr\u017eana generalna skup\u0161tina jadranske euroregije<\/strong><\/p>\n<p>Potpredsjednik Op\u0161tine Ulcinj Selim Resulbegovic u\u010destvovao je u radu VII Generalne skup\u0161tine Jadranske euroregije, koja je odr\u017eana u Trstu 13. juna.<br \/>\nNa dnevnom redu Skup\u0161tine, izme\u0111u ostalog, bilo je usvajanje Jadransko-jonske makroregionalne strategije, kao i drugi poziv za apliciranje IPA projekata u okviru prekograni\u010dne saradnje zemalja \u010dlanica Evropske unije i zemalja koje imaju status kandidata i potencijalnih kandidata. Skup\u0161tina je razmotrila organizacione i statutarne aspekte te saradnje. Nakon odr\u017eane prezentacije, jednoglasnom odlukom Generalne skup\u0161tine u \u010dlanstvo Jadranske euroregije primljena je Op\u0161tina Ulcinj.<br \/>\nInicijativa za osnivanje Jadranske euroregije pokrenuta je u Termoliju 2004, a u februaru 2010. godine u Briselu evropske institucije prihvatile su makroregionalni strate\u0161ki elaborat ove regije koja uz Balti\u010dku i Dunavsku predstavlja inovativan model saradnje, a okuplja 25 \u010dlanica.<\/p>\n<p><iframe loading=\"lazy\" width=\"508\" height=\"380\" src=\"http:\/\/www.youtube-nocookie.com\/embed\/XrbshiYrB2o\" frameborder=\"0\" allowfullscreen><\/iframe><\/p>\n","protected":false},"excerpt":{"rendered":"<p>U Trstu odr\u017eana generalna skup\u0161tina jadranske euroregije Potpredsjednik Op\u0161tine Ulcinj Selim Resulbegovic u\u010destvovao je u radu VII Generalne skup\u0161tine Jadranske euroregije, koja je odr\u017eana u Trstu 13. juna. Na dnevnom redu Skup\u0161tine, izme\u0111u ostalog, bilo je usvajanje Jadransko-jonske makroregionalne strategije, kao i drugi poziv za apliciranje IPA projekata u okviru prekograni\u010dne saradnje zemalja \u010dlanica Evropske [&hellip;]<\/p>\n","protected":false},"author":1,"featured_media":0,"comment_status":"open","ping_status":"closed","sticky":false,"template":"","format":"standard","meta":{"spay_email":"","jetpack_publicize_message":"","jetpack_is_tweetstorm":false,"jetpack_publicize_feature_enabled":true},"categories":[8337],"tags":[20796,1015,20782,1667,20775,2208,20777,20780,20787,20772,20767,45,20776,20773,789,20768,20779,20790,11949,20789,20786,3428,20788,20794,20797,20791,20784,20783,79,20795,20770,20785,20778,20769,20792,20781,20771,3605,2195,20793,19,20774,1721],"jetpack_publicize_connections":[],"yoast_head":"<!-- This site is optimized with the Yoast SEO plugin v19.1 - https:\/\/yoast.com\/wordpress\/plugins\/seo\/ -->\n<title>Op\u0161tina Ulcinj primljena u \u010dlanstvo Jadranske euroregije - Video - Lajme nga Ulqini<\/title>\n<meta name=\"description\" content=\"U Trstu odr\u017eana generalna skup\u0161tina jadranske euroregije Potpredsjednik Op\u0161tine Ulcinj Selim Resulbegovic u\u010destvovao je u radu VII Generalne skup\u0161tine\" \/>\n<meta name=\"robots\" content=\"index, follow, max-snippet:-1, max-image-preview:large, max-video-preview:-1\" \/>\n<link rel=\"canonical\" href=\"https:\/\/www.visit-ulcinj.com\/blog\/2012\/06\/18\/opstina-ulcinj-primljena-u-clanstvo-jadranske-euroregije\/\" \/>\n<meta property=\"og:locale\" content=\"en_US\" \/>\n<meta property=\"og:type\" content=\"article\" \/>\n<meta property=\"og:title\" content=\"Op\u0161tina Ulcinj primljena u \u010dlanstvo Jadranske euroregije - Video - Lajme nga Ulqini\" \/>\n<meta property=\"og:description\" content=\"U Trstu odr\u017eana generalna skup\u0161tina jadranske euroregije Potpredsjednik Op\u0161tine Ulcinj Selim Resulbegovic u\u010destvovao je u radu VII Generalne skup\u0161tine\" \/>\n<meta property=\"og:url\" content=\"https:\/\/www.visit-ulcinj.com\/blog\/2012\/06\/18\/opstina-ulcinj-primljena-u-clanstvo-jadranske-euroregije\/\" \/>\n<meta property=\"og:site_name\" content=\"Lajme nga Ulqini\" \/>\n<meta property=\"article:published_time\" content=\"2012-06-18T14:45:33+00:00\" \/>\n<meta property=\"article:modified_time\" content=\"2012-06-18T15:31:38+00:00\" \/>\n<meta property=\"og:image\" content=\"http:\/\/www.visit-ulcinj.com\/blog\/wp-content\/uploads\/2012\/06\/Selim-Resulbegovic-u-Trst-_Optina-Ulcinj-primljena-u-clanstvo-Jadranske-euroregije.jpg\" \/>\n<meta name=\"twitter:label1\" content=\"Written by\" \/>\n\t<meta name=\"twitter:data1\" content=\"ulqini\" \/>\n\t<meta name=\"twitter:label2\" content=\"Est. reading time\" \/>\n\t<meta name=\"twitter:data2\" content=\"1 minute\" \/>\n<script type=\"application\/ld+json\" class=\"yoast-schema-graph\">{\"@context\":\"https:\/\/schema.org\",\"@graph\":[{\"@type\":\"WebSite\",\"@id\":\"https:\/\/www.visit-ulcinj.com\/blog\/#website\",\"url\":\"https:\/\/www.visit-ulcinj.com\/blog\/\",\"name\":\"Lajme nga Ulqini\",\"description\":\"Lajme,Vijesti,Ulqini,Ulqin,Crna Gora,Mali i Zi\",\"potentialAction\":[{\"@type\":\"SearchAction\",\"target\":{\"@type\":\"EntryPoint\",\"urlTemplate\":\"https:\/\/www.visit-ulcinj.com\/blog\/?s={search_term_string}\"},\"query-input\":\"required name=search_term_string\"}],\"inLanguage\":\"en-US\"},{\"@type\":\"ImageObject\",\"inLanguage\":\"en-US\",\"@id\":\"https:\/\/www.visit-ulcinj.com\/blog\/2012\/06\/18\/opstina-ulcinj-primljena-u-clanstvo-jadranske-euroregije\/#primaryimage\",\"url\":\"https:\/\/www.visit-ulcinj.com\/blog\/wp-content\/uploads\/2012\/06\/Selim-Resulbegovic-u-Trst-_Optina-Ulcinj-primljena-u-clanstvo-Jadranske-euroregije.jpg\",\"contentUrl\":\"https:\/\/www.visit-ulcinj.com\/blog\/wp-content\/uploads\/2012\/06\/Selim-Resulbegovic-u-Trst-_Optina-Ulcinj-primljena-u-clanstvo-Jadranske-euroregije.jpg\",\"width\":\"400\",\"height\":\"227\"},{\"@type\":\"WebPage\",\"@id\":\"https:\/\/www.visit-ulcinj.com\/blog\/2012\/06\/18\/opstina-ulcinj-primljena-u-clanstvo-jadranske-euroregije\/#webpage\",\"url\":\"https:\/\/www.visit-ulcinj.com\/blog\/2012\/06\/18\/opstina-ulcinj-primljena-u-clanstvo-jadranske-euroregije\/\",\"name\":\"Op\u0161tina Ulcinj primljena u \u010dlanstvo Jadranske euroregije - Video - Lajme nga Ulqini\",\"isPartOf\":{\"@id\":\"https:\/\/www.visit-ulcinj.com\/blog\/#website\"},\"primaryImageOfPage\":{\"@id\":\"https:\/\/www.visit-ulcinj.com\/blog\/2012\/06\/18\/opstina-ulcinj-primljena-u-clanstvo-jadranske-euroregije\/#primaryimage\"},\"datePublished\":\"2012-06-18T14:45:33+00:00\",\"dateModified\":\"2012-06-18T15:31:38+00:00\",\"author\":{\"@id\":\"https:\/\/www.visit-ulcinj.com\/blog\/#\/schema\/person\/dcab619c614d3038751c63bc2aadc06d\"},\"description\":\"U Trstu odr\u017eana generalna skup\u0161tina jadranske euroregije Potpredsjednik Op\u0161tine Ulcinj Selim Resulbegovic u\u010destvovao je u radu VII Generalne skup\u0161tine\",\"breadcrumb\":{\"@id\":\"https:\/\/www.visit-ulcinj.com\/blog\/2012\/06\/18\/opstina-ulcinj-primljena-u-clanstvo-jadranske-euroregije\/#breadcrumb\"},\"inLanguage\":\"en-US\",\"potentialAction\":[{\"@type\":\"ReadAction\",\"target\":[\"https:\/\/www.visit-ulcinj.com\/blog\/2012\/06\/18\/opstina-ulcinj-primljena-u-clanstvo-jadranske-euroregije\/\"]}]},{\"@type\":\"BreadcrumbList\",\"@id\":\"https:\/\/www.visit-ulcinj.com\/blog\/2012\/06\/18\/opstina-ulcinj-primljena-u-clanstvo-jadranske-euroregije\/#breadcrumb\",\"itemListElement\":[{\"@type\":\"ListItem\",\"position\":1,\"name\":\"Op\u0161tina Ulcinj primljena u \u010dlanstvo Jadranske euroregije &#8211; Video\"}]},{\"@type\":\"Person\",\"@id\":\"https:\/\/www.visit-ulcinj.com\/blog\/#\/schema\/person\/dcab619c614d3038751c63bc2aadc06d\",\"name\":\"ulqini\",\"sameAs\":[\"http:\/\/www.visit-ulcinj.com\"],\"url\":\"https:\/\/www.visit-ulcinj.com\/blog\/author\/admin\/\"}]}<\/script>\n<!-- \/ Yoast SEO plugin. -->","yoast_head_json":{"title":"Op\u0161tina Ulcinj primljena u \u010dlanstvo Jadranske euroregije - Video - Lajme nga Ulqini","description":"U Trstu odr\u017eana generalna skup\u0161tina jadranske euroregije Potpredsjednik Op\u0161tine Ulcinj Selim Resulbegovic u\u010destvovao je u radu VII Generalne skup\u0161tine","robots":{"index":"index","follow":"follow","max-snippet":"max-snippet:-1","max-image-preview":"max-image-preview:large","max-video-preview":"max-video-preview:-1"},"canonical":"https:\/\/www.visit-ulcinj.com\/blog\/2012\/06\/18\/opstina-ulcinj-primljena-u-clanstvo-jadranske-euroregije\/","og_locale":"en_US","og_type":"article","og_title":"Op\u0161tina Ulcinj primljena u \u010dlanstvo Jadranske euroregije - Video - Lajme nga Ulqini","og_description":"U Trstu odr\u017eana generalna skup\u0161tina jadranske euroregije Potpredsjednik Op\u0161tine Ulcinj Selim Resulbegovic u\u010destvovao je u radu VII Generalne skup\u0161tine","og_url":"https:\/\/www.visit-ulcinj.com\/blog\/2012\/06\/18\/opstina-ulcinj-primljena-u-clanstvo-jadranske-euroregije\/","og_site_name":"Lajme nga Ulqini","article_published_time":"2012-06-18T14:45:33+00:00","article_modified_time":"2012-06-18T15:31:38+00:00","og_image":[{"url":"http:\/\/www.visit-ulcinj.com\/blog\/wp-content\/uploads\/2012\/06\/Selim-Resulbegovic-u-Trst-_Optina-Ulcinj-primljena-u-clanstvo-Jadranske-euroregije.jpg"}],"twitter_misc":{"Written by":"ulqini","Est. reading time":"1 minute"},"schema":{"@context":"https:\/\/schema.org","@graph":[{"@type":"WebSite","@id":"https:\/\/www.visit-ulcinj.com\/blog\/#website","url":"https:\/\/www.visit-ulcinj.com\/blog\/","name":"Lajme nga Ulqini","description":"Lajme,Vijesti,Ulqini,Ulqin,Crna Gora,Mali i Zi","potentialAction":[{"@type":"SearchAction","target":{"@type":"EntryPoint","urlTemplate":"https:\/\/www.visit-ulcinj.com\/blog\/?s={search_term_string}"},"query-input":"required name=search_term_string"}],"inLanguage":"en-US"},{"@type":"ImageObject","inLanguage":"en-US","@id":"https:\/\/www.visit-ulcinj.com\/blog\/2012\/06\/18\/opstina-ulcinj-primljena-u-clanstvo-jadranske-euroregije\/#primaryimage","url":"https:\/\/www.visit-ulcinj.com\/blog\/wp-content\/uploads\/2012\/06\/Selim-Resulbegovic-u-Trst-_Optina-Ulcinj-primljena-u-clanstvo-Jadranske-euroregije.jpg","contentUrl":"https:\/\/www.visit-ulcinj.com\/blog\/wp-content\/uploads\/2012\/06\/Selim-Resulbegovic-u-Trst-_Optina-Ulcinj-primljena-u-clanstvo-Jadranske-euroregije.jpg","width":"400","height":"227"},{"@type":"WebPage","@id":"https:\/\/www.visit-ulcinj.com\/blog\/2012\/06\/18\/opstina-ulcinj-primljena-u-clanstvo-jadranske-euroregije\/#webpage","url":"https:\/\/www.visit-ulcinj.com\/blog\/2012\/06\/18\/opstina-ulcinj-primljena-u-clanstvo-jadranske-euroregije\/","name":"Op\u0161tina Ulcinj primljena u \u010dlanstvo Jadranske euroregije - Video - Lajme nga Ulqini","isPartOf":{"@id":"https:\/\/www.visit-ulcinj.com\/blog\/#website"},"primaryImageOfPage":{"@id":"https:\/\/www.visit-ulcinj.com\/blog\/2012\/06\/18\/opstina-ulcinj-primljena-u-clanstvo-jadranske-euroregije\/#primaryimage"},"datePublished":"2012-06-18T14:45:33+00:00","dateModified":"2012-06-18T15:31:38+00:00","author":{"@id":"https:\/\/www.visit-ulcinj.com\/blog\/#\/schema\/person\/dcab619c614d3038751c63bc2aadc06d"},"description":"U Trstu odr\u017eana generalna skup\u0161tina jadranske euroregije Potpredsjednik Op\u0161tine Ulcinj Selim Resulbegovic u\u010destvovao je u radu VII Generalne skup\u0161tine","breadcrumb":{"@id":"https:\/\/www.visit-ulcinj.com\/blog\/2012\/06\/18\/opstina-ulcinj-primljena-u-clanstvo-jadranske-euroregije\/#breadcrumb"},"inLanguage":"en-US","potentialAction":[{"@type":"ReadAction","target":["https:\/\/www.visit-ulcinj.com\/blog\/2012\/06\/18\/opstina-ulcinj-primljena-u-clanstvo-jadranske-euroregije\/"]}]},{"@type":"BreadcrumbList","@id":"https:\/\/www.visit-ulcinj.com\/blog\/2012\/06\/18\/opstina-ulcinj-primljena-u-clanstvo-jadranske-euroregije\/#breadcrumb","itemListElement":[{"@type":"ListItem","position":1,"name":"Op\u0161tina Ulcinj primljena u \u010dlanstvo Jadranske euroregije &#8211; Video"}]},{"@type":"Person","@id":"https:\/\/www.visit-ulcinj.com\/blog\/#\/schema\/person\/dcab619c614d3038751c63bc2aadc06d","name":"ulqini","sameAs":["http:\/\/www.visit-ulcinj.com"],"url":"https:\/\/www.visit-ulcinj.com\/blog\/author\/admin\/"}]}},"jetpack_featured_media_url":"","jetpack_sharing_enabled":true,"jetpack_shortlink":"https:\/\/wp.me\/pe6lTn-g51","_links":{"self":[{"href":"https:\/\/www.visit-ulcinj.com\/blog\/wp-json\/wp\/v2\/posts\/61815"}],"collection":[{"href":"https:\/\/www.visit-ulcinj.com\/blog\/wp-json\/wp\/v2\/posts"}],"about":[{"href":"https:\/\/www.visit-ulcinj.com\/blog\/wp-json\/wp\/v2\/types\/post"}],"author":[{"embeddable":true,"href":"https:\/\/www.visit-ulcinj.com\/blog\/wp-json\/wp\/v2\/users\/1"}],"replies":[{"embeddable":true,"href":"https:\/\/www.visit-ulcinj.com\/blog\/wp-json\/wp\/v2\/comments?post=61815"}],"version-history":[{"count":3,"href":"https:\/\/www.visit-ulcinj.com\/blog\/wp-json\/wp\/v2\/posts\/61815\/revisions"}],"predecessor-version":[{"id":61819,"href":"https:\/\/www.visit-ulcinj.com\/blog\/wp-json\/wp\/v2\/posts\/61815\/revisions\/61819"}],"wp:attachment":[{"href":"https:\/\/www.visit-ulcinj.com\/blog\/wp-json\/wp\/v2\/media?parent=61815"}],"wp:term":[{"taxonomy":"category","embeddable":true,"href":"https:\/\/www.visit-ulcinj.com\/blog\/wp-json\/wp\/v2\/categories?post=61815"},{"taxonomy":"post_tag","embeddable":true,"href":"https:\/\/www.visit-ulcinj.com\/blog\/wp-json\/wp\/v2\/tags?post=61815"}],"curies":[{"name":"wp","href":"https:\/\/api.w.org\/{rel}","templated":true}]}}