{"id":61831,"date":"2012-06-18T19:58:57","date_gmt":"2012-06-18T18:58:57","guid":{"rendered":"http:\/\/www.visit-ulcinj.com\/blog\/?p=61831"},"modified":"2012-06-19T09:05:34","modified_gmt":"2012-06-19T08:05:34","slug":"ulqini-pranohet-ne-familjen-e-eurorajonit-adriatik","status":"publish","type":"post","link":"https:\/\/www.visit-ulcinj.com\/blog\/2012\/06\/18\/ulqini-pranohet-ne-familjen-e-eurorajonit-adriatik\/","title":{"rendered":"Ulqini pranohet n\u00eb familjen e Eurorajonit Adriatik"},"content":{"rendered":"<p><a href=\"http:\/\/www.visit-ulcinj.com\/blog\/wp-content\/uploads\/2012\/06\/mw_joomla_logo.png\"><img loading=\"lazy\" class=\"alignleft  wp-image-61832\" title=\"mw_joomla_logo\" src=\"http:\/\/www.visit-ulcinj.com\/blog\/wp-content\/uploads\/2012\/06\/mw_joomla_logo.png\" alt=\"\" width=\"300\" height=\"300\" \/><\/a>N\u00eb dat\u00ebn m\u00eb 13 qershor 2012 u zhvillua n\u00eb Trieste, Takimi i VII i Asambles\u00eb s\u00eb Eurorajonit Adriatik. N\u00eb takim ishin ftuar t\u00eb merrnin pjes\u00eb p\u00ebrfaq\u00ebsuesit e 25 rajoneve an\u00ebtare q\u00eb i p\u00ebrkasin 7 vendeve: Shqip\u00ebris\u00eb, Italis\u00eb, Sllovenis\u00eb, Kroacis\u00eb, Bosnje &#8211; Hercegovin\u00ebs, Malit t\u00eb Zi dhe Greqis\u00eb, p\u00ebrfaq\u00ebsues t\u00eb institucioneve europiane dhe italiane, diplomat\u00eb, etj. N\u00eb takim mori pjes\u00eb dhe n\u00ebnkryetari i komun\u00ebs s\u00eb Ulqinit,Selim Resulbegoviq.<\/p>\n<p>N\u00eb dat\u00ebn 13qershor \u00a0u zhvillua mbledhja e Komitetit Ekzekutiv si dhe u p\u00ebrurua hapja e Qendr\u00ebs s\u00eb Formimit Europian p\u00ebr funksionar\u00ebt e administrat\u00ebs publike e cila do t\u00eb ofroj\u00eb trajnime p\u00ebr n\u00ebpun\u00ebsit e Rajonit Adriatik. Kjo qend\u00ebr mb\u00ebshtetet nga Instituti Europian i Administrat\u00ebs Publike (EIPA) me qend\u00ebr n\u00eb Maastricht.<\/p>\n<p>N\u00eb dat\u00ebn 13 qershor \u00a0u zhvillua seanca plenare, n\u00eb fillim t\u00eb s\u00eb cil\u00ebs e mor\u00ebn fjal\u00ebn z. Michele Iorio, Presidenti i Rajonit t\u00eb Molises, z. Ivan Jakov\u00e7i\u00e7, President i Eurorajonit Adriatik,ku kuvendi i Asambles\u00eb pranoi qytetin e Ulqinit n\u00eb girin e vendeve t\u00eb Eurorajonit Adriatik.<\/p>\n<p>Z. Iorio e p\u00ebrkufizoi Asamblen\u00eb e Eurorajonit si nj\u00eb struktur\u00eb shum\u00eb t\u00eb r\u00ebnd\u00ebsishme rajonale, e cila funksionon n\u00eb p\u00ebrputhje t\u00eb plot\u00eb me orientimet e Bashkimit Europian p\u00ebr mb\u00ebshtetjen e eurorajoneve dhe ve\u00e7an\u00ebrisht n\u00eb Adriatik. Ai n\u00ebnvizoi se objektivi kryesor i Eurorajonit Adriatik duhet t\u00eb jet\u00eb zhvillimi i q\u00ebndruesh\u00ebm, n\u00eb fush\u00ebn shoq\u00ebrore, t\u00eb turizmit, k\u00ebrkimeve shkencore dhe mir\u00ebqeverisjes.<\/p>\n<p>Z. Jakov\u00e7i\u00e7 deklaroi se tashm\u00eb duhet punuar fuqimisht p\u00ebr ta kthyer Adriatikun n\u00eb detin e miq\u00ebsis\u00eb dhe jo t\u00eb ndarjes. Kroacia do t\u00eb jap\u00eb kontributin e saj dhe p\u00ebr sa i p\u00ebrket strategjis\u00eb adriatiko-joniane n\u00eb funksion t\u00eb hyrjes s\u00eb saj n\u00eb BE n\u00eb vitin 2013.<\/p>\n<p>N\u00eb ket\u00eb seanc\u00eb \u00a0u miratua raporti dyvje\u00e7ar i pun\u00ebs q\u00eb Iniciativ\u00ebs, relacioni financiar, si dhe u zhvilluan zgjedhjet p\u00ebr Presidentin, Zv.Presidentin dhe organet drejtuese t\u00eb Iniciativ\u00ebs. \u00a0Si President i Eurorajonit Adriatik u zgjodh me unanimitet z. Michele Iorio, nd\u00ebrsa si Zv.President u zgjodh z. Nikola Dubroslavi\u00e7. President i Rajonit t\u00eb Dubrovnikut.<\/p>\n<p>M\u00eb tej, gjat\u00eb punimeve t\u00eb takmit u zhvillua tryeza e rrumbullak\u00ebt: Strategjia makrorajonale adriatiko-joniane.<br \/>\n<a href=\"http:\/\/www.visit-ulcinj.com\/blog\/wp-content\/uploads\/2012\/06\/Ulqini-n\u00eb-familjen-e-Eurorajonit-Adriatik_Selim-Resulbegu-ne-trieste.jpg\"><img loading=\"lazy\" class=\"alignleft size-full wp-image-61841\" title=\"SAMSUNG DIGITAL CAMERA\" src=\"http:\/\/www.visit-ulcinj.com\/blog\/wp-content\/uploads\/2012\/06\/Ulqini-n\u00eb-familjen-e-Eurorajonit-Adriatik_Selim-Resulbegu-ne-trieste.jpg\" alt=\"\" width=\"400\" height=\"227\" srcset=\"https:\/\/www.visit-ulcinj.com\/blog\/wp-content\/uploads\/2012\/06\/Ulqini-n\u00eb-familjen-e-Eurorajonit-Adriatik_Selim-Resulbegu-ne-trieste.jpg 400w, https:\/\/www.visit-ulcinj.com\/blog\/wp-content\/uploads\/2012\/06\/Ulqini-n\u00eb-familjen-e-Eurorajonit-Adriatik_Selim-Resulbegu-ne-trieste-300x170.jpg 300w\" sizes=\"(max-width: 400px) 100vw, 400px\" \/><\/a><br \/>\n<strong>Qytetet qe bejne pjese e qyteteve te Adriatikut dhe Jonit jane :<\/strong><\/p>\n<p><strong>Italia: <\/strong>Adria, Ancona, Alessano, Bari, Brindisi, Casarano, Chioggia, Civitanova Marche, Cupra Marittima, Falconara Marittima, Francavilla a Mare, Manfredonia, Molfetta, Monfalcone, Ortona, Pesaro, Pescara, Porto San Giorgio, Ravenna, Riccione, Rimini, San Pietro Vernotico, San Benedetto del Tronto, Senigallia, Taranto, Torchiarolo, Trani, Tricase, Venezia<\/p>\n<p><strong>Sllovenia :<\/strong> Isola, Capodistria<\/p>\n<p><strong>Kroacia :<\/strong> Dubrovnik, Plo\u010de, Rijeka(Fiume), \u0160ibenik (Sebenico), Split (Spalato), Zadar (Zara), Biograd n\/m.<\/p>\n<p><strong>Bosnja \u2013 Herzegovina <\/strong>: Neum, Mostar<\/p>\n<p><strong>Mali i Zi :<\/strong> Bar, Kotor.Ulqin<\/p>\n<p><strong>Shqiperia:<\/strong> Durres, Lezhe, Sarande, Shkoder, Vlor<\/p>\n<p><strong>Greqia:<\/strong> Korfuz, Igumenice, Parga, Patra, Preveze.<\/p>\n<p><strong>Aktivitetet n\u00eb vijim : IPA ADRIATIC<\/strong><\/p>\n<p>ADRIATIC WELFARE MIX, &#8211; Projekti i dedikohet avancimit t\u00eb sistemit t\u00eb p\u00ebrkujdesjes sociale, me ky\u00e7je t\u00eb ofertave private t\u00eb sh\u00ebrbimeve sociale. Partneri \u00ebsht\u00eb bashkia e Tiran\u00ebs. Partner\u00ebt tjer\u00eb jan\u00eb nga Italia, Shqip\u00ebria, Bosnja dhe Hercegovina dhe Mali i Zi. Vlera totale e Projektit \u00ebsht\u00eb 2.580.000,00 euro, prej t\u00eb cilave p\u00ebr komun\u00ebn tone t\u00eb Ulqinit 387.000,00 euro.<\/p>\n<p>A.C.T. \u2013 projekti i dedikohet avancimit t\u00eb zon\u00ebs s\u00eb Detit Adriatik. Partner\u00ebt jan\u00eb nga Italia, Shqip\u00ebria, Bosnja dhe Hercegovina, Kroacia, Sllovenia dhe Mali i Zi. Vlera totale e Projektit \u00ebsht\u00eb 2.167.953,43 euro, prej t\u00eb cilave p\u00ebr komun\u00ebn tone t\u00eb Ulqinit 112.894,70 euro. Disa nga aktivitetet kryesore t\u00eb projektit jan\u00eb vendosja e rrug\u00ebs p\u00ebr bi\u00e7ikleta dhe k\u00ebmb\u00ebsor n\u00eb zon\u00ebn e p\u00ebrcaktuar si dhe rritja e kualitetit t\u00eb ofert\u00ebs turistike.<\/p>\n<p>ADRI ACT &#8211; projekti ka p\u00ebr q\u00ebllim integrimin, mir\u00ebmbajtjen, dhe menaxhimin me trash\u00ebgimi kulturore dhe valorizimin p\u00ebr q\u00ebllime turistike n\u00eb territorin e konkurruesve. Partner\u00ebt n\u00eb projekt jan\u00eb nga Italia, Shqip\u00ebria, Mali i Zi, Sllovenia dhe Kroacia.<br \/>\nVlera totale e projektit \u00ebsht\u00eb 1.970.588,00 euro, prej t\u00eb cilave p\u00ebr komun\u00ebn e Ulqinit jan\u00eb t\u00eb planifikuara 200.000,00 euro.<\/p>\n<p>I-AGRI \u2013 projekti \u00ebsht\u00eb nga fusha e bujq\u00ebsis\u00eb dhe parasheh disa masa p\u00ebr avancimin e gjendjes n\u00eb k\u00ebt\u00eb fush\u00eb. Partner\u00ebt n\u00eb projekt jan\u00eb Italia, Greqia, Kroacia, BdheH, dhe Mali i Zi. Vlera totale e projektit \u00ebsht\u00eb 2.354.919,00 euro, nga te cilat p\u00ebr Ulqinin 223.647,00 euro. Projekti ka p\u00ebr q\u00ebllim analiz\u00ebn e gjendjes ekzistuese dhe aplikimin e teknologjive t\u00eb reja n\u00eb bujq\u00ebsi.<br \/>\n<strong><br \/>\nProgrami p\u00ebr Evrop\u00ebn Juglindore, komuna e Ulqinit ka vendos partneritet ne gjithsejt\u00eb 6 projekte:<\/strong><\/p>\n<p>SEE. NTINEL \u2013 Vendosja e sistemit p\u00ebr alarmim te hershem nga rreziku i p\u00ebrmbytjeve dhe rr\u00ebshqitjeve me an\u00eb t\u00eb teknologjis\u00eb satelitore. Partner\u00ebt ne projekt jan\u00eb Italia, Kroacia, Bullgaria, Shqip\u00ebria dhe Mali i Zi. Vlera e p\u00ebrgjithshme e projektit \u00ebsht\u00eb 1.800.000,00 euro nga te cilat p\u00ebr komun\u00ebn e Ulqinit jan\u00eb t\u00eb dedikuara 175.600,00 euro.<\/p>\n<p>ALERUID \u2013 Analiza e rr\u00ebshqitjeve te terrenit dhe nj\u00eb s\u00ebr\u00eb masash p\u00ebr sanimin e tyre. Partner\u00ebt jan\u00eb nga Italia, Mali i Zi dhe Shqip\u00ebria. Vlera e p\u00ebrgjithshme e projektit 1.154.000,00 euro, per Ulqin 55.000,00 euro.<\/p>\n<p>D-DEA \u2013 Hartimi i studimit Due Diligence n\u00eb fush\u00ebn e bujq\u00ebsis\u00eb. Partner\u00ebt jan\u00eb nga Italia, Greqia, Bullgaria, Shqip\u00ebria dhe Mali i Zi. Gjithsejt 2.281.000,00 euro, Ulqinit 210.000,00 euro.<br \/>\nIMPAAS- Sanimi i deponis\u00eb josanitare HIJA. Partner\u00ebt nga Italia, Mali i Zi dhe Shqip\u00ebria. Vlera e p\u00ebrgjithshme e projektit 4.290.000,00 euro nga te cilat Ulqini merr 100.000,00 euro dhe Nd\u00ebrmarrja publike komunale e Ulqinit 636.000,00 euro.<\/p>\n<p>LAND.MAN.PRO- projekti nga fusha e rregullimit hap\u00ebsinor. Aplikimi i teknikave bashk\u00ebkohore n\u00eb urbaniz\u00ebm dhe rregullim hap\u00ebsinor. Partner\u00ebt jan\u00eb nga Italia, Rumunia, Hungaria, Kosova, Mali i Zi dhe Shqip\u00ebria. Gjithsejt\u00eb 2.791.635,12 euro, Ulqinit 379.699,23 euro.<\/p>\n<p>CIP \u2013 Projekti nga fusha e kultur\u00ebs, aplikimi i partneritetit privat me ate publik. Partner\u00ebt: Italia, Rumunia, Hungaria, Bullgaria, Shqip\u00ebria, Kroacia dhe Mali i Zi. Gjithsejt\u00eb 1.280.000,00 euro, Ulqinit 90.000,00 euro.<\/p>\n<p>Bashk\u00ebpunimi nd\u00ebrkufitar Mali i Zi-Kroaci (thirrja \u00ebsht\u00eb e \u00e7elur deri me 5 mars 2012)- Komuna e Ulqinit \u00ebsht\u00eb duke e p\u00ebrgatitur projektit per ndalimin e peshkimit ilegal dhe vjeljen e paligjshme t\u00eb p\u00ebrstacave. Partner\u00ebt ne k\u00ebt\u00eb projekt jan\u00eb: Komuna e Konavles, EDI- Iniciativa demokratike evropiane dhe Hapi i gjelb\u00ebr. Vlera e projektit \u00ebsht\u00eb 150.000,00 p\u00ebr pal\u00ebn Malazeze.<\/p>\n<p><strong>Lajme nga Ulqini<br \/>\n[flv width=&#8221;508&#8243; height=&#8221;380&#8243;]http:\/\/video.zoover.nl\/media\/play\/2010\/01\/20100125130811_025.flv[\/flv]<br \/>\n<\/strong><\/p>\n","protected":false},"excerpt":{"rendered":"<p>N\u00eb dat\u00ebn m\u00eb 13 qershor 2012 u zhvillua n\u00eb Trieste, Takimi i VII i Asambles\u00eb s\u00eb Eurorajonit Adriatik. N\u00eb takim ishin ftuar t\u00eb merrnin pjes\u00eb p\u00ebrfaq\u00ebsuesit e 25 rajoneve an\u00ebtare q\u00eb i p\u00ebrkasin 7 vendeve: Shqip\u00ebris\u00eb, Italis\u00eb, Sllovenis\u00eb, Kroacis\u00eb, Bosnje &#8211; Hercegovin\u00ebs, Malit t\u00eb Zi dhe Greqis\u00eb, p\u00ebrfaq\u00ebsues t\u00eb institucioneve europiane dhe italiane, diplomat\u00eb, etj. [&hellip;]<\/p>\n","protected":false},"author":1,"featured_media":0,"comment_status":"open","ping_status":"closed","sticky":false,"template":"","format":"standard","meta":{"spay_email":"","jetpack_publicize_message":"","jetpack_is_tweetstorm":false,"jetpack_publicize_feature_enabled":true},"categories":[12],"tags":[20800,95,200,18],"jetpack_publicize_connections":[],"yoast_head":"<!-- This site is optimized with the Yoast SEO plugin v19.1 - https:\/\/yoast.com\/wordpress\/plugins\/seo\/ -->\n<title>Ulqini pranohet n\u00eb familjen e Eurorajonit Adriatik - Lajme nga Ulqini<\/title>\n<meta name=\"description\" content=\"N\u00eb dat\u00ebn m\u00eb 13 qershor 2012 u zhvillua n\u00eb Trieste, Takimi i VII i Asambles\u00eb s\u00eb Eurorajonit Adriatik. N\u00eb takim ishin ftuar t\u00eb merrnin pjes\u00eb p\u00ebrfaq\u00ebsuesit e\" \/>\n<meta name=\"robots\" content=\"index, follow, max-snippet:-1, max-image-preview:large, max-video-preview:-1\" \/>\n<link rel=\"canonical\" href=\"https:\/\/www.visit-ulcinj.com\/blog\/2012\/06\/18\/ulqini-pranohet-ne-familjen-e-eurorajonit-adriatik\/\" \/>\n<meta property=\"og:locale\" content=\"en_US\" \/>\n<meta property=\"og:type\" content=\"article\" \/>\n<meta property=\"og:title\" content=\"Ulqini pranohet n\u00eb familjen e Eurorajonit Adriatik - Lajme nga Ulqini\" \/>\n<meta property=\"og:description\" content=\"N\u00eb dat\u00ebn m\u00eb 13 qershor 2012 u zhvillua n\u00eb Trieste, Takimi i VII i Asambles\u00eb s\u00eb Eurorajonit Adriatik. N\u00eb takim ishin ftuar t\u00eb merrnin pjes\u00eb p\u00ebrfaq\u00ebsuesit e\" \/>\n<meta property=\"og:url\" content=\"https:\/\/www.visit-ulcinj.com\/blog\/2012\/06\/18\/ulqini-pranohet-ne-familjen-e-eurorajonit-adriatik\/\" \/>\n<meta property=\"og:site_name\" content=\"Lajme nga Ulqini\" \/>\n<meta property=\"article:published_time\" content=\"2012-06-18T18:58:57+00:00\" \/>\n<meta property=\"article:modified_time\" content=\"2012-06-19T08:05:34+00:00\" \/>\n<meta property=\"og:image\" content=\"http:\/\/www.visit-ulcinj.com\/blog\/wp-content\/uploads\/2012\/06\/mw_joomla_logo.png\" \/>\n<meta name=\"twitter:label1\" content=\"Written by\" \/>\n\t<meta name=\"twitter:data1\" content=\"ulqini\" \/>\n\t<meta name=\"twitter:label2\" content=\"Est. reading time\" \/>\n\t<meta name=\"twitter:data2\" content=\"5 minutes\" \/>\n<script type=\"application\/ld+json\" class=\"yoast-schema-graph\">{\"@context\":\"https:\/\/schema.org\",\"@graph\":[{\"@type\":\"WebSite\",\"@id\":\"https:\/\/www.visit-ulcinj.com\/blog\/#website\",\"url\":\"https:\/\/www.visit-ulcinj.com\/blog\/\",\"name\":\"Lajme nga Ulqini\",\"description\":\"Lajme,Vijesti,Ulqini,Ulqin,Crna Gora,Mali i Zi\",\"potentialAction\":[{\"@type\":\"SearchAction\",\"target\":{\"@type\":\"EntryPoint\",\"urlTemplate\":\"https:\/\/www.visit-ulcinj.com\/blog\/?s={search_term_string}\"},\"query-input\":\"required name=search_term_string\"}],\"inLanguage\":\"en-US\"},{\"@type\":\"ImageObject\",\"inLanguage\":\"en-US\",\"@id\":\"https:\/\/www.visit-ulcinj.com\/blog\/2012\/06\/18\/ulqini-pranohet-ne-familjen-e-eurorajonit-adriatik\/#primaryimage\",\"url\":\"https:\/\/www.visit-ulcinj.com\/blog\/wp-content\/uploads\/2012\/06\/mw_joomla_logo.png\",\"contentUrl\":\"https:\/\/www.visit-ulcinj.com\/blog\/wp-content\/uploads\/2012\/06\/mw_joomla_logo.png\",\"width\":\"150\",\"height\":\"170\"},{\"@type\":\"WebPage\",\"@id\":\"https:\/\/www.visit-ulcinj.com\/blog\/2012\/06\/18\/ulqini-pranohet-ne-familjen-e-eurorajonit-adriatik\/#webpage\",\"url\":\"https:\/\/www.visit-ulcinj.com\/blog\/2012\/06\/18\/ulqini-pranohet-ne-familjen-e-eurorajonit-adriatik\/\",\"name\":\"Ulqini pranohet n\u00eb familjen e Eurorajonit Adriatik - Lajme nga Ulqini\",\"isPartOf\":{\"@id\":\"https:\/\/www.visit-ulcinj.com\/blog\/#website\"},\"primaryImageOfPage\":{\"@id\":\"https:\/\/www.visit-ulcinj.com\/blog\/2012\/06\/18\/ulqini-pranohet-ne-familjen-e-eurorajonit-adriatik\/#primaryimage\"},\"datePublished\":\"2012-06-18T18:58:57+00:00\",\"dateModified\":\"2012-06-19T08:05:34+00:00\",\"author\":{\"@id\":\"https:\/\/www.visit-ulcinj.com\/blog\/#\/schema\/person\/dcab619c614d3038751c63bc2aadc06d\"},\"description\":\"N\u00eb dat\u00ebn m\u00eb 13 qershor 2012 u zhvillua n\u00eb Trieste, Takimi i VII i Asambles\u00eb s\u00eb Eurorajonit Adriatik. N\u00eb takim ishin ftuar t\u00eb merrnin pjes\u00eb p\u00ebrfaq\u00ebsuesit e\",\"breadcrumb\":{\"@id\":\"https:\/\/www.visit-ulcinj.com\/blog\/2012\/06\/18\/ulqini-pranohet-ne-familjen-e-eurorajonit-adriatik\/#breadcrumb\"},\"inLanguage\":\"en-US\",\"potentialAction\":[{\"@type\":\"ReadAction\",\"target\":[\"https:\/\/www.visit-ulcinj.com\/blog\/2012\/06\/18\/ulqini-pranohet-ne-familjen-e-eurorajonit-adriatik\/\"]}]},{\"@type\":\"BreadcrumbList\",\"@id\":\"https:\/\/www.visit-ulcinj.com\/blog\/2012\/06\/18\/ulqini-pranohet-ne-familjen-e-eurorajonit-adriatik\/#breadcrumb\",\"itemListElement\":[{\"@type\":\"ListItem\",\"position\":1,\"name\":\"Ulqini pranohet n\u00eb familjen e Eurorajonit Adriatik\"}]},{\"@type\":\"Person\",\"@id\":\"https:\/\/www.visit-ulcinj.com\/blog\/#\/schema\/person\/dcab619c614d3038751c63bc2aadc06d\",\"name\":\"ulqini\",\"sameAs\":[\"http:\/\/www.visit-ulcinj.com\"],\"url\":\"https:\/\/www.visit-ulcinj.com\/blog\/author\/admin\/\"}]}<\/script>\n<!-- \/ Yoast SEO plugin. -->","yoast_head_json":{"title":"Ulqini pranohet n\u00eb familjen e Eurorajonit Adriatik - Lajme nga Ulqini","description":"N\u00eb dat\u00ebn m\u00eb 13 qershor 2012 u zhvillua n\u00eb Trieste, Takimi i VII i Asambles\u00eb s\u00eb Eurorajonit Adriatik. N\u00eb takim ishin ftuar t\u00eb merrnin pjes\u00eb p\u00ebrfaq\u00ebsuesit e","robots":{"index":"index","follow":"follow","max-snippet":"max-snippet:-1","max-image-preview":"max-image-preview:large","max-video-preview":"max-video-preview:-1"},"canonical":"https:\/\/www.visit-ulcinj.com\/blog\/2012\/06\/18\/ulqini-pranohet-ne-familjen-e-eurorajonit-adriatik\/","og_locale":"en_US","og_type":"article","og_title":"Ulqini pranohet n\u00eb familjen e Eurorajonit Adriatik - Lajme nga Ulqini","og_description":"N\u00eb dat\u00ebn m\u00eb 13 qershor 2012 u zhvillua n\u00eb Trieste, Takimi i VII i Asambles\u00eb s\u00eb Eurorajonit Adriatik. N\u00eb takim ishin ftuar t\u00eb merrnin pjes\u00eb p\u00ebrfaq\u00ebsuesit e","og_url":"https:\/\/www.visit-ulcinj.com\/blog\/2012\/06\/18\/ulqini-pranohet-ne-familjen-e-eurorajonit-adriatik\/","og_site_name":"Lajme nga Ulqini","article_published_time":"2012-06-18T18:58:57+00:00","article_modified_time":"2012-06-19T08:05:34+00:00","og_image":[{"url":"http:\/\/www.visit-ulcinj.com\/blog\/wp-content\/uploads\/2012\/06\/mw_joomla_logo.png"}],"twitter_misc":{"Written by":"ulqini","Est. reading time":"5 minutes"},"schema":{"@context":"https:\/\/schema.org","@graph":[{"@type":"WebSite","@id":"https:\/\/www.visit-ulcinj.com\/blog\/#website","url":"https:\/\/www.visit-ulcinj.com\/blog\/","name":"Lajme nga Ulqini","description":"Lajme,Vijesti,Ulqini,Ulqin,Crna Gora,Mali i Zi","potentialAction":[{"@type":"SearchAction","target":{"@type":"EntryPoint","urlTemplate":"https:\/\/www.visit-ulcinj.com\/blog\/?s={search_term_string}"},"query-input":"required name=search_term_string"}],"inLanguage":"en-US"},{"@type":"ImageObject","inLanguage":"en-US","@id":"https:\/\/www.visit-ulcinj.com\/blog\/2012\/06\/18\/ulqini-pranohet-ne-familjen-e-eurorajonit-adriatik\/#primaryimage","url":"https:\/\/www.visit-ulcinj.com\/blog\/wp-content\/uploads\/2012\/06\/mw_joomla_logo.png","contentUrl":"https:\/\/www.visit-ulcinj.com\/blog\/wp-content\/uploads\/2012\/06\/mw_joomla_logo.png","width":"150","height":"170"},{"@type":"WebPage","@id":"https:\/\/www.visit-ulcinj.com\/blog\/2012\/06\/18\/ulqini-pranohet-ne-familjen-e-eurorajonit-adriatik\/#webpage","url":"https:\/\/www.visit-ulcinj.com\/blog\/2012\/06\/18\/ulqini-pranohet-ne-familjen-e-eurorajonit-adriatik\/","name":"Ulqini pranohet n\u00eb familjen e Eurorajonit Adriatik - Lajme nga Ulqini","isPartOf":{"@id":"https:\/\/www.visit-ulcinj.com\/blog\/#website"},"primaryImageOfPage":{"@id":"https:\/\/www.visit-ulcinj.com\/blog\/2012\/06\/18\/ulqini-pranohet-ne-familjen-e-eurorajonit-adriatik\/#primaryimage"},"datePublished":"2012-06-18T18:58:57+00:00","dateModified":"2012-06-19T08:05:34+00:00","author":{"@id":"https:\/\/www.visit-ulcinj.com\/blog\/#\/schema\/person\/dcab619c614d3038751c63bc2aadc06d"},"description":"N\u00eb dat\u00ebn m\u00eb 13 qershor 2012 u zhvillua n\u00eb Trieste, Takimi i VII i Asambles\u00eb s\u00eb Eurorajonit Adriatik. N\u00eb takim ishin ftuar t\u00eb merrnin pjes\u00eb p\u00ebrfaq\u00ebsuesit e","breadcrumb":{"@id":"https:\/\/www.visit-ulcinj.com\/blog\/2012\/06\/18\/ulqini-pranohet-ne-familjen-e-eurorajonit-adriatik\/#breadcrumb"},"inLanguage":"en-US","potentialAction":[{"@type":"ReadAction","target":["https:\/\/www.visit-ulcinj.com\/blog\/2012\/06\/18\/ulqini-pranohet-ne-familjen-e-eurorajonit-adriatik\/"]}]},{"@type":"BreadcrumbList","@id":"https:\/\/www.visit-ulcinj.com\/blog\/2012\/06\/18\/ulqini-pranohet-ne-familjen-e-eurorajonit-adriatik\/#breadcrumb","itemListElement":[{"@type":"ListItem","position":1,"name":"Ulqini pranohet n\u00eb familjen e Eurorajonit Adriatik"}]},{"@type":"Person","@id":"https:\/\/www.visit-ulcinj.com\/blog\/#\/schema\/person\/dcab619c614d3038751c63bc2aadc06d","name":"ulqini","sameAs":["http:\/\/www.visit-ulcinj.com"],"url":"https:\/\/www.visit-ulcinj.com\/blog\/author\/admin\/"}]}},"jetpack_featured_media_url":"","jetpack_sharing_enabled":true,"jetpack_shortlink":"https:\/\/wp.me\/pe6lTn-g5h","_links":{"self":[{"href":"https:\/\/www.visit-ulcinj.com\/blog\/wp-json\/wp\/v2\/posts\/61831"}],"collection":[{"href":"https:\/\/www.visit-ulcinj.com\/blog\/wp-json\/wp\/v2\/posts"}],"about":[{"href":"https:\/\/www.visit-ulcinj.com\/blog\/wp-json\/wp\/v2\/types\/post"}],"author":[{"embeddable":true,"href":"https:\/\/www.visit-ulcinj.com\/blog\/wp-json\/wp\/v2\/users\/1"}],"replies":[{"embeddable":true,"href":"https:\/\/www.visit-ulcinj.com\/blog\/wp-json\/wp\/v2\/comments?post=61831"}],"version-history":[{"count":9,"href":"https:\/\/www.visit-ulcinj.com\/blog\/wp-json\/wp\/v2\/posts\/61831\/revisions"}],"predecessor-version":[{"id":61836,"href":"https:\/\/www.visit-ulcinj.com\/blog\/wp-json\/wp\/v2\/posts\/61831\/revisions\/61836"}],"wp:attachment":[{"href":"https:\/\/www.visit-ulcinj.com\/blog\/wp-json\/wp\/v2\/media?parent=61831"}],"wp:term":[{"taxonomy":"category","embeddable":true,"href":"https:\/\/www.visit-ulcinj.com\/blog\/wp-json\/wp\/v2\/categories?post=61831"},{"taxonomy":"post_tag","embeddable":true,"href":"https:\/\/www.visit-ulcinj.com\/blog\/wp-json\/wp\/v2\/tags?post=61831"}],"curies":[{"name":"wp","href":"https:\/\/api.w.org\/{rel}","templated":true}]}}