{"id":61846,"date":"2012-06-18T21:27:42","date_gmt":"2012-06-18T20:27:42","guid":{"rendered":"http:\/\/www.visit-ulcinj.com\/blog\/?p=61846"},"modified":"2012-06-18T21:54:46","modified_gmt":"2012-06-18T20:54:46","slug":"shqiptaret-e-malit-te-zi-se-bashku-ne-nje-liste-zgjedhore-ose","status":"publish","type":"post","link":"https:\/\/www.visit-ulcinj.com\/blog\/2012\/06\/18\/shqiptaret-e-malit-te-zi-se-bashku-ne-nje-liste-zgjedhore-ose\/","title":{"rendered":"Shqiptar\u00ebt e Malit t\u00eb Zi s\u00eb bashku n\u00eb nj\u00eb list\u00eb zgjedhore ose"},"content":{"rendered":"<p><a href=\"http:\/\/www.visit-ulcinj.com\/blog\/wp-content\/uploads\/2012\/06\/Ministri-Ibrahim-MakolliNazif-CunguGenci-NimanbeguMehemt-BardhiVasel-SinishtajMehmet-ZenkaFatmir-GjekajMilazim-MustafaA_koalicioni-shqiptare_mali-i-zi.jpg\"><img loading=\"lazy\" class=\"alignleft  wp-image-61847\" title=\"Ministri-Ibrahim-MakolliNazif-CunguGenci-NimanbeguMehemt-BardhiVasel-SinishtajMehmet-ZenkaFatmir-GjekajMilazim-MustafaA_koalicioni shqiptare_mali i zi\" src=\"http:\/\/www.visit-ulcinj.com\/blog\/wp-content\/uploads\/2012\/06\/Ministri-Ibrahim-MakolliNazif-CunguGenci-NimanbeguMehemt-BardhiVasel-SinishtajMehmet-ZenkaFatmir-GjekajMilazim-MustafaA_koalicioni-shqiptare_mali-i-zi.jpg\" alt=\"\" width=\"508\" height=\"380\" \/><\/a>P\u00ebrfaq\u00ebsuesit e partive parlamentare shqiptare kan\u00eb mb\u00ebshtetur thirrjen e deputetit t\u00eb Forc\u00ebs Demokratike Genci Nimanbegu, p\u00ebr pjes\u00ebmarrjen e p\u00ebrbashk\u00ebt n\u00eb zgjedhjet e ardhshme parlamentare. N\u00eb nj\u00eb deklarat\u00eb p\u00ebr &#8220;Dan&#8221;, ata kan\u00eb than\u00eb se thirrja e Nimanbegut \u00ebsht\u00eb e justifikuar, por nuk p\u00ebrjashtojn\u00eb as bojkotimin e zgjedhjeve.<br \/>\nDeputeti i Perspektives Vasel Sinishtaj, mb\u00ebshtet pjes\u00ebmarrjen e p\u00ebrbashk\u00ebt t\u00eb p\u00ebrfaq\u00ebsuesve t\u00eb popullit shqiptar n\u00eb zgjedhjet e ardhshme. Nimanbegu n\u00eb m\u00ebnyr\u00eb t\u00eb justifikuar b\u00ebn\u00eb thirrje p\u00ebr unitet, por pyetja \u00ebsht\u00eb a e kemi zgjidhjen e cila \u00e7on ka ribashkimi, nd\u00ebrkaq p\u00ebr t\u00eb arritur k\u00ebt\u00eb gj\u00eb ne duhet t\u00eb pranojm\u00eb rezultatet e zgjedhjeve t\u00eb fundit si nj\u00eb realitet, ka th\u00ebn\u00eb Sinishtaj.<br \/>\nAi thekson se Pushteti ua ka hequr edhe ato t\u00eb drejta q\u00eb ata kishin, ashtu q\u00eb edhe n\u00eb rrug\u00ebn p\u00ebr bashkim do t\u00eb ket\u00eb shume pengesa dhe k\u00ebrkesa t\u00eb ndryshme n\u00eb mes njeri tjetrit.<br \/>\nN\u00ebse qasjet e propozuara jan\u00eb me q\u00ebllim q\u00eb puna t\u00eb b\u00ebhet me q\u00ebllime t\u00eb mira, n\u00eb m\u00ebnyr\u00eb q\u00eb t\u00eb fitohen mandatet q\u00eb na takojn\u00eb ne si p\u00ebrfaq\u00ebsues autentik\u00eb t\u00eb pakic\u00ebs shqiptare, do t\u00eb ket\u00eb marr\u00ebveshje, por n\u00eb qoft\u00eb se k\u00ebrkesat jan\u00eb maksimale nuk do t\u00eb gjejm\u00eb gjuh\u00ebn e p\u00ebrbashk\u00ebt dhe t\u00eb gjith\u00eb s\u00eb bashku shtrenjt\u00eb do t\u00eb paguajm\u00eb p\u00ebr gabimet tona ka th\u00ebn\u00eb Sinishtaj.<br \/>\nKryetari dhe deputeti i Partis\u00eb m\u00eb t\u00eb vjet\u00ebr shqiptare LDn\u00ebMZ Mehmet Bardhi, deklaroi se ai s\u00eb shpejti do t\u00eb mbaj\u00eb nj\u00eb takim me t\u00eb gjitha partit\u00eb shqiptare. Ai shtoi se Partit\u00eb shqiptare t\u00eb ndara nuk kan\u00eb asnj\u00eb shans q\u00eb t\u00eb arrisin nj\u00eb rezultat t\u00eb mir\u00eb zgjedhor. Gjat\u00eb k\u00ebtij muaji, do t\u00eb inicioj\u00eb takimin p\u00ebr diskutim dhe do t\u00eb shoh se si koleg\u00ebt e shohin situat\u00ebn q\u00eb ndodhemi.<br \/>\nDo t\u00eb diskutojm\u00eb p\u00ebr zgjedhjet q\u00eb na presin dhe m\u00ebnyr\u00ebn n\u00eb t\u00eb cil\u00ebn do t\u00eb marrim pjes\u00eb. Un\u00eb nuk e p\u00ebrjashtoj as mund\u00ebsin\u00eb e bojkotit ka th\u00ebn\u00eb Bardhi.<br \/>\nAi rikujton se popullit shqiptar ua kan\u00eb hequr t\u00eb drejtat e fituara, mes tjerash nuk u respektohen as t\u00eb drejtat politike as nacionale.<br \/>\nN\u00eb k\u00ebt\u00eb kuptim, kemi humbur t\u00eb drejtat q\u00eb na takojn\u00eb. Ligji zgjedhor na l\u00ebn\u00eb n\u00eb dilema t\u00eb m\u00ebdha dhe ne do t\u00eb shohim se si dhe n\u00eb \u00e7far\u00eb m\u00ebnyre, do t\u00eb veprojm\u00eb, apo a do t\u00eb marrin pjes\u00eb n\u00eb zgjedhje fare deklaroi Mehmet Bardhi.<br \/>\n<strong><br \/>\nAlbert Camaj<br \/>\nMALESIA.ORG<\/strong><\/p>\n","protected":false},"excerpt":{"rendered":"<p>P\u00ebrfaq\u00ebsuesit e partive parlamentare shqiptare kan\u00eb mb\u00ebshtetur thirrjen e deputetit t\u00eb Forc\u00ebs Demokratike Genci Nimanbegu, p\u00ebr pjes\u00ebmarrjen e p\u00ebrbashk\u00ebt n\u00eb zgjedhjet e ardhshme parlamentare. N\u00eb nj\u00eb deklarat\u00eb p\u00ebr &#8220;Dan&#8221;, ata kan\u00eb than\u00eb se thirrja e Nimanbegut \u00ebsht\u00eb e justifikuar, por nuk p\u00ebrjashtojn\u00eb as bojkotimin e zgjedhjeve. Deputeti i Perspektives Vasel Sinishtaj, mb\u00ebshtet pjes\u00ebmarrjen e p\u00ebrbashk\u00ebt [&hellip;]<\/p>\n","protected":false},"author":1,"featured_media":0,"comment_status":"open","ping_status":"closed","sticky":false,"template":"","format":"standard","meta":{"spay_email":"","jetpack_publicize_message":"","jetpack_is_tweetstorm":false,"jetpack_publicize_feature_enabled":true},"categories":[14249],"tags":[2703,95,201,200,18],"jetpack_publicize_connections":[],"yoast_head":"<!-- This site is optimized with the Yoast SEO plugin v19.1 - https:\/\/yoast.com\/wordpress\/plugins\/seo\/ -->\n<title>Shqiptar\u00ebt e Malit t\u00eb Zi s\u00eb bashku n\u00eb nj\u00eb list\u00eb zgjedhore ose - Lajme nga Ulqini<\/title>\n<meta name=\"description\" content=\"P\u00ebrfaq\u00ebsuesit e partive parlamentare shqiptare kan\u00eb mb\u00ebshtetur thirrjen e deputetit t\u00eb Forc\u00ebs Demokratike Genci Nimanbegu, p\u00ebr pjes\u00ebmarrjen e p\u00ebrbashk\u00ebt\" \/>\n<meta name=\"robots\" content=\"index, follow, max-snippet:-1, max-image-preview:large, max-video-preview:-1\" \/>\n<link rel=\"canonical\" href=\"https:\/\/www.visit-ulcinj.com\/blog\/2012\/06\/18\/shqiptaret-e-malit-te-zi-se-bashku-ne-nje-liste-zgjedhore-ose\/\" \/>\n<meta property=\"og:locale\" content=\"en_US\" \/>\n<meta property=\"og:type\" content=\"article\" \/>\n<meta property=\"og:title\" content=\"Shqiptar\u00ebt e Malit t\u00eb Zi s\u00eb bashku n\u00eb nj\u00eb list\u00eb zgjedhore ose - Lajme nga Ulqini\" \/>\n<meta property=\"og:description\" content=\"P\u00ebrfaq\u00ebsuesit e partive parlamentare shqiptare kan\u00eb mb\u00ebshtetur thirrjen e deputetit t\u00eb Forc\u00ebs Demokratike Genci Nimanbegu, p\u00ebr pjes\u00ebmarrjen e p\u00ebrbashk\u00ebt\" \/>\n<meta property=\"og:url\" content=\"https:\/\/www.visit-ulcinj.com\/blog\/2012\/06\/18\/shqiptaret-e-malit-te-zi-se-bashku-ne-nje-liste-zgjedhore-ose\/\" \/>\n<meta property=\"og:site_name\" content=\"Lajme nga Ulqini\" \/>\n<meta property=\"article:published_time\" content=\"2012-06-18T20:27:42+00:00\" \/>\n<meta property=\"article:modified_time\" content=\"2012-06-18T20:54:46+00:00\" \/>\n<meta property=\"og:image\" content=\"http:\/\/www.visit-ulcinj.com\/blog\/wp-content\/uploads\/2012\/06\/Ministri-Ibrahim-MakolliNazif-CunguGenci-NimanbeguMehemt-BardhiVasel-SinishtajMehmet-ZenkaFatmir-GjekajMilazim-MustafaA_koalicioni-shqiptare_mali-i-zi.jpg\" \/>\n<meta name=\"twitter:label1\" content=\"Written by\" \/>\n\t<meta name=\"twitter:data1\" content=\"ulqini\" \/>\n\t<meta name=\"twitter:label2\" content=\"Est. reading time\" \/>\n\t<meta name=\"twitter:data2\" content=\"2 minutes\" \/>\n<script type=\"application\/ld+json\" class=\"yoast-schema-graph\">{\"@context\":\"https:\/\/schema.org\",\"@graph\":[{\"@type\":\"WebSite\",\"@id\":\"https:\/\/www.visit-ulcinj.com\/blog\/#website\",\"url\":\"https:\/\/www.visit-ulcinj.com\/blog\/\",\"name\":\"Lajme nga Ulqini\",\"description\":\"Lajme,Vijesti,Ulqini,Ulqin,Crna Gora,Mali i Zi\",\"potentialAction\":[{\"@type\":\"SearchAction\",\"target\":{\"@type\":\"EntryPoint\",\"urlTemplate\":\"https:\/\/www.visit-ulcinj.com\/blog\/?s={search_term_string}\"},\"query-input\":\"required name=search_term_string\"}],\"inLanguage\":\"en-US\"},{\"@type\":\"ImageObject\",\"inLanguage\":\"en-US\",\"@id\":\"https:\/\/www.visit-ulcinj.com\/blog\/2012\/06\/18\/shqiptaret-e-malit-te-zi-se-bashku-ne-nje-liste-zgjedhore-ose\/#primaryimage\",\"url\":\"https:\/\/www.visit-ulcinj.com\/blog\/wp-content\/uploads\/2012\/06\/Ministri-Ibrahim-MakolliNazif-CunguGenci-NimanbeguMehemt-BardhiVasel-SinishtajMehmet-ZenkaFatmir-GjekajMilazim-MustafaA_koalicioni-shqiptare_mali-i-zi.jpg\",\"contentUrl\":\"https:\/\/www.visit-ulcinj.com\/blog\/wp-content\/uploads\/2012\/06\/Ministri-Ibrahim-MakolliNazif-CunguGenci-NimanbeguMehemt-BardhiVasel-SinishtajMehmet-ZenkaFatmir-GjekajMilazim-MustafaA_koalicioni-shqiptare_mali-i-zi.jpg\",\"width\":\"1024\",\"height\":\"678\"},{\"@type\":\"WebPage\",\"@id\":\"https:\/\/www.visit-ulcinj.com\/blog\/2012\/06\/18\/shqiptaret-e-malit-te-zi-se-bashku-ne-nje-liste-zgjedhore-ose\/#webpage\",\"url\":\"https:\/\/www.visit-ulcinj.com\/blog\/2012\/06\/18\/shqiptaret-e-malit-te-zi-se-bashku-ne-nje-liste-zgjedhore-ose\/\",\"name\":\"Shqiptar\u00ebt e Malit t\u00eb Zi s\u00eb bashku n\u00eb nj\u00eb list\u00eb zgjedhore ose - Lajme nga Ulqini\",\"isPartOf\":{\"@id\":\"https:\/\/www.visit-ulcinj.com\/blog\/#website\"},\"primaryImageOfPage\":{\"@id\":\"https:\/\/www.visit-ulcinj.com\/blog\/2012\/06\/18\/shqiptaret-e-malit-te-zi-se-bashku-ne-nje-liste-zgjedhore-ose\/#primaryimage\"},\"datePublished\":\"2012-06-18T20:27:42+00:00\",\"dateModified\":\"2012-06-18T20:54:46+00:00\",\"author\":{\"@id\":\"https:\/\/www.visit-ulcinj.com\/blog\/#\/schema\/person\/dcab619c614d3038751c63bc2aadc06d\"},\"description\":\"P\u00ebrfaq\u00ebsuesit e partive parlamentare shqiptare kan\u00eb mb\u00ebshtetur thirrjen e deputetit t\u00eb Forc\u00ebs Demokratike Genci Nimanbegu, p\u00ebr pjes\u00ebmarrjen e p\u00ebrbashk\u00ebt\",\"breadcrumb\":{\"@id\":\"https:\/\/www.visit-ulcinj.com\/blog\/2012\/06\/18\/shqiptaret-e-malit-te-zi-se-bashku-ne-nje-liste-zgjedhore-ose\/#breadcrumb\"},\"inLanguage\":\"en-US\",\"potentialAction\":[{\"@type\":\"ReadAction\",\"target\":[\"https:\/\/www.visit-ulcinj.com\/blog\/2012\/06\/18\/shqiptaret-e-malit-te-zi-se-bashku-ne-nje-liste-zgjedhore-ose\/\"]}]},{\"@type\":\"BreadcrumbList\",\"@id\":\"https:\/\/www.visit-ulcinj.com\/blog\/2012\/06\/18\/shqiptaret-e-malit-te-zi-se-bashku-ne-nje-liste-zgjedhore-ose\/#breadcrumb\",\"itemListElement\":[{\"@type\":\"ListItem\",\"position\":1,\"name\":\"Shqiptar\u00ebt e Malit t\u00eb Zi s\u00eb bashku n\u00eb nj\u00eb list\u00eb zgjedhore ose\"}]},{\"@type\":\"Person\",\"@id\":\"https:\/\/www.visit-ulcinj.com\/blog\/#\/schema\/person\/dcab619c614d3038751c63bc2aadc06d\",\"name\":\"ulqini\",\"sameAs\":[\"http:\/\/www.visit-ulcinj.com\"],\"url\":\"https:\/\/www.visit-ulcinj.com\/blog\/author\/admin\/\"}]}<\/script>\n<!-- \/ Yoast SEO plugin. -->","yoast_head_json":{"title":"Shqiptar\u00ebt e Malit t\u00eb Zi s\u00eb bashku n\u00eb nj\u00eb list\u00eb zgjedhore ose - Lajme nga Ulqini","description":"P\u00ebrfaq\u00ebsuesit e partive parlamentare shqiptare kan\u00eb mb\u00ebshtetur thirrjen e deputetit t\u00eb Forc\u00ebs Demokratike Genci Nimanbegu, p\u00ebr pjes\u00ebmarrjen e p\u00ebrbashk\u00ebt","robots":{"index":"index","follow":"follow","max-snippet":"max-snippet:-1","max-image-preview":"max-image-preview:large","max-video-preview":"max-video-preview:-1"},"canonical":"https:\/\/www.visit-ulcinj.com\/blog\/2012\/06\/18\/shqiptaret-e-malit-te-zi-se-bashku-ne-nje-liste-zgjedhore-ose\/","og_locale":"en_US","og_type":"article","og_title":"Shqiptar\u00ebt e Malit t\u00eb Zi s\u00eb bashku n\u00eb nj\u00eb list\u00eb zgjedhore ose - Lajme nga Ulqini","og_description":"P\u00ebrfaq\u00ebsuesit e partive parlamentare shqiptare kan\u00eb mb\u00ebshtetur thirrjen e deputetit t\u00eb Forc\u00ebs Demokratike Genci Nimanbegu, p\u00ebr pjes\u00ebmarrjen e p\u00ebrbashk\u00ebt","og_url":"https:\/\/www.visit-ulcinj.com\/blog\/2012\/06\/18\/shqiptaret-e-malit-te-zi-se-bashku-ne-nje-liste-zgjedhore-ose\/","og_site_name":"Lajme nga Ulqini","article_published_time":"2012-06-18T20:27:42+00:00","article_modified_time":"2012-06-18T20:54:46+00:00","og_image":[{"url":"http:\/\/www.visit-ulcinj.com\/blog\/wp-content\/uploads\/2012\/06\/Ministri-Ibrahim-MakolliNazif-CunguGenci-NimanbeguMehemt-BardhiVasel-SinishtajMehmet-ZenkaFatmir-GjekajMilazim-MustafaA_koalicioni-shqiptare_mali-i-zi.jpg"}],"twitter_misc":{"Written by":"ulqini","Est. reading time":"2 minutes"},"schema":{"@context":"https:\/\/schema.org","@graph":[{"@type":"WebSite","@id":"https:\/\/www.visit-ulcinj.com\/blog\/#website","url":"https:\/\/www.visit-ulcinj.com\/blog\/","name":"Lajme nga Ulqini","description":"Lajme,Vijesti,Ulqini,Ulqin,Crna Gora,Mali i Zi","potentialAction":[{"@type":"SearchAction","target":{"@type":"EntryPoint","urlTemplate":"https:\/\/www.visit-ulcinj.com\/blog\/?s={search_term_string}"},"query-input":"required name=search_term_string"}],"inLanguage":"en-US"},{"@type":"ImageObject","inLanguage":"en-US","@id":"https:\/\/www.visit-ulcinj.com\/blog\/2012\/06\/18\/shqiptaret-e-malit-te-zi-se-bashku-ne-nje-liste-zgjedhore-ose\/#primaryimage","url":"https:\/\/www.visit-ulcinj.com\/blog\/wp-content\/uploads\/2012\/06\/Ministri-Ibrahim-MakolliNazif-CunguGenci-NimanbeguMehemt-BardhiVasel-SinishtajMehmet-ZenkaFatmir-GjekajMilazim-MustafaA_koalicioni-shqiptare_mali-i-zi.jpg","contentUrl":"https:\/\/www.visit-ulcinj.com\/blog\/wp-content\/uploads\/2012\/06\/Ministri-Ibrahim-MakolliNazif-CunguGenci-NimanbeguMehemt-BardhiVasel-SinishtajMehmet-ZenkaFatmir-GjekajMilazim-MustafaA_koalicioni-shqiptare_mali-i-zi.jpg","width":"1024","height":"678"},{"@type":"WebPage","@id":"https:\/\/www.visit-ulcinj.com\/blog\/2012\/06\/18\/shqiptaret-e-malit-te-zi-se-bashku-ne-nje-liste-zgjedhore-ose\/#webpage","url":"https:\/\/www.visit-ulcinj.com\/blog\/2012\/06\/18\/shqiptaret-e-malit-te-zi-se-bashku-ne-nje-liste-zgjedhore-ose\/","name":"Shqiptar\u00ebt e Malit t\u00eb Zi s\u00eb bashku n\u00eb nj\u00eb list\u00eb zgjedhore ose - Lajme nga Ulqini","isPartOf":{"@id":"https:\/\/www.visit-ulcinj.com\/blog\/#website"},"primaryImageOfPage":{"@id":"https:\/\/www.visit-ulcinj.com\/blog\/2012\/06\/18\/shqiptaret-e-malit-te-zi-se-bashku-ne-nje-liste-zgjedhore-ose\/#primaryimage"},"datePublished":"2012-06-18T20:27:42+00:00","dateModified":"2012-06-18T20:54:46+00:00","author":{"@id":"https:\/\/www.visit-ulcinj.com\/blog\/#\/schema\/person\/dcab619c614d3038751c63bc2aadc06d"},"description":"P\u00ebrfaq\u00ebsuesit e partive parlamentare shqiptare kan\u00eb mb\u00ebshtetur thirrjen e deputetit t\u00eb Forc\u00ebs Demokratike Genci Nimanbegu, p\u00ebr pjes\u00ebmarrjen e p\u00ebrbashk\u00ebt","breadcrumb":{"@id":"https:\/\/www.visit-ulcinj.com\/blog\/2012\/06\/18\/shqiptaret-e-malit-te-zi-se-bashku-ne-nje-liste-zgjedhore-ose\/#breadcrumb"},"inLanguage":"en-US","potentialAction":[{"@type":"ReadAction","target":["https:\/\/www.visit-ulcinj.com\/blog\/2012\/06\/18\/shqiptaret-e-malit-te-zi-se-bashku-ne-nje-liste-zgjedhore-ose\/"]}]},{"@type":"BreadcrumbList","@id":"https:\/\/www.visit-ulcinj.com\/blog\/2012\/06\/18\/shqiptaret-e-malit-te-zi-se-bashku-ne-nje-liste-zgjedhore-ose\/#breadcrumb","itemListElement":[{"@type":"ListItem","position":1,"name":"Shqiptar\u00ebt e Malit t\u00eb Zi s\u00eb bashku n\u00eb nj\u00eb list\u00eb zgjedhore ose"}]},{"@type":"Person","@id":"https:\/\/www.visit-ulcinj.com\/blog\/#\/schema\/person\/dcab619c614d3038751c63bc2aadc06d","name":"ulqini","sameAs":["http:\/\/www.visit-ulcinj.com"],"url":"https:\/\/www.visit-ulcinj.com\/blog\/author\/admin\/"}]}},"jetpack_featured_media_url":"","jetpack_sharing_enabled":true,"jetpack_shortlink":"https:\/\/wp.me\/pe6lTn-g5w","_links":{"self":[{"href":"https:\/\/www.visit-ulcinj.com\/blog\/wp-json\/wp\/v2\/posts\/61846"}],"collection":[{"href":"https:\/\/www.visit-ulcinj.com\/blog\/wp-json\/wp\/v2\/posts"}],"about":[{"href":"https:\/\/www.visit-ulcinj.com\/blog\/wp-json\/wp\/v2\/types\/post"}],"author":[{"embeddable":true,"href":"https:\/\/www.visit-ulcinj.com\/blog\/wp-json\/wp\/v2\/users\/1"}],"replies":[{"embeddable":true,"href":"https:\/\/www.visit-ulcinj.com\/blog\/wp-json\/wp\/v2\/comments?post=61846"}],"version-history":[{"count":2,"href":"https:\/\/www.visit-ulcinj.com\/blog\/wp-json\/wp\/v2\/posts\/61846\/revisions"}],"predecessor-version":[{"id":61854,"href":"https:\/\/www.visit-ulcinj.com\/blog\/wp-json\/wp\/v2\/posts\/61846\/revisions\/61854"}],"wp:attachment":[{"href":"https:\/\/www.visit-ulcinj.com\/blog\/wp-json\/wp\/v2\/media?parent=61846"}],"wp:term":[{"taxonomy":"category","embeddable":true,"href":"https:\/\/www.visit-ulcinj.com\/blog\/wp-json\/wp\/v2\/categories?post=61846"},{"taxonomy":"post_tag","embeddable":true,"href":"https:\/\/www.visit-ulcinj.com\/blog\/wp-json\/wp\/v2\/tags?post=61846"}],"curies":[{"name":"wp","href":"https:\/\/api.w.org\/{rel}","templated":true}]}}