{"id":61858,"date":"2012-06-19T17:30:53","date_gmt":"2012-06-19T16:30:53","guid":{"rendered":"http:\/\/www.visit-ulcinj.com\/blog\/?p=61858"},"modified":"2012-06-19T17:33:06","modified_gmt":"2012-06-19T16:33:06","slug":"radomir-mikan-zec-ulcinju-fale-luksuzni-hoteli-i-aerodrom","status":"publish","type":"post","link":"https:\/\/www.visit-ulcinj.com\/blog\/2012\/06\/19\/radomir-mikan-zec-ulcinju-fale-luksuzni-hoteli-i-aerodrom\/","title":{"rendered":"Radomir Mikan Zec: Ulcinju fale luksuzni hoteli i aerodrom"},"content":{"rendered":"<p><strong><a href=\"http:\/\/www.visit-ulcinj.com\/blog\/wp-content\/uploads\/2012\/06\/Mikan-Zec-Direktor-HTP-Ulcinjska-rivijera.1.jpg\"><img loading=\"lazy\" class=\"alignleft size-full wp-image-61894\" title=\"Mikan-Zec-Direktor-HTP-Ulcinjska-rivijera.1\" src=\"http:\/\/www.visit-ulcinj.com\/blog\/wp-content\/uploads\/2012\/06\/Mikan-Zec-Direktor-HTP-Ulcinjska-rivijera.1.jpg\" alt=\"\" width=\"320\" height=\"408\" srcset=\"https:\/\/www.visit-ulcinj.com\/blog\/wp-content\/uploads\/2012\/06\/Mikan-Zec-Direktor-HTP-Ulcinjska-rivijera.1.jpg 320w, https:\/\/www.visit-ulcinj.com\/blog\/wp-content\/uploads\/2012\/06\/Mikan-Zec-Direktor-HTP-Ulcinjska-rivijera.1-235x300.jpg 235w\" sizes=\"(max-width: 320px) 100vw, 320px\" \/><\/a>Da bi se realizovala valorizacija ovog dijela Crne Gore potrebna su zna\u010dajna finansijska sredstva koja se te\u0161ko mogu obezbijediti iz doma\u0107ih izvora. Privatizacija i pronala\u017eenje pravog strate\u0161kog partnera jedino mogu\u0107e i optimalno rje\u0161enje<\/strong><br \/>\nHotelsko-turisti\u010dko preduze\u0107e Ulcinjska rivijera prethodnih nekoliko godina sve uspje\u0161nije posluje. Promet je iz godine u godinu rastao uprkos globalnoj ekonomskoj krizi, a intenzivno je ra\u0111eno na podizanju nivoa kvaliteta usluga u svim objektima.<br \/>\nInvestirali su u renoviranje hotela \u201eOlympic\u201c i \u201eBellevue\u201c na Velikoj pla\u017ei, a za sezonu 2012. renovirana je tre\u0107ina smje\u0161tajnog dijela u naturisti\u010dkom naselju na Adi Bojani. I autokamp na Adi ove godine do\u010dekao je ljubitelje kampovanja, kupanja i sun\u010danja u \u201eEvinom kostimu\u201c sa sna\u010dajnim osvje\u017eenjima. Unaprije\u0111en je i kompletan servis u vanpansionu kako na Adi Bojani tako i u hotelskom kompleksu na Velikoj pla\u017ei.<br \/>\nO tome kako uspijevaju da, uprkos krizi, dobro posluju, pa i da zna\u010dajno unapre\u0111uju ponudu, razgovarali smo sa izvr\u0161nim direktorom Radomirom Mikanom Zecom.<br \/>\n&#8211; Zahvaljuju\u0107i, prije svega, kvalitetu onoga \u0161to mi nudimo uz ono \u0161to je Ulcinju priroda podarila, nemamo problema sa punjenjem na\u0161ih kapaciteta. Gosti nam dolaze iz skoro svih krajeva Evrope, a kvalitetnim osvje\u017eenjima ponude uspjeli smo da se vratimo i na neka stara tr\u017ei\u0161ta. Radimo sa velikim turoperatorima prije svega iz \u010ce\u0161ke, Poljske i Rusije, kao i iz BiH i Srbije, sa kojima imamo fantasti\u010dnu saradnju. Na\u0161 cilj je da se sa ponudom ponovo na\u0111emo na njema\u010dkom tr\u017ei\u0161tu kojem je Ulcinj bio dobro poznat prije vi\u0161e od tri decenije i \u010diji su turisti ovdje punili sve kapacitete od aprila do oktobra.<br \/>\n<a href=\"http:\/\/www.visit-ulcinj.com\/blog\/wp-content\/uploads\/2012\/06\/Ulcinjska-Rivijera-Montenegro.1.jpg\"><img loading=\"lazy\" class=\"alignleft  wp-image-61895\" title=\"Ulcinjska Rivijera - Montenegro.1\" src=\"http:\/\/www.visit-ulcinj.com\/blog\/wp-content\/uploads\/2012\/06\/Ulcinjska-Rivijera-Montenegro.1.jpg\" alt=\"\" width=\"508\" height=\"300\" \/><\/a><br \/>\nPrema ugovorenim aran\u017emanima sa agencijama, prije svega fiksnim ugovorima, ovo \u0107e biti najuspje\u0161nija sezona u posljednih dvadesetak godina. Pro\u0161le godine smo ostvarili oko 100.000 no\u0107enja, a ove godine o\u010dekujemo porast broja no\u0107enja za petinu. Prema zaklju\u010denim ugovorima, ove godine puna sezona \u0107e trajati 110 dana. Tako\u0111e, o\u010dekujemo i porast prihoda u vanpansionu za 10 procenata u odnosu na pro\u0161lu godinu, optimisti\u010dki ka\u017ee Zec.<br \/>\nTakve prognoze on potkrepljuje podacima prema kojima sada u objektima Ulcinjske rivijere odmara oko 800 gostiju, \u0161to je za 50 procenata vi\u0161e u odnosu na sredinu juna pro\u0161le godine. Trenutno na Adi i u hotelu \u201eOlympic\u201c odmaraju gosti iz Njema\u010dke i Rusije, a u hotelu \u201eBellevue\u201c najbrojniji su \u010cesi i Poljaci.<br \/>\n<a href=\"http:\/\/www.visit-ulcinj.com\/blog\/wp-content\/uploads\/2012\/06\/Ulcinjska-Rivijera-Montenegro.3.jpg\"><img loading=\"lazy\" class=\"alignleft  wp-image-61896\" title=\"Ulcinjska Rivijera - Montenegro.3\" src=\"http:\/\/www.visit-ulcinj.com\/blog\/wp-content\/uploads\/2012\/06\/Ulcinjska-Rivijera-Montenegro.3.jpg\" alt=\"\" width=\"508\" height=\"300\" \/><\/a><br \/>\n<strong>Povoljne cijene<\/strong><br \/>\nCjenovna politika kakvu vode u ovom preduze\u0107u pokazala se ispravnom i dobro je prihva\u0107ena na tr\u017ei\u0161tu. Cijene u hotelima \u201eOlympic\u201c i \u201eBellevue\u201c na Velikoj pla\u017ei se nijesu mijenjale \u010detiri godine i ovdje se polupansion kre\u0107e od 22 do 33 eura po osobi dnevno u zavisnosti od perioda boravka. Polupansion na Adi od sada do kraja sezone ko\u0161ta od 27 do 48 eura po osobi.<br \/>\nUlcinj i njegova rivijera su nadaleko poznati po bogatoj sportskoj ponudi, stoga u Ulcinjskoj rivijeri nastoje da se tom segmentu ponude \u0161to vi\u0161e posvete. Direktor Zec kao dugogodi\u0161nji aktivni sportski radnik u svom planu razvoja firme posebno ima u vidu taj segment ponude, kako za pove\u0107anje profita, tako i za kvalitetan produ\u017eetak vremena kori\u0161\u0107enja hotelskih kapaciteta.<br \/>\n&#8211; Sportistima su kod nas na raspolaganju tereni koji se nalaze u hotelskom kompleksu na Velikoj pla\u017ei. Tu su tereni za fudbal, tenis, ko\u0161arku, trim staze, staza za atletsko tr\u010danje, teren za rukomet, odbojku, teretana, stolovi za stoni tenis, skakali\u0161te u dalj, poligon za bacanje kugle, saune, zatvoreni bazen\u2026 Ulcinjska rivijera je ve\u0107 decenijama baza za pripreme velikog broja sportskih klubova, ali jo\u0161 nijesmo zadovoljni, jer bi uz malo vi\u0161e anga\u017emana promotera turizma, pa i dr\u017eave, moglo da se uradi mnogo vi\u0161e, isti\u010de na\u0161 sagovornik, koji ne krije \u017eelju da Ulcinj preuzme bar dio onoga \u0161to Antalija ima od sportskih ekipa iz na\u0161e zemlje koje, umjesto u Ulcinj, idu tamo na pripreme.<br \/>\n<a href=\"http:\/\/www.visit-ulcinj.com\/blog\/wp-content\/uploads\/2012\/06\/Ulcinjska-Rivijera-Montenegro.2.jpg\"><img loading=\"lazy\" class=\"alignleft  wp-image-61897\" title=\"Ulcinjska Rivijera - Montenegro.2\" src=\"http:\/\/www.visit-ulcinj.com\/blog\/wp-content\/uploads\/2012\/06\/Ulcinjska-Rivijera-Montenegro.2.jpg\" alt=\"\" width=\"508\" height=\"300\" \/><\/a><br \/>\n<strong>Poslovanje<\/strong><br \/>\nHTP Ulcinjska rivijera poslovnu 2011. godinu zavr\u0161ila je sa gubitkom od 616.677 eura, u koji je ura\u010dunata i amortizacija. Taj gubitak je 37 odsto manji u odnosu na 2010. godinu, a \u010dak 59 odsto manji u odnosu na 2009. godinu.<br \/>\n&#8211; Sve to pokazuje da preduze\u0107e ide trendom smanjenja gubitka iz godine u godinu, stvaraju\u0107i na taj na\u010din bolji kredibilitet i bonitet kod finansijskih institucija i na tr\u017ei\u0161tu, isti\u010de Zec uz podsjeti\u0107anje da je prije \u010detiri godine gubitak bio preko 1,2 miliona eura.<br \/>\nO najavljenoj realizaciju socijalnog programa izvr\u0161ni direktor ka\u017ee da je to pitanje svih pitanja za Ulcinjsku rivijeru.<br \/>\n&#8211; Mnogi stalno zaposleni radnici usred sezone idu na bolovanje, mnogi su bolesni, neki imaju izra\u017eene fizi\u010dke nedostatke i preduze\u0107e umjesto njih mora anga\u017eovati sezonske radnike, \u0161to duplira izdatke za li\u010dne dohodke. Ako realizujemo socijalni program preduze\u0107e \u0107e sa sigurno\u0161\u0107u pozitivno poslovati. Da bi realizovani socijalni program, za koji nam je potrebno milion eura, Odbor direktora je donio odluku o prodaji magacinskog prostora, ali imamo neke administrativne barijere koje nam spre\u010davaju njegovu realizaciju. No, nadamo se da \u0107emo i to uskoro rije\u0161iti.<\/p>\n<p><strong>Privatizacija<\/strong><br \/>\nNa pitanje Pobjede kakva je perspektiva TTP Ulcinjska rivijera i da li se priprema njena privatizacija, prvi \u010dovjek te kompanije je kazao da \u0107e se privatizovati, \u201eali \u201cne prema prethodnom modelu privatizacije kroz pojedina\u010dnu prodaju hotela, ve\u0107 kroz prodaju ve\u0107inskog paketa akcija koji je u vlasni\u0161tvu dr\u017eave. Pri izboru najboljeg ponu\u0111a\u010da, cijena treba da bude apsolutno u drugom planu i da treba odabrati kvalitetnog partnera, koji na najbolji mogu\u0107i na\u010din mo\u017ee da valorizuje ove izvanredne turisti\u010dke potencijale kojima raspola\u017ee malo koji grad u regiji i \u0161irem okru\u017eenju \u2013 odgovorio je Mikan Zec.<br \/>\n<strong>Unaprijediti crnogorski turizam<\/strong><br \/>\nTurizam kao prioritetna grana razvoja Crne Gore ima izuzetne potencijale i razvojnu \u0161ansu, ali se to nerijetko zapostavlja ili samo deklarativno isti\u010de. Sagovornik Pobjede Radomir Zec smatra da ga treba generalno unaprijediti.<br \/>\n&#8211; Da bi se crnogorski turizam unaprijedio generalno, potrebno je rije\u0161iti pitanja infrastrukture \u2013 na prvom mjestu puteva. Crna Gora mora da rije\u0161i neke apsurde. Iako imamo moderne aerodrome u Tivtu i Podgorici, zbog slabog transfera od aerodroma do svih primorskih gradova, te\u0161ko se na kvalitetan na\u010din prodaju kapaciteti ne samo u Ulcinju, nego i u drugim mjestima u Crnoj Gori. Po nekad taj transfer traje du\u017ee nego samo putovanje \u0161to je apsurdno. Apsurdno je i to \u0161to cijena aran\u017emana u hotelima jeftinija od avioleta. Crna Gora bi umnogome trebalo da se ugleda na \u0160paniju i Portugaliju koje su prvo izgradile infrastrukturu, pa tek onda osnovne smje\u0161tajne kapacitete i komplementarne sadr\u017eaje.<br \/>\nNema nove ponude ni novih turista, a time ni profita od turizma u Ulcinju ukoliko se na odgovaraju\u0107i na\u010din ne rije\u0161i pitanje prevoza turista. Prioritet u tome treba dati otvaranju aerodroma u Ulcinju, za \u0161to postoje i uslovi i velika potreba \u2013 isti\u010de Zec.<br \/>\nOn pri tome navodi da sada ima interesovanja za masovniji povratak njema\u010dkih turista, ali da im uslovi prevoza nikako ne odgovaraju. U Crnoj Gori nema u ponudi toliko kapaciteta da bi turoperatori slali avione iz Njema\u010dke za Crnu Goru, pa oni koji \u017eele da do\u0111u nu Ulcinj lete preko Dubrovnika, odakle im do Ulcinja nerijetko treba pet do sedam sati vo\u017enje.<br \/>\n&#8211; To je jedini razlog \u0161to mnogi odustaju, a oni koji do\u0111u nemaju \u017eelju da ponovo do\u0111u. Sada poku\u0161avamo da taj problem ubla\u017eimo tako \u0161to na\u0161e potencijalne goste i partnere upu\u0107ujemo da koriste aerodrom u Tirani odakle jednostavnije i br\u017ee mogu do\u0107i u Ulcinj \u2013 napominje Zec.<\/p>\n<p><a href=\"http:\/\/www.visit-ulcinj.com\/blog\/wp-content\/uploads\/2012\/06\/Ulcinjska-Rivijera-Montenegro.4.jpg\"><img loading=\"lazy\" class=\"alignleft  wp-image-61898\" title=\"Ulcinjska Rivijera - Montenegro.4\" src=\"http:\/\/www.visit-ulcinj.com\/blog\/wp-content\/uploads\/2012\/06\/Ulcinjska-Rivijera-Montenegro.4.jpg\" alt=\"\" width=\"508\" height=\"300\" \/><\/a><br \/>\n<strong>Velika pla\u017ea svjetski biser<\/strong><br \/>\n&#8211; Nesporno je da Ulcinj, po svim parametrima, slovi za razvojno najsposobnije turisti\u010dko podru\u010dje u Crnoj Gori, ali jo\u0161 nijesu ura\u0111eni strategijski pravci njegovog razvoja. Ulcinju nedostaje aerodrom sa prate\u0107om infrastrukturom i hoteli sa \u010detiri i pet zvjezdica.<br \/>\nZamislite samo koje bi turisti\u010dko \u010dudo napravile razvijene zemlje da imaju ne\u0161to sli\u010dno Velikoj pla\u017ei, koja je jedinstveni turisti\u010dki biser na Mediteranu. Da bi se realizovala valorizacija ovog dijela Crne Gore potrebna su zna\u010dajna finansijska sredstva koja se te\u0161ko mogu obezbijediti iz crnogorskih izvora, tako da je privatizacija i pronala\u017eenje pravog strate\u0161kog partnera jedino mogu\u0107e i optimalno rje\u0161enje.<\/p>\n<p><strong>Politi\u010dka agresija \u0161teti turizmu<\/strong><br \/>\n\u201eIzuzetne prirodne ljepote na\u0161e zemlje predstavljaju poseban motiv za dolazak turista sa svih meridijana. To je, sa svim drugim slabostima, od velikog zna\u010daja za privla\u010denje turista. Ali, po mom mi\u0161ljenju taj izuzetni motiv ugro\u017eava nepotrebna politi\u010dka agresija od strane pojedinaca, politi\u010dkih grupacija, pa i nevladinog sektora, koja nema nikakvu podlogu i argumentaciju. Crna Gora se takvim djelovanjem predstavlja svijetu kao zemlja u koju ne treba putovati. Po mom mi\u0161ljenju, sva ta negativna atmosfera propra\u0107ena je medijskom kampanjom protiv biv\u0161eg i sada\u0161njeg rukovodstva na\u0161e dr\u017eave. Tu posebno isti\u010dem svojevrsnu, neargumentovanu, hajku uperenu na Mila \u0110ukanovi\u0107a i \u010dlanove njegove porodice. Na jednu istorijsku li\u010dnost koji je Crnu Goru sa\u010duvao od ratnih razaranja i sa\u010duvao joj materijalnu supstancu. Protesti koji do\u017eivljavaju fijasko su poseban motiv za jedan broj medija koji nanose neprocjenjivu \u0161tetu \u010ditavoj Crnoj Gori, njenim gra\u0111anima i na kraju i turisti\u010dkoj privredi \u2013 kazao je Radomir Zec.<\/p>\n<p><strong>Ovaj tekst je preuzet sa adrese <a href=\"http:\/\/www.pobjeda.me\/2012\/06\/17\/radomir-mikan-zec-ulcinju-fale-luksuzni-hoteli-i-aerodrom\/\" target=\"_blank\">http:\/\/www.pobjeda.me\/2012\/06\/17\/radomir-mikan-zec-ulcinju-fale-luksuzni-hoteli-i-aerodrom\/<br \/>\nPobjeda<br \/>\n<\/a><\/strong><\/p>\n<!--YouTube Error: bad URL entered-->\n","protected":false},"excerpt":{"rendered":"<p>Da bi se realizovala valorizacija ovog dijela Crne Gore potrebna su zna\u010dajna finansijska sredstva koja se te\u0161ko mogu obezbijediti iz doma\u0107ih izvora. Privatizacija i pronala\u017eenje pravog strate\u0161kog partnera jedino mogu\u0107e i optimalno rje\u0161enje Hotelsko-turisti\u010dko preduze\u0107e Ulcinjska rivijera prethodnih nekoliko godina sve uspje\u0161nije posluje. Promet je iz godine u godinu rastao uprkos globalnoj ekonomskoj krizi, a [&hellip;]<\/p>\n","protected":false},"author":1,"featured_media":0,"comment_status":"open","ping_status":"closed","sticky":false,"template":"","format":"standard","meta":{"spay_email":"","jetpack_publicize_message":"","jetpack_is_tweetstorm":false,"jetpack_publicize_feature_enabled":true},"categories":[8337],"tags":[138,250,12327,849],"jetpack_publicize_connections":[],"yoast_head":"<!-- This site is optimized with the Yoast SEO plugin v19.1 - https:\/\/yoast.com\/wordpress\/plugins\/seo\/ -->\n<title>Radomir Mikan Zec: Ulcinju fale luksuzni hoteli i aerodrom - Lajme nga Ulqini<\/title>\n<meta name=\"description\" content=\"Da bi se realizovala valorizacija ovog dijela Crne Gore potrebna su zna\u010dajna finansijska sredstva koja se te\u0161ko mogu obezbijediti iz doma\u0107ih izvora.\" \/>\n<meta name=\"robots\" content=\"index, follow, max-snippet:-1, max-image-preview:large, max-video-preview:-1\" \/>\n<link rel=\"canonical\" href=\"https:\/\/www.visit-ulcinj.com\/blog\/2012\/06\/19\/radomir-mikan-zec-ulcinju-fale-luksuzni-hoteli-i-aerodrom\/\" \/>\n<meta property=\"og:locale\" content=\"en_US\" \/>\n<meta property=\"og:type\" content=\"article\" \/>\n<meta property=\"og:title\" content=\"Radomir Mikan Zec: Ulcinju fale luksuzni hoteli i aerodrom - Lajme nga Ulqini\" \/>\n<meta property=\"og:description\" content=\"Da bi se realizovala valorizacija ovog dijela Crne Gore potrebna su zna\u010dajna finansijska sredstva koja se te\u0161ko mogu obezbijediti iz doma\u0107ih izvora.\" \/>\n<meta property=\"og:url\" content=\"https:\/\/www.visit-ulcinj.com\/blog\/2012\/06\/19\/radomir-mikan-zec-ulcinju-fale-luksuzni-hoteli-i-aerodrom\/\" \/>\n<meta property=\"og:site_name\" content=\"Lajme nga Ulqini\" \/>\n<meta property=\"article:published_time\" content=\"2012-06-19T16:30:53+00:00\" \/>\n<meta property=\"article:modified_time\" content=\"2012-06-19T16:33:06+00:00\" \/>\n<meta property=\"og:image\" content=\"http:\/\/www.visit-ulcinj.com\/blog\/wp-content\/uploads\/2012\/06\/Mikan-Zec-Direktor-HTP-Ulcinjska-rivijera.1.jpg\" \/>\n<meta name=\"twitter:label1\" content=\"Written by\" \/>\n\t<meta name=\"twitter:data1\" content=\"ulqini\" \/>\n\t<meta name=\"twitter:label2\" content=\"Est. reading time\" \/>\n\t<meta name=\"twitter:data2\" content=\"8 minutes\" \/>\n<script type=\"application\/ld+json\" class=\"yoast-schema-graph\">{\"@context\":\"https:\/\/schema.org\",\"@graph\":[{\"@type\":\"WebSite\",\"@id\":\"https:\/\/www.visit-ulcinj.com\/blog\/#website\",\"url\":\"https:\/\/www.visit-ulcinj.com\/blog\/\",\"name\":\"Lajme nga Ulqini\",\"description\":\"Lajme,Vijesti,Ulqini,Ulqin,Crna Gora,Mali i Zi\",\"potentialAction\":[{\"@type\":\"SearchAction\",\"target\":{\"@type\":\"EntryPoint\",\"urlTemplate\":\"https:\/\/www.visit-ulcinj.com\/blog\/?s={search_term_string}\"},\"query-input\":\"required name=search_term_string\"}],\"inLanguage\":\"en-US\"},{\"@type\":\"ImageObject\",\"inLanguage\":\"en-US\",\"@id\":\"https:\/\/www.visit-ulcinj.com\/blog\/2012\/06\/19\/radomir-mikan-zec-ulcinju-fale-luksuzni-hoteli-i-aerodrom\/#primaryimage\",\"url\":\"https:\/\/www.visit-ulcinj.com\/blog\/wp-content\/uploads\/2012\/06\/Mikan-Zec-Direktor-HTP-Ulcinjska-rivijera.1.jpg\",\"contentUrl\":\"https:\/\/www.visit-ulcinj.com\/blog\/wp-content\/uploads\/2012\/06\/Mikan-Zec-Direktor-HTP-Ulcinjska-rivijera.1.jpg\",\"width\":\"320\",\"height\":\"408\"},{\"@type\":\"WebPage\",\"@id\":\"https:\/\/www.visit-ulcinj.com\/blog\/2012\/06\/19\/radomir-mikan-zec-ulcinju-fale-luksuzni-hoteli-i-aerodrom\/#webpage\",\"url\":\"https:\/\/www.visit-ulcinj.com\/blog\/2012\/06\/19\/radomir-mikan-zec-ulcinju-fale-luksuzni-hoteli-i-aerodrom\/\",\"name\":\"Radomir Mikan Zec: Ulcinju fale luksuzni hoteli i aerodrom - Lajme nga Ulqini\",\"isPartOf\":{\"@id\":\"https:\/\/www.visit-ulcinj.com\/blog\/#website\"},\"primaryImageOfPage\":{\"@id\":\"https:\/\/www.visit-ulcinj.com\/blog\/2012\/06\/19\/radomir-mikan-zec-ulcinju-fale-luksuzni-hoteli-i-aerodrom\/#primaryimage\"},\"datePublished\":\"2012-06-19T16:30:53+00:00\",\"dateModified\":\"2012-06-19T16:33:06+00:00\",\"author\":{\"@id\":\"https:\/\/www.visit-ulcinj.com\/blog\/#\/schema\/person\/dcab619c614d3038751c63bc2aadc06d\"},\"description\":\"Da bi se realizovala valorizacija ovog dijela Crne Gore potrebna su zna\u010dajna finansijska sredstva koja se te\u0161ko mogu obezbijediti iz doma\u0107ih izvora.\",\"breadcrumb\":{\"@id\":\"https:\/\/www.visit-ulcinj.com\/blog\/2012\/06\/19\/radomir-mikan-zec-ulcinju-fale-luksuzni-hoteli-i-aerodrom\/#breadcrumb\"},\"inLanguage\":\"en-US\",\"potentialAction\":[{\"@type\":\"ReadAction\",\"target\":[\"https:\/\/www.visit-ulcinj.com\/blog\/2012\/06\/19\/radomir-mikan-zec-ulcinju-fale-luksuzni-hoteli-i-aerodrom\/\"]}]},{\"@type\":\"BreadcrumbList\",\"@id\":\"https:\/\/www.visit-ulcinj.com\/blog\/2012\/06\/19\/radomir-mikan-zec-ulcinju-fale-luksuzni-hoteli-i-aerodrom\/#breadcrumb\",\"itemListElement\":[{\"@type\":\"ListItem\",\"position\":1,\"name\":\"Radomir Mikan Zec: Ulcinju fale luksuzni hoteli i aerodrom\"}]},{\"@type\":\"Person\",\"@id\":\"https:\/\/www.visit-ulcinj.com\/blog\/#\/schema\/person\/dcab619c614d3038751c63bc2aadc06d\",\"name\":\"ulqini\",\"sameAs\":[\"http:\/\/www.visit-ulcinj.com\"],\"url\":\"https:\/\/www.visit-ulcinj.com\/blog\/author\/admin\/\"}]}<\/script>\n<!-- \/ Yoast SEO plugin. -->","yoast_head_json":{"title":"Radomir Mikan Zec: Ulcinju fale luksuzni hoteli i aerodrom - Lajme nga Ulqini","description":"Da bi se realizovala valorizacija ovog dijela Crne Gore potrebna su zna\u010dajna finansijska sredstva koja se te\u0161ko mogu obezbijediti iz doma\u0107ih izvora.","robots":{"index":"index","follow":"follow","max-snippet":"max-snippet:-1","max-image-preview":"max-image-preview:large","max-video-preview":"max-video-preview:-1"},"canonical":"https:\/\/www.visit-ulcinj.com\/blog\/2012\/06\/19\/radomir-mikan-zec-ulcinju-fale-luksuzni-hoteli-i-aerodrom\/","og_locale":"en_US","og_type":"article","og_title":"Radomir Mikan Zec: Ulcinju fale luksuzni hoteli i aerodrom - Lajme nga Ulqini","og_description":"Da bi se realizovala valorizacija ovog dijela Crne Gore potrebna su zna\u010dajna finansijska sredstva koja se te\u0161ko mogu obezbijediti iz doma\u0107ih izvora.","og_url":"https:\/\/www.visit-ulcinj.com\/blog\/2012\/06\/19\/radomir-mikan-zec-ulcinju-fale-luksuzni-hoteli-i-aerodrom\/","og_site_name":"Lajme nga Ulqini","article_published_time":"2012-06-19T16:30:53+00:00","article_modified_time":"2012-06-19T16:33:06+00:00","og_image":[{"url":"http:\/\/www.visit-ulcinj.com\/blog\/wp-content\/uploads\/2012\/06\/Mikan-Zec-Direktor-HTP-Ulcinjska-rivijera.1.jpg"}],"twitter_misc":{"Written by":"ulqini","Est. reading time":"8 minutes"},"schema":{"@context":"https:\/\/schema.org","@graph":[{"@type":"WebSite","@id":"https:\/\/www.visit-ulcinj.com\/blog\/#website","url":"https:\/\/www.visit-ulcinj.com\/blog\/","name":"Lajme nga Ulqini","description":"Lajme,Vijesti,Ulqini,Ulqin,Crna Gora,Mali i Zi","potentialAction":[{"@type":"SearchAction","target":{"@type":"EntryPoint","urlTemplate":"https:\/\/www.visit-ulcinj.com\/blog\/?s={search_term_string}"},"query-input":"required name=search_term_string"}],"inLanguage":"en-US"},{"@type":"ImageObject","inLanguage":"en-US","@id":"https:\/\/www.visit-ulcinj.com\/blog\/2012\/06\/19\/radomir-mikan-zec-ulcinju-fale-luksuzni-hoteli-i-aerodrom\/#primaryimage","url":"https:\/\/www.visit-ulcinj.com\/blog\/wp-content\/uploads\/2012\/06\/Mikan-Zec-Direktor-HTP-Ulcinjska-rivijera.1.jpg","contentUrl":"https:\/\/www.visit-ulcinj.com\/blog\/wp-content\/uploads\/2012\/06\/Mikan-Zec-Direktor-HTP-Ulcinjska-rivijera.1.jpg","width":"320","height":"408"},{"@type":"WebPage","@id":"https:\/\/www.visit-ulcinj.com\/blog\/2012\/06\/19\/radomir-mikan-zec-ulcinju-fale-luksuzni-hoteli-i-aerodrom\/#webpage","url":"https:\/\/www.visit-ulcinj.com\/blog\/2012\/06\/19\/radomir-mikan-zec-ulcinju-fale-luksuzni-hoteli-i-aerodrom\/","name":"Radomir Mikan Zec: Ulcinju fale luksuzni hoteli i aerodrom - Lajme nga Ulqini","isPartOf":{"@id":"https:\/\/www.visit-ulcinj.com\/blog\/#website"},"primaryImageOfPage":{"@id":"https:\/\/www.visit-ulcinj.com\/blog\/2012\/06\/19\/radomir-mikan-zec-ulcinju-fale-luksuzni-hoteli-i-aerodrom\/#primaryimage"},"datePublished":"2012-06-19T16:30:53+00:00","dateModified":"2012-06-19T16:33:06+00:00","author":{"@id":"https:\/\/www.visit-ulcinj.com\/blog\/#\/schema\/person\/dcab619c614d3038751c63bc2aadc06d"},"description":"Da bi se realizovala valorizacija ovog dijela Crne Gore potrebna su zna\u010dajna finansijska sredstva koja se te\u0161ko mogu obezbijediti iz doma\u0107ih izvora.","breadcrumb":{"@id":"https:\/\/www.visit-ulcinj.com\/blog\/2012\/06\/19\/radomir-mikan-zec-ulcinju-fale-luksuzni-hoteli-i-aerodrom\/#breadcrumb"},"inLanguage":"en-US","potentialAction":[{"@type":"ReadAction","target":["https:\/\/www.visit-ulcinj.com\/blog\/2012\/06\/19\/radomir-mikan-zec-ulcinju-fale-luksuzni-hoteli-i-aerodrom\/"]}]},{"@type":"BreadcrumbList","@id":"https:\/\/www.visit-ulcinj.com\/blog\/2012\/06\/19\/radomir-mikan-zec-ulcinju-fale-luksuzni-hoteli-i-aerodrom\/#breadcrumb","itemListElement":[{"@type":"ListItem","position":1,"name":"Radomir Mikan Zec: Ulcinju fale luksuzni hoteli i aerodrom"}]},{"@type":"Person","@id":"https:\/\/www.visit-ulcinj.com\/blog\/#\/schema\/person\/dcab619c614d3038751c63bc2aadc06d","name":"ulqini","sameAs":["http:\/\/www.visit-ulcinj.com"],"url":"https:\/\/www.visit-ulcinj.com\/blog\/author\/admin\/"}]}},"jetpack_featured_media_url":"","jetpack_sharing_enabled":true,"jetpack_shortlink":"https:\/\/wp.me\/pe6lTn-g5I","_links":{"self":[{"href":"https:\/\/www.visit-ulcinj.com\/blog\/wp-json\/wp\/v2\/posts\/61858"}],"collection":[{"href":"https:\/\/www.visit-ulcinj.com\/blog\/wp-json\/wp\/v2\/posts"}],"about":[{"href":"https:\/\/www.visit-ulcinj.com\/blog\/wp-json\/wp\/v2\/types\/post"}],"author":[{"embeddable":true,"href":"https:\/\/www.visit-ulcinj.com\/blog\/wp-json\/wp\/v2\/users\/1"}],"replies":[{"embeddable":true,"href":"https:\/\/www.visit-ulcinj.com\/blog\/wp-json\/wp\/v2\/comments?post=61858"}],"version-history":[{"count":4,"href":"https:\/\/www.visit-ulcinj.com\/blog\/wp-json\/wp\/v2\/posts\/61858\/revisions"}],"predecessor-version":[{"id":61901,"href":"https:\/\/www.visit-ulcinj.com\/blog\/wp-json\/wp\/v2\/posts\/61858\/revisions\/61901"}],"wp:attachment":[{"href":"https:\/\/www.visit-ulcinj.com\/blog\/wp-json\/wp\/v2\/media?parent=61858"}],"wp:term":[{"taxonomy":"category","embeddable":true,"href":"https:\/\/www.visit-ulcinj.com\/blog\/wp-json\/wp\/v2\/categories?post=61858"},{"taxonomy":"post_tag","embeddable":true,"href":"https:\/\/www.visit-ulcinj.com\/blog\/wp-json\/wp\/v2\/tags?post=61858"}],"curies":[{"name":"wp","href":"https:\/\/api.w.org\/{rel}","templated":true}]}}