{"id":61860,"date":"2012-06-19T08:17:39","date_gmt":"2012-06-19T07:17:39","guid":{"rendered":"http:\/\/www.visit-ulcinj.com\/blog\/?p=61860"},"modified":"2012-06-20T18:55:13","modified_gmt":"2012-06-20T17:55:13","slug":"vjollca-luka-gjovani-me-videoklip-te-ri-video","status":"publish","type":"post","link":"https:\/\/www.visit-ulcinj.com\/blog\/2012\/06\/19\/vjollca-luka-gjovani-me-videoklip-te-ri-video\/","title":{"rendered":"Vjollca Luka &#038; Gjovani me videoklip t\u00eb ri &#8211; Video"},"content":{"rendered":"<p><a href=\"http:\/\/www.visit-ulcinj.com\/blog\/wp-content\/uploads\/2012\/06\/Vjollca-Luka-Gjoni.jpg\"><img loading=\"lazy\" class=\"alignleft  wp-image-61861\" title=\"Vjollca Luka Gjoni\" src=\"http:\/\/www.visit-ulcinj.com\/blog\/wp-content\/uploads\/2012\/06\/Vjollca-Luka-Gjoni.jpg\" alt=\"\" width=\"350\" height=\"400\" \/><\/a>Vjollca Luka \u00ebsht\u00eb nj\u00eb nga k\u00ebng\u00ebtaret m\u00eb seksi t\u00eb sken\u00ebs shqiptare. Ka m\u00eb se nj\u00eb vit q\u00eb ajo nuk \u00ebsht\u00eb shum\u00eb aktive n\u00eb sken\u00ebn muzikore p\u00ebr shkak t\u00eb kujdesit ndaj vajzave t\u00eb saja. Edhe pse \u00ebsht\u00eb b\u00ebr\u00eb n\u00ebn\u00eb ajo ka ruajtur linjat trupore duke u kujdesur shum\u00eb p\u00ebr tu dukur bukur. Ajo na b\u00ebn\u00eb t\u00eb ditur se tani e tutje do t\u00eb jet\u00eb m\u00eb aktive, ku Vjollca Luka e Gjovani\u00a0 lansojn nj\u00eb videoprojekt t\u00eb ri muzikor.<\/p>\n<p>Edhe pse koh\u00ebve t\u00eb fundit nuk jan\u00eb par\u00eb shum\u00eb n\u00eb sken\u00eb, Vjollca Luka &amp; Gjovani \u00a0tani rikthehen fuqish\u00ebm duke sjell\u00eb nj\u00eb k\u00ebng\u00eb dhe klip t\u00eb ri. K\u00ebnga titullohet \u201cBashkjetesa \u201d, nj\u00eb k\u00ebng\u00eb verore e punuar n\u00eb nje duet\u00a0 me shum mjeshteri nga Edi Balili,teksti i\u00a0 A. Trebi\u00e7kes,kurse videoklipi\u00a0 u realizua me produksionin \u201cMax Produktion\u201d.<\/p>\n<p>Ky titull do t\u00eb thot\u00eb se ia kushtoj dikujt k\u00ebng\u00ebn? A ka t\u00eb b\u00ebj\u00eb \u00a0me jet\u00ebn private t\u00eb Vjollca Luk\u00ebs, sipas thashetheme,Vjollca nuk ia ka kushtuar askujt, \u00ebsht\u00eb thjesht\u00eb nj\u00eb tekst i koh\u00ebs aktuale, q\u00eb ka t\u00eb b\u00ebj\u00eb me nj\u00eb dashuri ndaj personit q\u00eb e do ajo.<\/p>\n<p>K\u00ebnga \u00ebsht\u00eb super verore, videoklipi \u00ebsht\u00eb i realizuar me produksionin \u201cMax Produktion\u201d me nj\u00eb koreografi t\u00eb bukur.<br \/>\n<strong><a href=\"http:\/\/www.visit-ulcinj.com\/blog\/wp-content\/uploads\/2012\/06\/Vjollca-Luka-Gjoni.1.jpg\"><img loading=\"lazy\" class=\"alignleft  wp-image-61863\" title=\"Vjollca Luka Gjoni.1\" src=\"http:\/\/www.visit-ulcinj.com\/blog\/wp-content\/uploads\/2012\/06\/Vjollca-Luka-Gjoni.1.jpg\" alt=\"\" width=\"508\" height=\"300\" \/><\/a><br \/>\nDi\u00e7ka p\u00ebr Vjollca Luka<\/strong><\/p>\n<p>Aspak e ndryshuar nga lindja e Rian\u00ebs, k\u00ebng\u00ebtarja shkodrane Vjollca Luka, me taka t\u00eb larta dhe me buz\u00ebqeshje q\u00eb nuk i per\u00ebndon nga fytyra, p\u00ebrher\u00eb duket elegante. Me nj\u00eb burr\u00eb simpatik n\u00eb krah q\u00eb e ka edhe koleg, ajo edhe tash, pas dhjet\u00eb vitesh q\u00eb \u00ebsht\u00eb b\u00ebr\u00eb e njohur, vazhdon t\u00eb jet\u00eb modeste. Jan\u00eb rikthyer n\u00eb Ulqin nga SHBA, n\u00eb qytetin e lindjes s\u00eb Gjovanit, n\u00eb qytetin ku jan\u00eb njohur p\u00ebr her\u00eb t\u00eb par\u00eb dhe ku jan\u00eb b\u00ebr\u00eb s\u00eb pari shok\u00eb e m\u00eb von\u00eb edhe t\u00eb dashur. Amerika i ka bukurit\u00eb e saj, komoditetet, por \u00e7ifti i ri bashk\u00eb me vajz\u00ebn e tyre simpatike kan\u00eb vendosur t\u00eb rikthehen n\u00eb atdhe. Ajo \u00ebsht\u00eb shkodrane tipike e ai ulqinak i pash\u00ebm, por jo pirat si\u00e7 i njohim, por tep\u00ebr i ndjesh\u00ebm jo vet\u00ebm n\u00eb k\u00ebng\u00eb por edhe n\u00eb jet\u00eb. Ndoshta edhe m\u00eb i ndjesh\u00ebm se sa poezit\u00eb e Vjollc\u00ebs t\u00eb cilat ajo ende nuk e ka guximin t\u2019i botoj\u00eb. E zgjedhur si nj\u00ebra nga m\u00eb t\u00eb mirat interprete shqiptare t\u00eb k\u00ebng\u00ebs popullore n\u00eb spektaklin \u201c12 n\u00eb Holivud\u201d, ajo p\u00ebr asnj\u00eb \u00e7ast nuk iu nda k\u00ebng\u00ebs.<br \/>\n<strong><a href=\"http:\/\/www.visit-ulcinj.com\/blog\/wp-content\/uploads\/2012\/06\/Vjollca-Luka-Gjovani-Gjoni.jpg\"><img loading=\"lazy\" class=\"alignleft  wp-image-61862\" title=\"Vjollca Luka &amp; Gjovani Gjoni\" src=\"http:\/\/www.visit-ulcinj.com\/blog\/wp-content\/uploads\/2012\/06\/Vjollca-Luka-Gjovani-Gjoni.jpg\" alt=\"\" width=\"508\" height=\"300\" \/><\/a><br \/>\nGrimi:<\/strong><strong><\/strong><br \/>\nE p\u00ebrdor mjaft edhe pse e di se nuk \u00ebsht\u00eb aq i k\u00ebshilluesh\u00ebm. Grimi m\u00eb p\u00eblqen dhe m\u00eb duket si nj\u00eb art n\u00eb vete. N\u00eb koh\u00ebn kur rri n\u00eb sht\u00ebpi, at\u00ebher\u00eb grimi \u00ebsht\u00eb m\u00eb i leht\u00eb, kurse n\u00eb mbr\u00ebmje kuptohet, b\u00ebj grim skenik p\u00ebr shkak t\u00eb dritave. Rimelat, buz\u00ebkuqin, lapsat dhe pudr\u00ebn i p\u00ebrdor t\u00eb firm\u00ebs \u201cL\u2019oreal\u201d.<\/p>\n<p><strong>Parfumet:<\/strong><br \/>\nKam d\u00ebshir\u00eb q\u00eb t\u00eb nd\u00ebrroj shijen e parfumeve. Koh\u00ebt e fundit po me p\u00eblqen m\u00eb shum\u00eb shija e parfumit \u201cJ\u2019adore\u201d.<br \/>\n<strong><a href=\"http:\/\/www.visit-ulcinj.com\/blog\/wp-content\/uploads\/2012\/06\/Vjollca-Luka-Gjoni.2.jpg\"><img loading=\"lazy\" class=\"alignleft  wp-image-61864\" title=\"Vjollca Luka Gjoni.2\" src=\"http:\/\/www.visit-ulcinj.com\/blog\/wp-content\/uploads\/2012\/06\/Vjollca-Luka-Gjoni.2.jpg\" alt=\"\" width=\"508\" height=\"600\" \/><\/a><br \/>\nVeshja:<\/strong><br \/>\nShija ndryshon. Kuptohet se veshja nuk do t\u00eb mbetet p\u00ebrher\u00eb e nj\u00ebjt\u00eb. N\u00eb p\u00ebrditshm\u00ebri, m\u00eb shum\u00eb veshje sportive, kurse n\u00eb sken\u00eb veshje q\u00eb i shkojn\u00eb sken\u00ebs, q\u00eb natyrisht varet nga disponimi. Edhe n\u00ebp\u00ebr programe dhe dasma ku k\u00ebndoj, nuk m\u00eb p\u00eblqen t\u00eb veshi fustane q\u00eb jan\u00eb t\u00eb r\u00ebnduara me vezullim\u00eb dhe stoli t\u00eb tep\u00ebrta.<\/p>\n<p><strong>\u00c7antat dhe k\u00ebpuc\u00ebt:<\/strong><br \/>\n\u00c7antat i kam pak pik\u00eb t\u00eb dob\u00ebt. I zgjedh dhe i blej n\u00eb mas\u00eb jo t\u00eb vog\u00ebl. Pjes\u00ebn m\u00eb t\u00eb madhe t\u00eb \u00e7antave i kam bler\u00eb n\u00eb SHBA dhe n\u00ebse ndalem n\u00eb ndonj\u00eb vitrin\u00eb, at\u00ebher\u00eb do t\u00eb jem ndalur q\u00eb t\u00eb shikoj nj\u00eb \u00e7ant\u00eb. K\u00ebpuc\u00ebt zakonisht kam d\u00ebshir\u00eb q\u00eb t\u2019i mbaj pak me taka, kurse nga t\u00eb gjitha m\u00eb s\u00eb shumti rehat ndjehem me sandalet elegante, gjithsesi n\u00eb kombinim me \u00e7ant\u00ebn.<br \/>\n<strong><br \/>\nAksesor\u00ebt:<\/strong><br \/>\nJan\u00eb pjes\u00eb e veshjes sime dhe kam d\u00ebshir\u00eb q\u00eb t\u2019i nd\u00ebrroj shpesh. Zakonisht nuk v\u00eb stoli ari por aksesor\u00eb t\u00eb ndrysh\u00ebm si: unaza, byzylyk\u00eb, var\u00ebse, kurse rripat e brezit m\u00eb pak. I kam n\u00eb qejf edhe syzet e diellit dhe ato zakonisht i mbaj t\u00eb firm\u00ebs \u201cVersace\u201d, sepse jan\u00eb t\u00eb kualitetit t\u00eb mir\u00eb. Dikush si pjes\u00eb t\u00eb aksesor\u00ebve e mban edhe telefonin kurse un\u00eb nuk e parap\u00eblqej shum\u00eb at\u00eb sepse m\u00eb mir\u00eb ndjehem pa telefon n\u00eb dor\u00eb dhe pa cing\u00ebrim\u00ebn e tij.<\/p>\n<p><strong>Moda:<\/strong><br \/>\nSa kam qen\u00eb n\u00eb SHBA vazhdimisht kam ndjekur nj\u00eb stacion televiziv p\u00ebr mod\u00ebn m\u00eb t\u00eb re. Edhe n\u00ebse nuk veshi nganj\u00ebher\u00eb veshje t\u00eb modes, gjithsesi kam d\u00ebshir\u00eb q\u00eb t\u00eb shoh dhe t\u00eb jem e informuar rreth mod\u00ebs m\u00eb t\u00eb re n\u00eb bot\u00eb.<br \/>\n<strong><a href=\"http:\/\/www.visit-ulcinj.com\/blog\/wp-content\/uploads\/2012\/06\/Varzat-e-Vjolca-Luka-Gjovani-Gjonaj.jpg\"><img loading=\"lazy\" class=\"alignleft  wp-image-61865\" title=\"Varzat e Vjolca Luka &amp; Gjovani Gjonaj\" src=\"http:\/\/www.visit-ulcinj.com\/blog\/wp-content\/uploads\/2012\/06\/Varzat-e-Vjolca-Luka-Gjovani-Gjonaj.jpg\" alt=\"\" width=\"508\" height=\"600\" \/><\/a><br \/>\nM\u00eb \u00e7far\u00eb e plot\u00ebsoni t\u00eb dashurin tuaj:<\/strong><br \/>\nJo vet\u00ebm nj\u00ebri tjetrin q\u00eb e plot\u00ebsojm\u00eb n\u00eb jet\u00eb, por mendoj se njeriu gjat\u00eb gjith\u00eb jet\u00ebs do t\u00eb plot\u00ebsohet sepse askush, asnj\u00ebher\u00eb nuk mund t\u00eb jet\u00eb krejt i p\u00ebrsosur.<br \/>\nGj\u00ebja pa t\u00eb cilen nuk mundesh: Humori shkodran. Shum\u00eb situata jet\u00ebsore t\u00eb pak\u00ebnd\u00ebshme i kam kaluar me humorin shkodran.<\/p>\n<p><strong>Pushimet:<\/strong><br \/>\nNuk kam edhe aq shum\u00eb koh\u00eb p\u00ebr pushimet sepse gjat\u00eb ver\u00ebs edhe un\u00eb edhe im shoq jemi t\u00eb angazhuar mjaft n\u00ebp\u00ebr dasma. Gjithashtu edhe gjat\u00eb pushimeve t\u00eb dimrit jemi t\u00eb z\u00ebn\u00eb me programet televizive dhe t\u00eb videokasetave t\u00eb Vitit t\u00eb Ri. Pushim b\u00ebj zakonisht nga fundi i ver\u00ebs, tash n\u00eb shtator. Pushimin m\u00eb t\u00eb bukur e mbaj mend at\u00eb t\u00eb muajit t\u00eb mjaltit ku bashk\u00eb me tim shoq ishim n\u00eb Majami.<\/p>\n<p><strong>Aerobia:<\/strong><br \/>\nZakonisht nuk ushtroj sepse nuk kam koh\u00eb, por edhe p\u00ebr arsye se nuk e kam pasur shum\u00eb t\u00eb nevojshme.<\/p>\n<p><strong>Dhuratat:<\/strong><br \/>\nM\u00eb p\u00eblqen shum\u00eb edhe t\u00eb b\u00ebj dhurata, por edhe t\u00eb marr dhurata. M\u00eb shum\u00eb se sa dhurat\u00ebn un\u00eb e vler\u00ebsoj mendimin p\u00ebr at\u00eb dhurat\u00eb. Kur jap dhurat\u00eb gjith\u00ebher\u00eb e rivler\u00ebsoj iden\u00eb se a ia kam q\u00eblluar apo jo. Nga dhuratat m\u00eb s\u00eb shumti dhuroj parfume.<br \/>\n<strong><br \/>\nRiana:<\/strong><br \/>\n\u00cbsht\u00eb gati dy vje\u00e7. Ma ka ndryshuar pak a shum\u00eb m\u00ebnyr\u00ebn e jetes\u00ebs. Prania e saj \u00e7do dit\u00eb m\u00eb sjell di\u00e7ka t\u00eb re. E dua m\u00eb s\u00eb shumti n\u00eb bot\u00eb.<br \/>\n<strong><br \/>\nGjovani:<\/strong><br \/>\n\u00cbsht\u00eb k\u00ebng\u00ebtar i njohur n\u00eb Kosov\u00eb dhe n\u00eb diaspor\u00eb. Jam e lumtur q\u00eb kam gjetur nj\u00eb njeri q\u00eb m\u00eb kupton mir\u00eb.<\/p>\n<p><strong>Vendlindja:<\/strong><br \/>\nShkodra \u00ebsht\u00eb pika ime e dob\u00ebt. Por edhe n\u00eb Ulqin q\u00eb \u00ebsht\u00eb af\u00ebr Shkodr\u00ebs e kam gjetur nj\u00eb ngroht\u00ebsi q\u00eb m\u00eb plot\u00ebson pak a shum\u00eb Shkodr\u00ebn time. Edhe pse rruga \u00ebsht\u00eb shum\u00eb e keqe, shkojm\u00eb shpesh me burrin tim deri n\u00eb Shkod\u00ebr, qoft\u00eb edhe p\u00ebr nj\u00eb kafe.<\/p>\n<p><strong>Lajme nga Ulqini<\/strong><br \/>\n<iframe loading=\"lazy\" src=\"http:\/\/www.youtube.com\/embed\/WsWBFGhbEPM?rel=0\" frameborder=\"0\" width=\"508\" height=\"380\"><\/iframe><\/p>\n","protected":false},"excerpt":{"rendered":"<p>Vjollca Luka \u00ebsht\u00eb nj\u00eb nga k\u00ebng\u00ebtaret m\u00eb seksi t\u00eb sken\u00ebs shqiptare. Ka m\u00eb se nj\u00eb vit q\u00eb ajo nuk \u00ebsht\u00eb shum\u00eb aktive n\u00eb sken\u00ebn muzikore p\u00ebr shkak t\u00eb kujdesit ndaj vajzave t\u00eb saja. Edhe pse \u00ebsht\u00eb b\u00ebr\u00eb n\u00ebn\u00eb ajo ka ruajtur linjat trupore duke u kujdesur shum\u00eb p\u00ebr tu dukur bukur. Ajo na b\u00ebn\u00eb t\u00eb [&hellip;]<\/p>\n","protected":false},"author":1,"featured_media":0,"comment_status":"open","ping_status":"closed","sticky":false,"template":"","format":"standard","meta":{"spay_email":"","jetpack_publicize_message":"","jetpack_is_tweetstorm":false,"jetpack_publicize_feature_enabled":true},"categories":[5],"tags":[20804,19196,20805,41,200,18,18485,20803,20802],"jetpack_publicize_connections":[],"yoast_head":"<!-- This site is optimized with the Yoast SEO plugin v19.1 - https:\/\/yoast.com\/wordpress\/plugins\/seo\/ -->\n<title>Vjollca Luka &amp; Gjovani me videoklip t\u00eb ri - Video - Lajme nga Ulqini<\/title>\n<meta name=\"description\" content=\"Vjollca Luka \u00ebsht\u00eb nj\u00eb nga k\u00ebng\u00ebtaret m\u00eb seksi t\u00eb sken\u00ebs shqiptare. Ka m\u00eb se nj\u00eb vit q\u00eb ajo nuk \u00ebsht\u00eb shum\u00eb aktive n\u00eb sken\u00ebn muzikore p\u00ebr shkak t\u00eb\" \/>\n<meta name=\"robots\" content=\"index, follow, max-snippet:-1, max-image-preview:large, max-video-preview:-1\" \/>\n<link rel=\"canonical\" href=\"https:\/\/www.visit-ulcinj.com\/blog\/2012\/06\/19\/vjollca-luka-gjovani-me-videoklip-te-ri-video\/\" \/>\n<meta property=\"og:locale\" content=\"en_US\" \/>\n<meta property=\"og:type\" content=\"article\" \/>\n<meta property=\"og:title\" content=\"Vjollca Luka &amp; Gjovani me videoklip t\u00eb ri - Video - Lajme nga Ulqini\" \/>\n<meta property=\"og:description\" content=\"Vjollca Luka \u00ebsht\u00eb nj\u00eb nga k\u00ebng\u00ebtaret m\u00eb seksi t\u00eb sken\u00ebs shqiptare. Ka m\u00eb se nj\u00eb vit q\u00eb ajo nuk \u00ebsht\u00eb shum\u00eb aktive n\u00eb sken\u00ebn muzikore p\u00ebr shkak t\u00eb\" \/>\n<meta property=\"og:url\" content=\"https:\/\/www.visit-ulcinj.com\/blog\/2012\/06\/19\/vjollca-luka-gjovani-me-videoklip-te-ri-video\/\" \/>\n<meta property=\"og:site_name\" content=\"Lajme nga Ulqini\" \/>\n<meta property=\"article:published_time\" content=\"2012-06-19T07:17:39+00:00\" \/>\n<meta property=\"article:modified_time\" content=\"2012-06-20T17:55:13+00:00\" \/>\n<meta property=\"og:image\" content=\"http:\/\/www.visit-ulcinj.com\/blog\/wp-content\/uploads\/2012\/06\/Vjollca-Luka-Gjoni.jpg\" \/>\n<meta name=\"twitter:label1\" content=\"Written by\" \/>\n\t<meta name=\"twitter:data1\" content=\"ulqini\" \/>\n\t<meta name=\"twitter:label2\" content=\"Est. reading time\" \/>\n\t<meta name=\"twitter:data2\" content=\"6 minutes\" \/>\n<script type=\"application\/ld+json\" class=\"yoast-schema-graph\">{\"@context\":\"https:\/\/schema.org\",\"@graph\":[{\"@type\":\"WebSite\",\"@id\":\"https:\/\/www.visit-ulcinj.com\/blog\/#website\",\"url\":\"https:\/\/www.visit-ulcinj.com\/blog\/\",\"name\":\"Lajme nga Ulqini\",\"description\":\"Lajme,Vijesti,Ulqini,Ulqin,Crna Gora,Mali i Zi\",\"potentialAction\":[{\"@type\":\"SearchAction\",\"target\":{\"@type\":\"EntryPoint\",\"urlTemplate\":\"https:\/\/www.visit-ulcinj.com\/blog\/?s={search_term_string}\"},\"query-input\":\"required name=search_term_string\"}],\"inLanguage\":\"en-US\"},{\"@type\":\"ImageObject\",\"inLanguage\":\"en-US\",\"@id\":\"https:\/\/www.visit-ulcinj.com\/blog\/2012\/06\/19\/vjollca-luka-gjovani-me-videoklip-te-ri-video\/#primaryimage\",\"url\":\"https:\/\/www.visit-ulcinj.com\/blog\/wp-content\/uploads\/2012\/06\/Vjollca-Luka-Gjoni.jpg\",\"contentUrl\":\"https:\/\/www.visit-ulcinj.com\/blog\/wp-content\/uploads\/2012\/06\/Vjollca-Luka-Gjoni.jpg\",\"width\":\"563\",\"height\":\"613\"},{\"@type\":\"WebPage\",\"@id\":\"https:\/\/www.visit-ulcinj.com\/blog\/2012\/06\/19\/vjollca-luka-gjovani-me-videoklip-te-ri-video\/#webpage\",\"url\":\"https:\/\/www.visit-ulcinj.com\/blog\/2012\/06\/19\/vjollca-luka-gjovani-me-videoklip-te-ri-video\/\",\"name\":\"Vjollca Luka & Gjovani me videoklip t\u00eb ri - Video - Lajme nga Ulqini\",\"isPartOf\":{\"@id\":\"https:\/\/www.visit-ulcinj.com\/blog\/#website\"},\"primaryImageOfPage\":{\"@id\":\"https:\/\/www.visit-ulcinj.com\/blog\/2012\/06\/19\/vjollca-luka-gjovani-me-videoklip-te-ri-video\/#primaryimage\"},\"datePublished\":\"2012-06-19T07:17:39+00:00\",\"dateModified\":\"2012-06-20T17:55:13+00:00\",\"author\":{\"@id\":\"https:\/\/www.visit-ulcinj.com\/blog\/#\/schema\/person\/dcab619c614d3038751c63bc2aadc06d\"},\"description\":\"Vjollca Luka \u00ebsht\u00eb nj\u00eb nga k\u00ebng\u00ebtaret m\u00eb seksi t\u00eb sken\u00ebs shqiptare. Ka m\u00eb se nj\u00eb vit q\u00eb ajo nuk \u00ebsht\u00eb shum\u00eb aktive n\u00eb sken\u00ebn muzikore p\u00ebr shkak t\u00eb\",\"breadcrumb\":{\"@id\":\"https:\/\/www.visit-ulcinj.com\/blog\/2012\/06\/19\/vjollca-luka-gjovani-me-videoklip-te-ri-video\/#breadcrumb\"},\"inLanguage\":\"en-US\",\"potentialAction\":[{\"@type\":\"ReadAction\",\"target\":[\"https:\/\/www.visit-ulcinj.com\/blog\/2012\/06\/19\/vjollca-luka-gjovani-me-videoklip-te-ri-video\/\"]}]},{\"@type\":\"BreadcrumbList\",\"@id\":\"https:\/\/www.visit-ulcinj.com\/blog\/2012\/06\/19\/vjollca-luka-gjovani-me-videoklip-te-ri-video\/#breadcrumb\",\"itemListElement\":[{\"@type\":\"ListItem\",\"position\":1,\"name\":\"Vjollca Luka &#038; Gjovani me videoklip t\u00eb ri &#8211; Video\"}]},{\"@type\":\"Person\",\"@id\":\"https:\/\/www.visit-ulcinj.com\/blog\/#\/schema\/person\/dcab619c614d3038751c63bc2aadc06d\",\"name\":\"ulqini\",\"sameAs\":[\"http:\/\/www.visit-ulcinj.com\"],\"url\":\"https:\/\/www.visit-ulcinj.com\/blog\/author\/admin\/\"}]}<\/script>\n<!-- \/ Yoast SEO plugin. -->","yoast_head_json":{"title":"Vjollca Luka & Gjovani me videoklip t\u00eb ri - Video - Lajme nga Ulqini","description":"Vjollca Luka \u00ebsht\u00eb nj\u00eb nga k\u00ebng\u00ebtaret m\u00eb seksi t\u00eb sken\u00ebs shqiptare. Ka m\u00eb se nj\u00eb vit q\u00eb ajo nuk \u00ebsht\u00eb shum\u00eb aktive n\u00eb sken\u00ebn muzikore p\u00ebr shkak t\u00eb","robots":{"index":"index","follow":"follow","max-snippet":"max-snippet:-1","max-image-preview":"max-image-preview:large","max-video-preview":"max-video-preview:-1"},"canonical":"https:\/\/www.visit-ulcinj.com\/blog\/2012\/06\/19\/vjollca-luka-gjovani-me-videoklip-te-ri-video\/","og_locale":"en_US","og_type":"article","og_title":"Vjollca Luka & Gjovani me videoklip t\u00eb ri - Video - Lajme nga Ulqini","og_description":"Vjollca Luka \u00ebsht\u00eb nj\u00eb nga k\u00ebng\u00ebtaret m\u00eb seksi t\u00eb sken\u00ebs shqiptare. Ka m\u00eb se nj\u00eb vit q\u00eb ajo nuk \u00ebsht\u00eb shum\u00eb aktive n\u00eb sken\u00ebn muzikore p\u00ebr shkak t\u00eb","og_url":"https:\/\/www.visit-ulcinj.com\/blog\/2012\/06\/19\/vjollca-luka-gjovani-me-videoklip-te-ri-video\/","og_site_name":"Lajme nga Ulqini","article_published_time":"2012-06-19T07:17:39+00:00","article_modified_time":"2012-06-20T17:55:13+00:00","og_image":[{"url":"http:\/\/www.visit-ulcinj.com\/blog\/wp-content\/uploads\/2012\/06\/Vjollca-Luka-Gjoni.jpg"}],"twitter_misc":{"Written by":"ulqini","Est. reading time":"6 minutes"},"schema":{"@context":"https:\/\/schema.org","@graph":[{"@type":"WebSite","@id":"https:\/\/www.visit-ulcinj.com\/blog\/#website","url":"https:\/\/www.visit-ulcinj.com\/blog\/","name":"Lajme nga Ulqini","description":"Lajme,Vijesti,Ulqini,Ulqin,Crna Gora,Mali i Zi","potentialAction":[{"@type":"SearchAction","target":{"@type":"EntryPoint","urlTemplate":"https:\/\/www.visit-ulcinj.com\/blog\/?s={search_term_string}"},"query-input":"required name=search_term_string"}],"inLanguage":"en-US"},{"@type":"ImageObject","inLanguage":"en-US","@id":"https:\/\/www.visit-ulcinj.com\/blog\/2012\/06\/19\/vjollca-luka-gjovani-me-videoklip-te-ri-video\/#primaryimage","url":"https:\/\/www.visit-ulcinj.com\/blog\/wp-content\/uploads\/2012\/06\/Vjollca-Luka-Gjoni.jpg","contentUrl":"https:\/\/www.visit-ulcinj.com\/blog\/wp-content\/uploads\/2012\/06\/Vjollca-Luka-Gjoni.jpg","width":"563","height":"613"},{"@type":"WebPage","@id":"https:\/\/www.visit-ulcinj.com\/blog\/2012\/06\/19\/vjollca-luka-gjovani-me-videoklip-te-ri-video\/#webpage","url":"https:\/\/www.visit-ulcinj.com\/blog\/2012\/06\/19\/vjollca-luka-gjovani-me-videoklip-te-ri-video\/","name":"Vjollca Luka & Gjovani me videoklip t\u00eb ri - Video - Lajme nga Ulqini","isPartOf":{"@id":"https:\/\/www.visit-ulcinj.com\/blog\/#website"},"primaryImageOfPage":{"@id":"https:\/\/www.visit-ulcinj.com\/blog\/2012\/06\/19\/vjollca-luka-gjovani-me-videoklip-te-ri-video\/#primaryimage"},"datePublished":"2012-06-19T07:17:39+00:00","dateModified":"2012-06-20T17:55:13+00:00","author":{"@id":"https:\/\/www.visit-ulcinj.com\/blog\/#\/schema\/person\/dcab619c614d3038751c63bc2aadc06d"},"description":"Vjollca Luka \u00ebsht\u00eb nj\u00eb nga k\u00ebng\u00ebtaret m\u00eb seksi t\u00eb sken\u00ebs shqiptare. Ka m\u00eb se nj\u00eb vit q\u00eb ajo nuk \u00ebsht\u00eb shum\u00eb aktive n\u00eb sken\u00ebn muzikore p\u00ebr shkak t\u00eb","breadcrumb":{"@id":"https:\/\/www.visit-ulcinj.com\/blog\/2012\/06\/19\/vjollca-luka-gjovani-me-videoklip-te-ri-video\/#breadcrumb"},"inLanguage":"en-US","potentialAction":[{"@type":"ReadAction","target":["https:\/\/www.visit-ulcinj.com\/blog\/2012\/06\/19\/vjollca-luka-gjovani-me-videoklip-te-ri-video\/"]}]},{"@type":"BreadcrumbList","@id":"https:\/\/www.visit-ulcinj.com\/blog\/2012\/06\/19\/vjollca-luka-gjovani-me-videoklip-te-ri-video\/#breadcrumb","itemListElement":[{"@type":"ListItem","position":1,"name":"Vjollca Luka &#038; Gjovani me videoklip t\u00eb ri &#8211; Video"}]},{"@type":"Person","@id":"https:\/\/www.visit-ulcinj.com\/blog\/#\/schema\/person\/dcab619c614d3038751c63bc2aadc06d","name":"ulqini","sameAs":["http:\/\/www.visit-ulcinj.com"],"url":"https:\/\/www.visit-ulcinj.com\/blog\/author\/admin\/"}]}},"jetpack_featured_media_url":"","jetpack_sharing_enabled":true,"jetpack_shortlink":"https:\/\/wp.me\/pe6lTn-g5K","_links":{"self":[{"href":"https:\/\/www.visit-ulcinj.com\/blog\/wp-json\/wp\/v2\/posts\/61860"}],"collection":[{"href":"https:\/\/www.visit-ulcinj.com\/blog\/wp-json\/wp\/v2\/posts"}],"about":[{"href":"https:\/\/www.visit-ulcinj.com\/blog\/wp-json\/wp\/v2\/types\/post"}],"author":[{"embeddable":true,"href":"https:\/\/www.visit-ulcinj.com\/blog\/wp-json\/wp\/v2\/users\/1"}],"replies":[{"embeddable":true,"href":"https:\/\/www.visit-ulcinj.com\/blog\/wp-json\/wp\/v2\/comments?post=61860"}],"version-history":[{"count":4,"href":"https:\/\/www.visit-ulcinj.com\/blog\/wp-json\/wp\/v2\/posts\/61860\/revisions"}],"predecessor-version":[{"id":61913,"href":"https:\/\/www.visit-ulcinj.com\/blog\/wp-json\/wp\/v2\/posts\/61860\/revisions\/61913"}],"wp:attachment":[{"href":"https:\/\/www.visit-ulcinj.com\/blog\/wp-json\/wp\/v2\/media?parent=61860"}],"wp:term":[{"taxonomy":"category","embeddable":true,"href":"https:\/\/www.visit-ulcinj.com\/blog\/wp-json\/wp\/v2\/categories?post=61860"},{"taxonomy":"post_tag","embeddable":true,"href":"https:\/\/www.visit-ulcinj.com\/blog\/wp-json\/wp\/v2\/tags?post=61860"}],"curies":[{"name":"wp","href":"https:\/\/api.w.org\/{rel}","templated":true}]}}