{"id":61870,"date":"2012-06-19T09:01:00","date_gmt":"2012-06-19T08:01:00","guid":{"rendered":"http:\/\/www.visit-ulcinj.com\/blog\/?p=61870"},"modified":"2012-06-19T09:42:37","modified_gmt":"2012-06-19T08:42:37","slug":"pushimet-verore-pak-para-shume-deshira","status":"publish","type":"post","link":"https:\/\/www.visit-ulcinj.com\/blog\/2012\/06\/19\/pushimet-verore-pak-para-shume-deshira\/","title":{"rendered":"Pushimet verore: Pak para, shum\u00eb d\u00ebshira"},"content":{"rendered":"<p><a href=\"http:\/\/www.visit-ulcinj.com\/blog\/wp-content\/uploads\/2012\/06\/Plazhi-vogel-Ulqin.1.jpg\"><img loading=\"lazy\" class=\"alignleft  wp-image-61871\" title=\"Plazhi-vogel-Ulqin.1\" src=\"http:\/\/www.visit-ulcinj.com\/blog\/wp-content\/uploads\/2012\/06\/Plazhi-vogel-Ulqin.1.jpg\" alt=\"\" width=\"508\" height=\"360\" \/><\/a>Shum\u00eb t\u00eb rinj t\u00eb Kosov\u00ebs, pavar\u00ebsisht d\u00ebshir\u00ebs s\u00eb tyre q\u00eb ta kalojn\u00eb nj\u00eb pjes\u00eb t\u00eb pushimeve t\u00eb tyre n\u00eb bregdet, nuk kan\u00eb mund\u00ebsi financiare ta b\u00ebjn\u00eb nj\u00eb gj\u00eb t\u00eb till\u00eb. Por, ka edhe t\u00eb till\u00eb q\u00eb me ndihm\u00ebn e familjar\u00ebve arrijn\u00eb q\u00eb disa dit\u00eb t\u2019i kalojn\u00eb n\u00eb bregdet. K\u00ebshtu thon\u00eb disa t\u00eb rinj p\u00ebr rubrik\u00ebn ton\u00eb t\u00eb p\u00ebrjavshme <strong>VOX.<\/strong><\/p>\n<p><strong>Sadete Hoxha,<\/strong> m\u00ebsimdh\u00ebn\u00ebse, thot\u00eb se kushtet e r\u00ebnda ekonomike, nuk e lejojn\u00eb q\u00eb ajo nj\u00eb pjes\u00eb t\u00eb pushimeve t\u00eb saj, ta kaloj\u00eb n\u00eb bregdet.<\/p>\n<p>\u201cM\u00eb se e sigurt jo, p\u00ebr shkak se ma imponojn\u00eb kushtet materiale. Jetoj me pag\u00eb t\u00eb arsimit, dhe nuk kam mund\u00ebsi\u201d, thot\u00eb Sadetja.<\/p>\n<p>Ka edhe t\u00eb till\u00eb q\u00eb ende nuk kan\u00eb vendosur se ku do t\u2019i kalojn\u00eb pushimet, por q\u00eb plane kan\u00eb. Nj\u00ebra nga to \u00ebsht\u00eb edhe <strong>Kaltrina,<\/strong> 25 vje\u00e7e, gazetare me profesion.<\/p>\n<p>\u201cEnde nuk kam vendosur se ku do t\u00eb shkoj, por mendoj se do t\u00eb shkoj n\u00eb Turqi. Un\u00eb punoj, edhe pse rrogat nuk po rriten, por do t\u00eb kursej dhe do t\u00eb rri 7 dit\u00eb. Mendoj se ia vlen t\u00eb pushoj 7 dit\u00eb n\u00eb vit, meqen\u00ebse punoj 1 vit\u201d, shprehet Kaltrina.<\/p>\n<p>T\u00eb rinjt\u00eb kryesisht pushimet i kalojn\u00eb me shoq\u00ebri, por disa nga ta vazhdojn\u00eb t\u00eb shkojn\u00eb p\u00ebr pushime n\u00eb bregdet me familje. <strong>Alvina Kastrati,<\/strong> studente e Fakultetit Juridik, thot\u00eb se k\u00ebt\u00eb ver\u00eb pushimet do t\u2019i kaloj\u00eb n\u00eb bregdetin shqiptar, p\u00ebrkat\u00ebsisht n\u00eb Dh\u00ebrmi:<\/p>\n<p>\u201cMe siguri do t\u00eb shkojm\u00eb. Kam planifikuar t\u00eb shkoj me familje. Dh\u00ebrmin\u00eb e kemi zgjedhur sepse kemi qen\u00eb edhe m\u00eb her\u00ebt dhe na p\u00eblqen shum\u00eb ai vend. Un\u00eb jam studente, por kam mund\u00ebsi, meq\u00eb babai na financon\u201d.<\/p>\n<p>Nd\u00ebrsa, i riu tjet\u00ebr, <strong>Abdullahu,<\/strong> mendon t\u00eb shkoj\u00eb n\u00eb Mal t\u00eb Zi:<\/p>\n<p>\u201cUn\u00eb do t\u00eb shkoj n\u00eb Ulqin dhe do t\u00eb rri 25 dit\u00eb. Ashtu e kam planifikuar\u201d.<\/p>\n<p><strong>Endritit<\/strong> i p\u00eblqen shum\u00eb Deti Adriatik, andaj ai ka vendosur q\u00eb k\u00ebt\u00eb ver\u00eb, ta kaloj\u00eb n\u00eb Ulqin. Edhe pse Endriti thot\u00eb se nuk punon, familja e tij ia mund\u00ebson nj\u00eb gj\u00eb t\u00eb till\u00eb.<\/p>\n<p>\u201cMendoj t\u00eb shkoj n\u00eb Ulqin. Jam m\u00ebsuar t\u00eb shkoj \u00e7do vit atje. Edhe pse jam student, v\u00ebllai im n\u00eb Lond\u00ebr na ndihmon, e edhe k\u00ebt\u00eb ver\u00eb do t\u00eb m\u00eb ndihmoj\u00eb financiarisht\u201d, tregon Endriti.<\/p>\n<p>Por, jo edhe <strong>Bujar Krasniqi,<\/strong> student ka marr\u00eb vendim t\u00eb shkoj n\u00eb bregdet. Kjo p\u00ebr arsye t\u00eb munges\u00ebs s\u00eb t\u00eb hollave:<\/p>\n<p>\u201cShpreso t\u00eb shkoj. Mund\u00ebsit\u00eb nuk jan\u00eb aq t\u00eb m\u00ebdha, por shpresoj t\u00eb shkoj. N\u00ebse shkoj, sigurisht n\u00eb Ulqin do t\u2019i kaloj pushimet verore\u201d.<\/p>\n<p>Ka edhe t\u00eb atill\u00eb q\u00eb m\u00eb shum\u00eb se detin, e preferojn\u00eb liqenin. Nj\u00eb nd\u00ebr to \u00ebsht\u00eb <strong>Drenusha,<\/strong> 22- vje\u00e7are, studente e Fakultetit Ekonomik:<\/p>\n<p>\u201cPlane nuk kemi p\u00ebr pushime ende. Kemi biseduar me shoq\u00ebri t\u00eb shkojm\u00eb n\u00eb Oh\u00ebr, por ende nuk e di\u201d.<\/p>\n<p>E, t\u00eb tjer\u00ebt mbesin q\u00eb dit\u00ebt e nxehta t\u2019i kalojn\u00eb n\u00ebp\u00ebr pishina, meq\u00eb si student\u00eb nuk u lejojn\u00eb mund\u00ebsit\u00eb financiare t\u00eb shkojn\u00eb m\u00eb larg. <strong>Linda Sadiku<\/strong>, tregon m\u00eb shum\u00eb:<\/p>\n<p>\u201cPushimet verore do t\u2019i kaloj n\u00ebp\u00ebr pishinat e Prishtin\u00ebs. Jam studente dhe nuk kam mund\u00ebsi t\u00eb shkoj n\u00eb bregdet k\u00ebt\u00eb vit, meq\u00eb po k\u00ebt\u00eb vit edhe i kam filluar studimet\u201d.<\/p>\n<p>E, <strong>Remzi Kuleta,<\/strong> tregtar me profesion, k\u00ebt\u00eb ver\u00eb do t\u00eb shkoj\u00eb vet\u00ebm p\u00ebr 5 dit\u00eb n\u00eb bregdetin shqiptar.<\/p>\n<p>\u201cDo\u00a0 t\u00eb shkoj n\u00eb Velipoj\u00eb. M\u00eb ka p\u00eblqyer shum\u00eb vjet, dhe do t\u00eb shkoj edhe sivjet. Un\u00eb punoj dhe kam mund\u00ebsi. P\u00ebr 5 dit\u00eb do t\u00eb shkoj\u201d, thot\u00eb Remziu.<\/p>\n<p>Por, n\u00eb qoft\u00eb se ndonj\u00eb qytetar i Kosov\u00ebs vendos t\u00eb shkoj\u00eb n\u00eb ndonj\u00eb shtet ku duhet hyr\u00eb me viz\u00eb, at\u00ebher\u00eb kan\u00eb probleme.<\/p>\n<p><strong>Dije Maloku <\/strong>thot\u00eb se d\u00ebshira e saj \u00ebsht\u00eb t\u00eb shkoj\u00eb n\u00eb Kroaci k\u00ebt\u00eb ver\u00eb, por ka probleme me marrjen e viz\u00ebs.<\/p>\n<p>\u201cPushimet planifikojm\u00eb t\u2019i kalojm\u00eb n\u00eb Kroaci, por si zakonisht po kemi probleme me marrjen e vizave, andaj do t\u00eb shohim a do t\u00eb na realizohen planet\u201d, tregon Dija.<\/p>\n<p>E <strong>Vahidja,<\/strong> studente, thot\u00eb se ka d\u00ebshir\u00eb q\u00eb t\u00eb shkoj\u00eb me shoqe p\u00ebr pushime, por p\u00ebr shkak t\u00eb pamund\u00ebsive financiare, do t\u2019i bashk\u00ebngjitet familjes dhe do t\u00eb shkoj\u00eb p\u00ebr disa dit\u00eb me ta n\u00eb Ulqin.<\/p>\n<p>\u201cDo t\u00eb shkoj n\u00eb Ulqin. Un\u00eb jam studente, nuk kam mund\u00ebsi t\u00eb shkoj vet\u00eb, por do t\u00eb shkoj me familje\u201d.<\/p>\n<p>Mir\u00ebpo, ka edhe t\u00eb atill\u00eb q\u00eb p\u00ebr nj\u00eb koh\u00eb t\u00eb gjat\u00eb kursejn\u00eb, p\u00ebr t\u2019i kaluar pushimet n\u00eb bregdetin turk.\u00a0<strong> Zana Alijakupi<\/strong>, flet:<\/p>\n<p>\u201cKemi planifikuar me shoq\u00ebri t\u00eb shkojm\u00eb n\u00eb Turqi. Jam studente, por kam kursyer t\u00eb holla qe nj\u00eb koh\u00eb p\u00ebr t\u2019i kaluar pushimet atje\u201d.<\/p>\n<p>Ariana Kasapolli &#8211; Selani\/rel\/<\/p>\n<!--YouTube Error: bad URL entered-->\n","protected":false},"excerpt":{"rendered":"<p>Shum\u00eb t\u00eb rinj t\u00eb Kosov\u00ebs, pavar\u00ebsisht d\u00ebshir\u00ebs s\u00eb tyre q\u00eb ta kalojn\u00eb nj\u00eb pjes\u00eb t\u00eb pushimeve t\u00eb tyre n\u00eb bregdet, nuk kan\u00eb mund\u00ebsi financiare ta b\u00ebjn\u00eb nj\u00eb gj\u00eb t\u00eb till\u00eb. Por, ka edhe t\u00eb till\u00eb q\u00eb me ndihm\u00ebn e familjar\u00ebve arrijn\u00eb q\u00eb disa dit\u00eb t\u2019i kalojn\u00eb n\u00eb bregdet. K\u00ebshtu thon\u00eb disa t\u00eb rinj p\u00ebr rubrik\u00ebn [&hellip;]<\/p>\n","protected":false},"author":1,"featured_media":0,"comment_status":"open","ping_status":"closed","sticky":false,"template":"","format":"standard","meta":{"spay_email":"","jetpack_publicize_message":"","jetpack_is_tweetstorm":false,"jetpack_publicize_feature_enabled":true},"categories":[1,13],"tags":[14887,22016,18],"jetpack_publicize_connections":[],"yoast_head":"<!-- This site is optimized with the Yoast SEO plugin v19.1 - https:\/\/yoast.com\/wordpress\/plugins\/seo\/ -->\n<title>Pushimet verore: Pak para, shum\u00eb d\u00ebshira - Lajme nga Ulqini<\/title>\n<meta name=\"description\" content=\"Shum\u00eb t\u00eb rinj t\u00eb Kosov\u00ebs, pavar\u00ebsisht d\u00ebshir\u00ebs s\u00eb tyre q\u00eb ta kalojn\u00eb nj\u00eb pjes\u00eb t\u00eb pushimeve t\u00eb tyre n\u00eb bregdet, nuk kan\u00eb mund\u00ebsi financiare ta b\u00ebjn\u00eb nj\u00eb\" \/>\n<meta name=\"robots\" content=\"index, follow, max-snippet:-1, max-image-preview:large, max-video-preview:-1\" \/>\n<link rel=\"canonical\" href=\"https:\/\/www.visit-ulcinj.com\/blog\/2012\/06\/19\/pushimet-verore-pak-para-shume-deshira\/\" \/>\n<meta property=\"og:locale\" content=\"en_US\" \/>\n<meta property=\"og:type\" content=\"article\" \/>\n<meta property=\"og:title\" content=\"Pushimet verore: Pak para, shum\u00eb d\u00ebshira - Lajme nga Ulqini\" \/>\n<meta property=\"og:description\" content=\"Shum\u00eb t\u00eb rinj t\u00eb Kosov\u00ebs, pavar\u00ebsisht d\u00ebshir\u00ebs s\u00eb tyre q\u00eb ta kalojn\u00eb nj\u00eb pjes\u00eb t\u00eb pushimeve t\u00eb tyre n\u00eb bregdet, nuk kan\u00eb mund\u00ebsi financiare ta b\u00ebjn\u00eb nj\u00eb\" \/>\n<meta property=\"og:url\" content=\"https:\/\/www.visit-ulcinj.com\/blog\/2012\/06\/19\/pushimet-verore-pak-para-shume-deshira\/\" \/>\n<meta property=\"og:site_name\" content=\"Lajme nga Ulqini\" \/>\n<meta property=\"article:published_time\" content=\"2012-06-19T08:01:00+00:00\" \/>\n<meta property=\"article:modified_time\" content=\"2012-06-19T08:42:37+00:00\" \/>\n<meta property=\"og:image\" content=\"http:\/\/www.visit-ulcinj.com\/blog\/wp-content\/uploads\/2012\/06\/Plazhi-vogel-Ulqin.1.jpg\" \/>\n<meta name=\"twitter:label1\" content=\"Written by\" \/>\n\t<meta name=\"twitter:data1\" content=\"ulqini\" \/>\n\t<meta name=\"twitter:label2\" content=\"Est. reading time\" \/>\n\t<meta name=\"twitter:data2\" content=\"4 minutes\" \/>\n<script type=\"application\/ld+json\" class=\"yoast-schema-graph\">{\"@context\":\"https:\/\/schema.org\",\"@graph\":[{\"@type\":\"WebSite\",\"@id\":\"https:\/\/www.visit-ulcinj.com\/blog\/#website\",\"url\":\"https:\/\/www.visit-ulcinj.com\/blog\/\",\"name\":\"Lajme nga Ulqini\",\"description\":\"Lajme,Vijesti,Ulqini,Ulqin,Crna Gora,Mali i Zi\",\"potentialAction\":[{\"@type\":\"SearchAction\",\"target\":{\"@type\":\"EntryPoint\",\"urlTemplate\":\"https:\/\/www.visit-ulcinj.com\/blog\/?s={search_term_string}\"},\"query-input\":\"required name=search_term_string\"}],\"inLanguage\":\"en-US\"},{\"@type\":\"ImageObject\",\"inLanguage\":\"en-US\",\"@id\":\"https:\/\/www.visit-ulcinj.com\/blog\/2012\/06\/19\/pushimet-verore-pak-para-shume-deshira\/#primaryimage\",\"url\":\"https:\/\/www.visit-ulcinj.com\/blog\/wp-content\/uploads\/2012\/06\/Plazhi-vogel-Ulqin.1.jpg\",\"contentUrl\":\"https:\/\/www.visit-ulcinj.com\/blog\/wp-content\/uploads\/2012\/06\/Plazhi-vogel-Ulqin.1.jpg\",\"width\":\"585\",\"height\":\"389\"},{\"@type\":\"WebPage\",\"@id\":\"https:\/\/www.visit-ulcinj.com\/blog\/2012\/06\/19\/pushimet-verore-pak-para-shume-deshira\/#webpage\",\"url\":\"https:\/\/www.visit-ulcinj.com\/blog\/2012\/06\/19\/pushimet-verore-pak-para-shume-deshira\/\",\"name\":\"Pushimet verore: Pak para, shum\u00eb d\u00ebshira - Lajme nga Ulqini\",\"isPartOf\":{\"@id\":\"https:\/\/www.visit-ulcinj.com\/blog\/#website\"},\"primaryImageOfPage\":{\"@id\":\"https:\/\/www.visit-ulcinj.com\/blog\/2012\/06\/19\/pushimet-verore-pak-para-shume-deshira\/#primaryimage\"},\"datePublished\":\"2012-06-19T08:01:00+00:00\",\"dateModified\":\"2012-06-19T08:42:37+00:00\",\"author\":{\"@id\":\"https:\/\/www.visit-ulcinj.com\/blog\/#\/schema\/person\/dcab619c614d3038751c63bc2aadc06d\"},\"description\":\"Shum\u00eb t\u00eb rinj t\u00eb Kosov\u00ebs, pavar\u00ebsisht d\u00ebshir\u00ebs s\u00eb tyre q\u00eb ta kalojn\u00eb nj\u00eb pjes\u00eb t\u00eb pushimeve t\u00eb tyre n\u00eb bregdet, nuk kan\u00eb mund\u00ebsi financiare ta b\u00ebjn\u00eb nj\u00eb\",\"breadcrumb\":{\"@id\":\"https:\/\/www.visit-ulcinj.com\/blog\/2012\/06\/19\/pushimet-verore-pak-para-shume-deshira\/#breadcrumb\"},\"inLanguage\":\"en-US\",\"potentialAction\":[{\"@type\":\"ReadAction\",\"target\":[\"https:\/\/www.visit-ulcinj.com\/blog\/2012\/06\/19\/pushimet-verore-pak-para-shume-deshira\/\"]}]},{\"@type\":\"BreadcrumbList\",\"@id\":\"https:\/\/www.visit-ulcinj.com\/blog\/2012\/06\/19\/pushimet-verore-pak-para-shume-deshira\/#breadcrumb\",\"itemListElement\":[{\"@type\":\"ListItem\",\"position\":1,\"name\":\"Pushimet verore: Pak para, shum\u00eb d\u00ebshira\"}]},{\"@type\":\"Person\",\"@id\":\"https:\/\/www.visit-ulcinj.com\/blog\/#\/schema\/person\/dcab619c614d3038751c63bc2aadc06d\",\"name\":\"ulqini\",\"sameAs\":[\"http:\/\/www.visit-ulcinj.com\"],\"url\":\"https:\/\/www.visit-ulcinj.com\/blog\/author\/admin\/\"}]}<\/script>\n<!-- \/ Yoast SEO plugin. -->","yoast_head_json":{"title":"Pushimet verore: Pak para, shum\u00eb d\u00ebshira - Lajme nga Ulqini","description":"Shum\u00eb t\u00eb rinj t\u00eb Kosov\u00ebs, pavar\u00ebsisht d\u00ebshir\u00ebs s\u00eb tyre q\u00eb ta kalojn\u00eb nj\u00eb pjes\u00eb t\u00eb pushimeve t\u00eb tyre n\u00eb bregdet, nuk kan\u00eb mund\u00ebsi financiare ta b\u00ebjn\u00eb nj\u00eb","robots":{"index":"index","follow":"follow","max-snippet":"max-snippet:-1","max-image-preview":"max-image-preview:large","max-video-preview":"max-video-preview:-1"},"canonical":"https:\/\/www.visit-ulcinj.com\/blog\/2012\/06\/19\/pushimet-verore-pak-para-shume-deshira\/","og_locale":"en_US","og_type":"article","og_title":"Pushimet verore: Pak para, shum\u00eb d\u00ebshira - Lajme nga Ulqini","og_description":"Shum\u00eb t\u00eb rinj t\u00eb Kosov\u00ebs, pavar\u00ebsisht d\u00ebshir\u00ebs s\u00eb tyre q\u00eb ta kalojn\u00eb nj\u00eb pjes\u00eb t\u00eb pushimeve t\u00eb tyre n\u00eb bregdet, nuk kan\u00eb mund\u00ebsi financiare ta b\u00ebjn\u00eb nj\u00eb","og_url":"https:\/\/www.visit-ulcinj.com\/blog\/2012\/06\/19\/pushimet-verore-pak-para-shume-deshira\/","og_site_name":"Lajme nga Ulqini","article_published_time":"2012-06-19T08:01:00+00:00","article_modified_time":"2012-06-19T08:42:37+00:00","og_image":[{"url":"http:\/\/www.visit-ulcinj.com\/blog\/wp-content\/uploads\/2012\/06\/Plazhi-vogel-Ulqin.1.jpg"}],"twitter_misc":{"Written by":"ulqini","Est. reading time":"4 minutes"},"schema":{"@context":"https:\/\/schema.org","@graph":[{"@type":"WebSite","@id":"https:\/\/www.visit-ulcinj.com\/blog\/#website","url":"https:\/\/www.visit-ulcinj.com\/blog\/","name":"Lajme nga Ulqini","description":"Lajme,Vijesti,Ulqini,Ulqin,Crna Gora,Mali i Zi","potentialAction":[{"@type":"SearchAction","target":{"@type":"EntryPoint","urlTemplate":"https:\/\/www.visit-ulcinj.com\/blog\/?s={search_term_string}"},"query-input":"required name=search_term_string"}],"inLanguage":"en-US"},{"@type":"ImageObject","inLanguage":"en-US","@id":"https:\/\/www.visit-ulcinj.com\/blog\/2012\/06\/19\/pushimet-verore-pak-para-shume-deshira\/#primaryimage","url":"https:\/\/www.visit-ulcinj.com\/blog\/wp-content\/uploads\/2012\/06\/Plazhi-vogel-Ulqin.1.jpg","contentUrl":"https:\/\/www.visit-ulcinj.com\/blog\/wp-content\/uploads\/2012\/06\/Plazhi-vogel-Ulqin.1.jpg","width":"585","height":"389"},{"@type":"WebPage","@id":"https:\/\/www.visit-ulcinj.com\/blog\/2012\/06\/19\/pushimet-verore-pak-para-shume-deshira\/#webpage","url":"https:\/\/www.visit-ulcinj.com\/blog\/2012\/06\/19\/pushimet-verore-pak-para-shume-deshira\/","name":"Pushimet verore: Pak para, shum\u00eb d\u00ebshira - Lajme nga Ulqini","isPartOf":{"@id":"https:\/\/www.visit-ulcinj.com\/blog\/#website"},"primaryImageOfPage":{"@id":"https:\/\/www.visit-ulcinj.com\/blog\/2012\/06\/19\/pushimet-verore-pak-para-shume-deshira\/#primaryimage"},"datePublished":"2012-06-19T08:01:00+00:00","dateModified":"2012-06-19T08:42:37+00:00","author":{"@id":"https:\/\/www.visit-ulcinj.com\/blog\/#\/schema\/person\/dcab619c614d3038751c63bc2aadc06d"},"description":"Shum\u00eb t\u00eb rinj t\u00eb Kosov\u00ebs, pavar\u00ebsisht d\u00ebshir\u00ebs s\u00eb tyre q\u00eb ta kalojn\u00eb nj\u00eb pjes\u00eb t\u00eb pushimeve t\u00eb tyre n\u00eb bregdet, nuk kan\u00eb mund\u00ebsi financiare ta b\u00ebjn\u00eb nj\u00eb","breadcrumb":{"@id":"https:\/\/www.visit-ulcinj.com\/blog\/2012\/06\/19\/pushimet-verore-pak-para-shume-deshira\/#breadcrumb"},"inLanguage":"en-US","potentialAction":[{"@type":"ReadAction","target":["https:\/\/www.visit-ulcinj.com\/blog\/2012\/06\/19\/pushimet-verore-pak-para-shume-deshira\/"]}]},{"@type":"BreadcrumbList","@id":"https:\/\/www.visit-ulcinj.com\/blog\/2012\/06\/19\/pushimet-verore-pak-para-shume-deshira\/#breadcrumb","itemListElement":[{"@type":"ListItem","position":1,"name":"Pushimet verore: Pak para, shum\u00eb d\u00ebshira"}]},{"@type":"Person","@id":"https:\/\/www.visit-ulcinj.com\/blog\/#\/schema\/person\/dcab619c614d3038751c63bc2aadc06d","name":"ulqini","sameAs":["http:\/\/www.visit-ulcinj.com"],"url":"https:\/\/www.visit-ulcinj.com\/blog\/author\/admin\/"}]}},"jetpack_featured_media_url":"","jetpack_sharing_enabled":true,"jetpack_shortlink":"https:\/\/wp.me\/pe6lTn-g5U","_links":{"self":[{"href":"https:\/\/www.visit-ulcinj.com\/blog\/wp-json\/wp\/v2\/posts\/61870"}],"collection":[{"href":"https:\/\/www.visit-ulcinj.com\/blog\/wp-json\/wp\/v2\/posts"}],"about":[{"href":"https:\/\/www.visit-ulcinj.com\/blog\/wp-json\/wp\/v2\/types\/post"}],"author":[{"embeddable":true,"href":"https:\/\/www.visit-ulcinj.com\/blog\/wp-json\/wp\/v2\/users\/1"}],"replies":[{"embeddable":true,"href":"https:\/\/www.visit-ulcinj.com\/blog\/wp-json\/wp\/v2\/comments?post=61870"}],"version-history":[{"count":5,"href":"https:\/\/www.visit-ulcinj.com\/blog\/wp-json\/wp\/v2\/posts\/61870\/revisions"}],"predecessor-version":[{"id":61883,"href":"https:\/\/www.visit-ulcinj.com\/blog\/wp-json\/wp\/v2\/posts\/61870\/revisions\/61883"}],"wp:attachment":[{"href":"https:\/\/www.visit-ulcinj.com\/blog\/wp-json\/wp\/v2\/media?parent=61870"}],"wp:term":[{"taxonomy":"category","embeddable":true,"href":"https:\/\/www.visit-ulcinj.com\/blog\/wp-json\/wp\/v2\/categories?post=61870"},{"taxonomy":"post_tag","embeddable":true,"href":"https:\/\/www.visit-ulcinj.com\/blog\/wp-json\/wp\/v2\/tags?post=61870"}],"curies":[{"name":"wp","href":"https:\/\/api.w.org\/{rel}","templated":true}]}}