{"id":61878,"date":"2012-06-19T09:34:07","date_gmt":"2012-06-19T08:34:07","guid":{"rendered":"http:\/\/www.visit-ulcinj.com\/blog\/?p=61878"},"modified":"2012-06-19T09:36:50","modified_gmt":"2012-06-19T08:36:50","slug":"ne-mal-te-zi-mot-me-diell-dhe-shume-i-nxehte","status":"publish","type":"post","link":"https:\/\/www.visit-ulcinj.com\/blog\/2012\/06\/19\/ne-mal-te-zi-mot-me-diell-dhe-shume-i-nxehte\/","title":{"rendered":"N\u00eb Mal t\u00eb Zi mot me diell dhe shum\u00eb i nxeht\u00eb"},"content":{"rendered":"<p><a href=\"http:\/\/www.visit-ulcinj.com\/blog\/wp-content\/uploads\/2012\/06\/Moti-ne-Ulqin-Mali-i-Zi.jpg\"><img loading=\"lazy\" class=\"alignleft  wp-image-61879\" title=\"Moti ne Ulqin - Mali i Zi\" src=\"http:\/\/www.visit-ulcinj.com\/blog\/wp-content\/uploads\/2012\/06\/Moti-ne-Ulqin-Mali-i-Zi.jpg\" alt=\"\" width=\"508\" height=\"400\" \/><\/a>Moti n\u00eb Mal t\u00eb Zi n\u00eb tre dit\u00ebt n\u00eb vijim do t\u00eb jet\u00eb me diell dhe shumi i nxeht\u00eb, me indeks t\u00eb lart\u00eb UV.\u00a0Sipas paralajm\u00ebrimeve t\u00eb Enti Meteorologjik I Malit t\u00eb Zi, n\u00ebn ndikimin e mas\u00ebs ajrore shum\u00eb t\u00eb nxeht\u00eb q\u00eb vjen nga Afrika Veriore, temperatura nes\u00ebr dhe pasnes\u00ebr do t\u00eb arrij\u00eb deri 38 grad\u00eb Celsius, nd\u00ebrsa maksimumi do t\u00eb jet\u00eb t\u00eb enjten kur pritet 39 grad\u00eb Celsius.\u00a0N\u00eb tre dit\u00ebt n\u00eb vijim pritet edhe indeks i lart\u00eb i UV me vler\u00eb prej 9.<\/p>\n<!--YouTube Error: bad URL entered-->\n","protected":false},"excerpt":{"rendered":"<p>Moti n\u00eb Mal t\u00eb Zi n\u00eb tre dit\u00ebt n\u00eb vijim do t\u00eb jet\u00eb me diell dhe shumi i nxeht\u00eb, me indeks t\u00eb lart\u00eb UV.\u00a0Sipas paralajm\u00ebrimeve t\u00eb Enti Meteorologjik I Malit t\u00eb Zi, n\u00ebn ndikimin e mas\u00ebs ajrore shum\u00eb t\u00eb nxeht\u00eb q\u00eb vjen nga Afrika Veriore, temperatura nes\u00ebr dhe pasnes\u00ebr do t\u00eb arrij\u00eb deri 38 grad\u00eb [&hellip;]<\/p>\n","protected":false},"author":1,"featured_media":0,"comment_status":"open","ping_status":"closed","sticky":false,"template":"","format":"standard","meta":{"spay_email":"","jetpack_publicize_message":"","jetpack_is_tweetstorm":false,"jetpack_publicize_feature_enabled":true},"categories":[1],"tags":[95,20040],"jetpack_publicize_connections":[],"yoast_head":"<!-- This site is optimized with the Yoast SEO plugin v19.1 - https:\/\/yoast.com\/wordpress\/plugins\/seo\/ -->\n<title>N\u00eb Mal t\u00eb Zi mot me diell dhe shum\u00eb i nxeht\u00eb - Lajme nga Ulqini<\/title>\n<meta name=\"description\" content=\"Moti n\u00eb Mal t\u00eb Zi n\u00eb tre dit\u00ebt n\u00eb vijim do t\u00eb jet\u00eb me diell dhe shumi i nxeht\u00eb, me indeks t\u00eb lart\u00eb UV.\u00a0Sipas paralajm\u00ebrimeve t\u00eb Enti Meteorologjik I Malit\" \/>\n<meta name=\"robots\" content=\"index, follow, max-snippet:-1, max-image-preview:large, max-video-preview:-1\" \/>\n<link rel=\"canonical\" href=\"https:\/\/www.visit-ulcinj.com\/blog\/2012\/06\/19\/ne-mal-te-zi-mot-me-diell-dhe-shume-i-nxehte\/\" \/>\n<meta property=\"og:locale\" content=\"en_US\" \/>\n<meta property=\"og:type\" content=\"article\" \/>\n<meta property=\"og:title\" content=\"N\u00eb Mal t\u00eb Zi mot me diell dhe shum\u00eb i nxeht\u00eb - Lajme nga Ulqini\" \/>\n<meta property=\"og:description\" content=\"Moti n\u00eb Mal t\u00eb Zi n\u00eb tre dit\u00ebt n\u00eb vijim do t\u00eb jet\u00eb me diell dhe shumi i nxeht\u00eb, me indeks t\u00eb lart\u00eb UV.\u00a0Sipas paralajm\u00ebrimeve t\u00eb Enti Meteorologjik I Malit\" \/>\n<meta property=\"og:url\" content=\"https:\/\/www.visit-ulcinj.com\/blog\/2012\/06\/19\/ne-mal-te-zi-mot-me-diell-dhe-shume-i-nxehte\/\" \/>\n<meta property=\"og:site_name\" content=\"Lajme nga Ulqini\" \/>\n<meta property=\"article:published_time\" content=\"2012-06-19T08:34:07+00:00\" \/>\n<meta property=\"article:modified_time\" content=\"2012-06-19T08:36:50+00:00\" \/>\n<meta property=\"og:image\" content=\"http:\/\/www.visit-ulcinj.com\/blog\/wp-content\/uploads\/2012\/06\/Moti-ne-Ulqin-Mali-i-Zi.jpg\" \/>\n<meta name=\"twitter:label1\" content=\"Written by\" \/>\n\t<meta name=\"twitter:data1\" content=\"ulqini\" \/>\n\t<meta name=\"twitter:label2\" content=\"Est. reading time\" \/>\n\t<meta name=\"twitter:data2\" content=\"1 minute\" \/>\n<script type=\"application\/ld+json\" class=\"yoast-schema-graph\">{\"@context\":\"https:\/\/schema.org\",\"@graph\":[{\"@type\":\"WebSite\",\"@id\":\"https:\/\/www.visit-ulcinj.com\/blog\/#website\",\"url\":\"https:\/\/www.visit-ulcinj.com\/blog\/\",\"name\":\"Lajme nga Ulqini\",\"description\":\"Lajme,Vijesti,Ulqini,Ulqin,Crna Gora,Mali i Zi\",\"potentialAction\":[{\"@type\":\"SearchAction\",\"target\":{\"@type\":\"EntryPoint\",\"urlTemplate\":\"https:\/\/www.visit-ulcinj.com\/blog\/?s={search_term_string}\"},\"query-input\":\"required name=search_term_string\"}],\"inLanguage\":\"en-US\"},{\"@type\":\"ImageObject\",\"inLanguage\":\"en-US\",\"@id\":\"https:\/\/www.visit-ulcinj.com\/blog\/2012\/06\/19\/ne-mal-te-zi-mot-me-diell-dhe-shume-i-nxehte\/#primaryimage\",\"url\":\"https:\/\/www.visit-ulcinj.com\/blog\/wp-content\/uploads\/2012\/06\/Moti-ne-Ulqin-Mali-i-Zi.jpg\",\"contentUrl\":\"https:\/\/www.visit-ulcinj.com\/blog\/wp-content\/uploads\/2012\/06\/Moti-ne-Ulqin-Mali-i-Zi.jpg\",\"width\":\"496\",\"height\":\"496\"},{\"@type\":\"WebPage\",\"@id\":\"https:\/\/www.visit-ulcinj.com\/blog\/2012\/06\/19\/ne-mal-te-zi-mot-me-diell-dhe-shume-i-nxehte\/#webpage\",\"url\":\"https:\/\/www.visit-ulcinj.com\/blog\/2012\/06\/19\/ne-mal-te-zi-mot-me-diell-dhe-shume-i-nxehte\/\",\"name\":\"N\u00eb Mal t\u00eb Zi mot me diell dhe shum\u00eb i nxeht\u00eb - Lajme nga Ulqini\",\"isPartOf\":{\"@id\":\"https:\/\/www.visit-ulcinj.com\/blog\/#website\"},\"primaryImageOfPage\":{\"@id\":\"https:\/\/www.visit-ulcinj.com\/blog\/2012\/06\/19\/ne-mal-te-zi-mot-me-diell-dhe-shume-i-nxehte\/#primaryimage\"},\"datePublished\":\"2012-06-19T08:34:07+00:00\",\"dateModified\":\"2012-06-19T08:36:50+00:00\",\"author\":{\"@id\":\"https:\/\/www.visit-ulcinj.com\/blog\/#\/schema\/person\/dcab619c614d3038751c63bc2aadc06d\"},\"description\":\"Moti n\u00eb Mal t\u00eb Zi n\u00eb tre dit\u00ebt n\u00eb vijim do t\u00eb jet\u00eb me diell dhe shumi i nxeht\u00eb, me indeks t\u00eb lart\u00eb UV.\u00a0Sipas paralajm\u00ebrimeve t\u00eb Enti Meteorologjik I Malit\",\"breadcrumb\":{\"@id\":\"https:\/\/www.visit-ulcinj.com\/blog\/2012\/06\/19\/ne-mal-te-zi-mot-me-diell-dhe-shume-i-nxehte\/#breadcrumb\"},\"inLanguage\":\"en-US\",\"potentialAction\":[{\"@type\":\"ReadAction\",\"target\":[\"https:\/\/www.visit-ulcinj.com\/blog\/2012\/06\/19\/ne-mal-te-zi-mot-me-diell-dhe-shume-i-nxehte\/\"]}]},{\"@type\":\"BreadcrumbList\",\"@id\":\"https:\/\/www.visit-ulcinj.com\/blog\/2012\/06\/19\/ne-mal-te-zi-mot-me-diell-dhe-shume-i-nxehte\/#breadcrumb\",\"itemListElement\":[{\"@type\":\"ListItem\",\"position\":1,\"name\":\"N\u00eb Mal t\u00eb Zi mot me diell dhe shum\u00eb i nxeht\u00eb\"}]},{\"@type\":\"Person\",\"@id\":\"https:\/\/www.visit-ulcinj.com\/blog\/#\/schema\/person\/dcab619c614d3038751c63bc2aadc06d\",\"name\":\"ulqini\",\"sameAs\":[\"http:\/\/www.visit-ulcinj.com\"],\"url\":\"https:\/\/www.visit-ulcinj.com\/blog\/author\/admin\/\"}]}<\/script>\n<!-- \/ Yoast SEO plugin. -->","yoast_head_json":{"title":"N\u00eb Mal t\u00eb Zi mot me diell dhe shum\u00eb i nxeht\u00eb - Lajme nga Ulqini","description":"Moti n\u00eb Mal t\u00eb Zi n\u00eb tre dit\u00ebt n\u00eb vijim do t\u00eb jet\u00eb me diell dhe shumi i nxeht\u00eb, me indeks t\u00eb lart\u00eb UV.\u00a0Sipas paralajm\u00ebrimeve t\u00eb Enti Meteorologjik I Malit","robots":{"index":"index","follow":"follow","max-snippet":"max-snippet:-1","max-image-preview":"max-image-preview:large","max-video-preview":"max-video-preview:-1"},"canonical":"https:\/\/www.visit-ulcinj.com\/blog\/2012\/06\/19\/ne-mal-te-zi-mot-me-diell-dhe-shume-i-nxehte\/","og_locale":"en_US","og_type":"article","og_title":"N\u00eb Mal t\u00eb Zi mot me diell dhe shum\u00eb i nxeht\u00eb - Lajme nga Ulqini","og_description":"Moti n\u00eb Mal t\u00eb Zi n\u00eb tre dit\u00ebt n\u00eb vijim do t\u00eb jet\u00eb me diell dhe shumi i nxeht\u00eb, me indeks t\u00eb lart\u00eb UV.\u00a0Sipas paralajm\u00ebrimeve t\u00eb Enti Meteorologjik I Malit","og_url":"https:\/\/www.visit-ulcinj.com\/blog\/2012\/06\/19\/ne-mal-te-zi-mot-me-diell-dhe-shume-i-nxehte\/","og_site_name":"Lajme nga Ulqini","article_published_time":"2012-06-19T08:34:07+00:00","article_modified_time":"2012-06-19T08:36:50+00:00","og_image":[{"url":"http:\/\/www.visit-ulcinj.com\/blog\/wp-content\/uploads\/2012\/06\/Moti-ne-Ulqin-Mali-i-Zi.jpg"}],"twitter_misc":{"Written by":"ulqini","Est. reading time":"1 minute"},"schema":{"@context":"https:\/\/schema.org","@graph":[{"@type":"WebSite","@id":"https:\/\/www.visit-ulcinj.com\/blog\/#website","url":"https:\/\/www.visit-ulcinj.com\/blog\/","name":"Lajme nga Ulqini","description":"Lajme,Vijesti,Ulqini,Ulqin,Crna Gora,Mali i Zi","potentialAction":[{"@type":"SearchAction","target":{"@type":"EntryPoint","urlTemplate":"https:\/\/www.visit-ulcinj.com\/blog\/?s={search_term_string}"},"query-input":"required name=search_term_string"}],"inLanguage":"en-US"},{"@type":"ImageObject","inLanguage":"en-US","@id":"https:\/\/www.visit-ulcinj.com\/blog\/2012\/06\/19\/ne-mal-te-zi-mot-me-diell-dhe-shume-i-nxehte\/#primaryimage","url":"https:\/\/www.visit-ulcinj.com\/blog\/wp-content\/uploads\/2012\/06\/Moti-ne-Ulqin-Mali-i-Zi.jpg","contentUrl":"https:\/\/www.visit-ulcinj.com\/blog\/wp-content\/uploads\/2012\/06\/Moti-ne-Ulqin-Mali-i-Zi.jpg","width":"496","height":"496"},{"@type":"WebPage","@id":"https:\/\/www.visit-ulcinj.com\/blog\/2012\/06\/19\/ne-mal-te-zi-mot-me-diell-dhe-shume-i-nxehte\/#webpage","url":"https:\/\/www.visit-ulcinj.com\/blog\/2012\/06\/19\/ne-mal-te-zi-mot-me-diell-dhe-shume-i-nxehte\/","name":"N\u00eb Mal t\u00eb Zi mot me diell dhe shum\u00eb i nxeht\u00eb - Lajme nga Ulqini","isPartOf":{"@id":"https:\/\/www.visit-ulcinj.com\/blog\/#website"},"primaryImageOfPage":{"@id":"https:\/\/www.visit-ulcinj.com\/blog\/2012\/06\/19\/ne-mal-te-zi-mot-me-diell-dhe-shume-i-nxehte\/#primaryimage"},"datePublished":"2012-06-19T08:34:07+00:00","dateModified":"2012-06-19T08:36:50+00:00","author":{"@id":"https:\/\/www.visit-ulcinj.com\/blog\/#\/schema\/person\/dcab619c614d3038751c63bc2aadc06d"},"description":"Moti n\u00eb Mal t\u00eb Zi n\u00eb tre dit\u00ebt n\u00eb vijim do t\u00eb jet\u00eb me diell dhe shumi i nxeht\u00eb, me indeks t\u00eb lart\u00eb UV.\u00a0Sipas paralajm\u00ebrimeve t\u00eb Enti Meteorologjik I Malit","breadcrumb":{"@id":"https:\/\/www.visit-ulcinj.com\/blog\/2012\/06\/19\/ne-mal-te-zi-mot-me-diell-dhe-shume-i-nxehte\/#breadcrumb"},"inLanguage":"en-US","potentialAction":[{"@type":"ReadAction","target":["https:\/\/www.visit-ulcinj.com\/blog\/2012\/06\/19\/ne-mal-te-zi-mot-me-diell-dhe-shume-i-nxehte\/"]}]},{"@type":"BreadcrumbList","@id":"https:\/\/www.visit-ulcinj.com\/blog\/2012\/06\/19\/ne-mal-te-zi-mot-me-diell-dhe-shume-i-nxehte\/#breadcrumb","itemListElement":[{"@type":"ListItem","position":1,"name":"N\u00eb Mal t\u00eb Zi mot me diell dhe shum\u00eb i nxeht\u00eb"}]},{"@type":"Person","@id":"https:\/\/www.visit-ulcinj.com\/blog\/#\/schema\/person\/dcab619c614d3038751c63bc2aadc06d","name":"ulqini","sameAs":["http:\/\/www.visit-ulcinj.com"],"url":"https:\/\/www.visit-ulcinj.com\/blog\/author\/admin\/"}]}},"jetpack_featured_media_url":"","jetpack_sharing_enabled":true,"jetpack_shortlink":"https:\/\/wp.me\/pe6lTn-g62","_links":{"self":[{"href":"https:\/\/www.visit-ulcinj.com\/blog\/wp-json\/wp\/v2\/posts\/61878"}],"collection":[{"href":"https:\/\/www.visit-ulcinj.com\/blog\/wp-json\/wp\/v2\/posts"}],"about":[{"href":"https:\/\/www.visit-ulcinj.com\/blog\/wp-json\/wp\/v2\/types\/post"}],"author":[{"embeddable":true,"href":"https:\/\/www.visit-ulcinj.com\/blog\/wp-json\/wp\/v2\/users\/1"}],"replies":[{"embeddable":true,"href":"https:\/\/www.visit-ulcinj.com\/blog\/wp-json\/wp\/v2\/comments?post=61878"}],"version-history":[{"count":3,"href":"https:\/\/www.visit-ulcinj.com\/blog\/wp-json\/wp\/v2\/posts\/61878\/revisions"}],"predecessor-version":[{"id":61882,"href":"https:\/\/www.visit-ulcinj.com\/blog\/wp-json\/wp\/v2\/posts\/61878\/revisions\/61882"}],"wp:attachment":[{"href":"https:\/\/www.visit-ulcinj.com\/blog\/wp-json\/wp\/v2\/media?parent=61878"}],"wp:term":[{"taxonomy":"category","embeddable":true,"href":"https:\/\/www.visit-ulcinj.com\/blog\/wp-json\/wp\/v2\/categories?post=61878"},{"taxonomy":"post_tag","embeddable":true,"href":"https:\/\/www.visit-ulcinj.com\/blog\/wp-json\/wp\/v2\/tags?post=61878"}],"curies":[{"name":"wp","href":"https:\/\/api.w.org\/{rel}","templated":true}]}}