{"id":61884,"date":"2012-06-19T12:12:37","date_gmt":"2012-06-19T11:12:37","guid":{"rendered":"http:\/\/www.visit-ulcinj.com\/blog\/?p=61884"},"modified":"2012-06-19T12:12:37","modified_gmt":"2012-06-19T11:12:37","slug":"themelohet-lidhja-mbareshqiptare-e-forumeve-rinore-udsh-ja-rinore-anetare","status":"publish","type":"post","link":"https:\/\/www.visit-ulcinj.com\/blog\/2012\/06\/19\/themelohet-lidhja-mbareshqiptare-e-forumeve-rinore-udsh-ja-rinore-anetare\/","title":{"rendered":"Themelohet Lidhja Mbar\u00ebshqiptare e Forumeve Rinore &#8211; UDSH-ja rinore an\u00ebtare"},"content":{"rendered":"<p><a href=\"http:\/\/www.visit-ulcinj.com\/blog\/wp-content\/uploads\/2012\/06\/Themelohet-Lidhja-Mbar\u00ebshqiptare-e-Forumeve-Rinore-UDSH-ja-rinore-an\u00ebtare.2.jpg\"><img loading=\"lazy\" class=\"alignleft  wp-image-61885\" title=\"Themelohet Lidhja Mbar\u00ebshqiptare e Forumeve Rinore - UDSH-ja rinore an\u00ebtare.2\" src=\"http:\/\/www.visit-ulcinj.com\/blog\/wp-content\/uploads\/2012\/06\/Themelohet-Lidhja-Mbar\u00ebshqiptare-e-Forumeve-Rinore-UDSH-ja-rinore-an\u00ebtare.2.jpg\" alt=\"\" width=\"508\" height=\"370\" \/><\/a>M\u00eb dat\u00eb, 9 Qershor 2012, n\u00eb Prizren, forumet rinor\u00eb t\u00eb partive politike shqiptare nga Shqip\u00ebria, Kosova, Maqedonia, Mali i Zi dhe Lugina e Preshev\u00ebs, formuan Lidhjen Mbar\u00ebshqiptare t\u00eb Forumeve Rinore.<\/p>\n<p>Ideja e Lidhjes Mbar\u00ebshqiptare t\u00eb Forumeve Rinor\u00eb lindi pik\u00ebrisht n\u00eb 100 vjetorin e pavar\u00ebsis\u00eb s\u00eb Shqip\u00ebris\u00eb. T\u00eb frym\u00ebzuar nga ky jubile kaq i r\u00ebnd\u00ebsish\u00ebm p\u00ebr t\u00eb gjith\u00eb, shprehem d\u00ebshir\u00ebn dhe vullnetin q\u00eb t\u00eb jemi sa m\u00eb t\u00eb bashkuar dhe nj\u00ebkoh\u00ebsisht t\u00eb kemi sa m\u00eb shum\u00eb bashk\u00ebpunime, pavar\u00ebsisht idealeve politike qe kemi \u00e7do njeri nga ne.<br \/>\n<a href=\"http:\/\/www.visit-ulcinj.com\/blog\/wp-content\/uploads\/2012\/06\/Themelohet-Lidhja-Mbar\u00ebshqiptare-e-Forumeve-Rinore-UDSH-ja-rinore-an\u00ebtare.jpg\"><img loading=\"lazy\" class=\"alignleft  wp-image-61886\" title=\"Themelohet Lidhja Mbar\u00ebshqiptare e Forumeve Rinore - UDSH-ja rinore an\u00ebtare\" src=\"http:\/\/www.visit-ulcinj.com\/blog\/wp-content\/uploads\/2012\/06\/Themelohet-Lidhja-Mbar\u00ebshqiptare-e-Forumeve-Rinore-UDSH-ja-rinore-an\u00ebtare.jpg\" alt=\"\" width=\"508\" height=\"300\" \/><\/a><br \/>\nTakimi i pare u mbajt n\u00eb Shkup, ku p\u00ebrfaq\u00ebsuesit e forumeve rinore shk\u00ebmbyen mendime dhe plane te m\u00ebtejshme, qe vijon me takimin e dyt\u00eb, t\u00eb mbajtur n\u00eb Prishtin\u00eb.<br \/>\nTakimi i tret\u00eb u mbajt n\u00eb Ulqin, ku u arrit marr\u00ebveshja p\u00ebrfundimtare , q\u00eb n\u00ebnshkrimi i Lidhjes Mbar\u00ebshqiptare t\u00eb Forumeve Rinore t\u00eb mbahet pik\u00ebrisht n\u00eb Prizren, me 9 qershor, n\u00eb 134 vjetorin e Lidhjes se Prizrenit.<\/p>\n<p>N\u00ebnshkrimit t\u00eb deklarat\u00ebs i parapriu pritja n\u00eb Sht\u00ebpin\u00eb e Bardh\u00eb nga Kryetari i Komun\u00ebs se Prizrenit, Prof.dr. Ramadan Bajra dhe Ministri i Kultur\u00ebs, Rinis\u00eb dhe Sportit, z. Memli Krasniqi.<\/p>\n<p>P\u00ebr te gjith\u00eb te rinj\u00ebt shqiptar\u00eb q\u00eb ishin prezent, ky takim ishte nj\u00eb eksperienc\u00eb dhe emocion i mrekulluesh\u00ebm, posa\u00e7\u00ebrisht p\u00ebr vet\u00eb faktin qe te gjith\u00eb na bashkon nj\u00eb dashuri e madhe, ajo p\u00ebr kombin ton\u00eb Shqiptar.<\/p>\n<p>Firmosja e deklarat\u00ebs u mbajt ne Muzeun e Lidhjes se Prizrenit nga nj\u00eb p\u00ebrfaq\u00ebsues i \u00e7do Forumit Rinor\u00eb.<br \/>\nForumi Rinor i UDSH-s\u00eb kishte kat\u00ebr p\u00ebrfaq\u00ebsues, Luljeta Sefa, e cila firmosi deklarat\u00ebn n\u00eb fjal\u00eb, Anita Nikaj, Gazmond Kaleziqi, si dhe Agon Hasa.<\/p>\n<p>Me date 10 Qershor 2012, pjes\u00ebmarr\u00ebsit e t\u00eb gjitha Forumeve Rinore ishin pjes\u00ebmarr\u00ebs n\u00eb evenimentin e organizuar n\u00eb nder te 134- vjetorit te Lidhjes s\u00eb Prizrenit, manifestim i cili ishte organizuar n\u00eb m\u00ebnyre madh\u00ebshtore.<br \/>\n<a href=\"http:\/\/www.visit-ulcinj.com\/blog\/wp-content\/uploads\/2012\/06\/Themelohet-Lidhja-Mbar\u00ebshqiptare-e-Forumeve-Rinore-UDSH-ja-rinore-an\u00ebtare.1.jpg\"><img loading=\"lazy\" class=\"alignleft  wp-image-61887\" title=\"Themelohet Lidhja Mbar\u00ebshqiptare e Forumeve Rinore - UDSH-ja rinore an\u00ebtare.1\" src=\"http:\/\/www.visit-ulcinj.com\/blog\/wp-content\/uploads\/2012\/06\/Themelohet-Lidhja-Mbar\u00ebshqiptare-e-Forumeve-Rinore-UDSH-ja-rinore-an\u00ebtare.1.jpg\" alt=\"\" width=\"508\" height=\"300\" \/><\/a><\/p>\n<p>Festimin e k\u00ebtij p\u00ebrvjetori e ben\u00eb dhe m\u00eb t\u00eb ve\u00e7ant\u00eb prezenca e shum\u00eb zyrtar\u00ebve nga Kosova, Shqip\u00ebria, Maqedonia, Mali i Zi dhe Lugina e Preshev\u00ebs. Vlen t\u00eb p\u00ebrmendet prezenca e Kryeministrit te Shqip\u00ebris\u00eb, z. Sali Berisha, Kryeministri i Kosov\u00ebs, z. Hashim Tha\u00e7i, Kryetari i Kuvendit te Kosov\u00ebs, z. Jakup Krasniqi, Z\u00ebvend\u00ebskryeministri i Kosov\u00ebs, z. Behxhet Pacolli dhe shum\u00eb t\u00eb tjer\u00eb.<\/p>\n","protected":false},"excerpt":{"rendered":"<p>M\u00eb dat\u00eb, 9 Qershor 2012, n\u00eb Prizren, forumet rinor\u00eb t\u00eb partive politike shqiptare nga Shqip\u00ebria, Kosova, Maqedonia, Mali i Zi dhe Lugina e Preshev\u00ebs, formuan Lidhjen Mbar\u00ebshqiptare t\u00eb Forumeve Rinore. Ideja e Lidhjes Mbar\u00ebshqiptare t\u00eb Forumeve Rinor\u00eb lindi pik\u00ebrisht n\u00eb 100 vjetorin e pavar\u00ebsis\u00eb s\u00eb Shqip\u00ebris\u00eb. T\u00eb frym\u00ebzuar nga ky jubile kaq i r\u00ebnd\u00ebsish\u00ebm p\u00ebr [&hellip;]<\/p>\n","protected":false},"author":1,"featured_media":0,"comment_status":"open","ping_status":"closed","sticky":false,"template":"","format":"standard","meta":{"spay_email":"","jetpack_publicize_message":"","jetpack_is_tweetstorm":false,"jetpack_publicize_feature_enabled":true},"categories":[11],"tags":[20649,40,20806,200,2445],"jetpack_publicize_connections":[],"yoast_head":"<!-- This site is optimized with the Yoast SEO plugin v19.1 - https:\/\/yoast.com\/wordpress\/plugins\/seo\/ -->\n<title>Themelohet Lidhja Mbar\u00ebshqiptare e Forumeve Rinore - UDSH-ja rinore an\u00ebtare - Lajme nga Ulqini<\/title>\n<meta name=\"description\" content=\"M\u00eb dat\u00eb, 9 Qershor 2012, n\u00eb Prizren, forumet rinor\u00eb t\u00eb partive politike shqiptare nga Shqip\u00ebria, Kosova, Maqedonia, Mali i Zi dhe Lugina e Preshev\u00ebs,\" \/>\n<meta name=\"robots\" content=\"index, follow, max-snippet:-1, max-image-preview:large, max-video-preview:-1\" \/>\n<link rel=\"canonical\" href=\"https:\/\/www.visit-ulcinj.com\/blog\/2012\/06\/19\/themelohet-lidhja-mbareshqiptare-e-forumeve-rinore-udsh-ja-rinore-anetare\/\" \/>\n<meta property=\"og:locale\" content=\"en_US\" \/>\n<meta property=\"og:type\" content=\"article\" \/>\n<meta property=\"og:title\" content=\"Themelohet Lidhja Mbar\u00ebshqiptare e Forumeve Rinore - UDSH-ja rinore an\u00ebtare - Lajme nga Ulqini\" \/>\n<meta property=\"og:description\" content=\"M\u00eb dat\u00eb, 9 Qershor 2012, n\u00eb Prizren, forumet rinor\u00eb t\u00eb partive politike shqiptare nga Shqip\u00ebria, Kosova, Maqedonia, Mali i Zi dhe Lugina e Preshev\u00ebs,\" \/>\n<meta property=\"og:url\" content=\"https:\/\/www.visit-ulcinj.com\/blog\/2012\/06\/19\/themelohet-lidhja-mbareshqiptare-e-forumeve-rinore-udsh-ja-rinore-anetare\/\" \/>\n<meta property=\"og:site_name\" content=\"Lajme nga Ulqini\" \/>\n<meta property=\"article:published_time\" content=\"2012-06-19T11:12:37+00:00\" \/>\n<meta name=\"twitter:label1\" content=\"Written by\" \/>\n\t<meta name=\"twitter:data1\" content=\"ulqini\" \/>\n\t<meta name=\"twitter:label2\" content=\"Est. reading time\" \/>\n\t<meta name=\"twitter:data2\" content=\"2 minutes\" \/>\n<script type=\"application\/ld+json\" class=\"yoast-schema-graph\">{\"@context\":\"https:\/\/schema.org\",\"@graph\":[{\"@type\":\"WebSite\",\"@id\":\"https:\/\/www.visit-ulcinj.com\/blog\/#website\",\"url\":\"https:\/\/www.visit-ulcinj.com\/blog\/\",\"name\":\"Lajme nga Ulqini\",\"description\":\"Lajme,Vijesti,Ulqini,Ulqin,Crna Gora,Mali i Zi\",\"potentialAction\":[{\"@type\":\"SearchAction\",\"target\":{\"@type\":\"EntryPoint\",\"urlTemplate\":\"https:\/\/www.visit-ulcinj.com\/blog\/?s={search_term_string}\"},\"query-input\":\"required name=search_term_string\"}],\"inLanguage\":\"en-US\"},{\"@type\":\"WebPage\",\"@id\":\"https:\/\/www.visit-ulcinj.com\/blog\/2012\/06\/19\/themelohet-lidhja-mbareshqiptare-e-forumeve-rinore-udsh-ja-rinore-anetare\/#webpage\",\"url\":\"https:\/\/www.visit-ulcinj.com\/blog\/2012\/06\/19\/themelohet-lidhja-mbareshqiptare-e-forumeve-rinore-udsh-ja-rinore-anetare\/\",\"name\":\"Themelohet Lidhja Mbar\u00ebshqiptare e Forumeve Rinore - UDSH-ja rinore an\u00ebtare - Lajme nga Ulqini\",\"isPartOf\":{\"@id\":\"https:\/\/www.visit-ulcinj.com\/blog\/#website\"},\"datePublished\":\"2012-06-19T11:12:37+00:00\",\"dateModified\":\"2012-06-19T11:12:37+00:00\",\"author\":{\"@id\":\"https:\/\/www.visit-ulcinj.com\/blog\/#\/schema\/person\/dcab619c614d3038751c63bc2aadc06d\"},\"description\":\"M\u00eb dat\u00eb, 9 Qershor 2012, n\u00eb Prizren, forumet rinor\u00eb t\u00eb partive politike shqiptare nga Shqip\u00ebria, Kosova, Maqedonia, Mali i Zi dhe Lugina e Preshev\u00ebs,\",\"breadcrumb\":{\"@id\":\"https:\/\/www.visit-ulcinj.com\/blog\/2012\/06\/19\/themelohet-lidhja-mbareshqiptare-e-forumeve-rinore-udsh-ja-rinore-anetare\/#breadcrumb\"},\"inLanguage\":\"en-US\",\"potentialAction\":[{\"@type\":\"ReadAction\",\"target\":[\"https:\/\/www.visit-ulcinj.com\/blog\/2012\/06\/19\/themelohet-lidhja-mbareshqiptare-e-forumeve-rinore-udsh-ja-rinore-anetare\/\"]}]},{\"@type\":\"BreadcrumbList\",\"@id\":\"https:\/\/www.visit-ulcinj.com\/blog\/2012\/06\/19\/themelohet-lidhja-mbareshqiptare-e-forumeve-rinore-udsh-ja-rinore-anetare\/#breadcrumb\",\"itemListElement\":[{\"@type\":\"ListItem\",\"position\":1,\"name\":\"Themelohet Lidhja Mbar\u00ebshqiptare e Forumeve Rinore &#8211; UDSH-ja rinore an\u00ebtare\"}]},{\"@type\":\"Person\",\"@id\":\"https:\/\/www.visit-ulcinj.com\/blog\/#\/schema\/person\/dcab619c614d3038751c63bc2aadc06d\",\"name\":\"ulqini\",\"sameAs\":[\"http:\/\/www.visit-ulcinj.com\"],\"url\":\"https:\/\/www.visit-ulcinj.com\/blog\/author\/admin\/\"}]}<\/script>\n<!-- \/ Yoast SEO plugin. -->","yoast_head_json":{"title":"Themelohet Lidhja Mbar\u00ebshqiptare e Forumeve Rinore - UDSH-ja rinore an\u00ebtare - Lajme nga Ulqini","description":"M\u00eb dat\u00eb, 9 Qershor 2012, n\u00eb Prizren, forumet rinor\u00eb t\u00eb partive politike shqiptare nga Shqip\u00ebria, Kosova, Maqedonia, Mali i Zi dhe Lugina e Preshev\u00ebs,","robots":{"index":"index","follow":"follow","max-snippet":"max-snippet:-1","max-image-preview":"max-image-preview:large","max-video-preview":"max-video-preview:-1"},"canonical":"https:\/\/www.visit-ulcinj.com\/blog\/2012\/06\/19\/themelohet-lidhja-mbareshqiptare-e-forumeve-rinore-udsh-ja-rinore-anetare\/","og_locale":"en_US","og_type":"article","og_title":"Themelohet Lidhja Mbar\u00ebshqiptare e Forumeve Rinore - UDSH-ja rinore an\u00ebtare - Lajme nga Ulqini","og_description":"M\u00eb dat\u00eb, 9 Qershor 2012, n\u00eb Prizren, forumet rinor\u00eb t\u00eb partive politike shqiptare nga Shqip\u00ebria, Kosova, Maqedonia, Mali i Zi dhe Lugina e Preshev\u00ebs,","og_url":"https:\/\/www.visit-ulcinj.com\/blog\/2012\/06\/19\/themelohet-lidhja-mbareshqiptare-e-forumeve-rinore-udsh-ja-rinore-anetare\/","og_site_name":"Lajme nga Ulqini","article_published_time":"2012-06-19T11:12:37+00:00","twitter_misc":{"Written by":"ulqini","Est. reading time":"2 minutes"},"schema":{"@context":"https:\/\/schema.org","@graph":[{"@type":"WebSite","@id":"https:\/\/www.visit-ulcinj.com\/blog\/#website","url":"https:\/\/www.visit-ulcinj.com\/blog\/","name":"Lajme nga Ulqini","description":"Lajme,Vijesti,Ulqini,Ulqin,Crna Gora,Mali i Zi","potentialAction":[{"@type":"SearchAction","target":{"@type":"EntryPoint","urlTemplate":"https:\/\/www.visit-ulcinj.com\/blog\/?s={search_term_string}"},"query-input":"required name=search_term_string"}],"inLanguage":"en-US"},{"@type":"WebPage","@id":"https:\/\/www.visit-ulcinj.com\/blog\/2012\/06\/19\/themelohet-lidhja-mbareshqiptare-e-forumeve-rinore-udsh-ja-rinore-anetare\/#webpage","url":"https:\/\/www.visit-ulcinj.com\/blog\/2012\/06\/19\/themelohet-lidhja-mbareshqiptare-e-forumeve-rinore-udsh-ja-rinore-anetare\/","name":"Themelohet Lidhja Mbar\u00ebshqiptare e Forumeve Rinore - UDSH-ja rinore an\u00ebtare - Lajme nga Ulqini","isPartOf":{"@id":"https:\/\/www.visit-ulcinj.com\/blog\/#website"},"datePublished":"2012-06-19T11:12:37+00:00","dateModified":"2012-06-19T11:12:37+00:00","author":{"@id":"https:\/\/www.visit-ulcinj.com\/blog\/#\/schema\/person\/dcab619c614d3038751c63bc2aadc06d"},"description":"M\u00eb dat\u00eb, 9 Qershor 2012, n\u00eb Prizren, forumet rinor\u00eb t\u00eb partive politike shqiptare nga Shqip\u00ebria, Kosova, Maqedonia, Mali i Zi dhe Lugina e Preshev\u00ebs,","breadcrumb":{"@id":"https:\/\/www.visit-ulcinj.com\/blog\/2012\/06\/19\/themelohet-lidhja-mbareshqiptare-e-forumeve-rinore-udsh-ja-rinore-anetare\/#breadcrumb"},"inLanguage":"en-US","potentialAction":[{"@type":"ReadAction","target":["https:\/\/www.visit-ulcinj.com\/blog\/2012\/06\/19\/themelohet-lidhja-mbareshqiptare-e-forumeve-rinore-udsh-ja-rinore-anetare\/"]}]},{"@type":"BreadcrumbList","@id":"https:\/\/www.visit-ulcinj.com\/blog\/2012\/06\/19\/themelohet-lidhja-mbareshqiptare-e-forumeve-rinore-udsh-ja-rinore-anetare\/#breadcrumb","itemListElement":[{"@type":"ListItem","position":1,"name":"Themelohet Lidhja Mbar\u00ebshqiptare e Forumeve Rinore &#8211; UDSH-ja rinore an\u00ebtare"}]},{"@type":"Person","@id":"https:\/\/www.visit-ulcinj.com\/blog\/#\/schema\/person\/dcab619c614d3038751c63bc2aadc06d","name":"ulqini","sameAs":["http:\/\/www.visit-ulcinj.com"],"url":"https:\/\/www.visit-ulcinj.com\/blog\/author\/admin\/"}]}},"jetpack_featured_media_url":"","jetpack_sharing_enabled":true,"jetpack_shortlink":"https:\/\/wp.me\/pe6lTn-g68","_links":{"self":[{"href":"https:\/\/www.visit-ulcinj.com\/blog\/wp-json\/wp\/v2\/posts\/61884"}],"collection":[{"href":"https:\/\/www.visit-ulcinj.com\/blog\/wp-json\/wp\/v2\/posts"}],"about":[{"href":"https:\/\/www.visit-ulcinj.com\/blog\/wp-json\/wp\/v2\/types\/post"}],"author":[{"embeddable":true,"href":"https:\/\/www.visit-ulcinj.com\/blog\/wp-json\/wp\/v2\/users\/1"}],"replies":[{"embeddable":true,"href":"https:\/\/www.visit-ulcinj.com\/blog\/wp-json\/wp\/v2\/comments?post=61884"}],"version-history":[{"count":1,"href":"https:\/\/www.visit-ulcinj.com\/blog\/wp-json\/wp\/v2\/posts\/61884\/revisions"}],"predecessor-version":[{"id":61888,"href":"https:\/\/www.visit-ulcinj.com\/blog\/wp-json\/wp\/v2\/posts\/61884\/revisions\/61888"}],"wp:attachment":[{"href":"https:\/\/www.visit-ulcinj.com\/blog\/wp-json\/wp\/v2\/media?parent=61884"}],"wp:term":[{"taxonomy":"category","embeddable":true,"href":"https:\/\/www.visit-ulcinj.com\/blog\/wp-json\/wp\/v2\/categories?post=61884"},{"taxonomy":"post_tag","embeddable":true,"href":"https:\/\/www.visit-ulcinj.com\/blog\/wp-json\/wp\/v2\/tags?post=61884"}],"curies":[{"name":"wp","href":"https:\/\/api.w.org\/{rel}","templated":true}]}}