{"id":61889,"date":"2012-06-19T12:28:23","date_gmt":"2012-06-19T11:28:23","guid":{"rendered":"http:\/\/www.visit-ulcinj.com\/blog\/?p=61889"},"modified":"2012-06-19T12:31:10","modified_gmt":"2012-06-19T11:31:10","slug":"mustafa-canka-intelektual-qe-me-veshtrimet-e-tija-ngjalle-debate-dhe-polemika-ne-ulqin","status":"publish","type":"post","link":"https:\/\/www.visit-ulcinj.com\/blog\/2012\/06\/19\/mustafa-canka-intelektual-qe-me-veshtrimet-e-tija-ngjalle-debate-dhe-polemika-ne-ulqin\/","title":{"rendered":"Mustafa Canka intelektual q\u00eb me v\u00ebshtrimet e tija ngjall\u00eb debate dhe polemika n\u00eb Ulqin"},"content":{"rendered":"<p><a href=\"http:\/\/www.visit-ulcinj.com\/blog\/wp-content\/uploads\/2012\/06\/Mustafa-Canka-Ulqin.jpg\"><img loading=\"lazy\" class=\"alignleft  wp-image-61890\" title=\"Mustafa Canka Ulqin\" src=\"http:\/\/www.visit-ulcinj.com\/blog\/wp-content\/uploads\/2012\/06\/Mustafa-Canka-Ulqin.jpg\" alt=\"\" width=\"350\" height=\"450\" \/><\/a>Mustafa Canka \u00ebsht\u00eb nj\u00eb publicist q\u00eb shfaq dashuri t\u00eb ve\u00e7ant\u00eb p\u00ebr qytetin e tij dhe njer\u00ebzit q\u00eb jetojn\u00eb n\u00eb t\u00eb. Canka preokupohet gjithnj\u00eb me situat\u00ebn , e cila manifestohet n\u00eb \u00e7do fush\u00eb t\u00eb jet\u00ebs q\u00eb shpeshher\u00eb p\u00ebrcakton fatin e individit.<\/p>\n<p>I till\u00eb paraqitet n\u00eb librin \u201cQyteti-komente\u201d ku si\u00e7 v\u00ebren kritiku i njohur Andrej Nikolaidis \u201cCanka skicon rrug\u00ebn e fatit t\u00eb \u00e7do qytetari, t\u00eb \u00e7do bashk\u00ebsie, e t\u00eb \u00e7do njeriu.\u201d Si i till\u00eb ai ka nj\u00eb d\u00ebshir\u00eb t\u00eb vazhdueshme ta p\u00ebrcaktoj\u00eb qytet\u00ebrimin e vendlindjes s\u00eb tij, p\u00ebr t\u00eb par\u00eb nga vjen, ku gjendet dhe ku do shkohet.<\/p>\n<p>Qasja e tij prej nj\u00eb publicisti me v\u00ebshtrime filozofiko-sociologjike t\u00eb shtjelluara n\u00eb vepr\u00ebn e par\u00eb, Canka shfaqet me ambiciet e nj\u00eb k\u00ebrkuesi dhe hulumtuesi. Ai qytetin e lindjes e v\u00ebshtron n\u00eb nj\u00eb periudh\u00eb t\u00eb njohur historike at\u00eb t\u00eb Perandoris\u00eb Osmane. Autori k\u00ebt\u00eb periudh\u00eb treshekullore e trajton n\u00eb disa plane duke nxjerr\u00eb n\u00eb pah ve\u00e7ori kontradiktore dhe pak t\u00eb njohura n\u00eb historiografin\u00eb p\u00ebr\u00a0 lqinin.<\/p>\n<p>\u00cbsht\u00eb kjo nj\u00eb periudh\u00eb specifike ku sipas autorit \u201c \u00ebsht\u00eb e pranishme toleranca fetare, tregtia e lir\u00eb, liria e\u00a0 mendimit etj. Canka v\u00eb n\u00eb dukje \u201cfreskin\u00eb e p\u00ebrb\u00ebrjes etnike\u201d e cila i dha impuls t\u00eb fuqish\u00ebm zhvillimit ekonomik dhe urbanizmit t\u00eb qytetit. Ai thekson privilegjet shoq\u00ebrore, fiskale dhe politike t\u00eb qytetit. Sistemi i privilegjeve t\u00eb gj\u00ebra q\u00eb i fituan banor\u00ebt e Ulqinit me t\u00eb gjitha obligimet q\u00eb dilnin nga kjo, b\u00ebnte baz\u00ebn materiale p\u00ebr ekzistenc\u00ebn e tyre. Me k\u00ebto t\u00eb dh\u00ebna Canka u b\u00ebn sfid\u00eb pik\u00ebpamjeve t\u00eb disa historian\u00ebve tek t\u00eb cil\u00ebt ende mbetet moll\u00eb sherri m\u00ebnyra e p\u00ebrhapjes s\u00eb fes\u00eb islame: a u p\u00ebrhap me forc\u00eb apo \u00ebsht\u00eb pasoj\u00eb e d\u00ebshir\u00ebs, ashtu si\u00e7 iu b\u00ebn sfid\u00eb atyre mendimtar\u00ebve t\u00eb cil\u00ebt theksojn\u00eb se d\u00ebshira p\u00ebr ta ruajtur identitetin komb\u00ebtar mund t\u00eb ket\u00eb favorizuar fen\u00eb e Kuranit n\u00eb Shqip\u00ebri.<\/p>\n<p>Sidoqoft\u00eb, sprovat e Mustafa Cank\u00ebs jan\u00eb t\u00eb guximshme dhe shum\u00ebdimensionale. Ai ndjek qasje tjet\u00ebr t\u00eb hulumtimit q\u00eb jan\u00eb mjaft t\u00eb ve\u00e7anta dhe i thyejn\u00eb klishet\u00eb e krijuara n\u00ebp\u00ebr tekstet shkollore dhe n\u00eb disa vepra artistike.<\/p>\n<p>Mustafa Canka si nj\u00eb intelektual i mir\u00ebfillt\u00eb ka p\u00ebr q\u00ebllim q\u00eb me v\u00ebshtrimet e tij t\u00eb ngjall\u00eb debate dhe polemika. Kjo \u00ebsht\u00eb nj\u00eb gj\u00eb shum\u00eb e mir\u00eb dhe e pranueshme pasi tek ne historia konsiderohej si mit i papreksh\u00ebm q\u00eb vazhdimisht gjendet n\u00eb sh\u00ebrbim t\u00eb politikave dhe t\u00eb ideologjive t\u00eb caktuara.<\/p>\n<p>Dihet se nga kjo periudh\u00eb e deri n\u00eb renien e Perandoris\u00eb Osmane, shqiptar\u00ebt jo vet\u00ebm q\u00eb ishin n\u00ebn administrimin e saj, por ata dhan\u00eb kontributin e tyre p\u00ebr ngritjen e Perandoris\u00eb n\u00eb nivele m\u00eb t\u00eb larta gj\u00eb q\u00eb d\u00ebshmon numri i madh i tyre si kryeministra (mbi 30),por q\u00eb asnj\u00ebher\u00eb nuk e harruan emrin he identitetin e tyre shqiptar. Jan\u00eb t\u00eb njohura kontributet e tyre n\u00eb nd\u00ebrkomb\u00ebtarizimin e \u00e7\u00ebshtjes shqiptare dhe \u00ebsht\u00eb ky nj\u00eb shembull q\u00eb tregon se si mund dhe duhet t\u00eb ruhet identiteti komb\u00ebtar.<\/p>\n<p>N\u00eb k\u00ebt\u00eb kuad\u00ebr duhet t\u00eb kuptohet edhe roli i Ulqinit dhe ulqinak\u00ebve gjat\u00eb Perandoris\u00eb Osmane, t\u00eb cilin Mustafa Canka e trajton n\u00eb nj\u00eb m\u00ebnyr\u00eb shum\u00eb interesante.<em><\/em><\/p>\n<p>&nbsp;<\/p>\n<p><strong>Ali Salaj<\/strong><br \/>\n<strong> Koha Javore<\/strong><em><\/em><\/p>\n","protected":false},"excerpt":{"rendered":"<p>Mustafa Canka \u00ebsht\u00eb nj\u00eb publicist q\u00eb shfaq dashuri t\u00eb ve\u00e7ant\u00eb p\u00ebr qytetin e tij dhe njer\u00ebzit q\u00eb jetojn\u00eb n\u00eb t\u00eb. Canka preokupohet gjithnj\u00eb me situat\u00ebn , e cila manifestohet n\u00eb \u00e7do fush\u00eb t\u00eb jet\u00ebs q\u00eb shpeshher\u00eb p\u00ebrcakton fatin e individit. I till\u00eb paraqitet n\u00eb librin \u201cQyteti-komente\u201d ku si\u00e7 v\u00ebren kritiku i njohur Andrej Nikolaidis \u201cCanka [&hellip;]<\/p>\n","protected":false},"author":1,"featured_media":0,"comment_status":"open","ping_status":"closed","sticky":false,"template":"","format":"standard","meta":{"spay_email":"","jetpack_publicize_message":"","jetpack_is_tweetstorm":false,"jetpack_publicize_feature_enabled":true},"categories":[14249],"tags":[5276,200,18],"jetpack_publicize_connections":[],"yoast_head":"<!-- This site is optimized with the Yoast SEO plugin v19.1 - https:\/\/yoast.com\/wordpress\/plugins\/seo\/ -->\n<title>Mustafa Canka intelektual q\u00eb me v\u00ebshtrimet e tija ngjall\u00eb debate dhe polemika n\u00eb Ulqin - Lajme nga Ulqini<\/title>\n<meta name=\"description\" content=\"Mustafa Canka \u00ebsht\u00eb nj\u00eb publicist q\u00eb shfaq dashuri t\u00eb ve\u00e7ant\u00eb p\u00ebr qytetin e tij dhe njer\u00ebzit q\u00eb jetojn\u00eb n\u00eb t\u00eb. Canka preokupohet gjithnj\u00eb me situat\u00ebn , e\" \/>\n<meta name=\"robots\" content=\"index, follow, max-snippet:-1, max-image-preview:large, max-video-preview:-1\" \/>\n<link rel=\"canonical\" href=\"https:\/\/www.visit-ulcinj.com\/blog\/2012\/06\/19\/mustafa-canka-intelektual-qe-me-veshtrimet-e-tija-ngjalle-debate-dhe-polemika-ne-ulqin\/\" \/>\n<meta property=\"og:locale\" content=\"en_US\" \/>\n<meta property=\"og:type\" content=\"article\" \/>\n<meta property=\"og:title\" content=\"Mustafa Canka intelektual q\u00eb me v\u00ebshtrimet e tija ngjall\u00eb debate dhe polemika n\u00eb Ulqin - Lajme nga Ulqini\" \/>\n<meta property=\"og:description\" content=\"Mustafa Canka \u00ebsht\u00eb nj\u00eb publicist q\u00eb shfaq dashuri t\u00eb ve\u00e7ant\u00eb p\u00ebr qytetin e tij dhe njer\u00ebzit q\u00eb jetojn\u00eb n\u00eb t\u00eb. Canka preokupohet gjithnj\u00eb me situat\u00ebn , e\" \/>\n<meta property=\"og:url\" content=\"https:\/\/www.visit-ulcinj.com\/blog\/2012\/06\/19\/mustafa-canka-intelektual-qe-me-veshtrimet-e-tija-ngjalle-debate-dhe-polemika-ne-ulqin\/\" \/>\n<meta property=\"og:site_name\" content=\"Lajme nga Ulqini\" \/>\n<meta property=\"article:published_time\" content=\"2012-06-19T11:28:23+00:00\" \/>\n<meta property=\"article:modified_time\" content=\"2012-06-19T11:31:10+00:00\" \/>\n<meta property=\"og:image\" content=\"http:\/\/www.visit-ulcinj.com\/blog\/wp-content\/uploads\/2012\/06\/Mustafa-Canka-Ulqin.jpg\" \/>\n<meta name=\"twitter:label1\" content=\"Written by\" \/>\n\t<meta name=\"twitter:data1\" content=\"ulqini\" \/>\n\t<meta name=\"twitter:label2\" content=\"Est. reading time\" \/>\n\t<meta name=\"twitter:data2\" content=\"3 minutes\" \/>\n<script type=\"application\/ld+json\" class=\"yoast-schema-graph\">{\"@context\":\"https:\/\/schema.org\",\"@graph\":[{\"@type\":\"WebSite\",\"@id\":\"https:\/\/www.visit-ulcinj.com\/blog\/#website\",\"url\":\"https:\/\/www.visit-ulcinj.com\/blog\/\",\"name\":\"Lajme nga Ulqini\",\"description\":\"Lajme,Vijesti,Ulqini,Ulqin,Crna Gora,Mali i Zi\",\"potentialAction\":[{\"@type\":\"SearchAction\",\"target\":{\"@type\":\"EntryPoint\",\"urlTemplate\":\"https:\/\/www.visit-ulcinj.com\/blog\/?s={search_term_string}\"},\"query-input\":\"required name=search_term_string\"}],\"inLanguage\":\"en-US\"},{\"@type\":\"ImageObject\",\"inLanguage\":\"en-US\",\"@id\":\"https:\/\/www.visit-ulcinj.com\/blog\/2012\/06\/19\/mustafa-canka-intelektual-qe-me-veshtrimet-e-tija-ngjalle-debate-dhe-polemika-ne-ulqin\/#primaryimage\",\"url\":\"https:\/\/www.visit-ulcinj.com\/blog\/wp-content\/uploads\/2012\/06\/Mustafa-Canka-Ulqin.jpg\",\"contentUrl\":\"https:\/\/www.visit-ulcinj.com\/blog\/wp-content\/uploads\/2012\/06\/Mustafa-Canka-Ulqin.jpg\",\"width\":\"685\",\"height\":\"960\"},{\"@type\":\"WebPage\",\"@id\":\"https:\/\/www.visit-ulcinj.com\/blog\/2012\/06\/19\/mustafa-canka-intelektual-qe-me-veshtrimet-e-tija-ngjalle-debate-dhe-polemika-ne-ulqin\/#webpage\",\"url\":\"https:\/\/www.visit-ulcinj.com\/blog\/2012\/06\/19\/mustafa-canka-intelektual-qe-me-veshtrimet-e-tija-ngjalle-debate-dhe-polemika-ne-ulqin\/\",\"name\":\"Mustafa Canka intelektual q\u00eb me v\u00ebshtrimet e tija ngjall\u00eb debate dhe polemika n\u00eb Ulqin - Lajme nga Ulqini\",\"isPartOf\":{\"@id\":\"https:\/\/www.visit-ulcinj.com\/blog\/#website\"},\"primaryImageOfPage\":{\"@id\":\"https:\/\/www.visit-ulcinj.com\/blog\/2012\/06\/19\/mustafa-canka-intelektual-qe-me-veshtrimet-e-tija-ngjalle-debate-dhe-polemika-ne-ulqin\/#primaryimage\"},\"datePublished\":\"2012-06-19T11:28:23+00:00\",\"dateModified\":\"2012-06-19T11:31:10+00:00\",\"author\":{\"@id\":\"https:\/\/www.visit-ulcinj.com\/blog\/#\/schema\/person\/dcab619c614d3038751c63bc2aadc06d\"},\"description\":\"Mustafa Canka \u00ebsht\u00eb nj\u00eb publicist q\u00eb shfaq dashuri t\u00eb ve\u00e7ant\u00eb p\u00ebr qytetin e tij dhe njer\u00ebzit q\u00eb jetojn\u00eb n\u00eb t\u00eb. Canka preokupohet gjithnj\u00eb me situat\u00ebn , e\",\"breadcrumb\":{\"@id\":\"https:\/\/www.visit-ulcinj.com\/blog\/2012\/06\/19\/mustafa-canka-intelektual-qe-me-veshtrimet-e-tija-ngjalle-debate-dhe-polemika-ne-ulqin\/#breadcrumb\"},\"inLanguage\":\"en-US\",\"potentialAction\":[{\"@type\":\"ReadAction\",\"target\":[\"https:\/\/www.visit-ulcinj.com\/blog\/2012\/06\/19\/mustafa-canka-intelektual-qe-me-veshtrimet-e-tija-ngjalle-debate-dhe-polemika-ne-ulqin\/\"]}]},{\"@type\":\"BreadcrumbList\",\"@id\":\"https:\/\/www.visit-ulcinj.com\/blog\/2012\/06\/19\/mustafa-canka-intelektual-qe-me-veshtrimet-e-tija-ngjalle-debate-dhe-polemika-ne-ulqin\/#breadcrumb\",\"itemListElement\":[{\"@type\":\"ListItem\",\"position\":1,\"name\":\"Mustafa Canka intelektual q\u00eb me v\u00ebshtrimet e tija ngjall\u00eb debate dhe polemika n\u00eb Ulqin\"}]},{\"@type\":\"Person\",\"@id\":\"https:\/\/www.visit-ulcinj.com\/blog\/#\/schema\/person\/dcab619c614d3038751c63bc2aadc06d\",\"name\":\"ulqini\",\"sameAs\":[\"http:\/\/www.visit-ulcinj.com\"],\"url\":\"https:\/\/www.visit-ulcinj.com\/blog\/author\/admin\/\"}]}<\/script>\n<!-- \/ Yoast SEO plugin. -->","yoast_head_json":{"title":"Mustafa Canka intelektual q\u00eb me v\u00ebshtrimet e tija ngjall\u00eb debate dhe polemika n\u00eb Ulqin - Lajme nga Ulqini","description":"Mustafa Canka \u00ebsht\u00eb nj\u00eb publicist q\u00eb shfaq dashuri t\u00eb ve\u00e7ant\u00eb p\u00ebr qytetin e tij dhe njer\u00ebzit q\u00eb jetojn\u00eb n\u00eb t\u00eb. Canka preokupohet gjithnj\u00eb me situat\u00ebn , e","robots":{"index":"index","follow":"follow","max-snippet":"max-snippet:-1","max-image-preview":"max-image-preview:large","max-video-preview":"max-video-preview:-1"},"canonical":"https:\/\/www.visit-ulcinj.com\/blog\/2012\/06\/19\/mustafa-canka-intelektual-qe-me-veshtrimet-e-tija-ngjalle-debate-dhe-polemika-ne-ulqin\/","og_locale":"en_US","og_type":"article","og_title":"Mustafa Canka intelektual q\u00eb me v\u00ebshtrimet e tija ngjall\u00eb debate dhe polemika n\u00eb Ulqin - Lajme nga Ulqini","og_description":"Mustafa Canka \u00ebsht\u00eb nj\u00eb publicist q\u00eb shfaq dashuri t\u00eb ve\u00e7ant\u00eb p\u00ebr qytetin e tij dhe njer\u00ebzit q\u00eb jetojn\u00eb n\u00eb t\u00eb. Canka preokupohet gjithnj\u00eb me situat\u00ebn , e","og_url":"https:\/\/www.visit-ulcinj.com\/blog\/2012\/06\/19\/mustafa-canka-intelektual-qe-me-veshtrimet-e-tija-ngjalle-debate-dhe-polemika-ne-ulqin\/","og_site_name":"Lajme nga Ulqini","article_published_time":"2012-06-19T11:28:23+00:00","article_modified_time":"2012-06-19T11:31:10+00:00","og_image":[{"url":"http:\/\/www.visit-ulcinj.com\/blog\/wp-content\/uploads\/2012\/06\/Mustafa-Canka-Ulqin.jpg"}],"twitter_misc":{"Written by":"ulqini","Est. reading time":"3 minutes"},"schema":{"@context":"https:\/\/schema.org","@graph":[{"@type":"WebSite","@id":"https:\/\/www.visit-ulcinj.com\/blog\/#website","url":"https:\/\/www.visit-ulcinj.com\/blog\/","name":"Lajme nga Ulqini","description":"Lajme,Vijesti,Ulqini,Ulqin,Crna Gora,Mali i Zi","potentialAction":[{"@type":"SearchAction","target":{"@type":"EntryPoint","urlTemplate":"https:\/\/www.visit-ulcinj.com\/blog\/?s={search_term_string}"},"query-input":"required name=search_term_string"}],"inLanguage":"en-US"},{"@type":"ImageObject","inLanguage":"en-US","@id":"https:\/\/www.visit-ulcinj.com\/blog\/2012\/06\/19\/mustafa-canka-intelektual-qe-me-veshtrimet-e-tija-ngjalle-debate-dhe-polemika-ne-ulqin\/#primaryimage","url":"https:\/\/www.visit-ulcinj.com\/blog\/wp-content\/uploads\/2012\/06\/Mustafa-Canka-Ulqin.jpg","contentUrl":"https:\/\/www.visit-ulcinj.com\/blog\/wp-content\/uploads\/2012\/06\/Mustafa-Canka-Ulqin.jpg","width":"685","height":"960"},{"@type":"WebPage","@id":"https:\/\/www.visit-ulcinj.com\/blog\/2012\/06\/19\/mustafa-canka-intelektual-qe-me-veshtrimet-e-tija-ngjalle-debate-dhe-polemika-ne-ulqin\/#webpage","url":"https:\/\/www.visit-ulcinj.com\/blog\/2012\/06\/19\/mustafa-canka-intelektual-qe-me-veshtrimet-e-tija-ngjalle-debate-dhe-polemika-ne-ulqin\/","name":"Mustafa Canka intelektual q\u00eb me v\u00ebshtrimet e tija ngjall\u00eb debate dhe polemika n\u00eb Ulqin - Lajme nga Ulqini","isPartOf":{"@id":"https:\/\/www.visit-ulcinj.com\/blog\/#website"},"primaryImageOfPage":{"@id":"https:\/\/www.visit-ulcinj.com\/blog\/2012\/06\/19\/mustafa-canka-intelektual-qe-me-veshtrimet-e-tija-ngjalle-debate-dhe-polemika-ne-ulqin\/#primaryimage"},"datePublished":"2012-06-19T11:28:23+00:00","dateModified":"2012-06-19T11:31:10+00:00","author":{"@id":"https:\/\/www.visit-ulcinj.com\/blog\/#\/schema\/person\/dcab619c614d3038751c63bc2aadc06d"},"description":"Mustafa Canka \u00ebsht\u00eb nj\u00eb publicist q\u00eb shfaq dashuri t\u00eb ve\u00e7ant\u00eb p\u00ebr qytetin e tij dhe njer\u00ebzit q\u00eb jetojn\u00eb n\u00eb t\u00eb. Canka preokupohet gjithnj\u00eb me situat\u00ebn , e","breadcrumb":{"@id":"https:\/\/www.visit-ulcinj.com\/blog\/2012\/06\/19\/mustafa-canka-intelektual-qe-me-veshtrimet-e-tija-ngjalle-debate-dhe-polemika-ne-ulqin\/#breadcrumb"},"inLanguage":"en-US","potentialAction":[{"@type":"ReadAction","target":["https:\/\/www.visit-ulcinj.com\/blog\/2012\/06\/19\/mustafa-canka-intelektual-qe-me-veshtrimet-e-tija-ngjalle-debate-dhe-polemika-ne-ulqin\/"]}]},{"@type":"BreadcrumbList","@id":"https:\/\/www.visit-ulcinj.com\/blog\/2012\/06\/19\/mustafa-canka-intelektual-qe-me-veshtrimet-e-tija-ngjalle-debate-dhe-polemika-ne-ulqin\/#breadcrumb","itemListElement":[{"@type":"ListItem","position":1,"name":"Mustafa Canka intelektual q\u00eb me v\u00ebshtrimet e tija ngjall\u00eb debate dhe polemika n\u00eb Ulqin"}]},{"@type":"Person","@id":"https:\/\/www.visit-ulcinj.com\/blog\/#\/schema\/person\/dcab619c614d3038751c63bc2aadc06d","name":"ulqini","sameAs":["http:\/\/www.visit-ulcinj.com"],"url":"https:\/\/www.visit-ulcinj.com\/blog\/author\/admin\/"}]}},"jetpack_featured_media_url":"","jetpack_sharing_enabled":true,"jetpack_shortlink":"https:\/\/wp.me\/pe6lTn-g6d","_links":{"self":[{"href":"https:\/\/www.visit-ulcinj.com\/blog\/wp-json\/wp\/v2\/posts\/61889"}],"collection":[{"href":"https:\/\/www.visit-ulcinj.com\/blog\/wp-json\/wp\/v2\/posts"}],"about":[{"href":"https:\/\/www.visit-ulcinj.com\/blog\/wp-json\/wp\/v2\/types\/post"}],"author":[{"embeddable":true,"href":"https:\/\/www.visit-ulcinj.com\/blog\/wp-json\/wp\/v2\/users\/1"}],"replies":[{"embeddable":true,"href":"https:\/\/www.visit-ulcinj.com\/blog\/wp-json\/wp\/v2\/comments?post=61889"}],"version-history":[{"count":3,"href":"https:\/\/www.visit-ulcinj.com\/blog\/wp-json\/wp\/v2\/posts\/61889\/revisions"}],"predecessor-version":[{"id":61893,"href":"https:\/\/www.visit-ulcinj.com\/blog\/wp-json\/wp\/v2\/posts\/61889\/revisions\/61893"}],"wp:attachment":[{"href":"https:\/\/www.visit-ulcinj.com\/blog\/wp-json\/wp\/v2\/media?parent=61889"}],"wp:term":[{"taxonomy":"category","embeddable":true,"href":"https:\/\/www.visit-ulcinj.com\/blog\/wp-json\/wp\/v2\/categories?post=61889"},{"taxonomy":"post_tag","embeddable":true,"href":"https:\/\/www.visit-ulcinj.com\/blog\/wp-json\/wp\/v2\/tags?post=61889"}],"curies":[{"name":"wp","href":"https:\/\/api.w.org\/{rel}","templated":true}]}}