{"id":619,"date":"2008-02-22T12:15:08","date_gmt":"2008-02-22T17:15:08","guid":{"rendered":"http:\/\/www.visit-ulcinj.com\/blog\/2008\/02\/22\/djukanovic-kryeminister-ashtu-sic-edhe-pritej\/"},"modified":"2008-02-26T12:01:13","modified_gmt":"2008-02-26T17:01:13","slug":"djukanovic-kryeminister-ashtu-sic-edhe-pritej","status":"publish","type":"post","link":"https:\/\/www.visit-ulcinj.com\/blog\/2008\/02\/22\/djukanovic-kryeminister-ashtu-sic-edhe-pritej\/","title":{"rendered":"Djukanovic kryeminist\u00ebr, ashtu si\u00e7 edhe pritej"},"content":{"rendered":"<p align=\"left\"><a href=\"http:\/\/www.visit-ulcinj.com\/blog\/wp-content\/uploads\/2008\/02\/milo-djukanovic.jpg\" rel=\"lightbox[pics-1203700251]\" title=\"Milo Djukanovic1\"><img loading=\"lazy\" src=\"http:\/\/www.visit-ulcinj.com\/blog\/wp-content\/uploads\/2008\/02\/milo-djukanovic.thumbnail.jpg\" alt=\"Milo Djukanovic1\" align=\"left\" height=\"128\" width=\"127\" \/><\/a>Kryetari i Malit t\u00eb Zi, Filip Vujanovic, ia besoi mandatin qeveritar liderit t\u00eb Partis\u00eb Demokratike t\u00eb Socialist\u00ebve (DPS), ish-kryeministrit, Milo Djukanovic. Vujanovic p\u00ebr 28 shkurt ka caktuar seanc\u00ebn e jasht\u00ebzakonshme t\u00eb Kuvendit, n\u00eb t\u00eb cil\u00ebn do t\u00eb zgjidhet qeveria e re. Duke arsyetuar vendimin e tij, Vujanovic pohoi se Djukanovic \u201ckreu detyr\u00ebn e kryeministrit dhe t\u00eb kryetarit n\u00eb periudh\u00ebn m\u00eb t\u00eb v\u00ebshtir\u00eb t\u00eb historis\u00eb moderne malazeze\u201d, por edhe se, duke kryer k\u00ebto detyra \u201ckontribuoi pamas\u00eb n\u00eb respektin dhe afirmimin nd\u00ebrkomb\u00ebtar t\u00eb Malit t\u00eb Zi\u201d. Ai shtoi se \u00ebsht\u00eb i sigurt q\u00eb \u201cqeveria do t\u00eb jet\u00eb maksimalisht e p\u00ebrkushtuar p\u00ebr vazhdimin e integrimeve evropiane dhe euroatlantike, q\u00eb paraqesin nevoja t\u00eb domosdoshme dhe interesa t\u00eb Malit t\u00eb Zi\u201d. \u201cJam i bindur se si kryeminist\u00ebr ai do t\u00eb jet\u00eb maksimalisht i p\u00ebrkushtuar p\u00ebr zhvillimin e t\u00ebr\u00ebsish\u00ebm ekonomik t\u00eb Malit t\u00eb Zi dhe p\u00ebr afirmimit e dimensionit social t\u00eb vendit ton\u00eb, meq\u00eb ato edhe jan\u00eb q\u00ebllimet tona aktuale primare\u201d, p\u00ebrfundoi Vujanovic.<\/p>\n<p align=\"left\">Gazeta Express<\/p>\n","protected":false},"excerpt":{"rendered":"<p><img loading=\"lazy\" src=\"http:\/\/www.visit-ulcinj.com\/blog\/wp-content\/uploads\/2008\/02\/milo-djukanovic.thumbnail.jpg\" alt=\"Milo Djukanovic1\" align=\"left\" height=\"140\" width=\"140\" \/><\/p>\n","protected":false},"author":1,"featured_media":0,"comment_status":"open","ping_status":"closed","sticky":false,"template":"","format":"standard","meta":{"spay_email":"","jetpack_publicize_message":"","jetpack_is_tweetstorm":false,"jetpack_publicize_feature_enabled":true},"categories":[6],"tags":[1749,530,100,1742,1333,731,503,1618,1855],"jetpack_publicize_connections":[],"yoast_head":"<!-- This site is optimized with the Yoast SEO plugin v19.1 - https:\/\/yoast.com\/wordpress\/plugins\/seo\/ -->\n<title>Djukanovic kryeminist\u00ebr, ashtu si\u00e7 edhe pritej - Lajme nga Ulqini<\/title>\n<meta name=\"robots\" content=\"index, follow, max-snippet:-1, max-image-preview:large, max-video-preview:-1\" \/>\n<link rel=\"canonical\" href=\"https:\/\/www.visit-ulcinj.com\/blog\/2008\/02\/22\/djukanovic-kryeminister-ashtu-sic-edhe-pritej\/\" \/>\n<meta property=\"og:locale\" content=\"en_US\" \/>\n<meta property=\"og:type\" content=\"article\" \/>\n<meta property=\"og:title\" content=\"Djukanovic kryeminist\u00ebr, ashtu si\u00e7 edhe pritej - Lajme nga Ulqini\" \/>\n<meta property=\"og:url\" content=\"https:\/\/www.visit-ulcinj.com\/blog\/2008\/02\/22\/djukanovic-kryeminister-ashtu-sic-edhe-pritej\/\" \/>\n<meta property=\"og:site_name\" content=\"Lajme nga Ulqini\" \/>\n<meta property=\"article:published_time\" content=\"2008-02-22T17:15:08+00:00\" \/>\n<meta property=\"article:modified_time\" content=\"2008-02-26T17:01:13+00:00\" \/>\n<meta property=\"og:image\" content=\"http:\/\/www.visit-ulcinj.com\/blog\/wp-content\/uploads\/2008\/02\/milo-djukanovic.thumbnail.jpg\" \/>\n<meta name=\"twitter:label1\" content=\"Written by\" \/>\n\t<meta name=\"twitter:data1\" content=\"ulqini\" \/>\n\t<meta name=\"twitter:label2\" content=\"Est. reading time\" \/>\n\t<meta name=\"twitter:data2\" content=\"1 minute\" \/>\n<script type=\"application\/ld+json\" class=\"yoast-schema-graph\">{\"@context\":\"https:\/\/schema.org\",\"@graph\":[{\"@type\":\"WebSite\",\"@id\":\"https:\/\/www.visit-ulcinj.com\/blog\/#website\",\"url\":\"https:\/\/www.visit-ulcinj.com\/blog\/\",\"name\":\"Lajme nga Ulqini\",\"description\":\"Lajme,Vijesti,Ulqini,Ulqin,Crna Gora,Mali i Zi\",\"potentialAction\":[{\"@type\":\"SearchAction\",\"target\":{\"@type\":\"EntryPoint\",\"urlTemplate\":\"https:\/\/www.visit-ulcinj.com\/blog\/?s={search_term_string}\"},\"query-input\":\"required name=search_term_string\"}],\"inLanguage\":\"en-US\"},{\"@type\":\"ImageObject\",\"inLanguage\":\"en-US\",\"@id\":\"https:\/\/www.visit-ulcinj.com\/blog\/2008\/02\/22\/djukanovic-kryeminister-ashtu-sic-edhe-pritej\/#primaryimage\",\"url\":\"http:\/\/www.visit-ulcinj.com\/blog\/wp-content\/uploads\/2008\/02\/milo-djukanovic.thumbnail.jpg\",\"contentUrl\":\"http:\/\/www.visit-ulcinj.com\/blog\/wp-content\/uploads\/2008\/02\/milo-djukanovic.thumbnail.jpg\"},{\"@type\":\"WebPage\",\"@id\":\"https:\/\/www.visit-ulcinj.com\/blog\/2008\/02\/22\/djukanovic-kryeminister-ashtu-sic-edhe-pritej\/#webpage\",\"url\":\"https:\/\/www.visit-ulcinj.com\/blog\/2008\/02\/22\/djukanovic-kryeminister-ashtu-sic-edhe-pritej\/\",\"name\":\"Djukanovic kryeminist\u00ebr, ashtu si\u00e7 edhe pritej - Lajme nga Ulqini\",\"isPartOf\":{\"@id\":\"https:\/\/www.visit-ulcinj.com\/blog\/#website\"},\"primaryImageOfPage\":{\"@id\":\"https:\/\/www.visit-ulcinj.com\/blog\/2008\/02\/22\/djukanovic-kryeminister-ashtu-sic-edhe-pritej\/#primaryimage\"},\"datePublished\":\"2008-02-22T17:15:08+00:00\",\"dateModified\":\"2008-02-26T17:01:13+00:00\",\"author\":{\"@id\":\"https:\/\/www.visit-ulcinj.com\/blog\/#\/schema\/person\/dcab619c614d3038751c63bc2aadc06d\"},\"breadcrumb\":{\"@id\":\"https:\/\/www.visit-ulcinj.com\/blog\/2008\/02\/22\/djukanovic-kryeminister-ashtu-sic-edhe-pritej\/#breadcrumb\"},\"inLanguage\":\"en-US\",\"potentialAction\":[{\"@type\":\"ReadAction\",\"target\":[\"https:\/\/www.visit-ulcinj.com\/blog\/2008\/02\/22\/djukanovic-kryeminister-ashtu-sic-edhe-pritej\/\"]}]},{\"@type\":\"BreadcrumbList\",\"@id\":\"https:\/\/www.visit-ulcinj.com\/blog\/2008\/02\/22\/djukanovic-kryeminister-ashtu-sic-edhe-pritej\/#breadcrumb\",\"itemListElement\":[{\"@type\":\"ListItem\",\"position\":1,\"name\":\"Djukanovic kryeminist\u00ebr, ashtu si\u00e7 edhe pritej\"}]},{\"@type\":\"Person\",\"@id\":\"https:\/\/www.visit-ulcinj.com\/blog\/#\/schema\/person\/dcab619c614d3038751c63bc2aadc06d\",\"name\":\"ulqini\",\"sameAs\":[\"http:\/\/www.visit-ulcinj.com\"],\"url\":\"https:\/\/www.visit-ulcinj.com\/blog\/author\/admin\/\"}]}<\/script>\n<!-- \/ Yoast SEO plugin. -->","yoast_head_json":{"title":"Djukanovic kryeminist\u00ebr, ashtu si\u00e7 edhe pritej - Lajme nga Ulqini","robots":{"index":"index","follow":"follow","max-snippet":"max-snippet:-1","max-image-preview":"max-image-preview:large","max-video-preview":"max-video-preview:-1"},"canonical":"https:\/\/www.visit-ulcinj.com\/blog\/2008\/02\/22\/djukanovic-kryeminister-ashtu-sic-edhe-pritej\/","og_locale":"en_US","og_type":"article","og_title":"Djukanovic kryeminist\u00ebr, ashtu si\u00e7 edhe pritej - Lajme nga Ulqini","og_url":"https:\/\/www.visit-ulcinj.com\/blog\/2008\/02\/22\/djukanovic-kryeminister-ashtu-sic-edhe-pritej\/","og_site_name":"Lajme nga Ulqini","article_published_time":"2008-02-22T17:15:08+00:00","article_modified_time":"2008-02-26T17:01:13+00:00","og_image":[{"url":"http:\/\/www.visit-ulcinj.com\/blog\/wp-content\/uploads\/2008\/02\/milo-djukanovic.thumbnail.jpg"}],"twitter_misc":{"Written by":"ulqini","Est. reading time":"1 minute"},"schema":{"@context":"https:\/\/schema.org","@graph":[{"@type":"WebSite","@id":"https:\/\/www.visit-ulcinj.com\/blog\/#website","url":"https:\/\/www.visit-ulcinj.com\/blog\/","name":"Lajme nga Ulqini","description":"Lajme,Vijesti,Ulqini,Ulqin,Crna Gora,Mali i Zi","potentialAction":[{"@type":"SearchAction","target":{"@type":"EntryPoint","urlTemplate":"https:\/\/www.visit-ulcinj.com\/blog\/?s={search_term_string}"},"query-input":"required name=search_term_string"}],"inLanguage":"en-US"},{"@type":"ImageObject","inLanguage":"en-US","@id":"https:\/\/www.visit-ulcinj.com\/blog\/2008\/02\/22\/djukanovic-kryeminister-ashtu-sic-edhe-pritej\/#primaryimage","url":"http:\/\/www.visit-ulcinj.com\/blog\/wp-content\/uploads\/2008\/02\/milo-djukanovic.thumbnail.jpg","contentUrl":"http:\/\/www.visit-ulcinj.com\/blog\/wp-content\/uploads\/2008\/02\/milo-djukanovic.thumbnail.jpg"},{"@type":"WebPage","@id":"https:\/\/www.visit-ulcinj.com\/blog\/2008\/02\/22\/djukanovic-kryeminister-ashtu-sic-edhe-pritej\/#webpage","url":"https:\/\/www.visit-ulcinj.com\/blog\/2008\/02\/22\/djukanovic-kryeminister-ashtu-sic-edhe-pritej\/","name":"Djukanovic kryeminist\u00ebr, ashtu si\u00e7 edhe pritej - Lajme nga Ulqini","isPartOf":{"@id":"https:\/\/www.visit-ulcinj.com\/blog\/#website"},"primaryImageOfPage":{"@id":"https:\/\/www.visit-ulcinj.com\/blog\/2008\/02\/22\/djukanovic-kryeminister-ashtu-sic-edhe-pritej\/#primaryimage"},"datePublished":"2008-02-22T17:15:08+00:00","dateModified":"2008-02-26T17:01:13+00:00","author":{"@id":"https:\/\/www.visit-ulcinj.com\/blog\/#\/schema\/person\/dcab619c614d3038751c63bc2aadc06d"},"breadcrumb":{"@id":"https:\/\/www.visit-ulcinj.com\/blog\/2008\/02\/22\/djukanovic-kryeminister-ashtu-sic-edhe-pritej\/#breadcrumb"},"inLanguage":"en-US","potentialAction":[{"@type":"ReadAction","target":["https:\/\/www.visit-ulcinj.com\/blog\/2008\/02\/22\/djukanovic-kryeminister-ashtu-sic-edhe-pritej\/"]}]},{"@type":"BreadcrumbList","@id":"https:\/\/www.visit-ulcinj.com\/blog\/2008\/02\/22\/djukanovic-kryeminister-ashtu-sic-edhe-pritej\/#breadcrumb","itemListElement":[{"@type":"ListItem","position":1,"name":"Djukanovic kryeminist\u00ebr, ashtu si\u00e7 edhe pritej"}]},{"@type":"Person","@id":"https:\/\/www.visit-ulcinj.com\/blog\/#\/schema\/person\/dcab619c614d3038751c63bc2aadc06d","name":"ulqini","sameAs":["http:\/\/www.visit-ulcinj.com"],"url":"https:\/\/www.visit-ulcinj.com\/blog\/author\/admin\/"}]}},"jetpack_featured_media_url":"","jetpack_sharing_enabled":true,"jetpack_shortlink":"https:\/\/wp.me\/pe6lTn-9Z","_links":{"self":[{"href":"https:\/\/www.visit-ulcinj.com\/blog\/wp-json\/wp\/v2\/posts\/619"}],"collection":[{"href":"https:\/\/www.visit-ulcinj.com\/blog\/wp-json\/wp\/v2\/posts"}],"about":[{"href":"https:\/\/www.visit-ulcinj.com\/blog\/wp-json\/wp\/v2\/types\/post"}],"author":[{"embeddable":true,"href":"https:\/\/www.visit-ulcinj.com\/blog\/wp-json\/wp\/v2\/users\/1"}],"replies":[{"embeddable":true,"href":"https:\/\/www.visit-ulcinj.com\/blog\/wp-json\/wp\/v2\/comments?post=619"}],"version-history":[{"count":0,"href":"https:\/\/www.visit-ulcinj.com\/blog\/wp-json\/wp\/v2\/posts\/619\/revisions"}],"wp:attachment":[{"href":"https:\/\/www.visit-ulcinj.com\/blog\/wp-json\/wp\/v2\/media?parent=619"}],"wp:term":[{"taxonomy":"category","embeddable":true,"href":"https:\/\/www.visit-ulcinj.com\/blog\/wp-json\/wp\/v2\/categories?post=619"},{"taxonomy":"post_tag","embeddable":true,"href":"https:\/\/www.visit-ulcinj.com\/blog\/wp-json\/wp\/v2\/tags?post=619"}],"curies":[{"name":"wp","href":"https:\/\/api.w.org\/{rel}","templated":true}]}}