{"id":61904,"date":"2012-06-20T17:28:52","date_gmt":"2012-06-20T16:28:52","guid":{"rendered":"http:\/\/www.visit-ulcinj.com\/blog\/?p=61904"},"modified":"2012-06-21T22:45:48","modified_gmt":"2012-06-21T21:45:48","slug":"per-pushime-verore-kosovaret-preferojne-ulqininshqiperine-dhe-turqine","status":"publish","type":"post","link":"https:\/\/www.visit-ulcinj.com\/blog\/2012\/06\/20\/per-pushime-verore-kosovaret-preferojne-ulqininshqiperine-dhe-turqine\/","title":{"rendered":"P\u00ebr pushime verore Kosovar\u00ebt preferojn\u00eb Ulqinin,Shqip\u00ebrin\u00eb dhe Turqin\u00eb"},"content":{"rendered":"<p><a href=\"http:\/\/www.visit-ulcinj.com\/blog\/wp-content\/uploads\/2012\/06\/Plazhi-Kopakabana-Ulqin.jpg\"><img loading=\"lazy\" class=\"alignleft  wp-image-61905\" title=\"Plazhi Kopakabana Ulqin\" src=\"http:\/\/www.visit-ulcinj.com\/blog\/wp-content\/uploads\/2012\/06\/Plazhi-Kopakabana-Ulqin.jpg\" alt=\"\" width=\"508\" height=\"360\" \/><\/a>Bregdeti shqiptar mbetet destinacioni m\u00eb i preferuar p\u00ebr turistet Kosovar. Af\u00ebrsia dhe \u00e7mimi i lir\u00eb i akomodimit ka b\u00ebr\u00eb q\u00eb numri i qytetar\u00ebve t\u00eb Kosov\u00ebs q\u00eb pushojn\u00eb n\u00eb bregdetin shqiptar t\u00eb rritet dita-dit\u00ebs.<\/p>\n<p>Sipas t\u00eb dh\u00ebnave t\u00eb Ministris\u00eb s\u00eb Turizmit, Kultur\u00ebs, Rinis\u00eb dhe Sporteve, shihet se gjat\u00eb vitit 2011 Shqip\u00ebrin\u00eb e vizituan hi\u00e7 m\u00eb pak se 2 milion\u00eb e 733 mij\u00eb e 650 vizitor\u00eb, ku 46 p\u00ebr qind e tyre, apo 1.2 milion\u00eb ishin qytetar\u00eb nga Kosova, shkruan Z\u00ebri<\/p>\n<p>Pas kosovar\u00ebve, Shqip\u00ebrin\u00eb e vizituan m\u00eb s\u00eb shumti maqedonasit me 12 p\u00ebr qind, malazezt\u00eb dhe grek\u00ebt me nga 6 p\u00ebr qind, italian\u00ebt me 5 p\u00ebr qind dhe anglez\u00ebt e gjerman\u00ebt me nga 3 p\u00ebr qind.<\/p>\n<p>Por, zyrtar\u00eb t\u00eb k\u00ebsaj ministrie, por edhe pronar\u00eb t\u00eb agjencive turistike shpresojn\u00eb se sivjet numri i turist\u00ebve kosovar\u00eb q\u00eb do ta vizitojn\u00eb Shqip\u00ebrin\u00eb do t\u00eb jet\u00eb edhe m\u00eb i madh p\u00ebr shkak t\u00eb modernizimit t\u00eb infrastruktur\u00ebs rrugore.<\/p>\n<p>Pun\u00ebtor\u00eb t\u00eb agjencive turistike kan\u00eb deklaruar se numri i atyre q\u00eb udh\u00ebtojn\u00eb drejt Shqip\u00ebris\u00eb \u00ebsht\u00eb duke u rritur dita-dit\u00ebs.<\/p>\n<p>Zyrtar\u00eb t\u00eb Ministris\u00eb s\u00eb Turizmit t\u00eb Shqip\u00ebris\u00eb kan\u00eb th\u00ebn\u00eb se Kosova p\u00ebr ta ka nj\u00eb r\u00ebnd\u00ebsi t\u00eb ve\u00e7ant\u00eb, pasi q\u00eb pjesa m\u00eb e madhe e turist\u00ebve q\u00eb vizitojn\u00eb Shqip\u00ebrin\u00eb jan\u00eb nga Kosova.<br \/>\n<a href=\"http:\/\/www.visit-ulcinj.com\/blog\/wp-content\/uploads\/2012\/06\/P\u00ebr-pushime-verore-Kosovar\u00ebt-preferojn\u00eb-Ulqinin.jpg\"><img loading=\"lazy\" class=\"alignleft  wp-image-61906\" title=\"P\u00ebr pushime verore Kosovar\u00ebt preferojn\u00eb Ulqinin\" src=\"http:\/\/www.visit-ulcinj.com\/blog\/wp-content\/uploads\/2012\/06\/P\u00ebr-pushime-verore-Kosovar\u00ebt-preferojn\u00eb-Ulqinin.jpg\" alt=\"\" width=\"508\" height=\"300\" \/><\/a><\/p>\n<p>Kosovar\u00ebt nuk po e l\u00ebn\u00eb anash as Ulqinin. Ende pa filluar edhe zyrtarisht sezoni turistik, autobus\u00ebt \u00e7do dit\u00eb bartin pushues kosovar\u00eb p\u00ebr n\u00eb bregdetin e Ulqinit.<\/p>\n<p>Sipas drejtues\u00ebve t\u00eb agjencive turistike numri i udh\u00ebtareve n\u00eb linj\u00ebn Prishtin\u00eb-Ulqin \u00ebsht\u00eb n\u00eb rritje e sip\u00ebr, sidomos interesim t\u00eb madh ka gjat\u00eb dit\u00ebve t\u00eb festave dhe vikendeve.<\/p>\n<p>Edhe kryetari i Ulqinit, Nazif Cungu, pret q\u00eb k\u00ebt\u00eb sezon turistik n\u00eb Ulqin t\u00eb ket\u00eb edhe m\u00eb shum\u00eb pushues nga Kosova, raportojn\u00eb mediat kosovare.<\/p>\n<p>Sipas tij, k\u00ebt\u00eb vit as \u00e7mimet nuk do t\u00eb ndryshojn\u00eb dhe do t\u00eb jen\u00eb p\u00ebraf\u00ebrsisht t\u00eb nj\u00ebjta me ato t\u00eb vitit t\u00eb kaluar.<\/p>\n<p>Nazif Cungu ka pohuar se pik\u00ebsynim kryesor \u00ebsht\u00eb rikthimi i fuqis\u00eb s\u00eb Komun\u00ebs s\u00eb Ulqinit, q\u00eb p\u00ebrs\u00ebri t\u00eb dal\u00eb e para nga t\u00eb gjitha komunat tjera t\u00eb Malit t\u00eb Zi.<\/p>\n<p>Sipas tij, Ulqini n\u00eb ver\u00ebn e k\u00ebtij viti do t\u00eb ket\u00eb infrastruktur\u00eb shum\u00eb m\u00eb t\u00eb mir\u00eb rrugore, uj\u00eb t\u00eb pijsh\u00ebm dhe past\u00ebrti absolute p\u00ebr pushuesit.<\/p>\n<p>Kosovar\u00ebt nuk po ia l\u00ebn\u00eb mangut as Turqis\u00eb. Ofertat e shumta nga kompanit\u00eb e ndryshme kosovare kan\u00eb b\u00ebr\u00eb q\u00eb nj\u00eb num\u00ebr i madh i turist\u00ebve kosovar\u00eb t\u2019ia m\u00ebsyj\u00eb Turqis\u00eb p\u00ebr pushime.<\/p>\n<p>Disa nga kompanit\u00eb turistike n\u00eb kuad\u00ebr t\u00eb ofertave kan\u00eb edhe pagesa deri n\u00eb 12 k\u00ebste n\u00ebp\u00ebrmes bankave e shum\u00eb turist\u00eb si\u00e7 duket nuk \u00e7ajn\u00eb kok\u00ebn n\u00ebse p\u00ebr nj\u00eb vit t\u00eb t\u00ebr\u00eb do t\u00eb lajn\u00eb borxhin e k\u00ebsaj k\u00ebnaq\u00ebsie, shkruan Z\u00ebri.<\/p>\n<p>Kompanit\u00eb turistike tashm\u00eb jan\u00eb gati p\u00ebr rivier\u00ebn turke, nd\u00ebrsa hotelet q\u00eb p\u00ebrfshihen n\u00eb ofertat e tyre i takojn\u00eb vendeve si Kemer, Belek, Side, Alanya, Antalya, Marmaris dhe Bodrum.<\/p>\n<p><strong>Z\u00cbRI<\/strong><\/p>\n<p><a href=\"http:\/\/www.visit-ulcinj.com\/blog\/wp-content\/uploads\/2012\/06\/Plazha-MSM-Ulqin-Mali-i-Zi.jpg\"><img loading=\"lazy\" class=\"alignleft  wp-image-61907\" title=\"Plazha MSM - Ulqin -Mali i Zi\" src=\"http:\/\/www.visit-ulcinj.com\/blog\/wp-content\/uploads\/2012\/06\/Plazha-MSM-Ulqin-Mali-i-Zi.jpg\" alt=\"\" width=\"508\" height=\"300\" \/><\/a><\/p>\n<p><strong>Ulqin, pushime duke filluar nga 5 euro n\u00eb nat\u00eb<\/strong><\/p>\n<p>N\u00eb Ulqin \u00e7mimet e fjetjes fillojn\u00eb nga 5 euro deri n\u00eb 15 euro n\u00eb godinat private si dhe 20 deri 30 euro n\u00eb hotelet e ndryshme<\/p>\n<p>Turist\u00ebt q\u00eb do t\u00eb vendosin t\u00eb kalojn\u00eb pushimet n\u00eb Ulqin mund ta bj\u00ebn\u00eb k\u00ebt\u00eb me 5 euro p\u00ebr shtrat n\u00eb nat\u00eb. Ky \u00e7mim \u00ebsht\u00eb \u00e7mimi minimal p\u00ebr fjetjen n\u00eb sht\u00ebpit\u00eb e privat\u00ebve. N\u00eb k\u00ebto nj\u00ebsi t\u00eb turizmit familjar \u00e7mimet maksimale arrijn\u00eb deri n\u00eb 15 euro p\u00ebr shtrat n\u00eb nat\u00eb. Nd\u00ebrkoh\u00eb \u00e7mimet e hoteleve ndryshojn\u00eb nga 20 deri n\u00eb 30 euro p\u00ebr shtrat n\u00eb nat\u00eb. K\u00ebtu b\u00ebhet fjal\u00eb p\u00ebr hotele t\u00eb nd\u00ebrtuara gjat\u00eb viteve 70 \u0096 80. N\u00eb k\u00ebto hotele shumic\u00ebn e aksioneve i mban shteti.<br \/>\nNdryshimet e \u00e7mimeve t\u00eb fjetjes n\u00eb nj\u00ebsit\u00eb e ndryshme t\u00eb akomodimit t\u00eb turist\u00ebve (sht\u00ebpi private, hotele, etj) kan\u00eb shkaqet nga m\u00eb t\u00eb ndryshmet. K\u00ebshtu faktori kryesor \u00ebsht\u00eb p\u00ebrfshirja n\u00eb \u00e7mim ose jo e ushqimit. Ka nj\u00ebsi q\u00eb n\u00eb \u00e7mim nuk p\u00ebrfshijn\u00eb asnj\u00eb vakt. Ka edhe t\u00eb tjera q\u00eb ofrojn\u00eb vet\u00ebm m\u00ebngjesin ose edhe dark\u00ebn t\u00eb p\u00ebrfshir\u00eb n\u00eb \u00e7mimin e fjetjes. Arsye tjet\u00ebr e ndryshimeve t\u00eb \u00e7mimeve \u00ebsht\u00eb edhe af\u00ebrsia me detin, me qytetin apo me zona t\u00eb tjera me bukuri natyrore. Por \u00e7mimet ndryshojn\u00eb edhe n\u00eb t\u00eb nj\u00ebjtin hotel. Kjo b\u00ebhet duke pasur parasysh numrin e shtret\u00ebrve n\u00eb dhom\u00eb, pasja e ajrit t\u00eb kondicionuar etj. Shumic\u00ebn e turist\u00ebve e p\u00ebrb\u00ebjn\u00eb shqiptar\u00ebt nga Kosova e nga Maqedonia. Por edhe turist\u00ebt nga Shqip\u00ebria jan\u00eb n\u00eb rritje. P\u00ebr k\u00ebta t\u00eb fundit, ulqinak\u00ebt kan\u00eb ankesa. Kjo pasi turist\u00ebt nga Shqip\u00ebria parap\u00eblqejn\u00eb zona t\u00eb tjera turistike t\u00eb Malit t\u00eb Zi pavar\u00ebsisht nga natyra e mrekullueshme e Ulqinit.<\/p>\n<!--YouTube Error: bad URL entered-->\n","protected":false},"excerpt":{"rendered":"<p>Bregdeti shqiptar mbetet destinacioni m\u00eb i preferuar p\u00ebr turistet Kosovar. Af\u00ebrsia dhe \u00e7mimi i lir\u00eb i akomodimit ka b\u00ebr\u00eb q\u00eb numri i qytetar\u00ebve t\u00eb Kosov\u00ebs q\u00eb pushojn\u00eb n\u00eb bregdetin shqiptar t\u00eb rritet dita-dit\u00ebs. Sipas t\u00eb dh\u00ebnave t\u00eb Ministris\u00eb s\u00eb Turizmit, Kultur\u00ebs, Rinis\u00eb dhe Sporteve, shihet se gjat\u00eb vitit 2011 Shqip\u00ebrin\u00eb e vizituan hi\u00e7 m\u00eb pak [&hellip;]<\/p>\n","protected":false},"author":1,"featured_media":0,"comment_status":"open","ping_status":"closed","sticky":false,"template":"","format":"standard","meta":{"spay_email":"","jetpack_publicize_message":"","jetpack_is_tweetstorm":false,"jetpack_publicize_feature_enabled":true},"categories":[1,14],"tags":[14887],"jetpack_publicize_connections":[],"yoast_head":"<!-- This site is optimized with the Yoast SEO plugin v19.1 - https:\/\/yoast.com\/wordpress\/plugins\/seo\/ -->\n<title>P\u00ebr pushime verore Kosovar\u00ebt preferojn\u00eb Ulqinin,Shqip\u00ebrin\u00eb dhe Turqin\u00eb - Lajme nga Ulqini<\/title>\n<meta name=\"description\" content=\"Bregdeti shqiptar mbetet destinacioni m\u00eb i preferuar p\u00ebr turistet Kosovar. Af\u00ebrsia dhe \u00e7mimi i lir\u00eb i akomodimit ka b\u00ebr\u00eb q\u00eb numri i qytetar\u00ebve t\u00eb Kosov\u00ebs\" \/>\n<meta name=\"robots\" content=\"index, follow, max-snippet:-1, max-image-preview:large, max-video-preview:-1\" \/>\n<link rel=\"canonical\" href=\"https:\/\/www.visit-ulcinj.com\/blog\/2012\/06\/20\/per-pushime-verore-kosovaret-preferojne-ulqininshqiperine-dhe-turqine\/\" \/>\n<meta property=\"og:locale\" content=\"en_US\" \/>\n<meta property=\"og:type\" content=\"article\" \/>\n<meta property=\"og:title\" content=\"P\u00ebr pushime verore Kosovar\u00ebt preferojn\u00eb Ulqinin,Shqip\u00ebrin\u00eb dhe Turqin\u00eb - Lajme nga Ulqini\" \/>\n<meta property=\"og:description\" content=\"Bregdeti shqiptar mbetet destinacioni m\u00eb i preferuar p\u00ebr turistet Kosovar. Af\u00ebrsia dhe \u00e7mimi i lir\u00eb i akomodimit ka b\u00ebr\u00eb q\u00eb numri i qytetar\u00ebve t\u00eb Kosov\u00ebs\" \/>\n<meta property=\"og:url\" content=\"https:\/\/www.visit-ulcinj.com\/blog\/2012\/06\/20\/per-pushime-verore-kosovaret-preferojne-ulqininshqiperine-dhe-turqine\/\" \/>\n<meta property=\"og:site_name\" content=\"Lajme nga Ulqini\" \/>\n<meta property=\"article:published_time\" content=\"2012-06-20T16:28:52+00:00\" \/>\n<meta property=\"article:modified_time\" content=\"2012-06-21T21:45:48+00:00\" \/>\n<meta property=\"og:image\" content=\"http:\/\/www.visit-ulcinj.com\/blog\/wp-content\/uploads\/2012\/06\/Plazhi-Kopakabana-Ulqin.jpg\" \/>\n<meta name=\"twitter:label1\" content=\"Written by\" \/>\n\t<meta name=\"twitter:data1\" content=\"ulqini\" \/>\n\t<meta name=\"twitter:label2\" content=\"Est. reading time\" \/>\n\t<meta name=\"twitter:data2\" content=\"4 minutes\" \/>\n<script type=\"application\/ld+json\" class=\"yoast-schema-graph\">{\"@context\":\"https:\/\/schema.org\",\"@graph\":[{\"@type\":\"WebSite\",\"@id\":\"https:\/\/www.visit-ulcinj.com\/blog\/#website\",\"url\":\"https:\/\/www.visit-ulcinj.com\/blog\/\",\"name\":\"Lajme nga Ulqini\",\"description\":\"Lajme,Vijesti,Ulqini,Ulqin,Crna Gora,Mali i Zi\",\"potentialAction\":[{\"@type\":\"SearchAction\",\"target\":{\"@type\":\"EntryPoint\",\"urlTemplate\":\"https:\/\/www.visit-ulcinj.com\/blog\/?s={search_term_string}\"},\"query-input\":\"required name=search_term_string\"}],\"inLanguage\":\"en-US\"},{\"@type\":\"ImageObject\",\"inLanguage\":\"en-US\",\"@id\":\"https:\/\/www.visit-ulcinj.com\/blog\/2012\/06\/20\/per-pushime-verore-kosovaret-preferojne-ulqininshqiperine-dhe-turqine\/#primaryimage\",\"url\":\"https:\/\/www.visit-ulcinj.com\/blog\/wp-content\/uploads\/2012\/06\/Plazhi-Kopakabana-Ulqin.jpg\",\"contentUrl\":\"https:\/\/www.visit-ulcinj.com\/blog\/wp-content\/uploads\/2012\/06\/Plazhi-Kopakabana-Ulqin.jpg\",\"width\":\"800\",\"height\":\"581\"},{\"@type\":\"WebPage\",\"@id\":\"https:\/\/www.visit-ulcinj.com\/blog\/2012\/06\/20\/per-pushime-verore-kosovaret-preferojne-ulqininshqiperine-dhe-turqine\/#webpage\",\"url\":\"https:\/\/www.visit-ulcinj.com\/blog\/2012\/06\/20\/per-pushime-verore-kosovaret-preferojne-ulqininshqiperine-dhe-turqine\/\",\"name\":\"P\u00ebr pushime verore Kosovar\u00ebt preferojn\u00eb Ulqinin,Shqip\u00ebrin\u00eb dhe Turqin\u00eb - Lajme nga Ulqini\",\"isPartOf\":{\"@id\":\"https:\/\/www.visit-ulcinj.com\/blog\/#website\"},\"primaryImageOfPage\":{\"@id\":\"https:\/\/www.visit-ulcinj.com\/blog\/2012\/06\/20\/per-pushime-verore-kosovaret-preferojne-ulqininshqiperine-dhe-turqine\/#primaryimage\"},\"datePublished\":\"2012-06-20T16:28:52+00:00\",\"dateModified\":\"2012-06-21T21:45:48+00:00\",\"author\":{\"@id\":\"https:\/\/www.visit-ulcinj.com\/blog\/#\/schema\/person\/dcab619c614d3038751c63bc2aadc06d\"},\"description\":\"Bregdeti shqiptar mbetet destinacioni m\u00eb i preferuar p\u00ebr turistet Kosovar. Af\u00ebrsia dhe \u00e7mimi i lir\u00eb i akomodimit ka b\u00ebr\u00eb q\u00eb numri i qytetar\u00ebve t\u00eb Kosov\u00ebs\",\"breadcrumb\":{\"@id\":\"https:\/\/www.visit-ulcinj.com\/blog\/2012\/06\/20\/per-pushime-verore-kosovaret-preferojne-ulqininshqiperine-dhe-turqine\/#breadcrumb\"},\"inLanguage\":\"en-US\",\"potentialAction\":[{\"@type\":\"ReadAction\",\"target\":[\"https:\/\/www.visit-ulcinj.com\/blog\/2012\/06\/20\/per-pushime-verore-kosovaret-preferojne-ulqininshqiperine-dhe-turqine\/\"]}]},{\"@type\":\"BreadcrumbList\",\"@id\":\"https:\/\/www.visit-ulcinj.com\/blog\/2012\/06\/20\/per-pushime-verore-kosovaret-preferojne-ulqininshqiperine-dhe-turqine\/#breadcrumb\",\"itemListElement\":[{\"@type\":\"ListItem\",\"position\":1,\"name\":\"P\u00ebr pushime verore Kosovar\u00ebt preferojn\u00eb Ulqinin,Shqip\u00ebrin\u00eb dhe Turqin\u00eb\"}]},{\"@type\":\"Person\",\"@id\":\"https:\/\/www.visit-ulcinj.com\/blog\/#\/schema\/person\/dcab619c614d3038751c63bc2aadc06d\",\"name\":\"ulqini\",\"sameAs\":[\"http:\/\/www.visit-ulcinj.com\"],\"url\":\"https:\/\/www.visit-ulcinj.com\/blog\/author\/admin\/\"}]}<\/script>\n<!-- \/ Yoast SEO plugin. -->","yoast_head_json":{"title":"P\u00ebr pushime verore Kosovar\u00ebt preferojn\u00eb Ulqinin,Shqip\u00ebrin\u00eb dhe Turqin\u00eb - Lajme nga Ulqini","description":"Bregdeti shqiptar mbetet destinacioni m\u00eb i preferuar p\u00ebr turistet Kosovar. Af\u00ebrsia dhe \u00e7mimi i lir\u00eb i akomodimit ka b\u00ebr\u00eb q\u00eb numri i qytetar\u00ebve t\u00eb Kosov\u00ebs","robots":{"index":"index","follow":"follow","max-snippet":"max-snippet:-1","max-image-preview":"max-image-preview:large","max-video-preview":"max-video-preview:-1"},"canonical":"https:\/\/www.visit-ulcinj.com\/blog\/2012\/06\/20\/per-pushime-verore-kosovaret-preferojne-ulqininshqiperine-dhe-turqine\/","og_locale":"en_US","og_type":"article","og_title":"P\u00ebr pushime verore Kosovar\u00ebt preferojn\u00eb Ulqinin,Shqip\u00ebrin\u00eb dhe Turqin\u00eb - Lajme nga Ulqini","og_description":"Bregdeti shqiptar mbetet destinacioni m\u00eb i preferuar p\u00ebr turistet Kosovar. Af\u00ebrsia dhe \u00e7mimi i lir\u00eb i akomodimit ka b\u00ebr\u00eb q\u00eb numri i qytetar\u00ebve t\u00eb Kosov\u00ebs","og_url":"https:\/\/www.visit-ulcinj.com\/blog\/2012\/06\/20\/per-pushime-verore-kosovaret-preferojne-ulqininshqiperine-dhe-turqine\/","og_site_name":"Lajme nga Ulqini","article_published_time":"2012-06-20T16:28:52+00:00","article_modified_time":"2012-06-21T21:45:48+00:00","og_image":[{"url":"http:\/\/www.visit-ulcinj.com\/blog\/wp-content\/uploads\/2012\/06\/Plazhi-Kopakabana-Ulqin.jpg"}],"twitter_misc":{"Written by":"ulqini","Est. reading time":"4 minutes"},"schema":{"@context":"https:\/\/schema.org","@graph":[{"@type":"WebSite","@id":"https:\/\/www.visit-ulcinj.com\/blog\/#website","url":"https:\/\/www.visit-ulcinj.com\/blog\/","name":"Lajme nga Ulqini","description":"Lajme,Vijesti,Ulqini,Ulqin,Crna Gora,Mali i Zi","potentialAction":[{"@type":"SearchAction","target":{"@type":"EntryPoint","urlTemplate":"https:\/\/www.visit-ulcinj.com\/blog\/?s={search_term_string}"},"query-input":"required name=search_term_string"}],"inLanguage":"en-US"},{"@type":"ImageObject","inLanguage":"en-US","@id":"https:\/\/www.visit-ulcinj.com\/blog\/2012\/06\/20\/per-pushime-verore-kosovaret-preferojne-ulqininshqiperine-dhe-turqine\/#primaryimage","url":"https:\/\/www.visit-ulcinj.com\/blog\/wp-content\/uploads\/2012\/06\/Plazhi-Kopakabana-Ulqin.jpg","contentUrl":"https:\/\/www.visit-ulcinj.com\/blog\/wp-content\/uploads\/2012\/06\/Plazhi-Kopakabana-Ulqin.jpg","width":"800","height":"581"},{"@type":"WebPage","@id":"https:\/\/www.visit-ulcinj.com\/blog\/2012\/06\/20\/per-pushime-verore-kosovaret-preferojne-ulqininshqiperine-dhe-turqine\/#webpage","url":"https:\/\/www.visit-ulcinj.com\/blog\/2012\/06\/20\/per-pushime-verore-kosovaret-preferojne-ulqininshqiperine-dhe-turqine\/","name":"P\u00ebr pushime verore Kosovar\u00ebt preferojn\u00eb Ulqinin,Shqip\u00ebrin\u00eb dhe Turqin\u00eb - Lajme nga Ulqini","isPartOf":{"@id":"https:\/\/www.visit-ulcinj.com\/blog\/#website"},"primaryImageOfPage":{"@id":"https:\/\/www.visit-ulcinj.com\/blog\/2012\/06\/20\/per-pushime-verore-kosovaret-preferojne-ulqininshqiperine-dhe-turqine\/#primaryimage"},"datePublished":"2012-06-20T16:28:52+00:00","dateModified":"2012-06-21T21:45:48+00:00","author":{"@id":"https:\/\/www.visit-ulcinj.com\/blog\/#\/schema\/person\/dcab619c614d3038751c63bc2aadc06d"},"description":"Bregdeti shqiptar mbetet destinacioni m\u00eb i preferuar p\u00ebr turistet Kosovar. Af\u00ebrsia dhe \u00e7mimi i lir\u00eb i akomodimit ka b\u00ebr\u00eb q\u00eb numri i qytetar\u00ebve t\u00eb Kosov\u00ebs","breadcrumb":{"@id":"https:\/\/www.visit-ulcinj.com\/blog\/2012\/06\/20\/per-pushime-verore-kosovaret-preferojne-ulqininshqiperine-dhe-turqine\/#breadcrumb"},"inLanguage":"en-US","potentialAction":[{"@type":"ReadAction","target":["https:\/\/www.visit-ulcinj.com\/blog\/2012\/06\/20\/per-pushime-verore-kosovaret-preferojne-ulqininshqiperine-dhe-turqine\/"]}]},{"@type":"BreadcrumbList","@id":"https:\/\/www.visit-ulcinj.com\/blog\/2012\/06\/20\/per-pushime-verore-kosovaret-preferojne-ulqininshqiperine-dhe-turqine\/#breadcrumb","itemListElement":[{"@type":"ListItem","position":1,"name":"P\u00ebr pushime verore Kosovar\u00ebt preferojn\u00eb Ulqinin,Shqip\u00ebrin\u00eb dhe Turqin\u00eb"}]},{"@type":"Person","@id":"https:\/\/www.visit-ulcinj.com\/blog\/#\/schema\/person\/dcab619c614d3038751c63bc2aadc06d","name":"ulqini","sameAs":["http:\/\/www.visit-ulcinj.com"],"url":"https:\/\/www.visit-ulcinj.com\/blog\/author\/admin\/"}]}},"jetpack_featured_media_url":"","jetpack_sharing_enabled":true,"jetpack_shortlink":"https:\/\/wp.me\/pe6lTn-g6s","_links":{"self":[{"href":"https:\/\/www.visit-ulcinj.com\/blog\/wp-json\/wp\/v2\/posts\/61904"}],"collection":[{"href":"https:\/\/www.visit-ulcinj.com\/blog\/wp-json\/wp\/v2\/posts"}],"about":[{"href":"https:\/\/www.visit-ulcinj.com\/blog\/wp-json\/wp\/v2\/types\/post"}],"author":[{"embeddable":true,"href":"https:\/\/www.visit-ulcinj.com\/blog\/wp-json\/wp\/v2\/users\/1"}],"replies":[{"embeddable":true,"href":"https:\/\/www.visit-ulcinj.com\/blog\/wp-json\/wp\/v2\/comments?post=61904"}],"version-history":[{"count":2,"href":"https:\/\/www.visit-ulcinj.com\/blog\/wp-json\/wp\/v2\/posts\/61904\/revisions"}],"predecessor-version":[{"id":61940,"href":"https:\/\/www.visit-ulcinj.com\/blog\/wp-json\/wp\/v2\/posts\/61904\/revisions\/61940"}],"wp:attachment":[{"href":"https:\/\/www.visit-ulcinj.com\/blog\/wp-json\/wp\/v2\/media?parent=61904"}],"wp:term":[{"taxonomy":"category","embeddable":true,"href":"https:\/\/www.visit-ulcinj.com\/blog\/wp-json\/wp\/v2\/categories?post=61904"},{"taxonomy":"post_tag","embeddable":true,"href":"https:\/\/www.visit-ulcinj.com\/blog\/wp-json\/wp\/v2\/tags?post=61904"}],"curies":[{"name":"wp","href":"https:\/\/api.w.org\/{rel}","templated":true}]}}