{"id":61909,"date":"2012-06-20T18:01:33","date_gmt":"2012-06-20T17:01:33","guid":{"rendered":"http:\/\/www.visit-ulcinj.com\/blog\/?p=61909"},"modified":"2012-06-20T18:01:33","modified_gmt":"2012-06-20T17:01:33","slug":"karamanaga-ulcinj-ocekuje-vise-gostiju-bez-guzve-do-velike-plaze","status":"publish","type":"post","link":"https:\/\/www.visit-ulcinj.com\/blog\/2012\/06\/20\/karamanaga-ulcinj-ocekuje-vise-gostiju-bez-guzve-do-velike-plaze\/","title":{"rendered":"Karamanaga: Ulcinj o\u010dekuje vi\u0161e gostiju, bez gu\u017eve do Velike pla\u017ee"},"content":{"rendered":"<p><a href=\"http:\/\/www.visit-ulcinj.com\/blog\/wp-content\/uploads\/2012\/06\/Minir-Karamanaga-Direktor-Turisticke-organizacije-Ulcinja.jpg\"><img loading=\"lazy\" class=\"alignleft  wp-image-61910\" title=\"Minir Karamanaga - Direktor Turisticke organizacije Ulcinja\" src=\"http:\/\/www.visit-ulcinj.com\/blog\/wp-content\/uploads\/2012\/06\/Minir-Karamanaga-Direktor-Turisticke-organizacije-Ulcinja.jpg\" alt=\"\" width=\"508\" height=\"360\" \/><\/a>Direktor Turisti\u010dke organizacije Ulcinja ,Minir Karamanaga ka\u017ee da je do sada broj turista za oko \u010detiri odsto ve\u0107i nego pro\u0161le godine, da su rije\u0161ili ili zavr\u0161avaju rje\u0161enje komunalnih i saobra\u0107ajnih problema, da je proradio hotel Otrant i da je sezona marketin\u0161ki dobro pripremljena, i da zbog svega toga o\u010dekuje dobru sezonu.<\/p>\n<p>&#8220;Zavr\u0161ava se izgradnja mosta na Port Mileni i o\u010dekujemo da uskoro bude pu\u0161ten u saobra\u0107aj zahvaljuju\u0107i \u010demu \u0107e se br\u017ee stizati na Veliku pla\u017eu. Time \u0107e biti elminisane gu\u017eve na putu koje su do sada postojale u \u0161picu sezone i koje su bile jedan od problema koji su turisti naj\u010de\u0161\u0107e pominjali&#8221;.<br \/>\n<a href=\"http:\/\/www.visit-ulcinj.com\/blog\/wp-content\/uploads\/2012\/06\/P\u00ebr-pushime-verore-Kosovar\u00ebt-preferojn\u00eb-Ulqinin1.jpg\"><img loading=\"lazy\" class=\"alignleft  wp-image-61911\" title=\"P\u00ebr pushime verore Kosovar\u00ebt preferojn\u00eb Ulqinin\" src=\"http:\/\/www.visit-ulcinj.com\/blog\/wp-content\/uploads\/2012\/06\/P\u00ebr-pushime-verore-Kosovar\u00ebt-preferojn\u00eb-Ulqinin1.jpg\" alt=\"\" width=\"508\" height=\"300\" \/><\/a><\/p>\n<p>&#8220;Zavr\u0161ena je i rekonstrukcija \u0161est kilometara puta prema Albaniji, \u0161to \u0107e zna\u010dajno olak\u0161ati saobra\u0107aj na tom pravcu. Komunalno preduze\u0107e je nabavilo novu mehanizaciju, pove\u0107alo broj kontejnera i naru\u010dilo specijalnu ma\u0161inu za \u010di\u0161\u0107enje pla\u017ea, zbog \u010dega se mogu o\u010dekivati \u010diste ulice i pla\u017ee. Priklju\u010denjem na Regionalni vodovod rije\u0161eni su problemi sa vodom koje smo ranije imali&#8221;, kazao je Karamanaga.<\/p>\n<p>Hotel Otrant pro\u0161le sezone nije radio, a prije tri mjeseca ga je zakupila ulcinjska firma Agros. &#8220;Otrant je po\u010deo dobro da radi i prema informacijama koje imam skoro da je rasprodat do novembra. Imali smo dobre nastupe na sajmovima turizma u regionu, na kojima je bilo veliko interesovanje agencija i turista za na\u0161u ponudu. Ju\u010de smo imali organizovanu posjetu grupe novinara iz Srbije, a narednih dana \u0107e nam do\u0107i predstavnici medija iz Bosne i Hercegovine i sa Kosova&#8221;, kazao je Karamanaga.<\/p>\n<p>On je kazao da je po\u010delo i rje\u0161avanje problema sa otpadnim vodama kod kanala Port Milena, ali da ne zna kada \u0107e radovi biti zavr\u0161eni.<\/p>\n<p><a href=\"http:\/\/www.vijesti.me\/vijesti\/ljeto-crnoj-gori-vise-bolje-iste-cijene-clanak-78491\" target=\"_blank\"><strong>Ekipa Vijesti<\/strong><\/a><\/p>\n","protected":false},"excerpt":{"rendered":"<p>Direktor Turisti\u010dke organizacije Ulcinja ,Minir Karamanaga ka\u017ee da je do sada broj turista za oko \u010detiri odsto ve\u0107i nego pro\u0161le godine, da su rije\u0161ili ili zavr\u0161avaju rje\u0161enje komunalnih i saobra\u0107ajnih problema, da je proradio hotel Otrant i da je sezona marketin\u0161ki dobro pripremljena, i da zbog svega toga o\u010dekuje dobru sezonu. &#8220;Zavr\u0161ava se izgradnja mosta [&hellip;]<\/p>\n","protected":false},"author":1,"featured_media":0,"comment_status":"open","ping_status":"closed","sticky":false,"template":"","format":"standard","meta":{"spay_email":"","jetpack_publicize_message":"","jetpack_is_tweetstorm":false,"jetpack_publicize_feature_enabled":true},"categories":[8337],"tags":[20807,15750],"jetpack_publicize_connections":[],"yoast_head":"<!-- This site is optimized with the Yoast SEO plugin v19.1 - https:\/\/yoast.com\/wordpress\/plugins\/seo\/ -->\n<title>Karamanaga: Ulcinj o\u010dekuje vi\u0161e gostiju, bez gu\u017eve do Velike pla\u017ee - Lajme nga Ulqini<\/title>\n<meta name=\"description\" content=\"Direktor Turisti\u010dke organizacije Ulcinja ,Minir Karamanaga ka\u017ee da je do sada broj turista za oko \u010detiri odsto ve\u0107i nego pro\u0161le godine, da su rije\u0161ili ili\" \/>\n<meta name=\"robots\" content=\"index, follow, max-snippet:-1, max-image-preview:large, max-video-preview:-1\" \/>\n<link rel=\"canonical\" href=\"https:\/\/www.visit-ulcinj.com\/blog\/2012\/06\/20\/karamanaga-ulcinj-ocekuje-vise-gostiju-bez-guzve-do-velike-plaze\/\" \/>\n<meta property=\"og:locale\" content=\"en_US\" \/>\n<meta property=\"og:type\" content=\"article\" \/>\n<meta property=\"og:title\" content=\"Karamanaga: Ulcinj o\u010dekuje vi\u0161e gostiju, bez gu\u017eve do Velike pla\u017ee - Lajme nga Ulqini\" \/>\n<meta property=\"og:description\" content=\"Direktor Turisti\u010dke organizacije Ulcinja ,Minir Karamanaga ka\u017ee da je do sada broj turista za oko \u010detiri odsto ve\u0107i nego pro\u0161le godine, da su rije\u0161ili ili\" \/>\n<meta property=\"og:url\" content=\"https:\/\/www.visit-ulcinj.com\/blog\/2012\/06\/20\/karamanaga-ulcinj-ocekuje-vise-gostiju-bez-guzve-do-velike-plaze\/\" \/>\n<meta property=\"og:site_name\" content=\"Lajme nga Ulqini\" \/>\n<meta property=\"article:published_time\" content=\"2012-06-20T17:01:33+00:00\" \/>\n<meta property=\"og:image\" content=\"http:\/\/www.visit-ulcinj.com\/blog\/wp-content\/uploads\/2012\/06\/Minir-Karamanaga-Direktor-Turisticke-organizacije-Ulcinja.jpg\" \/>\n<meta name=\"twitter:label1\" content=\"Written by\" \/>\n\t<meta name=\"twitter:data1\" content=\"ulqini\" \/>\n\t<meta name=\"twitter:label2\" content=\"Est. reading time\" \/>\n\t<meta name=\"twitter:data2\" content=\"2 minutes\" \/>\n<script type=\"application\/ld+json\" class=\"yoast-schema-graph\">{\"@context\":\"https:\/\/schema.org\",\"@graph\":[{\"@type\":\"WebSite\",\"@id\":\"https:\/\/www.visit-ulcinj.com\/blog\/#website\",\"url\":\"https:\/\/www.visit-ulcinj.com\/blog\/\",\"name\":\"Lajme nga Ulqini\",\"description\":\"Lajme,Vijesti,Ulqini,Ulqin,Crna Gora,Mali i Zi\",\"potentialAction\":[{\"@type\":\"SearchAction\",\"target\":{\"@type\":\"EntryPoint\",\"urlTemplate\":\"https:\/\/www.visit-ulcinj.com\/blog\/?s={search_term_string}\"},\"query-input\":\"required name=search_term_string\"}],\"inLanguage\":\"en-US\"},{\"@type\":\"ImageObject\",\"inLanguage\":\"en-US\",\"@id\":\"https:\/\/www.visit-ulcinj.com\/blog\/2012\/06\/20\/karamanaga-ulcinj-ocekuje-vise-gostiju-bez-guzve-do-velike-plaze\/#primaryimage\",\"url\":\"https:\/\/www.visit-ulcinj.com\/blog\/wp-content\/uploads\/2012\/06\/Minir-Karamanaga-Direktor-Turisticke-organizacije-Ulcinja.jpg\",\"contentUrl\":\"https:\/\/www.visit-ulcinj.com\/blog\/wp-content\/uploads\/2012\/06\/Minir-Karamanaga-Direktor-Turisticke-organizacije-Ulcinja.jpg\",\"width\":\"720\",\"height\":\"797\"},{\"@type\":\"WebPage\",\"@id\":\"https:\/\/www.visit-ulcinj.com\/blog\/2012\/06\/20\/karamanaga-ulcinj-ocekuje-vise-gostiju-bez-guzve-do-velike-plaze\/#webpage\",\"url\":\"https:\/\/www.visit-ulcinj.com\/blog\/2012\/06\/20\/karamanaga-ulcinj-ocekuje-vise-gostiju-bez-guzve-do-velike-plaze\/\",\"name\":\"Karamanaga: Ulcinj o\u010dekuje vi\u0161e gostiju, bez gu\u017eve do Velike pla\u017ee - Lajme nga Ulqini\",\"isPartOf\":{\"@id\":\"https:\/\/www.visit-ulcinj.com\/blog\/#website\"},\"primaryImageOfPage\":{\"@id\":\"https:\/\/www.visit-ulcinj.com\/blog\/2012\/06\/20\/karamanaga-ulcinj-ocekuje-vise-gostiju-bez-guzve-do-velike-plaze\/#primaryimage\"},\"datePublished\":\"2012-06-20T17:01:33+00:00\",\"dateModified\":\"2012-06-20T17:01:33+00:00\",\"author\":{\"@id\":\"https:\/\/www.visit-ulcinj.com\/blog\/#\/schema\/person\/dcab619c614d3038751c63bc2aadc06d\"},\"description\":\"Direktor Turisti\u010dke organizacije Ulcinja ,Minir Karamanaga ka\u017ee da je do sada broj turista za oko \u010detiri odsto ve\u0107i nego pro\u0161le godine, da su rije\u0161ili ili\",\"breadcrumb\":{\"@id\":\"https:\/\/www.visit-ulcinj.com\/blog\/2012\/06\/20\/karamanaga-ulcinj-ocekuje-vise-gostiju-bez-guzve-do-velike-plaze\/#breadcrumb\"},\"inLanguage\":\"en-US\",\"potentialAction\":[{\"@type\":\"ReadAction\",\"target\":[\"https:\/\/www.visit-ulcinj.com\/blog\/2012\/06\/20\/karamanaga-ulcinj-ocekuje-vise-gostiju-bez-guzve-do-velike-plaze\/\"]}]},{\"@type\":\"BreadcrumbList\",\"@id\":\"https:\/\/www.visit-ulcinj.com\/blog\/2012\/06\/20\/karamanaga-ulcinj-ocekuje-vise-gostiju-bez-guzve-do-velike-plaze\/#breadcrumb\",\"itemListElement\":[{\"@type\":\"ListItem\",\"position\":1,\"name\":\"Karamanaga: Ulcinj o\u010dekuje vi\u0161e gostiju, bez gu\u017eve do Velike pla\u017ee\"}]},{\"@type\":\"Person\",\"@id\":\"https:\/\/www.visit-ulcinj.com\/blog\/#\/schema\/person\/dcab619c614d3038751c63bc2aadc06d\",\"name\":\"ulqini\",\"sameAs\":[\"http:\/\/www.visit-ulcinj.com\"],\"url\":\"https:\/\/www.visit-ulcinj.com\/blog\/author\/admin\/\"}]}<\/script>\n<!-- \/ Yoast SEO plugin. -->","yoast_head_json":{"title":"Karamanaga: Ulcinj o\u010dekuje vi\u0161e gostiju, bez gu\u017eve do Velike pla\u017ee - Lajme nga Ulqini","description":"Direktor Turisti\u010dke organizacije Ulcinja ,Minir Karamanaga ka\u017ee da je do sada broj turista za oko \u010detiri odsto ve\u0107i nego pro\u0161le godine, da su rije\u0161ili ili","robots":{"index":"index","follow":"follow","max-snippet":"max-snippet:-1","max-image-preview":"max-image-preview:large","max-video-preview":"max-video-preview:-1"},"canonical":"https:\/\/www.visit-ulcinj.com\/blog\/2012\/06\/20\/karamanaga-ulcinj-ocekuje-vise-gostiju-bez-guzve-do-velike-plaze\/","og_locale":"en_US","og_type":"article","og_title":"Karamanaga: Ulcinj o\u010dekuje vi\u0161e gostiju, bez gu\u017eve do Velike pla\u017ee - Lajme nga Ulqini","og_description":"Direktor Turisti\u010dke organizacije Ulcinja ,Minir Karamanaga ka\u017ee da je do sada broj turista za oko \u010detiri odsto ve\u0107i nego pro\u0161le godine, da su rije\u0161ili ili","og_url":"https:\/\/www.visit-ulcinj.com\/blog\/2012\/06\/20\/karamanaga-ulcinj-ocekuje-vise-gostiju-bez-guzve-do-velike-plaze\/","og_site_name":"Lajme nga Ulqini","article_published_time":"2012-06-20T17:01:33+00:00","og_image":[{"url":"http:\/\/www.visit-ulcinj.com\/blog\/wp-content\/uploads\/2012\/06\/Minir-Karamanaga-Direktor-Turisticke-organizacije-Ulcinja.jpg"}],"twitter_misc":{"Written by":"ulqini","Est. reading time":"2 minutes"},"schema":{"@context":"https:\/\/schema.org","@graph":[{"@type":"WebSite","@id":"https:\/\/www.visit-ulcinj.com\/blog\/#website","url":"https:\/\/www.visit-ulcinj.com\/blog\/","name":"Lajme nga Ulqini","description":"Lajme,Vijesti,Ulqini,Ulqin,Crna Gora,Mali i Zi","potentialAction":[{"@type":"SearchAction","target":{"@type":"EntryPoint","urlTemplate":"https:\/\/www.visit-ulcinj.com\/blog\/?s={search_term_string}"},"query-input":"required name=search_term_string"}],"inLanguage":"en-US"},{"@type":"ImageObject","inLanguage":"en-US","@id":"https:\/\/www.visit-ulcinj.com\/blog\/2012\/06\/20\/karamanaga-ulcinj-ocekuje-vise-gostiju-bez-guzve-do-velike-plaze\/#primaryimage","url":"https:\/\/www.visit-ulcinj.com\/blog\/wp-content\/uploads\/2012\/06\/Minir-Karamanaga-Direktor-Turisticke-organizacije-Ulcinja.jpg","contentUrl":"https:\/\/www.visit-ulcinj.com\/blog\/wp-content\/uploads\/2012\/06\/Minir-Karamanaga-Direktor-Turisticke-organizacije-Ulcinja.jpg","width":"720","height":"797"},{"@type":"WebPage","@id":"https:\/\/www.visit-ulcinj.com\/blog\/2012\/06\/20\/karamanaga-ulcinj-ocekuje-vise-gostiju-bez-guzve-do-velike-plaze\/#webpage","url":"https:\/\/www.visit-ulcinj.com\/blog\/2012\/06\/20\/karamanaga-ulcinj-ocekuje-vise-gostiju-bez-guzve-do-velike-plaze\/","name":"Karamanaga: Ulcinj o\u010dekuje vi\u0161e gostiju, bez gu\u017eve do Velike pla\u017ee - Lajme nga Ulqini","isPartOf":{"@id":"https:\/\/www.visit-ulcinj.com\/blog\/#website"},"primaryImageOfPage":{"@id":"https:\/\/www.visit-ulcinj.com\/blog\/2012\/06\/20\/karamanaga-ulcinj-ocekuje-vise-gostiju-bez-guzve-do-velike-plaze\/#primaryimage"},"datePublished":"2012-06-20T17:01:33+00:00","dateModified":"2012-06-20T17:01:33+00:00","author":{"@id":"https:\/\/www.visit-ulcinj.com\/blog\/#\/schema\/person\/dcab619c614d3038751c63bc2aadc06d"},"description":"Direktor Turisti\u010dke organizacije Ulcinja ,Minir Karamanaga ka\u017ee da je do sada broj turista za oko \u010detiri odsto ve\u0107i nego pro\u0161le godine, da su rije\u0161ili ili","breadcrumb":{"@id":"https:\/\/www.visit-ulcinj.com\/blog\/2012\/06\/20\/karamanaga-ulcinj-ocekuje-vise-gostiju-bez-guzve-do-velike-plaze\/#breadcrumb"},"inLanguage":"en-US","potentialAction":[{"@type":"ReadAction","target":["https:\/\/www.visit-ulcinj.com\/blog\/2012\/06\/20\/karamanaga-ulcinj-ocekuje-vise-gostiju-bez-guzve-do-velike-plaze\/"]}]},{"@type":"BreadcrumbList","@id":"https:\/\/www.visit-ulcinj.com\/blog\/2012\/06\/20\/karamanaga-ulcinj-ocekuje-vise-gostiju-bez-guzve-do-velike-plaze\/#breadcrumb","itemListElement":[{"@type":"ListItem","position":1,"name":"Karamanaga: Ulcinj o\u010dekuje vi\u0161e gostiju, bez gu\u017eve do Velike pla\u017ee"}]},{"@type":"Person","@id":"https:\/\/www.visit-ulcinj.com\/blog\/#\/schema\/person\/dcab619c614d3038751c63bc2aadc06d","name":"ulqini","sameAs":["http:\/\/www.visit-ulcinj.com"],"url":"https:\/\/www.visit-ulcinj.com\/blog\/author\/admin\/"}]}},"jetpack_featured_media_url":"","jetpack_sharing_enabled":true,"jetpack_shortlink":"https:\/\/wp.me\/pe6lTn-g6x","_links":{"self":[{"href":"https:\/\/www.visit-ulcinj.com\/blog\/wp-json\/wp\/v2\/posts\/61909"}],"collection":[{"href":"https:\/\/www.visit-ulcinj.com\/blog\/wp-json\/wp\/v2\/posts"}],"about":[{"href":"https:\/\/www.visit-ulcinj.com\/blog\/wp-json\/wp\/v2\/types\/post"}],"author":[{"embeddable":true,"href":"https:\/\/www.visit-ulcinj.com\/blog\/wp-json\/wp\/v2\/users\/1"}],"replies":[{"embeddable":true,"href":"https:\/\/www.visit-ulcinj.com\/blog\/wp-json\/wp\/v2\/comments?post=61909"}],"version-history":[{"count":1,"href":"https:\/\/www.visit-ulcinj.com\/blog\/wp-json\/wp\/v2\/posts\/61909\/revisions"}],"predecessor-version":[{"id":61912,"href":"https:\/\/www.visit-ulcinj.com\/blog\/wp-json\/wp\/v2\/posts\/61909\/revisions\/61912"}],"wp:attachment":[{"href":"https:\/\/www.visit-ulcinj.com\/blog\/wp-json\/wp\/v2\/media?parent=61909"}],"wp:term":[{"taxonomy":"category","embeddable":true,"href":"https:\/\/www.visit-ulcinj.com\/blog\/wp-json\/wp\/v2\/categories?post=61909"},{"taxonomy":"post_tag","embeddable":true,"href":"https:\/\/www.visit-ulcinj.com\/blog\/wp-json\/wp\/v2\/tags?post=61909"}],"curies":[{"name":"wp","href":"https:\/\/api.w.org\/{rel}","templated":true}]}}