{"id":6191,"date":"2008-11-16T15:29:35","date_gmt":"2008-11-16T20:29:35","guid":{"rendered":"http:\/\/www.visit-ulcinj.com\/blog\/?p=6191"},"modified":"2008-11-16T15:29:35","modified_gmt":"2008-11-16T20:29:35","slug":"azem-vllasi-ambasador-i-kosoves-ne-podgorice","status":"publish","type":"post","link":"https:\/\/www.visit-ulcinj.com\/blog\/2008\/11\/16\/azem-vllasi-ambasador-i-kosoves-ne-podgorice\/","title":{"rendered":"Azem Vllasi ambasador i Kosov\u00ebs n\u00eb Podgoric\u00eb"},"content":{"rendered":"<p><a href=\"http:\/\/www.visit-ulcinj.com\/blog\/wp-content\/uploads\/2008\/11\/azem-vlasi1.jpg\"><img loading=\"lazy\" class=\"alignleft size-medium wp-image-6192\" title=\"azem-vlasi1\" src=\"http:\/\/www.visit-ulcinj.com\/blog\/wp-content\/uploads\/2008\/11\/azem-vlasi1-300x225.jpg\" alt=\"\" width=\"300\" height=\"225\" srcset=\"https:\/\/www.visit-ulcinj.com\/blog\/wp-content\/uploads\/2008\/11\/azem-vlasi1-300x225.jpg 300w, https:\/\/www.visit-ulcinj.com\/blog\/wp-content\/uploads\/2008\/11\/azem-vlasi1.jpg 420w\" sizes=\"(max-width: 300px) 100vw, 300px\" \/><\/a>Ish-funksionari kosovar komunist, Azem Vllasi do t\u00eb em\u00ebrohet si ambasadori i par\u00eb i Kosov\u00ebs n\u00eb Mal t\u00eb Zi.<br \/>\nLajmi b\u00ebhet i ditur nga gazeta e Podgoric\u00ebs &#8220;Dan&#8221;, e cila thirret n\u00eb burime diplomatike t\u00eb Prishtin\u00ebs.<br \/>\nSipas k\u00ebsaj gazete, ish-politikani Vllasi, tanim\u00eb avokat i pavarur, pritet t\u00eb filloj\u00eb detyr\u00ebn e re n\u00eb pranver\u00eb t\u00eb vitit t\u00eb ardhsh\u00ebm.<br \/>\nAzem Vllasi deklaroi p\u00ebr &#8220;Dan&#8221; se me k\u00ebnaq\u00ebsi do t\u00eb pranonte detyr\u00ebn e ambasadorit t\u00eb pare t\u00eb Kosov\u00ebs pas pavar\u00ebsimit t\u00eb saj n\u00eb Podgoric\u00eb.<br \/>\nMali i Zi \u00ebsht\u00eb nj\u00eb nga vendet e fundit q\u00ebs\u00eb bashku me Maqedonin\u00eb m\u00eb 9 tetor njoh\u00ebn pavar\u00ebsin\u00eb e Kosov\u00ebs.<br \/>\n<strong>Lajme nga Ulqini<\/strong><\/p>\n","protected":false},"excerpt":{"rendered":"<p>Ish-funksionari kosovar komunist, Azem Vllasi do t\u00eb em\u00ebrohet si ambasadori i par\u00eb i Kosov\u00ebs n\u00eb Mal t\u00eb Zi. Lajmi b\u00ebhet i ditur nga gazeta e Podgoric\u00ebs &#8220;Dan&#8221;, e cila thirret n\u00eb burime diplomatike t\u00eb Prishtin\u00ebs. Sipas k\u00ebsaj gazete, ish-politikani Vllasi, tanim\u00eb avokat i pavarur, pritet t\u00eb filloj\u00eb detyr\u00ebn e re n\u00eb pranver\u00eb t\u00eb vitit t\u00eb [&hellip;]<\/p>\n","protected":false},"author":1,"featured_media":0,"comment_status":"open","ping_status":"closed","sticky":false,"template":"","format":"standard","meta":{"spay_email":"","jetpack_publicize_message":"","jetpack_is_tweetstorm":false,"jetpack_publicize_feature_enabled":true},"categories":[6],"tags":[5064,49,95,92,2334],"jetpack_publicize_connections":[],"yoast_head":"<!-- This site is optimized with the Yoast SEO plugin v19.1 - https:\/\/yoast.com\/wordpress\/plugins\/seo\/ -->\n<title>Azem Vllasi ambasador i Kosov\u00ebs n\u00eb Podgoric\u00eb - Lajme nga Ulqini<\/title>\n<meta name=\"description\" content=\"Ish-funksionari kosovar komunist, Azem Vllasi do t\u00eb em\u00ebrohet si ambasadori i par\u00eb i Kosov\u00ebs n\u00eb Mal t\u00eb Zi. Lajmi b\u00ebhet i ditur nga gazeta e Podgoric\u00ebs\" \/>\n<meta name=\"robots\" content=\"index, follow, max-snippet:-1, max-image-preview:large, max-video-preview:-1\" \/>\n<link rel=\"canonical\" href=\"https:\/\/www.visit-ulcinj.com\/blog\/2008\/11\/16\/azem-vllasi-ambasador-i-kosoves-ne-podgorice\/\" \/>\n<meta property=\"og:locale\" content=\"en_US\" \/>\n<meta property=\"og:type\" content=\"article\" \/>\n<meta property=\"og:title\" content=\"Azem Vllasi ambasador i Kosov\u00ebs n\u00eb Podgoric\u00eb - Lajme nga Ulqini\" \/>\n<meta property=\"og:description\" content=\"Ish-funksionari kosovar komunist, Azem Vllasi do t\u00eb em\u00ebrohet si ambasadori i par\u00eb i Kosov\u00ebs n\u00eb Mal t\u00eb Zi. Lajmi b\u00ebhet i ditur nga gazeta e Podgoric\u00ebs\" \/>\n<meta property=\"og:url\" content=\"https:\/\/www.visit-ulcinj.com\/blog\/2008\/11\/16\/azem-vllasi-ambasador-i-kosoves-ne-podgorice\/\" \/>\n<meta property=\"og:site_name\" content=\"Lajme nga Ulqini\" \/>\n<meta property=\"article:published_time\" content=\"2008-11-16T20:29:35+00:00\" \/>\n<meta property=\"og:image\" content=\"http:\/\/www.visit-ulcinj.com\/blog\/wp-content\/uploads\/2008\/11\/azem-vlasi1-300x225.jpg\" \/>\n<meta name=\"twitter:label1\" content=\"Written by\" \/>\n\t<meta name=\"twitter:data1\" content=\"ulqini\" \/>\n\t<meta name=\"twitter:label2\" content=\"Est. reading time\" \/>\n\t<meta name=\"twitter:data2\" content=\"1 minute\" \/>\n<script type=\"application\/ld+json\" class=\"yoast-schema-graph\">{\"@context\":\"https:\/\/schema.org\",\"@graph\":[{\"@type\":\"WebSite\",\"@id\":\"https:\/\/www.visit-ulcinj.com\/blog\/#website\",\"url\":\"https:\/\/www.visit-ulcinj.com\/blog\/\",\"name\":\"Lajme nga Ulqini\",\"description\":\"Lajme,Vijesti,Ulqini,Ulqin,Crna Gora,Mali i Zi\",\"potentialAction\":[{\"@type\":\"SearchAction\",\"target\":{\"@type\":\"EntryPoint\",\"urlTemplate\":\"https:\/\/www.visit-ulcinj.com\/blog\/?s={search_term_string}\"},\"query-input\":\"required name=search_term_string\"}],\"inLanguage\":\"en-US\"},{\"@type\":\"ImageObject\",\"inLanguage\":\"en-US\",\"@id\":\"https:\/\/www.visit-ulcinj.com\/blog\/2008\/11\/16\/azem-vllasi-ambasador-i-kosoves-ne-podgorice\/#primaryimage\",\"url\":\"http:\/\/www.visit-ulcinj.com\/blog\/wp-content\/uploads\/2008\/11\/azem-vlasi1-300x225.jpg\",\"contentUrl\":\"http:\/\/www.visit-ulcinj.com\/blog\/wp-content\/uploads\/2008\/11\/azem-vlasi1-300x225.jpg\"},{\"@type\":\"WebPage\",\"@id\":\"https:\/\/www.visit-ulcinj.com\/blog\/2008\/11\/16\/azem-vllasi-ambasador-i-kosoves-ne-podgorice\/#webpage\",\"url\":\"https:\/\/www.visit-ulcinj.com\/blog\/2008\/11\/16\/azem-vllasi-ambasador-i-kosoves-ne-podgorice\/\",\"name\":\"Azem Vllasi ambasador i Kosov\u00ebs n\u00eb Podgoric\u00eb - Lajme nga Ulqini\",\"isPartOf\":{\"@id\":\"https:\/\/www.visit-ulcinj.com\/blog\/#website\"},\"primaryImageOfPage\":{\"@id\":\"https:\/\/www.visit-ulcinj.com\/blog\/2008\/11\/16\/azem-vllasi-ambasador-i-kosoves-ne-podgorice\/#primaryimage\"},\"datePublished\":\"2008-11-16T20:29:35+00:00\",\"dateModified\":\"2008-11-16T20:29:35+00:00\",\"author\":{\"@id\":\"https:\/\/www.visit-ulcinj.com\/blog\/#\/schema\/person\/dcab619c614d3038751c63bc2aadc06d\"},\"description\":\"Ish-funksionari kosovar komunist, Azem Vllasi do t\u00eb em\u00ebrohet si ambasadori i par\u00eb i Kosov\u00ebs n\u00eb Mal t\u00eb Zi. Lajmi b\u00ebhet i ditur nga gazeta e Podgoric\u00ebs\",\"breadcrumb\":{\"@id\":\"https:\/\/www.visit-ulcinj.com\/blog\/2008\/11\/16\/azem-vllasi-ambasador-i-kosoves-ne-podgorice\/#breadcrumb\"},\"inLanguage\":\"en-US\",\"potentialAction\":[{\"@type\":\"ReadAction\",\"target\":[\"https:\/\/www.visit-ulcinj.com\/blog\/2008\/11\/16\/azem-vllasi-ambasador-i-kosoves-ne-podgorice\/\"]}]},{\"@type\":\"BreadcrumbList\",\"@id\":\"https:\/\/www.visit-ulcinj.com\/blog\/2008\/11\/16\/azem-vllasi-ambasador-i-kosoves-ne-podgorice\/#breadcrumb\",\"itemListElement\":[{\"@type\":\"ListItem\",\"position\":1,\"name\":\"Azem Vllasi ambasador i Kosov\u00ebs n\u00eb Podgoric\u00eb\"}]},{\"@type\":\"Person\",\"@id\":\"https:\/\/www.visit-ulcinj.com\/blog\/#\/schema\/person\/dcab619c614d3038751c63bc2aadc06d\",\"name\":\"ulqini\",\"sameAs\":[\"http:\/\/www.visit-ulcinj.com\"],\"url\":\"https:\/\/www.visit-ulcinj.com\/blog\/author\/admin\/\"}]}<\/script>\n<!-- \/ Yoast SEO plugin. -->","yoast_head_json":{"title":"Azem Vllasi ambasador i Kosov\u00ebs n\u00eb Podgoric\u00eb - Lajme nga Ulqini","description":"Ish-funksionari kosovar komunist, Azem Vllasi do t\u00eb em\u00ebrohet si ambasadori i par\u00eb i Kosov\u00ebs n\u00eb Mal t\u00eb Zi. Lajmi b\u00ebhet i ditur nga gazeta e Podgoric\u00ebs","robots":{"index":"index","follow":"follow","max-snippet":"max-snippet:-1","max-image-preview":"max-image-preview:large","max-video-preview":"max-video-preview:-1"},"canonical":"https:\/\/www.visit-ulcinj.com\/blog\/2008\/11\/16\/azem-vllasi-ambasador-i-kosoves-ne-podgorice\/","og_locale":"en_US","og_type":"article","og_title":"Azem Vllasi ambasador i Kosov\u00ebs n\u00eb Podgoric\u00eb - Lajme nga Ulqini","og_description":"Ish-funksionari kosovar komunist, Azem Vllasi do t\u00eb em\u00ebrohet si ambasadori i par\u00eb i Kosov\u00ebs n\u00eb Mal t\u00eb Zi. Lajmi b\u00ebhet i ditur nga gazeta e Podgoric\u00ebs","og_url":"https:\/\/www.visit-ulcinj.com\/blog\/2008\/11\/16\/azem-vllasi-ambasador-i-kosoves-ne-podgorice\/","og_site_name":"Lajme nga Ulqini","article_published_time":"2008-11-16T20:29:35+00:00","og_image":[{"url":"http:\/\/www.visit-ulcinj.com\/blog\/wp-content\/uploads\/2008\/11\/azem-vlasi1-300x225.jpg"}],"twitter_misc":{"Written by":"ulqini","Est. reading time":"1 minute"},"schema":{"@context":"https:\/\/schema.org","@graph":[{"@type":"WebSite","@id":"https:\/\/www.visit-ulcinj.com\/blog\/#website","url":"https:\/\/www.visit-ulcinj.com\/blog\/","name":"Lajme nga Ulqini","description":"Lajme,Vijesti,Ulqini,Ulqin,Crna Gora,Mali i Zi","potentialAction":[{"@type":"SearchAction","target":{"@type":"EntryPoint","urlTemplate":"https:\/\/www.visit-ulcinj.com\/blog\/?s={search_term_string}"},"query-input":"required name=search_term_string"}],"inLanguage":"en-US"},{"@type":"ImageObject","inLanguage":"en-US","@id":"https:\/\/www.visit-ulcinj.com\/blog\/2008\/11\/16\/azem-vllasi-ambasador-i-kosoves-ne-podgorice\/#primaryimage","url":"http:\/\/www.visit-ulcinj.com\/blog\/wp-content\/uploads\/2008\/11\/azem-vlasi1-300x225.jpg","contentUrl":"http:\/\/www.visit-ulcinj.com\/blog\/wp-content\/uploads\/2008\/11\/azem-vlasi1-300x225.jpg"},{"@type":"WebPage","@id":"https:\/\/www.visit-ulcinj.com\/blog\/2008\/11\/16\/azem-vllasi-ambasador-i-kosoves-ne-podgorice\/#webpage","url":"https:\/\/www.visit-ulcinj.com\/blog\/2008\/11\/16\/azem-vllasi-ambasador-i-kosoves-ne-podgorice\/","name":"Azem Vllasi ambasador i Kosov\u00ebs n\u00eb Podgoric\u00eb - Lajme nga Ulqini","isPartOf":{"@id":"https:\/\/www.visit-ulcinj.com\/blog\/#website"},"primaryImageOfPage":{"@id":"https:\/\/www.visit-ulcinj.com\/blog\/2008\/11\/16\/azem-vllasi-ambasador-i-kosoves-ne-podgorice\/#primaryimage"},"datePublished":"2008-11-16T20:29:35+00:00","dateModified":"2008-11-16T20:29:35+00:00","author":{"@id":"https:\/\/www.visit-ulcinj.com\/blog\/#\/schema\/person\/dcab619c614d3038751c63bc2aadc06d"},"description":"Ish-funksionari kosovar komunist, Azem Vllasi do t\u00eb em\u00ebrohet si ambasadori i par\u00eb i Kosov\u00ebs n\u00eb Mal t\u00eb Zi. Lajmi b\u00ebhet i ditur nga gazeta e Podgoric\u00ebs","breadcrumb":{"@id":"https:\/\/www.visit-ulcinj.com\/blog\/2008\/11\/16\/azem-vllasi-ambasador-i-kosoves-ne-podgorice\/#breadcrumb"},"inLanguage":"en-US","potentialAction":[{"@type":"ReadAction","target":["https:\/\/www.visit-ulcinj.com\/blog\/2008\/11\/16\/azem-vllasi-ambasador-i-kosoves-ne-podgorice\/"]}]},{"@type":"BreadcrumbList","@id":"https:\/\/www.visit-ulcinj.com\/blog\/2008\/11\/16\/azem-vllasi-ambasador-i-kosoves-ne-podgorice\/#breadcrumb","itemListElement":[{"@type":"ListItem","position":1,"name":"Azem Vllasi ambasador i Kosov\u00ebs n\u00eb Podgoric\u00eb"}]},{"@type":"Person","@id":"https:\/\/www.visit-ulcinj.com\/blog\/#\/schema\/person\/dcab619c614d3038751c63bc2aadc06d","name":"ulqini","sameAs":["http:\/\/www.visit-ulcinj.com"],"url":"https:\/\/www.visit-ulcinj.com\/blog\/author\/admin\/"}]}},"jetpack_featured_media_url":"","jetpack_sharing_enabled":true,"jetpack_shortlink":"https:\/\/wp.me\/pe6lTn-1BR","_links":{"self":[{"href":"https:\/\/www.visit-ulcinj.com\/blog\/wp-json\/wp\/v2\/posts\/6191"}],"collection":[{"href":"https:\/\/www.visit-ulcinj.com\/blog\/wp-json\/wp\/v2\/posts"}],"about":[{"href":"https:\/\/www.visit-ulcinj.com\/blog\/wp-json\/wp\/v2\/types\/post"}],"author":[{"embeddable":true,"href":"https:\/\/www.visit-ulcinj.com\/blog\/wp-json\/wp\/v2\/users\/1"}],"replies":[{"embeddable":true,"href":"https:\/\/www.visit-ulcinj.com\/blog\/wp-json\/wp\/v2\/comments?post=6191"}],"version-history":[{"count":0,"href":"https:\/\/www.visit-ulcinj.com\/blog\/wp-json\/wp\/v2\/posts\/6191\/revisions"}],"wp:attachment":[{"href":"https:\/\/www.visit-ulcinj.com\/blog\/wp-json\/wp\/v2\/media?parent=6191"}],"wp:term":[{"taxonomy":"category","embeddable":true,"href":"https:\/\/www.visit-ulcinj.com\/blog\/wp-json\/wp\/v2\/categories?post=6191"},{"taxonomy":"post_tag","embeddable":true,"href":"https:\/\/www.visit-ulcinj.com\/blog\/wp-json\/wp\/v2\/tags?post=6191"}],"curies":[{"name":"wp","href":"https:\/\/api.w.org\/{rel}","templated":true}]}}