{"id":61914,"date":"2012-06-21T08:12:17","date_gmt":"2012-06-21T07:12:17","guid":{"rendered":"http:\/\/www.visit-ulcinj.com\/blog\/?p=61914"},"modified":"2012-06-21T08:12:39","modified_gmt":"2012-06-21T07:12:39","slug":"abazovic-gospodo-ne-oklevajte-vec-preuzmite-odgovorsnost","status":"publish","type":"post","link":"https:\/\/www.visit-ulcinj.com\/blog\/2012\/06\/21\/abazovic-gospodo-ne-oklevajte-vec-preuzmite-odgovorsnost\/","title":{"rendered":"Abazovic: Gospodo ne oklevajte, ve\u0107 preuzmite odgovorsnost"},"content":{"rendered":"<p><strong><a href=\"http:\/\/www.visit-ulcinj.com\/blog\/wp-content\/uploads\/2012\/06\/DRITAN-ABAZOVIC-ULCINJ.jpg\"><img loading=\"lazy\" class=\"alignleft  wp-image-61915\" title=\"DRITAN ABAZOVIC - ULCINJ\" src=\"http:\/\/www.visit-ulcinj.com\/blog\/wp-content\/uploads\/2012\/06\/DRITAN-ABAZOVIC-ULCINJ.jpg\" alt=\"\" width=\"508\" height=\"360\" \/><\/a>PREUZMI ODGOVORNOST<\/strong><br \/>\nUzavrelo je \u0161irom regiona. To je dobar znak, po\u0161to je u mentalitetu na\u0161ih tradicionalnih gostiju da dolaze tek kada vru\u0107ine postanu nepodno\u0161ljive, dakle ba\u0161 u srcu ljeta. Period je kada \u0107e iz dana u dan biti sve vi\u0161e gostiju \u0161to pove\u0107ava obavezu svakog od nas pjedina\u010dno da budemo \u0161to u\u010dtiviji i tolerantniji, pa ako ni\u0161ta drugo da svakome od njih poklonimo makar osmjeh, na ulici, restoranu ili na pla\u017ei. Iako su nas nadle\u017eni cjelu zimu i prolje\u0107e ubje\u0111ivali da \u0107e ova sezona biti najspremije do\u010dekana do sada, odgovrno tvrdim da od toga nema ni\u0161ta. Sve je stihijski i kao i do sada, a neizvjesnost koja svake godine postoji ove godine je jo\u0161 izra\u017eenija. To se ogleda u trci sa vremenom vezanom za infrastrukturu, kao i nemogu\u0107nosti da se uobli\u010di turisti\u010dka organizacija ni nakon 8 mjeseci. Ta\u010dno je da je zavrzlama oko toga ko je direktor kona\u010dno, uz mnogo problema i napora rije\u0161ena, ali ono najte\u017ee tek prestoji, a to je izgradnja takozvanog tim buildinga unutar same turisti\u010dke organizacije. No, za tako ne\u0161to sigurno ne\u0107e biti vremena tokom sezone, ve\u0107 \u0107e se rauzmi\u0161ljanje o tome vjerovatno odlo\u017eiti za septembar.<br \/>\nJo\u0161 jedan fenomen kome se treba posvetiti pa\u017enja jeste pitanje odgovorsnoti. Ovih dana sam profesionalno vi\u0161e posve\u0107en ovom teriminu izu\u010davaju\u0107i njegove vrste i primjenu. Valjda intuitivno ili neznam kako ve\u0107, kao naru\u010dene do\u0161le su mi neke situacije iz svakodnevnog \u017eivota u Ulcinju koje jasno govore upravo o takozvanom uklanjanju odgovorsnosti sa sebe. U mentalitetu balkanskih politi\u010dara se bukvalno usadila polit\u010dka kultura koja ka\u017ee, sve \u0161to se dobro ili pozitivno uradi u gradu ili dr\u017eavi, na\u0161a je zasluga, a sve \u0161to je naopako ili negativno nijesmo mi nadle\u017eni. I svedoci smo da tako i biva. Samovoljom jednog direktora, posatvljaju se stubovi i rampe, a sobzirom da postoji percepcija da doti\u010dni ima kako se to u narodu ka\u017ee jaka le\u0111a, svi nadle\u017eni govore da ukljanjanje istih nije na\u0161 posao. Op\u0161tina zove Morsko dobro, Morsko dobro direkciju za saobra\u0107aj, oni ministrastvo, a ministrastvo valjda op\u0161tinu. Kao u onoj pri\u010di baba vu\u010de repu, deda vu\u010de babu. \u0160etaju vas iz kancelarije u kjancelariju, iz institucije u institucijui a na kraju \u0107e se desiti priorodna pojava- pro\u0111e ljeto.<br \/>\n<a href=\"https:\/\/www.facebook.com\/profile.php?id=842313990\" target=\"_blank\"><img loading=\"lazy\" class=\"alignleft\" src=\"http:\/\/www.visit-ulcinj.com\/blog\/wp-content\/uploads\/2012\/05\/Sejdo-Ismaili-Video-Grafic-Design-Ulqin.jpg\" alt=\"\" width=\"508\" height=\"90\" \/><\/a><br \/>\n<a href=\"https:\/\/www.facebook.com\/profile.php?id=842313990\" target=\"_blank\"><strong>Sejdo Ismaili Facebook<\/strong><\/a><br \/>\nDruga situacija kojoj sam sjedo\u010dio je izmje\u0161tanje dalekovoda u blizini elktrodistribucije. Investitor da bi po\u010deo izradnju velikog objekta preselio je dalekovod na drugo mjsto, i tu ni\u0161ta ne bi bilo sporno kada ga nije postavio u blizini dvije naseljene ku\u0107e, prakti\u010dno u njihovo dvori\u0161te. Ogromna konstrukcija i kablovi \u0107e tako bukvalno ugroziti \u017eivota tih porodica \u0161to zbog viskogh napona koji prijeti \u0161to zbog zra\u010denja koje je evidentno. Ali u \u010demu je glavna poenta. U tome da su investitori pribavili sve dozvole, da su nadle\u017eni sekretarijati u Op\u0161tini potpisali sve \u0161to je trebalo, a da vjerovatno nisu ni iza\u0161li na teren, I da su iz lokalne elektroprivrede rekli da je za ovo nadle\u017ean Nik\u0161i\u0107. Pitam se samo da li \u0107e za par mjeseci kada istima budu tra\u017eili glasove, govoriti da je za to nadle\u017ean Nik\u0161i\u0107 ili Podgorica. I tako sve u krug u beskraj, dok se ne desi neka katastrofa, a poslje \u0107e biti uzaludno i utvr\u0111ivati odgorovnost.<br \/>\nOvakav odnos koji za \u0161a\u010dicu novca koji treba da se ulije u bud\u017eet svjesno gazi sve principe i \u0161to je najgore dostojanstvo ljudi, govori da mi mo\u017eemo da izgradimo grad, ali da sve manje brinemo kakav vrijdnosni sistem gradimo u njemu. Jedno bez drugo ne ide, stoga nije zgoreg da razmislimo malo o tome. Odgovorsnot prema zejednici mora postojati, a to \u0161to izvbjegavamo da donesemo te\u0161ke odluke i za\u0161titimo svoje gra\u0111ane, definitivno nije dobro. Uvjek smo govorili kako \u017eelimo da se Ulcinj pita, stoga gospodo ne oklevajte, ve\u0107 preuzmite odgovorsnost, garantujem da niko ne\u0107e do\u0107i da vas sprije\u010di u sporvo\u0111enju zakona i odbrani interesa sopstvenih gra\u0111ana.<\/p>\n<p><strong> Mr. Dritan Abazovic<\/strong><br \/>\n<!--YouTube Error: bad URL entered--><\/p>\n","protected":false},"excerpt":{"rendered":"<p>PREUZMI ODGOVORNOST Uzavrelo je \u0161irom regiona. To je dobar znak, po\u0161to je u mentalitetu na\u0161ih tradicionalnih gostiju da dolaze tek kada vru\u0107ine postanu nepodno\u0161ljive, dakle ba\u0161 u srcu ljeta. Period je kada \u0107e iz dana u dan biti sve vi\u0161e gostiju \u0161to pove\u0107ava obavezu svakog od nas pjedina\u010dno da budemo \u0161to u\u010dtiviji i tolerantniji, pa [&hellip;]<\/p>\n","protected":false},"author":1,"featured_media":0,"comment_status":"open","ping_status":"closed","sticky":false,"template":"","format":"standard","meta":{"spay_email":"","jetpack_publicize_message":"","jetpack_is_tweetstorm":false,"jetpack_publicize_feature_enabled":true},"categories":[8337],"tags":[13706,2088,19],"jetpack_publicize_connections":[],"yoast_head":"<!-- This site is optimized with the Yoast SEO plugin v19.1 - https:\/\/yoast.com\/wordpress\/plugins\/seo\/ -->\n<title>Abazovic: Gospodo ne oklevajte, ve\u0107 preuzmite odgovorsnost - Lajme nga Ulqini<\/title>\n<meta name=\"description\" content=\"PREUZMI ODGOVORNOST Uzavrelo je \u0161irom regiona. To je dobar znak, po\u0161to je u mentalitetu na\u0161ih tradicionalnih gostiju da dolaze tek kada vru\u0107ine postanu\" \/>\n<meta name=\"robots\" content=\"index, follow, max-snippet:-1, max-image-preview:large, max-video-preview:-1\" \/>\n<link rel=\"canonical\" href=\"https:\/\/www.visit-ulcinj.com\/blog\/2012\/06\/21\/abazovic-gospodo-ne-oklevajte-vec-preuzmite-odgovorsnost\/\" \/>\n<meta property=\"og:locale\" content=\"en_US\" \/>\n<meta property=\"og:type\" content=\"article\" \/>\n<meta property=\"og:title\" content=\"Abazovic: Gospodo ne oklevajte, ve\u0107 preuzmite odgovorsnost - Lajme nga Ulqini\" \/>\n<meta property=\"og:description\" content=\"PREUZMI ODGOVORNOST Uzavrelo je \u0161irom regiona. To je dobar znak, po\u0161to je u mentalitetu na\u0161ih tradicionalnih gostiju da dolaze tek kada vru\u0107ine postanu\" \/>\n<meta property=\"og:url\" content=\"https:\/\/www.visit-ulcinj.com\/blog\/2012\/06\/21\/abazovic-gospodo-ne-oklevajte-vec-preuzmite-odgovorsnost\/\" \/>\n<meta property=\"og:site_name\" content=\"Lajme nga Ulqini\" \/>\n<meta property=\"article:published_time\" content=\"2012-06-21T07:12:17+00:00\" \/>\n<meta property=\"article:modified_time\" content=\"2012-06-21T07:12:39+00:00\" \/>\n<meta property=\"og:image\" content=\"http:\/\/www.visit-ulcinj.com\/blog\/wp-content\/uploads\/2012\/06\/DRITAN-ABAZOVIC-ULCINJ.jpg\" \/>\n<meta name=\"twitter:label1\" content=\"Written by\" \/>\n\t<meta name=\"twitter:data1\" content=\"ulqini\" \/>\n\t<meta name=\"twitter:label2\" content=\"Est. reading time\" \/>\n\t<meta name=\"twitter:data2\" content=\"4 minutes\" \/>\n<script type=\"application\/ld+json\" class=\"yoast-schema-graph\">{\"@context\":\"https:\/\/schema.org\",\"@graph\":[{\"@type\":\"WebSite\",\"@id\":\"https:\/\/www.visit-ulcinj.com\/blog\/#website\",\"url\":\"https:\/\/www.visit-ulcinj.com\/blog\/\",\"name\":\"Lajme nga Ulqini\",\"description\":\"Lajme,Vijesti,Ulqini,Ulqin,Crna Gora,Mali i Zi\",\"potentialAction\":[{\"@type\":\"SearchAction\",\"target\":{\"@type\":\"EntryPoint\",\"urlTemplate\":\"https:\/\/www.visit-ulcinj.com\/blog\/?s={search_term_string}\"},\"query-input\":\"required name=search_term_string\"}],\"inLanguage\":\"en-US\"},{\"@type\":\"ImageObject\",\"inLanguage\":\"en-US\",\"@id\":\"https:\/\/www.visit-ulcinj.com\/blog\/2012\/06\/21\/abazovic-gospodo-ne-oklevajte-vec-preuzmite-odgovorsnost\/#primaryimage\",\"url\":\"https:\/\/www.visit-ulcinj.com\/blog\/wp-content\/uploads\/2012\/06\/DRITAN-ABAZOVIC-ULCINJ.jpg\",\"contentUrl\":\"https:\/\/www.visit-ulcinj.com\/blog\/wp-content\/uploads\/2012\/06\/DRITAN-ABAZOVIC-ULCINJ.jpg\",\"width\":\"960\",\"height\":\"720\"},{\"@type\":\"WebPage\",\"@id\":\"https:\/\/www.visit-ulcinj.com\/blog\/2012\/06\/21\/abazovic-gospodo-ne-oklevajte-vec-preuzmite-odgovorsnost\/#webpage\",\"url\":\"https:\/\/www.visit-ulcinj.com\/blog\/2012\/06\/21\/abazovic-gospodo-ne-oklevajte-vec-preuzmite-odgovorsnost\/\",\"name\":\"Abazovic: Gospodo ne oklevajte, ve\u0107 preuzmite odgovorsnost - Lajme nga Ulqini\",\"isPartOf\":{\"@id\":\"https:\/\/www.visit-ulcinj.com\/blog\/#website\"},\"primaryImageOfPage\":{\"@id\":\"https:\/\/www.visit-ulcinj.com\/blog\/2012\/06\/21\/abazovic-gospodo-ne-oklevajte-vec-preuzmite-odgovorsnost\/#primaryimage\"},\"datePublished\":\"2012-06-21T07:12:17+00:00\",\"dateModified\":\"2012-06-21T07:12:39+00:00\",\"author\":{\"@id\":\"https:\/\/www.visit-ulcinj.com\/blog\/#\/schema\/person\/dcab619c614d3038751c63bc2aadc06d\"},\"description\":\"PREUZMI ODGOVORNOST Uzavrelo je \u0161irom regiona. To je dobar znak, po\u0161to je u mentalitetu na\u0161ih tradicionalnih gostiju da dolaze tek kada vru\u0107ine postanu\",\"breadcrumb\":{\"@id\":\"https:\/\/www.visit-ulcinj.com\/blog\/2012\/06\/21\/abazovic-gospodo-ne-oklevajte-vec-preuzmite-odgovorsnost\/#breadcrumb\"},\"inLanguage\":\"en-US\",\"potentialAction\":[{\"@type\":\"ReadAction\",\"target\":[\"https:\/\/www.visit-ulcinj.com\/blog\/2012\/06\/21\/abazovic-gospodo-ne-oklevajte-vec-preuzmite-odgovorsnost\/\"]}]},{\"@type\":\"BreadcrumbList\",\"@id\":\"https:\/\/www.visit-ulcinj.com\/blog\/2012\/06\/21\/abazovic-gospodo-ne-oklevajte-vec-preuzmite-odgovorsnost\/#breadcrumb\",\"itemListElement\":[{\"@type\":\"ListItem\",\"position\":1,\"name\":\"Abazovic: Gospodo ne oklevajte, ve\u0107 preuzmite odgovorsnost\"}]},{\"@type\":\"Person\",\"@id\":\"https:\/\/www.visit-ulcinj.com\/blog\/#\/schema\/person\/dcab619c614d3038751c63bc2aadc06d\",\"name\":\"ulqini\",\"sameAs\":[\"http:\/\/www.visit-ulcinj.com\"],\"url\":\"https:\/\/www.visit-ulcinj.com\/blog\/author\/admin\/\"}]}<\/script>\n<!-- \/ Yoast SEO plugin. -->","yoast_head_json":{"title":"Abazovic: Gospodo ne oklevajte, ve\u0107 preuzmite odgovorsnost - Lajme nga Ulqini","description":"PREUZMI ODGOVORNOST Uzavrelo je \u0161irom regiona. To je dobar znak, po\u0161to je u mentalitetu na\u0161ih tradicionalnih gostiju da dolaze tek kada vru\u0107ine postanu","robots":{"index":"index","follow":"follow","max-snippet":"max-snippet:-1","max-image-preview":"max-image-preview:large","max-video-preview":"max-video-preview:-1"},"canonical":"https:\/\/www.visit-ulcinj.com\/blog\/2012\/06\/21\/abazovic-gospodo-ne-oklevajte-vec-preuzmite-odgovorsnost\/","og_locale":"en_US","og_type":"article","og_title":"Abazovic: Gospodo ne oklevajte, ve\u0107 preuzmite odgovorsnost - Lajme nga Ulqini","og_description":"PREUZMI ODGOVORNOST Uzavrelo je \u0161irom regiona. To je dobar znak, po\u0161to je u mentalitetu na\u0161ih tradicionalnih gostiju da dolaze tek kada vru\u0107ine postanu","og_url":"https:\/\/www.visit-ulcinj.com\/blog\/2012\/06\/21\/abazovic-gospodo-ne-oklevajte-vec-preuzmite-odgovorsnost\/","og_site_name":"Lajme nga Ulqini","article_published_time":"2012-06-21T07:12:17+00:00","article_modified_time":"2012-06-21T07:12:39+00:00","og_image":[{"url":"http:\/\/www.visit-ulcinj.com\/blog\/wp-content\/uploads\/2012\/06\/DRITAN-ABAZOVIC-ULCINJ.jpg"}],"twitter_misc":{"Written by":"ulqini","Est. reading time":"4 minutes"},"schema":{"@context":"https:\/\/schema.org","@graph":[{"@type":"WebSite","@id":"https:\/\/www.visit-ulcinj.com\/blog\/#website","url":"https:\/\/www.visit-ulcinj.com\/blog\/","name":"Lajme nga Ulqini","description":"Lajme,Vijesti,Ulqini,Ulqin,Crna Gora,Mali i Zi","potentialAction":[{"@type":"SearchAction","target":{"@type":"EntryPoint","urlTemplate":"https:\/\/www.visit-ulcinj.com\/blog\/?s={search_term_string}"},"query-input":"required name=search_term_string"}],"inLanguage":"en-US"},{"@type":"ImageObject","inLanguage":"en-US","@id":"https:\/\/www.visit-ulcinj.com\/blog\/2012\/06\/21\/abazovic-gospodo-ne-oklevajte-vec-preuzmite-odgovorsnost\/#primaryimage","url":"https:\/\/www.visit-ulcinj.com\/blog\/wp-content\/uploads\/2012\/06\/DRITAN-ABAZOVIC-ULCINJ.jpg","contentUrl":"https:\/\/www.visit-ulcinj.com\/blog\/wp-content\/uploads\/2012\/06\/DRITAN-ABAZOVIC-ULCINJ.jpg","width":"960","height":"720"},{"@type":"WebPage","@id":"https:\/\/www.visit-ulcinj.com\/blog\/2012\/06\/21\/abazovic-gospodo-ne-oklevajte-vec-preuzmite-odgovorsnost\/#webpage","url":"https:\/\/www.visit-ulcinj.com\/blog\/2012\/06\/21\/abazovic-gospodo-ne-oklevajte-vec-preuzmite-odgovorsnost\/","name":"Abazovic: Gospodo ne oklevajte, ve\u0107 preuzmite odgovorsnost - Lajme nga Ulqini","isPartOf":{"@id":"https:\/\/www.visit-ulcinj.com\/blog\/#website"},"primaryImageOfPage":{"@id":"https:\/\/www.visit-ulcinj.com\/blog\/2012\/06\/21\/abazovic-gospodo-ne-oklevajte-vec-preuzmite-odgovorsnost\/#primaryimage"},"datePublished":"2012-06-21T07:12:17+00:00","dateModified":"2012-06-21T07:12:39+00:00","author":{"@id":"https:\/\/www.visit-ulcinj.com\/blog\/#\/schema\/person\/dcab619c614d3038751c63bc2aadc06d"},"description":"PREUZMI ODGOVORNOST Uzavrelo je \u0161irom regiona. To je dobar znak, po\u0161to je u mentalitetu na\u0161ih tradicionalnih gostiju da dolaze tek kada vru\u0107ine postanu","breadcrumb":{"@id":"https:\/\/www.visit-ulcinj.com\/blog\/2012\/06\/21\/abazovic-gospodo-ne-oklevajte-vec-preuzmite-odgovorsnost\/#breadcrumb"},"inLanguage":"en-US","potentialAction":[{"@type":"ReadAction","target":["https:\/\/www.visit-ulcinj.com\/blog\/2012\/06\/21\/abazovic-gospodo-ne-oklevajte-vec-preuzmite-odgovorsnost\/"]}]},{"@type":"BreadcrumbList","@id":"https:\/\/www.visit-ulcinj.com\/blog\/2012\/06\/21\/abazovic-gospodo-ne-oklevajte-vec-preuzmite-odgovorsnost\/#breadcrumb","itemListElement":[{"@type":"ListItem","position":1,"name":"Abazovic: Gospodo ne oklevajte, ve\u0107 preuzmite odgovorsnost"}]},{"@type":"Person","@id":"https:\/\/www.visit-ulcinj.com\/blog\/#\/schema\/person\/dcab619c614d3038751c63bc2aadc06d","name":"ulqini","sameAs":["http:\/\/www.visit-ulcinj.com"],"url":"https:\/\/www.visit-ulcinj.com\/blog\/author\/admin\/"}]}},"jetpack_featured_media_url":"","jetpack_sharing_enabled":true,"jetpack_shortlink":"https:\/\/wp.me\/pe6lTn-g6C","_links":{"self":[{"href":"https:\/\/www.visit-ulcinj.com\/blog\/wp-json\/wp\/v2\/posts\/61914"}],"collection":[{"href":"https:\/\/www.visit-ulcinj.com\/blog\/wp-json\/wp\/v2\/posts"}],"about":[{"href":"https:\/\/www.visit-ulcinj.com\/blog\/wp-json\/wp\/v2\/types\/post"}],"author":[{"embeddable":true,"href":"https:\/\/www.visit-ulcinj.com\/blog\/wp-json\/wp\/v2\/users\/1"}],"replies":[{"embeddable":true,"href":"https:\/\/www.visit-ulcinj.com\/blog\/wp-json\/wp\/v2\/comments?post=61914"}],"version-history":[{"count":2,"href":"https:\/\/www.visit-ulcinj.com\/blog\/wp-json\/wp\/v2\/posts\/61914\/revisions"}],"predecessor-version":[{"id":61917,"href":"https:\/\/www.visit-ulcinj.com\/blog\/wp-json\/wp\/v2\/posts\/61914\/revisions\/61917"}],"wp:attachment":[{"href":"https:\/\/www.visit-ulcinj.com\/blog\/wp-json\/wp\/v2\/media?parent=61914"}],"wp:term":[{"taxonomy":"category","embeddable":true,"href":"https:\/\/www.visit-ulcinj.com\/blog\/wp-json\/wp\/v2\/categories?post=61914"},{"taxonomy":"post_tag","embeddable":true,"href":"https:\/\/www.visit-ulcinj.com\/blog\/wp-json\/wp\/v2\/tags?post=61914"}],"curies":[{"name":"wp","href":"https:\/\/api.w.org\/{rel}","templated":true}]}}