{"id":61930,"date":"2012-06-21T17:51:12","date_gmt":"2012-06-21T16:51:12","guid":{"rendered":"http:\/\/www.visit-ulcinj.com\/blog\/?p=61930"},"modified":"2012-06-23T23:58:11","modified_gmt":"2012-06-23T22:58:11","slug":"in-memoriam-ahmet-beto-kashoxha-nishani-i-ranes","status":"publish","type":"post","link":"https:\/\/www.visit-ulcinj.com\/blog\/2012\/06\/21\/in-memoriam-ahmet-beto-kashoxha-nishani-i-ranes\/","title":{"rendered":"IN MEMORIAM  Ahmet Beto KASHOXHA \u2013 NISHANI I RAN\u00cbS"},"content":{"rendered":"<p><strong><a href=\"http:\/\/www.visit-ulcinj.com\/blog\/wp-content\/uploads\/2012\/06\/IN-MEMORIAM-Ahmet-Beto-KASHOXHA.jpg\"><img loading=\"lazy\" class=\"alignleft  wp-image-61931\" title=\"IN MEMORIAM  Ahmet Beto KASHOXHA\" src=\"http:\/\/www.visit-ulcinj.com\/blog\/wp-content\/uploads\/2012\/06\/IN-MEMORIAM-Ahmet-Beto-KASHOXHA.jpg\" alt=\"\" width=\"508\" height=\"360\" \/><\/a>N\u00eb mosh\u00ebn 83-vje\u00e7are ndroi jet\u00eb Beto Kashoxha<\/strong><br \/>\nBeti ka qen\u00eb nj\u00eb \u201cnishan\u201d i Ran\u00ebs ton\u00eb, thot\u00eb populli, nj\u00eb njeri i but\u00eb, i qet\u00eb dhe nj\u00eb njeri i cili nuk ka ditur ta ngris\u00eb z\u00ebrin kurr\u00eb. K\u00ebtu n\u00eb Ran\u00eb, t\u00eb gjith\u00eb ne flasim me z\u00eb t\u00eb lart\u00eb dhe, shpeshher\u00eb, t\u00eb huajit q\u00eb na degjonin, mendonin se nuk \u00ebsht\u00eb di\u00e7ka n\u00eb rregull me ne. Por, edhe n\u00eb Ran\u00eb ka dhe ka pasur p\u00ebrjashtime. Nj\u00ebri nga ato ka qen\u00eb edhe Beto Kashoxha. Nuk m\u00eb kujtohet, se ai e ka \u201c\u00e7u \u201c z\u00ebrin ndonj\u00eb her\u00eb, m\u00eb duket se nuk ka dit\u00eb me \u201cb\u00ebrtit\u00eb\u201d kurr\u00eb. Bile , edhe ather\u00eb, kur ndonj\u00eb i pa nd\u00ebrgjegj\u00ebsh\u00ebm ja ka l\u00ebshuar \u201c zgidh\u00eb\u201d cim\u00ebt e sanallin. Shpesh her\u00eb kur nuk \u00ebsht\u00eb pejtu me mendimin dhe me diskutime t\u00eb cilat, si pas mendimit ti nuk kan\u00eb qen\u00eb korekte, Beti \u00ebsht\u00eb ngritur dhe ka ndru vend. Ka kalu n\u00eb an\u00ebn tjet\u00ebr t\u00eb rrug\u00ebs, n\u00eb trotoar.<br \/>\nPara disa dit\u00ebsh ka qen\u00eb i ftofun dhe nuk ka dal, nuk \u00ebsht\u00eb ul\u00eb me pi kafe \u201cKe Jonuzi\u201d, dhe n\u00eb Ran\u00eb menj\u00ebher\u00eb \u00ebsht\u00eb v\u00ebrejt se sa na mungon Beti. Dit\u00ebt e fundit kemi pritur se po del prap Beti, por, mosha dhe fati nuk ka leju q\u00eb Beti ta pres\u00eb edhe k\u00ebt\u00eb sezon\u00eb vere.<br \/>\n<a href=\"http:\/\/www.visit-ulcinj.com\/blog\/wp-content\/uploads\/2012\/06\/IN-MEMORIAM-Ahmet-Beto-KASHOXHA.1.jpg\"><img loading=\"lazy\" class=\"alignleft  wp-image-61934\" title=\"IN MEMORIAM  Ahmet Beto KASHOXHA.1\" src=\"http:\/\/www.visit-ulcinj.com\/blog\/wp-content\/uploads\/2012\/06\/IN-MEMORIAM-Ahmet-Beto-KASHOXHA.1.jpg\" alt=\"\" width=\"508\" height=\"300\" \/><\/a><br \/>\n\u201cDeri aty e ka pasur\u201d thot\u00eb populli yn\u00eb&#8230; Lajmi i par\u00eb \u00ebsht\u00eb degjuar nga Xhamia e Detar\u00ebve, nga minarja e xhamis\u00eb e cila sa po \u00ebsht\u00eb inaguruar, dhe kjo \u00ebsht\u00eb sala e par\u00eb e cila \u00ebsht\u00eb thirur nga kjo xhami pas 81 vitit. Z\u00ebri \u00ebsht\u00eb degjuar lart mbi Ran\u00ebn ton\u00eb..dhe m\u00eb gj\u00ebr\u00eb&#8230;<br \/>\n<a href=\"http:\/\/www.visit-ulcinj.com\/blog\/wp-content\/uploads\/2012\/06\/IN-MEMORIAM-Ahmet-Beto-KASHOXHA.5.jpg\"><img loading=\"lazy\" class=\"alignleft  wp-image-61937\" title=\"IN MEMORIAM Ahmet Beto KASHOXHA.5\" src=\"http:\/\/www.visit-ulcinj.com\/blog\/wp-content\/uploads\/2012\/06\/IN-MEMORIAM-Ahmet-Beto-KASHOXHA.5.jpg\" alt=\"\" width=\"350\" height=\"400\" \/><\/a>Beti na mungon t\u00eb gjithve, posa\u00e7\u00ebrisht i mungon shok\u00ebve me t\u00eb cil\u00ebt ai ka ndej p\u00ebr \u00e7do dit\u00eb, pavar\u00ebsisht nga moti a po koha&#8230; Edhe un\u00eb kam biseduar shpesh me Betin dhe i kam pas th\u00ebn\u00eb se d\u00ebshiroj me ja shkru disa rrijeshta p\u00ebr, dhe mbi jet\u00ebn e ti.. p\u00ebr barka , lundrime, dhe muzik\u00eb, ..Ka pas qef me biseduar dhe shpesh her\u00eb ka treguar ndodhit nga deti dhe nga jeta. T\u00eb rall\u00eb jan ato t\u00eb cil\u00ebt kan\u00eb lundruar an\u00eb e mbar\u00eb bot\u00ebs dhe t\u00eb cil\u00ebt kan\u00eb didur edhe me i p\u00ebrshkru&#8230;Beto Kashoxha \u00ebsht\u00eb njeri nga ato i cili edhe ka ditur me u inspiru, dhe me i tregu inspirimet dhe p\u00ebrjetimet duke filluar nga Piramidat e Egjiptit, dhe deri n\u00eb Detin e verit t\u00eb ngrier. Ka qen\u00eb n\u00eb Muzeun e Luvrit, n\u00eb Paris, n\u00eb Akropolis\u00eb n\u00eb Athin\u00eb, n\u00eb Aja Sofi t\u00eb Stambollit, n\u00eb Tripoli&#8230; Ai, ndoshta i vetmi detar, lundrues, kur ka dal\u00eb n\u00eb tokj\u00eb, nuk ka shkuar n\u00ebp\u00ebr taverna, por ka shkuart\u00eb shoh\u00eb piramidat n\u00eb Egjipt. Ka shum\u00eb fotografi, me gamile.<br \/>\nBeti ka qen\u00eb nd\u00ebr themeluesit t\u00eb orkestrit popullor dhe folklorit t\u00eb Ulqinit. Me shok\u00ebt e tij: Xhemalin (Ficin), v\u00ebllez\u00ebrit Vehbiun, Rifatin (Llazorja), Selimin (Axyhemi) dhe Aliun (Zhygjeli), ka b\u00ebr\u00eb muzik\u00eb. Kjo muzik\u00eb dhe paraqitjet e tyre ka mbetur n\u00eb shum\u00eb shenime dhe foto t\u00eb vjetra &#8230; Beti i ka ra harmonik\u00ebs.. Mundet t\u00eb thuhet se k\u00eb njeri modest, ka pasur nj\u00eb jet shum\u00eb interesante dhe t\u00eb pasur..<br \/>\nTash, pasi q\u00eb Beti ka ndru jet, m\u00eb vjen shum\u00eb keq\u00eb sepse Beti nuk mundet me i lexu m\u00eb k\u00ebto rrijeshta. Por fakti se kemi biseduar deri sa ka qen\u00eb n\u00eb mesin ton\u00eb, dhe i cili mi ka dh\u00ebn\u00eb disa t\u00eb dh\u00ebna t\u00eb cilat un\u00eb tash dua ti qes\u00eb nga harresa, m\u00eb shtyr q\u00eb ti qes\u00eb n\u00eb let\u00ebr k\u00ebto rrijeshta p\u00ebr k\u00ebt\u00eb personazh\u00eb t\u00eb Ran\u00ebs ton\u00eb. Mendoj se \u00ebsht\u00eb mir\u00eb p\u00ebr t\u00eb gjith\u00eb ato t\u00eb cil\u00ebt e kan\u00eb njohur Betin, por edhe p\u00ebr ato t\u00eb cil\u00ebt Betin e kan\u00eb par vet\u00ebm si figur n\u00eb Ran\u00eb. \u00cbsht\u00eb mir\u00eb q\u00eb t\u00eb shkruhet dhe t\u00eb njoftohemi me pesonazh\u00eb t\u00eb cil\u00ebt e kan\u00eb shenuar nj\u00eb koh\u00eb t\u00eb historis\u00eb ton\u00eb. \u00cbsht\u00eb mir\u00eb q\u00eb person\u00ebt si\u00e7 ka qen\u00eb Beto Kashoxa mos t\u00eb harrohen. Ndoshta gjenerarat te reja nj\u00ebhera kan\u00eb me hulumtuar m\u00eb kthjellt\u00eb historin\u00eb e qytetit , posa\u00e7\u00ebrisht\u00eb e detaris\u00eb ton\u00eb, dhe aty pa d\u00ebshim Beto Kashoxha ka nj\u00eb vend t\u00eb posa\u00e7\u00ebm.<br \/>\n<a href=\"http:\/\/www.visit-ulcinj.com\/blog\/wp-content\/uploads\/2012\/06\/IN-MEMORIAM-Ahmet-Beto-KASHOXHA.3.jpg\"><img loading=\"lazy\" class=\"alignleft  wp-image-61938\" title=\"IN MEMORIAM Ahmet Beto KASHOXHA.3\" src=\"http:\/\/www.visit-ulcinj.com\/blog\/wp-content\/uploads\/2012\/06\/IN-MEMORIAM-Ahmet-Beto-KASHOXHA.3.jpg\" alt=\"\" width=\"350\" height=\"400\" \/><\/a>\u00cbsht\u00eb p\u00ebr t\u00eb \u00e7uditur se sa shum\u00eb interesante ka qen\u00eb jeta e ti. Beti ka qen\u00eb nj\u00eb njeri shum\u00eb i thjesht, ..por nj\u00eb njeri i cili ka lundruar nep\u00ebr t\u00ebr\u00eb detrat dhe oqenet e bot\u00ebs. Si mariner, si gjemxhi ka lundruar, nj\u00eb koh\u00eb t\u00eb gjat\u00eb me anije t\u00eb ndryshme, me p\u00ebrjashtime t\u00eb shkurtra kur \u00ebsht\u00eb dashur me qen\u00eb n\u00eb sht\u00ebpi. M\u00eb von\u00eb edhe bashk\u00ebshortja Detja ka ndiku q\u00eb Beti t\u00eb kthehet n\u00eb vend\u00eblindje. Ka mbet\u00eb shprehja t\u00eb cil\u00ebn e ka th\u00ebn\u00eb zonja Detja \u201c Detja ose deti\u201d. Natyrisht Beti ka zgjedh\u00eb Deten dhe m\u00eb n\u00eb fund fillon me punuar n\u00eb \u201cRivijer\u00ebn e Ulqinit\u201d gjigantit turistik e koh\u00ebs s\u00eb art e turizmit ton\u00eb deri te vitet e 90 t\u00eb shek. t\u00eb kaluar. Por gjithmon\u00eb pran detin i cili ka qen\u00eb jeta e ti.<br \/>\nEdhe mua m\u00eb kujtohet se ka punuar n\u00eb \u201ctrap\u201d n\u00eb lumin Buna, ku mijera mysafir\u00eb nga vendi dhe nga bota kan\u00eb qendruar n\u00eb Ad\u00eb, e cila ather\u00eb nuk ka qen\u00eb e lidhur me ur\u00eb si sot&#8230;<br \/>\nBeti ka qen\u00eb ai personi i cili i pari ka b\u00ebr\u00eb kontakt me mysafir nga Gjermania, pasi q\u00eb ato ishin ato t\u00eb par\u00ebt t\u00eb cil\u00ebt kan\u00eb ardhur n\u00eb Ad\u00eb.<br \/>\nGjithmon\u00eb ka folur dhe ka biseduar m\u00eb nj\u00eb nostalgji t\u00eb thell\u00eb p\u00ebr ato koh\u00ebra kur ka punuar n\u00eb turiz\u00ebm, n\u00eb prag t\u00eb sht\u00ebpis\u00eb .. Edhe m\u00eb von\u00eb, pas penzionit Beti shpesh ka shkuar n\u00eb Ad\u00eb pasi q\u00eb n\u00eb Bun\u00eb ka pasur n\u00eb kasoll\u00eb ku gjithmon\u00eb ka kaluar nj\u00eb koh\u00eb n\u00eb peshkim. Ende edhe sot pran kasolle \u00ebsht\u00eb e lidhur flluga e Betit, n\u00eb ngjyr\u00eb si deti i \u201cbamun\u201d gati p\u00ebr peshkim.<br \/>\nGati p\u00ebr \u00e7do dit\u00eb Beti ka dal n\u00eb det\u00eb n\u00eb peshkim me fllug\u00ebn e tij t\u00eb bukur. Beti ka qen\u00eb \u201cmerakli\u201d fllug\u00ebn dhe motorrin e ka majt shum\u00eb mir\u00eb. Shpesh her\u00eb flluga ka qen\u00eb e lidhur n\u00eb Portomile, dimrit n\u00eb Bun\u00eb, kurse nga nj\u00eb her\u00eb n\u00eb koh\u00ebn e \u201clignjeve \u201cedhe n\u00eb mol t\u00eb Ulqinit, n\u00eb Kaceme. N\u00eb prill, por edhe n\u00eb fillim t\u00eb majit, edhe sivjet Beti ka dal\u00eb me flug\u00eb deri pas Gurit t\u00eb Madh p\u00ebr lignje. Ne, nga Kalaja gjithmon\u00eb e kemi v\u00ebrejt fllug\u00ebn e Betit&#8230;<br \/>\n<a href=\"http:\/\/www.visit-ulcinj.com\/blog\/wp-content\/uploads\/2012\/06\/IN-MEMORIAM-Ahmet-Beto-KASHOXHA.2.jpg\"><img loading=\"lazy\" class=\"alignleft  wp-image-61935\" title=\"IN MEMORIAM  Ahmet Beto KASHOXHA.2\" src=\"http:\/\/www.visit-ulcinj.com\/blog\/wp-content\/uploads\/2012\/06\/IN-MEMORIAM-Ahmet-Beto-KASHOXHA.2.jpg\" alt=\"\" width=\"508\" height=\"300\" \/><\/a><br \/>\nEdhe sot, kur shikojm\u00eb horizontin, atje ku puthet qielli me det, ku peshkatar\u00ebt hedhin rrijetat, ose grepat, me sy e k\u00ebrkojm\u00eb fllug\u00ebn e Betit.<br \/>\nFlluga tash m\u00eb nuk \u00ebsht\u00eb aty, gjendet pran kasoll\u00ebs n\u00eb Bun\u00eb&#8230; E kemi shpres\u00ebn se djem\u00ebt Ruzhdiu dhe Remziu nuk do ta l\u00ebn\u00eb fllug\u00ebn t\u00eb mbes\u00eb vet\u00ebm pran kasoll\u00ebs. Ne d\u00ebshirojm ta shohin prap n\u00eb det\u00eb. Shum\u00eb nga ne kan\u00eb me u kujtuar n\u00eb Betin, dhe gjithmon\u00eb kemi me than\u00eb\u201d qe se ku \u00ebsht\u00eb flluga e Betit, sepse ai ka mbet\u00eb dhe ka me mbet\u00eb n\u00eb kujtes\u00ebn ton\u00eb si fllugsa e par\u00eb m\u00eb tend\u00eb dhe m\u00eb motor &#8230;<br \/>\nShum\u00eb peshkatar t\u00eb vjet\u00ebr e din se Beto Kashoxha, dikur ka \u201cvozit\u00eb\u201d nj\u00eb bark\u00eb e cila, i ka takuar\u201d Ribarskos s\u00eb Ulqinit\u201d nj\u00eb nd\u00ebrmarjes t\u00eb asaj koh\u00eb e cila \u00ebsht\u00eb marr\u00eb me peshkim. A jo barke ka qen\u00eb shum\u00eb e shpejt dhe ka pas nj\u00eb motor t\u00eb fuqish\u00ebm dhe gjithmon\u00eb i ka \u201c g\u00ebrguar \u201c flugat nga peshkimi prej Bun\u00eb, deri ke shkallat i peshkaxhive n\u00eb mol t\u00eb Ulqinit.. Edhe neve si f\u00ebmij\u00eb na kujtohet ajo koh\u00eb, kur rrijetat kan\u00eb qen\u00eb gjithmon\u00eb plot me peshk.<br \/>\nBeti, nuk \u00ebsht\u00eb m\u00eb nd\u00ebrmjet nesh. T\u00eb gjith\u00eb ato t\u00eb cil\u00ebt e kan\u00eb njohur dhe t\u00eb cil\u00ebt kan\u00eb ndenj shpesh me te, flasin m\u00eb nj\u00eb pijetet t\u00eb posa\u00e7\u00ebm p\u00ebr k\u00ebt\u00eb njeri t\u00eb but\u00eb dhe t\u00eb ve\u00e7ant\u00eb nga Rana e jon\u00eb. Peshkatar\u00ebt e vjet\u00ebr, m\u00eb t\u00eb cil\u00ebt Beti ka gjuajtur peshk, detar\u00ebt, m\u00eb t\u00eb cil\u00ebt ka lundruar nep\u00ebr dete aneman\u00eb bot\u00ebs.<br \/>\nAliu, Selimi dhe Rifati, t\u00eb cil\u00ebt ende jetojn, dhe m\u00eb t\u00eb cil\u00ebt Beti ka b\u00ebr\u00eb muzik\u00eb, flasin me rrespekt\u00eb dhe pikllim t\u00eb thell\u00eb. Beti do t\u00eb mbes\u00eb n\u00eb kujtes\u00ebn e tyre si nj\u00eb nj\u00eb shok me t\u00eb cilin kan\u00eb kaluar nj\u00eb pjes\u00eb t\u00eb jet\u00ebs s\u00eb vet\u00eb.<br \/>\nNeve, k\u00ebtu n\u00eb Ran\u00eb do t\u00eb na kujtohet Beto Kashoxha si nj\u00eb figur markante e cila pa d\u00ebshim ka l\u00ebn\u00eb gjurm\u00eb t\u00eb pa l\u00ebshuar n\u00eb trashigmin\u00eb dhe n\u00eb jet\u00ebn ton\u00eb n\u00eb p\u00ebrgjith\u00ebsi.<br \/>\n<strong>Ulqin, qershor 2012<\/strong><br \/>\n<strong> Ismet KARAMANAGA<\/strong><\/p>\n","protected":false},"excerpt":{"rendered":"<p>N\u00eb mosh\u00ebn 83-vje\u00e7are ndroi jet\u00eb Beto Kashoxha Beti ka qen\u00eb nj\u00eb \u201cnishan\u201d i Ran\u00ebs ton\u00eb, thot\u00eb populli, nj\u00eb njeri i but\u00eb, i qet\u00eb dhe nj\u00eb njeri i cili nuk ka ditur ta ngris\u00eb z\u00ebrin kurr\u00eb. K\u00ebtu n\u00eb Ran\u00eb, t\u00eb gjith\u00eb ne flasim me z\u00eb t\u00eb lart\u00eb dhe, shpeshher\u00eb, t\u00eb huajit q\u00eb na degjonin, mendonin se [&hellip;]<\/p>\n","protected":false},"author":1,"featured_media":0,"comment_status":"open","ping_status":"closed","sticky":false,"template":"","format":"standard","meta":{"spay_email":"","jetpack_publicize_message":"","jetpack_is_tweetstorm":false,"jetpack_publicize_feature_enabled":true},"categories":[1,6950],"tags":[20819,200,18],"jetpack_publicize_connections":[],"yoast_head":"<!-- This site is optimized with the Yoast SEO plugin v19.1 - https:\/\/yoast.com\/wordpress\/plugins\/seo\/ -->\n<title>IN MEMORIAM Ahmet Beto KASHOXHA \u2013 NISHANI I RAN\u00cbS - Lajme nga Ulqini<\/title>\n<meta name=\"description\" content=\"N\u00eb mosh\u00ebn 83-vje\u00e7are ndroi jet\u00eb Beto Kashoxha Beti ka qen\u00eb nj\u00eb \u201cnishan\u201d i Ran\u00ebs ton\u00eb, thot\u00eb populli, nj\u00eb njeri i but\u00eb, i qet\u00eb dhe nj\u00eb njeri i cili nuk ka\" \/>\n<meta name=\"robots\" content=\"index, follow, max-snippet:-1, max-image-preview:large, max-video-preview:-1\" \/>\n<link rel=\"canonical\" href=\"https:\/\/www.visit-ulcinj.com\/blog\/2012\/06\/21\/in-memoriam-ahmet-beto-kashoxha-nishani-i-ranes\/\" \/>\n<meta property=\"og:locale\" content=\"en_US\" \/>\n<meta property=\"og:type\" content=\"article\" \/>\n<meta property=\"og:title\" content=\"IN MEMORIAM Ahmet Beto KASHOXHA \u2013 NISHANI I RAN\u00cbS - Lajme nga Ulqini\" \/>\n<meta property=\"og:description\" content=\"N\u00eb mosh\u00ebn 83-vje\u00e7are ndroi jet\u00eb Beto Kashoxha Beti ka qen\u00eb nj\u00eb \u201cnishan\u201d i Ran\u00ebs ton\u00eb, thot\u00eb populli, nj\u00eb njeri i but\u00eb, i qet\u00eb dhe nj\u00eb njeri i cili nuk ka\" \/>\n<meta property=\"og:url\" content=\"https:\/\/www.visit-ulcinj.com\/blog\/2012\/06\/21\/in-memoriam-ahmet-beto-kashoxha-nishani-i-ranes\/\" \/>\n<meta property=\"og:site_name\" content=\"Lajme nga Ulqini\" \/>\n<meta property=\"article:published_time\" content=\"2012-06-21T16:51:12+00:00\" \/>\n<meta property=\"article:modified_time\" content=\"2012-06-23T22:58:11+00:00\" \/>\n<meta property=\"og:image\" content=\"http:\/\/www.visit-ulcinj.com\/blog\/wp-content\/uploads\/2012\/06\/IN-MEMORIAM-Ahmet-Beto-KASHOXHA.jpg\" \/>\n<meta name=\"twitter:label1\" content=\"Written by\" \/>\n\t<meta name=\"twitter:data1\" content=\"ulqini\" \/>\n\t<meta name=\"twitter:label2\" content=\"Est. reading time\" \/>\n\t<meta name=\"twitter:data2\" content=\"7 minutes\" \/>\n<script type=\"application\/ld+json\" class=\"yoast-schema-graph\">{\"@context\":\"https:\/\/schema.org\",\"@graph\":[{\"@type\":\"WebSite\",\"@id\":\"https:\/\/www.visit-ulcinj.com\/blog\/#website\",\"url\":\"https:\/\/www.visit-ulcinj.com\/blog\/\",\"name\":\"Lajme nga Ulqini\",\"description\":\"Lajme,Vijesti,Ulqini,Ulqin,Crna Gora,Mali i Zi\",\"potentialAction\":[{\"@type\":\"SearchAction\",\"target\":{\"@type\":\"EntryPoint\",\"urlTemplate\":\"https:\/\/www.visit-ulcinj.com\/blog\/?s={search_term_string}\"},\"query-input\":\"required name=search_term_string\"}],\"inLanguage\":\"en-US\"},{\"@type\":\"ImageObject\",\"inLanguage\":\"en-US\",\"@id\":\"https:\/\/www.visit-ulcinj.com\/blog\/2012\/06\/21\/in-memoriam-ahmet-beto-kashoxha-nishani-i-ranes\/#primaryimage\",\"url\":\"https:\/\/www.visit-ulcinj.com\/blog\/wp-content\/uploads\/2012\/06\/IN-MEMORIAM-Ahmet-Beto-KASHOXHA.jpg\",\"contentUrl\":\"https:\/\/www.visit-ulcinj.com\/blog\/wp-content\/uploads\/2012\/06\/IN-MEMORIAM-Ahmet-Beto-KASHOXHA.jpg\",\"width\":\"720\",\"height\":\"519\"},{\"@type\":\"WebPage\",\"@id\":\"https:\/\/www.visit-ulcinj.com\/blog\/2012\/06\/21\/in-memoriam-ahmet-beto-kashoxha-nishani-i-ranes\/#webpage\",\"url\":\"https:\/\/www.visit-ulcinj.com\/blog\/2012\/06\/21\/in-memoriam-ahmet-beto-kashoxha-nishani-i-ranes\/\",\"name\":\"IN MEMORIAM Ahmet Beto KASHOXHA \u2013 NISHANI I RAN\u00cbS - Lajme nga Ulqini\",\"isPartOf\":{\"@id\":\"https:\/\/www.visit-ulcinj.com\/blog\/#website\"},\"primaryImageOfPage\":{\"@id\":\"https:\/\/www.visit-ulcinj.com\/blog\/2012\/06\/21\/in-memoriam-ahmet-beto-kashoxha-nishani-i-ranes\/#primaryimage\"},\"datePublished\":\"2012-06-21T16:51:12+00:00\",\"dateModified\":\"2012-06-23T22:58:11+00:00\",\"author\":{\"@id\":\"https:\/\/www.visit-ulcinj.com\/blog\/#\/schema\/person\/dcab619c614d3038751c63bc2aadc06d\"},\"description\":\"N\u00eb mosh\u00ebn 83-vje\u00e7are ndroi jet\u00eb Beto Kashoxha Beti ka qen\u00eb nj\u00eb \u201cnishan\u201d i Ran\u00ebs ton\u00eb, thot\u00eb populli, nj\u00eb njeri i but\u00eb, i qet\u00eb dhe nj\u00eb njeri i cili nuk ka\",\"breadcrumb\":{\"@id\":\"https:\/\/www.visit-ulcinj.com\/blog\/2012\/06\/21\/in-memoriam-ahmet-beto-kashoxha-nishani-i-ranes\/#breadcrumb\"},\"inLanguage\":\"en-US\",\"potentialAction\":[{\"@type\":\"ReadAction\",\"target\":[\"https:\/\/www.visit-ulcinj.com\/blog\/2012\/06\/21\/in-memoriam-ahmet-beto-kashoxha-nishani-i-ranes\/\"]}]},{\"@type\":\"BreadcrumbList\",\"@id\":\"https:\/\/www.visit-ulcinj.com\/blog\/2012\/06\/21\/in-memoriam-ahmet-beto-kashoxha-nishani-i-ranes\/#breadcrumb\",\"itemListElement\":[{\"@type\":\"ListItem\",\"position\":1,\"name\":\"IN MEMORIAM Ahmet Beto KASHOXHA \u2013 NISHANI I RAN\u00cbS\"}]},{\"@type\":\"Person\",\"@id\":\"https:\/\/www.visit-ulcinj.com\/blog\/#\/schema\/person\/dcab619c614d3038751c63bc2aadc06d\",\"name\":\"ulqini\",\"sameAs\":[\"http:\/\/www.visit-ulcinj.com\"],\"url\":\"https:\/\/www.visit-ulcinj.com\/blog\/author\/admin\/\"}]}<\/script>\n<!-- \/ Yoast SEO plugin. -->","yoast_head_json":{"title":"IN MEMORIAM Ahmet Beto KASHOXHA \u2013 NISHANI I RAN\u00cbS - Lajme nga Ulqini","description":"N\u00eb mosh\u00ebn 83-vje\u00e7are ndroi jet\u00eb Beto Kashoxha Beti ka qen\u00eb nj\u00eb \u201cnishan\u201d i Ran\u00ebs ton\u00eb, thot\u00eb populli, nj\u00eb njeri i but\u00eb, i qet\u00eb dhe nj\u00eb njeri i cili nuk ka","robots":{"index":"index","follow":"follow","max-snippet":"max-snippet:-1","max-image-preview":"max-image-preview:large","max-video-preview":"max-video-preview:-1"},"canonical":"https:\/\/www.visit-ulcinj.com\/blog\/2012\/06\/21\/in-memoriam-ahmet-beto-kashoxha-nishani-i-ranes\/","og_locale":"en_US","og_type":"article","og_title":"IN MEMORIAM Ahmet Beto KASHOXHA \u2013 NISHANI I RAN\u00cbS - Lajme nga Ulqini","og_description":"N\u00eb mosh\u00ebn 83-vje\u00e7are ndroi jet\u00eb Beto Kashoxha Beti ka qen\u00eb nj\u00eb \u201cnishan\u201d i Ran\u00ebs ton\u00eb, thot\u00eb populli, nj\u00eb njeri i but\u00eb, i qet\u00eb dhe nj\u00eb njeri i cili nuk ka","og_url":"https:\/\/www.visit-ulcinj.com\/blog\/2012\/06\/21\/in-memoriam-ahmet-beto-kashoxha-nishani-i-ranes\/","og_site_name":"Lajme nga Ulqini","article_published_time":"2012-06-21T16:51:12+00:00","article_modified_time":"2012-06-23T22:58:11+00:00","og_image":[{"url":"http:\/\/www.visit-ulcinj.com\/blog\/wp-content\/uploads\/2012\/06\/IN-MEMORIAM-Ahmet-Beto-KASHOXHA.jpg"}],"twitter_misc":{"Written by":"ulqini","Est. reading time":"7 minutes"},"schema":{"@context":"https:\/\/schema.org","@graph":[{"@type":"WebSite","@id":"https:\/\/www.visit-ulcinj.com\/blog\/#website","url":"https:\/\/www.visit-ulcinj.com\/blog\/","name":"Lajme nga Ulqini","description":"Lajme,Vijesti,Ulqini,Ulqin,Crna Gora,Mali i Zi","potentialAction":[{"@type":"SearchAction","target":{"@type":"EntryPoint","urlTemplate":"https:\/\/www.visit-ulcinj.com\/blog\/?s={search_term_string}"},"query-input":"required name=search_term_string"}],"inLanguage":"en-US"},{"@type":"ImageObject","inLanguage":"en-US","@id":"https:\/\/www.visit-ulcinj.com\/blog\/2012\/06\/21\/in-memoriam-ahmet-beto-kashoxha-nishani-i-ranes\/#primaryimage","url":"https:\/\/www.visit-ulcinj.com\/blog\/wp-content\/uploads\/2012\/06\/IN-MEMORIAM-Ahmet-Beto-KASHOXHA.jpg","contentUrl":"https:\/\/www.visit-ulcinj.com\/blog\/wp-content\/uploads\/2012\/06\/IN-MEMORIAM-Ahmet-Beto-KASHOXHA.jpg","width":"720","height":"519"},{"@type":"WebPage","@id":"https:\/\/www.visit-ulcinj.com\/blog\/2012\/06\/21\/in-memoriam-ahmet-beto-kashoxha-nishani-i-ranes\/#webpage","url":"https:\/\/www.visit-ulcinj.com\/blog\/2012\/06\/21\/in-memoriam-ahmet-beto-kashoxha-nishani-i-ranes\/","name":"IN MEMORIAM Ahmet Beto KASHOXHA \u2013 NISHANI I RAN\u00cbS - Lajme nga Ulqini","isPartOf":{"@id":"https:\/\/www.visit-ulcinj.com\/blog\/#website"},"primaryImageOfPage":{"@id":"https:\/\/www.visit-ulcinj.com\/blog\/2012\/06\/21\/in-memoriam-ahmet-beto-kashoxha-nishani-i-ranes\/#primaryimage"},"datePublished":"2012-06-21T16:51:12+00:00","dateModified":"2012-06-23T22:58:11+00:00","author":{"@id":"https:\/\/www.visit-ulcinj.com\/blog\/#\/schema\/person\/dcab619c614d3038751c63bc2aadc06d"},"description":"N\u00eb mosh\u00ebn 83-vje\u00e7are ndroi jet\u00eb Beto Kashoxha Beti ka qen\u00eb nj\u00eb \u201cnishan\u201d i Ran\u00ebs ton\u00eb, thot\u00eb populli, nj\u00eb njeri i but\u00eb, i qet\u00eb dhe nj\u00eb njeri i cili nuk ka","breadcrumb":{"@id":"https:\/\/www.visit-ulcinj.com\/blog\/2012\/06\/21\/in-memoriam-ahmet-beto-kashoxha-nishani-i-ranes\/#breadcrumb"},"inLanguage":"en-US","potentialAction":[{"@type":"ReadAction","target":["https:\/\/www.visit-ulcinj.com\/blog\/2012\/06\/21\/in-memoriam-ahmet-beto-kashoxha-nishani-i-ranes\/"]}]},{"@type":"BreadcrumbList","@id":"https:\/\/www.visit-ulcinj.com\/blog\/2012\/06\/21\/in-memoriam-ahmet-beto-kashoxha-nishani-i-ranes\/#breadcrumb","itemListElement":[{"@type":"ListItem","position":1,"name":"IN MEMORIAM Ahmet Beto KASHOXHA \u2013 NISHANI I RAN\u00cbS"}]},{"@type":"Person","@id":"https:\/\/www.visit-ulcinj.com\/blog\/#\/schema\/person\/dcab619c614d3038751c63bc2aadc06d","name":"ulqini","sameAs":["http:\/\/www.visit-ulcinj.com"],"url":"https:\/\/www.visit-ulcinj.com\/blog\/author\/admin\/"}]}},"jetpack_featured_media_url":"","jetpack_sharing_enabled":true,"jetpack_shortlink":"https:\/\/wp.me\/pe6lTn-g6S","_links":{"self":[{"href":"https:\/\/www.visit-ulcinj.com\/blog\/wp-json\/wp\/v2\/posts\/61930"}],"collection":[{"href":"https:\/\/www.visit-ulcinj.com\/blog\/wp-json\/wp\/v2\/posts"}],"about":[{"href":"https:\/\/www.visit-ulcinj.com\/blog\/wp-json\/wp\/v2\/types\/post"}],"author":[{"embeddable":true,"href":"https:\/\/www.visit-ulcinj.com\/blog\/wp-json\/wp\/v2\/users\/1"}],"replies":[{"embeddable":true,"href":"https:\/\/www.visit-ulcinj.com\/blog\/wp-json\/wp\/v2\/comments?post=61930"}],"version-history":[{"count":5,"href":"https:\/\/www.visit-ulcinj.com\/blog\/wp-json\/wp\/v2\/posts\/61930\/revisions"}],"predecessor-version":[{"id":61948,"href":"https:\/\/www.visit-ulcinj.com\/blog\/wp-json\/wp\/v2\/posts\/61930\/revisions\/61948"}],"wp:attachment":[{"href":"https:\/\/www.visit-ulcinj.com\/blog\/wp-json\/wp\/v2\/media?parent=61930"}],"wp:term":[{"taxonomy":"category","embeddable":true,"href":"https:\/\/www.visit-ulcinj.com\/blog\/wp-json\/wp\/v2\/categories?post=61930"},{"taxonomy":"post_tag","embeddable":true,"href":"https:\/\/www.visit-ulcinj.com\/blog\/wp-json\/wp\/v2\/tags?post=61930"}],"curies":[{"name":"wp","href":"https:\/\/api.w.org\/{rel}","templated":true}]}}