{"id":61944,"date":"2012-06-23T23:54:32","date_gmt":"2012-06-23T22:54:32","guid":{"rendered":"http:\/\/www.visit-ulcinj.com\/blog\/?p=61944"},"modified":"2012-06-27T23:43:36","modified_gmt":"2012-06-27T22:43:36","slug":"nazif-cungu-priti-perfaqesuesit-e-bankes-gjermane-per-zhvillim","status":"publish","type":"post","link":"https:\/\/www.visit-ulcinj.com\/blog\/2012\/06\/23\/nazif-cungu-priti-perfaqesuesit-e-bankes-gjermane-per-zhvillim\/","title":{"rendered":"Nazif Cungu priti p\u00ebrfaq\u00ebsuesit e Bank\u00ebs Gjermane p\u00ebr Zhvillim"},"content":{"rendered":"<p><a href=\"http:\/\/www.visit-ulcinj.com\/blog\/wp-content\/uploads\/2012\/06\/Nazif-Cungu-priti-p\u00ebrfaq\u00ebsuesit-e-Bank\u00ebs-Gjermane-p\u00ebr-Zhvillim.jpg\"><img loading=\"lazy\" class=\"alignleft  wp-image-61945\" title=\"Nazif Cungu priti p\u00ebrfaq\u00ebsuesit e Bank\u00ebs Gjermane p\u00ebr Zhvillim\" src=\"http:\/\/www.visit-ulcinj.com\/blog\/wp-content\/uploads\/2012\/06\/Nazif-Cungu-priti-p\u00ebrfaq\u00ebsuesit-e-Bank\u00ebs-Gjermane-p\u00ebr-Zhvillim.jpg\" alt=\"\" width=\"508\" height=\"360\" \/><\/a>Kryetari i Komun\u00ebs s\u00eb Ulqinit z. Nazif Cungu dhe bashkputor\u00eb t\u00eb tij mbajten nj\u00eb takim pune me p\u00ebrfaq\u00ebsues t\u00eb Bankes Gjermane p\u00ebr Zhvillim. N\u00eb takim ishin t\u00eb pranishem edhe p\u00ebrfaq\u00ebsues t\u00eb qeveris s\u00eb Malit t\u00eb Zi,p\u00ebrfaq\u00ebsues t\u00eb Vodakom-it si dhe p\u00ebrfaq\u00ebsues t\u00eb nd\u00ebrmarrjes p\u00ebr ujsjell\u00ebs dhe kanalizime Ulqin.<br \/>\nBanka Gjermane p\u00ebr Zhvillim ka ofruar ekspert t\u00eb saj p\u00ebr evidentimin e gjendjes s\u00eb sistemit t\u00eb ujsjellsit dhe t\u00eb kanalizimeve me \u00e7rast ato kan\u00eb p\u00ebrpunuar nj\u00eb raport mbi nevojen e investimeve n\u00eb k\u00ebt\u00eb infrastruktur\u00eb.<\/p>\n<p>N\u00eb k\u00ebt\u00eb raport p\u00ebrcaktohen si t\u00eb nevojshme k\u00ebto investime q\u00eb kapin vleren:<br \/>\nSanimi i rrjetit t\u00eb ujsjellsit n\u00eb Ulqinit -1,600,000\u20ac<br \/>\nRrjeti i ujsjellsit n\u00eb Shtoj &#8211; 2,000,000\u20ac<br \/>\nSanimi i rezervarit ekzistues n\u00eb Mal t\u00eb Bardh\u00eb \u2013 160,000\u20ac,<br \/>\nSanimi i stacionit t\u00eb pompimit n\u00eb Kllezen \u2013 100,000\u20ac<br \/>\nRrjeti i ujsjellsit n\u00eb Fushen e Ulqinit \u2013 1,700,000\u20ac<br \/>\nNdarja e ujrave fekale dhe atmosferike &#8211; 270,000\u20ac<br \/>\nRrjeti i kanalizimit n\u00eb Shtoj \u2013 6,000,000 + 2,900,000\u20ac<br \/>\nRrjeti i kanalizimit n\u00eb Bratice q\u00eb p\u00ebrfshin edhe Totoshin,Kodrat dhe Malin e Bardh \u2013 4,800,000\u20ac<br \/>\nRrjeti i kanalizimit n\u00eb Fushen e Ulqinit \u2013 2,200,000\u20ac<br \/>\nImpiant p\u00ebr trajtimin e ujrave t\u00eb zeza \u2013 4,000,000\u20ac<br \/>\nTubacionet e shkarkimit t\u00eb ujrave t\u00eb zeza n\u00eb Ran\u00eb \u2013 1,600,000\u20ac<br \/>\nSanimi i stacionit t\u00eb pompimit n\u00eb Gjerana \u2013 350.000\u20ac<\/p>\n<p>Realizimi i k\u00ebtyre projekteve kap vleren rreth 22 milion euro ku p\u00ebrfaq\u00ebsuesit e Bank\u00ebs Gjermane p\u00ebr Zhvillim shprehen mbeshtetje t\u00eb plote p\u00ebr k\u00ebto investime.<br \/>\nAto u shprehen t\u00eb gatshem q\u00eb t\u00eb angazhojn\u00eb ekspert t\u00eb tyre p\u00ebr hartimin e planit t\u00eb fizibilitetit p\u00ebr k\u00ebto projekte n\u00eb m\u00ebnyr\u00eb q\u00eb t\u00eb b\u00ebjm\u00eb nj\u00eb analiz\u00eb t\u00eb detajuar n\u00eb mbrojtje t\u00eb mjedisit jet\u00ebsor. Poashtu duhet b\u00ebr\u00eb edhe nj\u00eb studim i mirfillt p\u00ebr kapacitetit i kthimit t\u00eb kredis\u00eb n\u00eb m\u00ebnyr\u00eb q\u00eb t&#8217;mos rendohet buxheti dhe u shprehen se gjat\u00eb vitit t\u00eb ardhshem mund t\u00eb krijohen kushtet p\u00ebr aplikimin e k\u00ebtyre projekteve n\u00eb fondet e k\u00ebsaj banke.<br \/>\nKryetari i komunes Cungu i falenderoi t\u00eb pranishmit dhe u shpreh optimist n\u00eb p\u00ebrpunimin e k\u00ebtyre projekteve n\u00eb m\u00ebnyr\u00eb q\u00eb sa m\u00eb par\u00eb t\u00eb arrihet n\u00eb procesin e aplikimit t\u00eb tyre. Ai siguroj t\u00eb pranishmit se komuna po punon dhe do t\u00eb punoj intensivisht n\u00eb studimin dhe p\u00ebrpunimin e projekteve t\u00eb ndryshme p\u00ebr qytetin e Ulqinit,ku prioritet mbetet infrastruktura ujsjell\u00ebsit dhe kanalizimit. Ai u shpreh se raporti i p\u00ebrpunuar nga kjo banke nxjerr\u00eb n\u00eb pah nevojen p\u00ebr investime n\u00eb k\u00ebto projekte dhe se komuna e Ulqinit \u00ebsht\u00eb n\u00eb mb\u00ebshtetje t\u00eb plot\u00eb me gjith\u00eb infrastrukturen q\u00eb ajo ka.<br \/>\nPoashtu kryetari Cungu tha se me r\u00ebndesi t\u00eb vacant mbetet edhe nd\u00ebrtimi i rezervarit n\u00eb Malin e Bris i cili do t\u00eb krijoj\u00eb nj\u00eb standart m\u00eb t\u00eb mir\u00eb p\u00ebr furnizimin e qytetit me uje,si dhe parashikimi i t\u00eb gjith\u00eb k\u00ebtyre projekteve n\u00eb planin hapsinor t\u00eb qytetit.<br \/>\nP\u00ebrfaq\u00ebsuesi i qeveris s\u00eb Malit t\u00eb Zi u shpreh se deri n\u00eb fund t\u00eb k\u00ebtij muaji qeveria do t\u00eb hap tenderin p\u00ebr p\u00ebrpunimin e planit t\u00eb rrjetit t\u00eb ujrave t\u00eb zeza p\u00ebr kater zona n\u00eb Ulqin,at\u00eb t\u00eb Bratic\u00ebs,Kodrave,Malit te Bardh dhe Totoshit. Ai u shpreh se duhet nj\u00eb bashkpunim i ngusht n\u00eb mes t\u00eb Bankes Gjermane p\u00ebr Zhvillim,Qeveris s\u00eb Malit t\u00eb Zi dhe Komun\u00ebs s\u00eb Ulqinit p\u00ebr realizimin dhe implementimin e k\u00ebtyre projekteve.<\/p>\n<p>Komuna Ulqinit<\/p>\n","protected":false},"excerpt":{"rendered":"<p>Kryetari i Komun\u00ebs s\u00eb Ulqinit z. Nazif Cungu dhe bashkputor\u00eb t\u00eb tij mbajten nj\u00eb takim pune me p\u00ebrfaq\u00ebsues t\u00eb Bankes Gjermane p\u00ebr Zhvillim. N\u00eb takim ishin t\u00eb pranishem edhe p\u00ebrfaq\u00ebsues t\u00eb qeveris s\u00eb Malit t\u00eb Zi,p\u00ebrfaq\u00ebsues t\u00eb Vodakom-it si dhe p\u00ebrfaq\u00ebsues t\u00eb nd\u00ebrmarrjes p\u00ebr ujsjell\u00ebs dhe kanalizime Ulqin. Banka Gjermane p\u00ebr Zhvillim ka ofruar ekspert [&hellip;]<\/p>\n","protected":false},"author":1,"featured_media":0,"comment_status":"open","ping_status":"closed","sticky":false,"template":"","format":"standard","meta":{"spay_email":"","jetpack_publicize_message":"","jetpack_is_tweetstorm":false,"jetpack_publicize_feature_enabled":true},"categories":[10,1],"tags":[118,200,18],"jetpack_publicize_connections":[],"yoast_head":"<!-- This site is optimized with the Yoast SEO plugin v19.1 - https:\/\/yoast.com\/wordpress\/plugins\/seo\/ -->\n<title>Nazif Cungu priti p\u00ebrfaq\u00ebsuesit e Bank\u00ebs Gjermane p\u00ebr Zhvillim - Lajme nga Ulqini<\/title>\n<meta name=\"description\" content=\"Kryetari i Komun\u00ebs s\u00eb Ulqinit z. Nazif Cungu dhe bashkputor\u00eb t\u00eb tij mbajten nj\u00eb takim pune me p\u00ebrfaq\u00ebsues t\u00eb Bankes Gjermane p\u00ebr Zhvillim. N\u00eb takim ishin\" \/>\n<meta name=\"robots\" content=\"index, follow, max-snippet:-1, max-image-preview:large, max-video-preview:-1\" \/>\n<link rel=\"canonical\" href=\"https:\/\/www.visit-ulcinj.com\/blog\/2012\/06\/23\/nazif-cungu-priti-perfaqesuesit-e-bankes-gjermane-per-zhvillim\/\" \/>\n<meta property=\"og:locale\" content=\"en_US\" \/>\n<meta property=\"og:type\" content=\"article\" \/>\n<meta property=\"og:title\" content=\"Nazif Cungu priti p\u00ebrfaq\u00ebsuesit e Bank\u00ebs Gjermane p\u00ebr Zhvillim - Lajme nga Ulqini\" \/>\n<meta property=\"og:description\" content=\"Kryetari i Komun\u00ebs s\u00eb Ulqinit z. Nazif Cungu dhe bashkputor\u00eb t\u00eb tij mbajten nj\u00eb takim pune me p\u00ebrfaq\u00ebsues t\u00eb Bankes Gjermane p\u00ebr Zhvillim. N\u00eb takim ishin\" \/>\n<meta property=\"og:url\" content=\"https:\/\/www.visit-ulcinj.com\/blog\/2012\/06\/23\/nazif-cungu-priti-perfaqesuesit-e-bankes-gjermane-per-zhvillim\/\" \/>\n<meta property=\"og:site_name\" content=\"Lajme nga Ulqini\" \/>\n<meta property=\"article:published_time\" content=\"2012-06-23T22:54:32+00:00\" \/>\n<meta property=\"article:modified_time\" content=\"2012-06-27T22:43:36+00:00\" \/>\n<meta name=\"twitter:label1\" content=\"Written by\" \/>\n\t<meta name=\"twitter:data1\" content=\"ulqini\" \/>\n\t<meta name=\"twitter:label2\" content=\"Est. reading time\" \/>\n\t<meta name=\"twitter:data2\" content=\"3 minutes\" \/>\n<script type=\"application\/ld+json\" class=\"yoast-schema-graph\">{\"@context\":\"https:\/\/schema.org\",\"@graph\":[{\"@type\":\"WebSite\",\"@id\":\"https:\/\/www.visit-ulcinj.com\/blog\/#website\",\"url\":\"https:\/\/www.visit-ulcinj.com\/blog\/\",\"name\":\"Lajme nga Ulqini\",\"description\":\"Lajme,Vijesti,Ulqini,Ulqin,Crna Gora,Mali i Zi\",\"potentialAction\":[{\"@type\":\"SearchAction\",\"target\":{\"@type\":\"EntryPoint\",\"urlTemplate\":\"https:\/\/www.visit-ulcinj.com\/blog\/?s={search_term_string}\"},\"query-input\":\"required name=search_term_string\"}],\"inLanguage\":\"en-US\"},{\"@type\":\"WebPage\",\"@id\":\"https:\/\/www.visit-ulcinj.com\/blog\/2012\/06\/23\/nazif-cungu-priti-perfaqesuesit-e-bankes-gjermane-per-zhvillim\/#webpage\",\"url\":\"https:\/\/www.visit-ulcinj.com\/blog\/2012\/06\/23\/nazif-cungu-priti-perfaqesuesit-e-bankes-gjermane-per-zhvillim\/\",\"name\":\"Nazif Cungu priti p\u00ebrfaq\u00ebsuesit e Bank\u00ebs Gjermane p\u00ebr Zhvillim - Lajme nga Ulqini\",\"isPartOf\":{\"@id\":\"https:\/\/www.visit-ulcinj.com\/blog\/#website\"},\"datePublished\":\"2012-06-23T22:54:32+00:00\",\"dateModified\":\"2012-06-27T22:43:36+00:00\",\"author\":{\"@id\":\"https:\/\/www.visit-ulcinj.com\/blog\/#\/schema\/person\/dcab619c614d3038751c63bc2aadc06d\"},\"description\":\"Kryetari i Komun\u00ebs s\u00eb Ulqinit z. Nazif Cungu dhe bashkputor\u00eb t\u00eb tij mbajten nj\u00eb takim pune me p\u00ebrfaq\u00ebsues t\u00eb Bankes Gjermane p\u00ebr Zhvillim. N\u00eb takim ishin\",\"breadcrumb\":{\"@id\":\"https:\/\/www.visit-ulcinj.com\/blog\/2012\/06\/23\/nazif-cungu-priti-perfaqesuesit-e-bankes-gjermane-per-zhvillim\/#breadcrumb\"},\"inLanguage\":\"en-US\",\"potentialAction\":[{\"@type\":\"ReadAction\",\"target\":[\"https:\/\/www.visit-ulcinj.com\/blog\/2012\/06\/23\/nazif-cungu-priti-perfaqesuesit-e-bankes-gjermane-per-zhvillim\/\"]}]},{\"@type\":\"BreadcrumbList\",\"@id\":\"https:\/\/www.visit-ulcinj.com\/blog\/2012\/06\/23\/nazif-cungu-priti-perfaqesuesit-e-bankes-gjermane-per-zhvillim\/#breadcrumb\",\"itemListElement\":[{\"@type\":\"ListItem\",\"position\":1,\"name\":\"Nazif Cungu priti p\u00ebrfaq\u00ebsuesit e Bank\u00ebs Gjermane p\u00ebr Zhvillim\"}]},{\"@type\":\"Person\",\"@id\":\"https:\/\/www.visit-ulcinj.com\/blog\/#\/schema\/person\/dcab619c614d3038751c63bc2aadc06d\",\"name\":\"ulqini\",\"sameAs\":[\"http:\/\/www.visit-ulcinj.com\"],\"url\":\"https:\/\/www.visit-ulcinj.com\/blog\/author\/admin\/\"}]}<\/script>\n<!-- \/ Yoast SEO plugin. -->","yoast_head_json":{"title":"Nazif Cungu priti p\u00ebrfaq\u00ebsuesit e Bank\u00ebs Gjermane p\u00ebr Zhvillim - Lajme nga Ulqini","description":"Kryetari i Komun\u00ebs s\u00eb Ulqinit z. Nazif Cungu dhe bashkputor\u00eb t\u00eb tij mbajten nj\u00eb takim pune me p\u00ebrfaq\u00ebsues t\u00eb Bankes Gjermane p\u00ebr Zhvillim. N\u00eb takim ishin","robots":{"index":"index","follow":"follow","max-snippet":"max-snippet:-1","max-image-preview":"max-image-preview:large","max-video-preview":"max-video-preview:-1"},"canonical":"https:\/\/www.visit-ulcinj.com\/blog\/2012\/06\/23\/nazif-cungu-priti-perfaqesuesit-e-bankes-gjermane-per-zhvillim\/","og_locale":"en_US","og_type":"article","og_title":"Nazif Cungu priti p\u00ebrfaq\u00ebsuesit e Bank\u00ebs Gjermane p\u00ebr Zhvillim - Lajme nga Ulqini","og_description":"Kryetari i Komun\u00ebs s\u00eb Ulqinit z. Nazif Cungu dhe bashkputor\u00eb t\u00eb tij mbajten nj\u00eb takim pune me p\u00ebrfaq\u00ebsues t\u00eb Bankes Gjermane p\u00ebr Zhvillim. N\u00eb takim ishin","og_url":"https:\/\/www.visit-ulcinj.com\/blog\/2012\/06\/23\/nazif-cungu-priti-perfaqesuesit-e-bankes-gjermane-per-zhvillim\/","og_site_name":"Lajme nga Ulqini","article_published_time":"2012-06-23T22:54:32+00:00","article_modified_time":"2012-06-27T22:43:36+00:00","twitter_misc":{"Written by":"ulqini","Est. reading time":"3 minutes"},"schema":{"@context":"https:\/\/schema.org","@graph":[{"@type":"WebSite","@id":"https:\/\/www.visit-ulcinj.com\/blog\/#website","url":"https:\/\/www.visit-ulcinj.com\/blog\/","name":"Lajme nga Ulqini","description":"Lajme,Vijesti,Ulqini,Ulqin,Crna Gora,Mali i Zi","potentialAction":[{"@type":"SearchAction","target":{"@type":"EntryPoint","urlTemplate":"https:\/\/www.visit-ulcinj.com\/blog\/?s={search_term_string}"},"query-input":"required name=search_term_string"}],"inLanguage":"en-US"},{"@type":"WebPage","@id":"https:\/\/www.visit-ulcinj.com\/blog\/2012\/06\/23\/nazif-cungu-priti-perfaqesuesit-e-bankes-gjermane-per-zhvillim\/#webpage","url":"https:\/\/www.visit-ulcinj.com\/blog\/2012\/06\/23\/nazif-cungu-priti-perfaqesuesit-e-bankes-gjermane-per-zhvillim\/","name":"Nazif Cungu priti p\u00ebrfaq\u00ebsuesit e Bank\u00ebs Gjermane p\u00ebr Zhvillim - Lajme nga Ulqini","isPartOf":{"@id":"https:\/\/www.visit-ulcinj.com\/blog\/#website"},"datePublished":"2012-06-23T22:54:32+00:00","dateModified":"2012-06-27T22:43:36+00:00","author":{"@id":"https:\/\/www.visit-ulcinj.com\/blog\/#\/schema\/person\/dcab619c614d3038751c63bc2aadc06d"},"description":"Kryetari i Komun\u00ebs s\u00eb Ulqinit z. Nazif Cungu dhe bashkputor\u00eb t\u00eb tij mbajten nj\u00eb takim pune me p\u00ebrfaq\u00ebsues t\u00eb Bankes Gjermane p\u00ebr Zhvillim. N\u00eb takim ishin","breadcrumb":{"@id":"https:\/\/www.visit-ulcinj.com\/blog\/2012\/06\/23\/nazif-cungu-priti-perfaqesuesit-e-bankes-gjermane-per-zhvillim\/#breadcrumb"},"inLanguage":"en-US","potentialAction":[{"@type":"ReadAction","target":["https:\/\/www.visit-ulcinj.com\/blog\/2012\/06\/23\/nazif-cungu-priti-perfaqesuesit-e-bankes-gjermane-per-zhvillim\/"]}]},{"@type":"BreadcrumbList","@id":"https:\/\/www.visit-ulcinj.com\/blog\/2012\/06\/23\/nazif-cungu-priti-perfaqesuesit-e-bankes-gjermane-per-zhvillim\/#breadcrumb","itemListElement":[{"@type":"ListItem","position":1,"name":"Nazif Cungu priti p\u00ebrfaq\u00ebsuesit e Bank\u00ebs Gjermane p\u00ebr Zhvillim"}]},{"@type":"Person","@id":"https:\/\/www.visit-ulcinj.com\/blog\/#\/schema\/person\/dcab619c614d3038751c63bc2aadc06d","name":"ulqini","sameAs":["http:\/\/www.visit-ulcinj.com"],"url":"https:\/\/www.visit-ulcinj.com\/blog\/author\/admin\/"}]}},"jetpack_featured_media_url":"","jetpack_sharing_enabled":true,"jetpack_shortlink":"https:\/\/wp.me\/pe6lTn-g76","_links":{"self":[{"href":"https:\/\/www.visit-ulcinj.com\/blog\/wp-json\/wp\/v2\/posts\/61944"}],"collection":[{"href":"https:\/\/www.visit-ulcinj.com\/blog\/wp-json\/wp\/v2\/posts"}],"about":[{"href":"https:\/\/www.visit-ulcinj.com\/blog\/wp-json\/wp\/v2\/types\/post"}],"author":[{"embeddable":true,"href":"https:\/\/www.visit-ulcinj.com\/blog\/wp-json\/wp\/v2\/users\/1"}],"replies":[{"embeddable":true,"href":"https:\/\/www.visit-ulcinj.com\/blog\/wp-json\/wp\/v2\/comments?post=61944"}],"version-history":[{"count":4,"href":"https:\/\/www.visit-ulcinj.com\/blog\/wp-json\/wp\/v2\/posts\/61944\/revisions"}],"predecessor-version":[{"id":61977,"href":"https:\/\/www.visit-ulcinj.com\/blog\/wp-json\/wp\/v2\/posts\/61944\/revisions\/61977"}],"wp:attachment":[{"href":"https:\/\/www.visit-ulcinj.com\/blog\/wp-json\/wp\/v2\/media?parent=61944"}],"wp:term":[{"taxonomy":"category","embeddable":true,"href":"https:\/\/www.visit-ulcinj.com\/blog\/wp-json\/wp\/v2\/categories?post=61944"},{"taxonomy":"post_tag","embeddable":true,"href":"https:\/\/www.visit-ulcinj.com\/blog\/wp-json\/wp\/v2\/tags?post=61944"}],"curies":[{"name":"wp","href":"https:\/\/api.w.org\/{rel}","templated":true}]}}