{"id":61949,"date":"2012-06-24T00:05:42","date_gmt":"2012-06-23T23:05:42","guid":{"rendered":"http:\/\/www.visit-ulcinj.com\/blog\/?p=61949"},"modified":"2012-06-24T00:05:42","modified_gmt":"2012-06-23T23:05:42","slug":"kryetari-nazif-cungu-ka-nenshkruar-marreveshje-me-caritasin-kujdesi-per-te-moshuarit-ne-komunen-e-ulqinit","status":"publish","type":"post","link":"https:\/\/www.visit-ulcinj.com\/blog\/2012\/06\/24\/kryetari-nazif-cungu-ka-nenshkruar-marreveshje-me-caritasin-kujdesi-per-te-moshuarit-ne-komunen-e-ulqinit\/","title":{"rendered":"Kryetari Nazif Cungu ka n\u00ebnshkruar marr\u00ebveshje me Caritasin \u201cKujdesi p\u00ebr t\u00eb moshuarit n\u00eb komunen e Ulqinit\u201d."},"content":{"rendered":"<p><a href=\"http:\/\/www.visit-ulcinj.com\/blog\/wp-content\/uploads\/2012\/06\/Kryetari-Nazif-Cungu-ka-n\u00ebnshkruar-marr\u00ebveshje-me-Caritasin.jpg\"><img loading=\"lazy\" class=\"alignleft  wp-image-61950\" title=\"Kryetari Nazif Cungu ka n\u00ebnshkruar marr\u00ebveshje me Caritasin\" src=\"http:\/\/www.visit-ulcinj.com\/blog\/wp-content\/uploads\/2012\/06\/Kryetari-Nazif-Cungu-ka-n\u00ebnshkruar-marr\u00ebveshje-me-Caritasin.jpg\" alt=\"\" width=\"508\" height=\"360\" \/><\/a>\u00a0Kryetari i komun\u00ebs s\u00eb Ulqinit z.Nazif Cungu ka n\u00ebnshkruar marr\u00ebveshje me Caritasin e Kryeipeshkvis\u00eb s\u00eb Tivarit p\u00ebr realizimin e projektit &#8220;Kujdesi p\u00ebr t\u00eb moshuarit n\u00eb komunen e Ulqinit&#8221;.<br \/>\nProjekti ka p\u00ebr qellim p\u00ebrmirsimin e cil\u00ebsis\u00eb s\u00eb jetes dhe zvoglimin e izolimit social t\u00eb personave t\u00eb moshuar p\u00ebrmes sherbimit dhe p\u00ebrkujdesjes n\u00eb sht\u00ebpit e tyre.<br \/>\nN\u00eb k\u00ebt\u00eb projekt jan\u00eb t\u00eb angazhuar dy persona dhe projekti do t\u00eb zgjas 6muaj,duke filluar nga data 01.07.2012.<\/p>\n","protected":false},"excerpt":{"rendered":"<p>\u00a0Kryetari i komun\u00ebs s\u00eb Ulqinit z.Nazif Cungu ka n\u00ebnshkruar marr\u00ebveshje me Caritasin e Kryeipeshkvis\u00eb s\u00eb Tivarit p\u00ebr realizimin e projektit &#8220;Kujdesi p\u00ebr t\u00eb moshuarit n\u00eb komunen e Ulqinit&#8221;. Projekti ka p\u00ebr qellim p\u00ebrmirsimin e cil\u00ebsis\u00eb s\u00eb jetes dhe zvoglimin e izolimit social t\u00eb personave t\u00eb moshuar p\u00ebrmes sherbimit dhe p\u00ebrkujdesjes n\u00eb sht\u00ebpit e tyre. N\u00eb [&hellip;]<\/p>\n","protected":false},"author":1,"featured_media":0,"comment_status":"open","ping_status":"closed","sticky":false,"template":"","format":"standard","meta":{"spay_email":"","jetpack_publicize_message":"","jetpack_is_tweetstorm":false,"jetpack_publicize_feature_enabled":true},"categories":[11],"tags":[200,18],"jetpack_publicize_connections":[],"yoast_head":"<!-- This site is optimized with the Yoast SEO plugin v19.1 - https:\/\/yoast.com\/wordpress\/plugins\/seo\/ -->\n<title>Kryetari Nazif Cungu ka n\u00ebnshkruar marr\u00ebveshje me Caritasin \u201cKujdesi p\u00ebr t\u00eb moshuarit n\u00eb komunen e Ulqinit\u201d. - Lajme nga Ulqini<\/title>\n<meta name=\"description\" content=\"\u00a0Kryetari i komun\u00ebs s\u00eb Ulqinit z.Nazif Cungu ka n\u00ebnshkruar marr\u00ebveshje me Caritasin e Kryeipeshkvis\u00eb s\u00eb Tivarit p\u00ebr realizimin e projektit &quot;Kujdesi p\u00ebr t\u00eb\" \/>\n<meta name=\"robots\" content=\"index, follow, max-snippet:-1, max-image-preview:large, max-video-preview:-1\" \/>\n<link rel=\"canonical\" href=\"https:\/\/www.visit-ulcinj.com\/blog\/2012\/06\/24\/kryetari-nazif-cungu-ka-nenshkruar-marreveshje-me-caritasin-kujdesi-per-te-moshuarit-ne-komunen-e-ulqinit\/\" \/>\n<meta property=\"og:locale\" content=\"en_US\" \/>\n<meta property=\"og:type\" content=\"article\" \/>\n<meta property=\"og:title\" content=\"Kryetari Nazif Cungu ka n\u00ebnshkruar marr\u00ebveshje me Caritasin \u201cKujdesi p\u00ebr t\u00eb moshuarit n\u00eb komunen e Ulqinit\u201d. - Lajme nga Ulqini\" \/>\n<meta property=\"og:description\" content=\"\u00a0Kryetari i komun\u00ebs s\u00eb Ulqinit z.Nazif Cungu ka n\u00ebnshkruar marr\u00ebveshje me Caritasin e Kryeipeshkvis\u00eb s\u00eb Tivarit p\u00ebr realizimin e projektit &quot;Kujdesi p\u00ebr t\u00eb\" \/>\n<meta property=\"og:url\" content=\"https:\/\/www.visit-ulcinj.com\/blog\/2012\/06\/24\/kryetari-nazif-cungu-ka-nenshkruar-marreveshje-me-caritasin-kujdesi-per-te-moshuarit-ne-komunen-e-ulqinit\/\" \/>\n<meta property=\"og:site_name\" content=\"Lajme nga Ulqini\" \/>\n<meta property=\"article:published_time\" content=\"2012-06-23T23:05:42+00:00\" \/>\n<meta name=\"twitter:label1\" content=\"Written by\" \/>\n\t<meta name=\"twitter:data1\" content=\"ulqini\" \/>\n<script type=\"application\/ld+json\" class=\"yoast-schema-graph\">{\"@context\":\"https:\/\/schema.org\",\"@graph\":[{\"@type\":\"WebSite\",\"@id\":\"https:\/\/www.visit-ulcinj.com\/blog\/#website\",\"url\":\"https:\/\/www.visit-ulcinj.com\/blog\/\",\"name\":\"Lajme nga Ulqini\",\"description\":\"Lajme,Vijesti,Ulqini,Ulqin,Crna Gora,Mali i Zi\",\"potentialAction\":[{\"@type\":\"SearchAction\",\"target\":{\"@type\":\"EntryPoint\",\"urlTemplate\":\"https:\/\/www.visit-ulcinj.com\/blog\/?s={search_term_string}\"},\"query-input\":\"required name=search_term_string\"}],\"inLanguage\":\"en-US\"},{\"@type\":\"WebPage\",\"@id\":\"https:\/\/www.visit-ulcinj.com\/blog\/2012\/06\/24\/kryetari-nazif-cungu-ka-nenshkruar-marreveshje-me-caritasin-kujdesi-per-te-moshuarit-ne-komunen-e-ulqinit\/#webpage\",\"url\":\"https:\/\/www.visit-ulcinj.com\/blog\/2012\/06\/24\/kryetari-nazif-cungu-ka-nenshkruar-marreveshje-me-caritasin-kujdesi-per-te-moshuarit-ne-komunen-e-ulqinit\/\",\"name\":\"Kryetari Nazif Cungu ka n\u00ebnshkruar marr\u00ebveshje me Caritasin \u201cKujdesi p\u00ebr t\u00eb moshuarit n\u00eb komunen e Ulqinit\u201d. - Lajme nga Ulqini\",\"isPartOf\":{\"@id\":\"https:\/\/www.visit-ulcinj.com\/blog\/#website\"},\"datePublished\":\"2012-06-23T23:05:42+00:00\",\"dateModified\":\"2012-06-23T23:05:42+00:00\",\"author\":{\"@id\":\"https:\/\/www.visit-ulcinj.com\/blog\/#\/schema\/person\/dcab619c614d3038751c63bc2aadc06d\"},\"description\":\"\u00a0Kryetari i komun\u00ebs s\u00eb Ulqinit z.Nazif Cungu ka n\u00ebnshkruar marr\u00ebveshje me Caritasin e Kryeipeshkvis\u00eb s\u00eb Tivarit p\u00ebr realizimin e projektit \\\"Kujdesi p\u00ebr t\u00eb\",\"breadcrumb\":{\"@id\":\"https:\/\/www.visit-ulcinj.com\/blog\/2012\/06\/24\/kryetari-nazif-cungu-ka-nenshkruar-marreveshje-me-caritasin-kujdesi-per-te-moshuarit-ne-komunen-e-ulqinit\/#breadcrumb\"},\"inLanguage\":\"en-US\",\"potentialAction\":[{\"@type\":\"ReadAction\",\"target\":[\"https:\/\/www.visit-ulcinj.com\/blog\/2012\/06\/24\/kryetari-nazif-cungu-ka-nenshkruar-marreveshje-me-caritasin-kujdesi-per-te-moshuarit-ne-komunen-e-ulqinit\/\"]}]},{\"@type\":\"BreadcrumbList\",\"@id\":\"https:\/\/www.visit-ulcinj.com\/blog\/2012\/06\/24\/kryetari-nazif-cungu-ka-nenshkruar-marreveshje-me-caritasin-kujdesi-per-te-moshuarit-ne-komunen-e-ulqinit\/#breadcrumb\",\"itemListElement\":[{\"@type\":\"ListItem\",\"position\":1,\"name\":\"Kryetari Nazif Cungu ka n\u00ebnshkruar marr\u00ebveshje me Caritasin \u201cKujdesi p\u00ebr t\u00eb moshuarit n\u00eb komunen e Ulqinit\u201d.\"}]},{\"@type\":\"Person\",\"@id\":\"https:\/\/www.visit-ulcinj.com\/blog\/#\/schema\/person\/dcab619c614d3038751c63bc2aadc06d\",\"name\":\"ulqini\",\"sameAs\":[\"http:\/\/www.visit-ulcinj.com\"],\"url\":\"https:\/\/www.visit-ulcinj.com\/blog\/author\/admin\/\"}]}<\/script>\n<!-- \/ Yoast SEO plugin. -->","yoast_head_json":{"title":"Kryetari Nazif Cungu ka n\u00ebnshkruar marr\u00ebveshje me Caritasin \u201cKujdesi p\u00ebr t\u00eb moshuarit n\u00eb komunen e Ulqinit\u201d. - Lajme nga Ulqini","description":"\u00a0Kryetari i komun\u00ebs s\u00eb Ulqinit z.Nazif Cungu ka n\u00ebnshkruar marr\u00ebveshje me Caritasin e Kryeipeshkvis\u00eb s\u00eb Tivarit p\u00ebr realizimin e projektit \"Kujdesi p\u00ebr t\u00eb","robots":{"index":"index","follow":"follow","max-snippet":"max-snippet:-1","max-image-preview":"max-image-preview:large","max-video-preview":"max-video-preview:-1"},"canonical":"https:\/\/www.visit-ulcinj.com\/blog\/2012\/06\/24\/kryetari-nazif-cungu-ka-nenshkruar-marreveshje-me-caritasin-kujdesi-per-te-moshuarit-ne-komunen-e-ulqinit\/","og_locale":"en_US","og_type":"article","og_title":"Kryetari Nazif Cungu ka n\u00ebnshkruar marr\u00ebveshje me Caritasin \u201cKujdesi p\u00ebr t\u00eb moshuarit n\u00eb komunen e Ulqinit\u201d. - Lajme nga Ulqini","og_description":"\u00a0Kryetari i komun\u00ebs s\u00eb Ulqinit z.Nazif Cungu ka n\u00ebnshkruar marr\u00ebveshje me Caritasin e Kryeipeshkvis\u00eb s\u00eb Tivarit p\u00ebr realizimin e projektit \"Kujdesi p\u00ebr t\u00eb","og_url":"https:\/\/www.visit-ulcinj.com\/blog\/2012\/06\/24\/kryetari-nazif-cungu-ka-nenshkruar-marreveshje-me-caritasin-kujdesi-per-te-moshuarit-ne-komunen-e-ulqinit\/","og_site_name":"Lajme nga Ulqini","article_published_time":"2012-06-23T23:05:42+00:00","twitter_misc":{"Written by":"ulqini"},"schema":{"@context":"https:\/\/schema.org","@graph":[{"@type":"WebSite","@id":"https:\/\/www.visit-ulcinj.com\/blog\/#website","url":"https:\/\/www.visit-ulcinj.com\/blog\/","name":"Lajme nga Ulqini","description":"Lajme,Vijesti,Ulqini,Ulqin,Crna Gora,Mali i Zi","potentialAction":[{"@type":"SearchAction","target":{"@type":"EntryPoint","urlTemplate":"https:\/\/www.visit-ulcinj.com\/blog\/?s={search_term_string}"},"query-input":"required name=search_term_string"}],"inLanguage":"en-US"},{"@type":"WebPage","@id":"https:\/\/www.visit-ulcinj.com\/blog\/2012\/06\/24\/kryetari-nazif-cungu-ka-nenshkruar-marreveshje-me-caritasin-kujdesi-per-te-moshuarit-ne-komunen-e-ulqinit\/#webpage","url":"https:\/\/www.visit-ulcinj.com\/blog\/2012\/06\/24\/kryetari-nazif-cungu-ka-nenshkruar-marreveshje-me-caritasin-kujdesi-per-te-moshuarit-ne-komunen-e-ulqinit\/","name":"Kryetari Nazif Cungu ka n\u00ebnshkruar marr\u00ebveshje me Caritasin \u201cKujdesi p\u00ebr t\u00eb moshuarit n\u00eb komunen e Ulqinit\u201d. - Lajme nga Ulqini","isPartOf":{"@id":"https:\/\/www.visit-ulcinj.com\/blog\/#website"},"datePublished":"2012-06-23T23:05:42+00:00","dateModified":"2012-06-23T23:05:42+00:00","author":{"@id":"https:\/\/www.visit-ulcinj.com\/blog\/#\/schema\/person\/dcab619c614d3038751c63bc2aadc06d"},"description":"\u00a0Kryetari i komun\u00ebs s\u00eb Ulqinit z.Nazif Cungu ka n\u00ebnshkruar marr\u00ebveshje me Caritasin e Kryeipeshkvis\u00eb s\u00eb Tivarit p\u00ebr realizimin e projektit \"Kujdesi p\u00ebr t\u00eb","breadcrumb":{"@id":"https:\/\/www.visit-ulcinj.com\/blog\/2012\/06\/24\/kryetari-nazif-cungu-ka-nenshkruar-marreveshje-me-caritasin-kujdesi-per-te-moshuarit-ne-komunen-e-ulqinit\/#breadcrumb"},"inLanguage":"en-US","potentialAction":[{"@type":"ReadAction","target":["https:\/\/www.visit-ulcinj.com\/blog\/2012\/06\/24\/kryetari-nazif-cungu-ka-nenshkruar-marreveshje-me-caritasin-kujdesi-per-te-moshuarit-ne-komunen-e-ulqinit\/"]}]},{"@type":"BreadcrumbList","@id":"https:\/\/www.visit-ulcinj.com\/blog\/2012\/06\/24\/kryetari-nazif-cungu-ka-nenshkruar-marreveshje-me-caritasin-kujdesi-per-te-moshuarit-ne-komunen-e-ulqinit\/#breadcrumb","itemListElement":[{"@type":"ListItem","position":1,"name":"Kryetari Nazif Cungu ka n\u00ebnshkruar marr\u00ebveshje me Caritasin \u201cKujdesi p\u00ebr t\u00eb moshuarit n\u00eb komunen e Ulqinit\u201d."}]},{"@type":"Person","@id":"https:\/\/www.visit-ulcinj.com\/blog\/#\/schema\/person\/dcab619c614d3038751c63bc2aadc06d","name":"ulqini","sameAs":["http:\/\/www.visit-ulcinj.com"],"url":"https:\/\/www.visit-ulcinj.com\/blog\/author\/admin\/"}]}},"jetpack_featured_media_url":"","jetpack_sharing_enabled":true,"jetpack_shortlink":"https:\/\/wp.me\/pe6lTn-g7b","_links":{"self":[{"href":"https:\/\/www.visit-ulcinj.com\/blog\/wp-json\/wp\/v2\/posts\/61949"}],"collection":[{"href":"https:\/\/www.visit-ulcinj.com\/blog\/wp-json\/wp\/v2\/posts"}],"about":[{"href":"https:\/\/www.visit-ulcinj.com\/blog\/wp-json\/wp\/v2\/types\/post"}],"author":[{"embeddable":true,"href":"https:\/\/www.visit-ulcinj.com\/blog\/wp-json\/wp\/v2\/users\/1"}],"replies":[{"embeddable":true,"href":"https:\/\/www.visit-ulcinj.com\/blog\/wp-json\/wp\/v2\/comments?post=61949"}],"version-history":[{"count":1,"href":"https:\/\/www.visit-ulcinj.com\/blog\/wp-json\/wp\/v2\/posts\/61949\/revisions"}],"predecessor-version":[{"id":61951,"href":"https:\/\/www.visit-ulcinj.com\/blog\/wp-json\/wp\/v2\/posts\/61949\/revisions\/61951"}],"wp:attachment":[{"href":"https:\/\/www.visit-ulcinj.com\/blog\/wp-json\/wp\/v2\/media?parent=61949"}],"wp:term":[{"taxonomy":"category","embeddable":true,"href":"https:\/\/www.visit-ulcinj.com\/blog\/wp-json\/wp\/v2\/categories?post=61949"},{"taxonomy":"post_tag","embeddable":true,"href":"https:\/\/www.visit-ulcinj.com\/blog\/wp-json\/wp\/v2\/tags?post=61949"}],"curies":[{"name":"wp","href":"https:\/\/api.w.org\/{rel}","templated":true}]}}