{"id":61953,"date":"2012-06-24T12:16:18","date_gmt":"2012-06-24T11:16:18","guid":{"rendered":"http:\/\/www.visit-ulcinj.com\/blog\/?p=61953"},"modified":"2012-06-24T12:16:18","modified_gmt":"2012-06-24T11:16:18","slug":"mark-gjonaj-mesyne-asamblene-e-shtetit-te-nju-jorkut","status":"publish","type":"post","link":"https:\/\/www.visit-ulcinj.com\/blog\/2012\/06\/24\/mark-gjonaj-mesyne-asamblene-e-shtetit-te-nju-jorkut\/","title":{"rendered":"Mark Gjonaj m\u00ebsyn\u00eb asamblen\u00eb e shtetit t\u00eb Nju Jorkut"},"content":{"rendered":"<p><strong><a href=\"http:\/\/www.visit-ulcinj.com\/blog\/wp-content\/uploads\/2012\/06\/Mark-Gjonaj.jpg\"><img loading=\"lazy\" class=\"alignleft  wp-image-61954\" title=\"Mark Gjonaj\" src=\"http:\/\/www.visit-ulcinj.com\/blog\/wp-content\/uploads\/2012\/06\/Mark-Gjonaj.jpg\" alt=\"\" width=\"508\" height=\"304\" \/><\/a>\u00a0Nga Frank Shkreli<\/strong><\/p>\n<p>Ky vit zgjedhjesh n\u00eb Shtetet e Bashkuara \u00ebsht\u00eb gjithashtu edhe viti q\u00eb disa shqiptaro-amerikan\u00eb kan\u00eb vendosur t&#8217;i futen politik\u00ebs amerikane duke shpallur kandidaturat e tyre p\u00ebr zyra n\u00eb nivel t\u00eb pushtetit vendor dhe shtet\u00ebror. \u00a0\u00a0Nj\u00ebri nga k\u00ebta \u00ebsht\u00eb Mark Gjonaj i cili ka shpallur kandidatur\u00ebn p\u00ebr an\u00ebtar t\u00eb Asambles\u00eb s\u00eb shtetit t\u00eb Nju Jorkut, dhe pak koh\u00eb m\u00eb par\u00eb un\u00eb kisha nderin t\u00eb hapja fushat\u00ebn e Ken Biberaj p\u00ebr an\u00ebtar t\u00eb K\u00ebshillit t\u00eb qytetit t\u00eb Nju Jorkut. \u00a0\u00cbsht\u00eb absolutisht kritike q\u00eb shqiptaro-amerikan\u00ebt t\u00eb b\u00ebhen pjes\u00eb e sistemit elektoral amerikan duke marr\u00eb pjes\u00eb n\u00eb votime dhe duke kandiduar p\u00ebr zyra, sidomos t\u00eb pushtetit vendor, pasi sipas nj\u00eb th\u00ebnjeje k\u00ebtu n\u00eb Amerik\u00eb, e gith\u00eb politika \u00ebsht\u00eb lokale ose vendore. \u00a0Mark Gjonaj, si shqiptaro-amerikan, i lindur n\u00eb Amerik\u00eb nga prind\u00ebr q\u00eb kan\u00eb emigruar n\u00eb Amerik\u00eb \u00a0nga Ulqini, duhet p\u00ebrsh\u00ebndetur p\u00ebr\u00a0 vendimin e tij p\u00ebr t\u00eb kandiduar, por edhe p\u00ebr t\u00eb sakrifikuar n\u00eb sh\u00ebrbim t\u00eb publikut n\u00eb p\u00ebrgjith\u00ebsi dhe t\u00eb komunitetit shqiptaro-amerikan n\u00eb ve\u00e7anti, pasi zona ku ai kandidon \u00ebsht\u00eb nj\u00eb lagje e banuar me nj\u00eb num\u00ebr t\u00eb konsideruesh\u00ebm shqiptaro-amerikan\u00ebsh.<\/p>\n<p>Mark Gjonaj, nj\u00eb aktivist i dalluar i komunitetit shqiptaro-amerikan n\u00eb Nju Jork merret me prona t\u00eb patundshme. Ai \u00ebsht\u00eb an\u00ebtar i Partis\u00eb Demokrate dhe si i till\u00eb ai duhet t\u00eb zhvilloj\u00eb fushat\u00eb paraprake p\u00ebr t\u00eb fituar kund\u00ebr kandidatit ose kandidat\u00ebve t\u00eb tjer\u00eb \u00a0n\u00eb zon\u00ebn elektorale t\u00eb tij brenda k\u00ebsaj partie, \u00a0e pastaj t\u00eb ballafaqohet me nj\u00eb ose m\u00eb shum\u00eb kandidat\u00eb t\u00eb partive t\u00eb tjera n\u00eb zgjedhjet e p\u00ebrgjith\u00ebshme. \u00a0K\u00ebshtu \u00ebsht\u00eb sistemi amerikan, q\u00eb u jep mund\u00ebsi votuesve t\u00eb ken\u00eb rast q\u00eb gjat\u00eb fushat\u00ebs paraprake t\u00eb kalojn\u00eb kandidat\u00ebt n\u00eb nj\u00eb site t\u00eb imt\u00eb dhe t\u00eb zgjedhin kandidatin m\u00eb t\u00eb mir\u00eb t\u00eb partis\u00eb s\u00eb tyre. \u00a0M\u00eb von\u00eb, elektorati i p\u00ebrgjith\u00ebsh\u00ebm ka mund\u00ebsi, q\u00eb pas prononcimit t\u00eb q\u00ebndrimeve t\u00eb tyre publike dhe debateve midis kandidat\u00ebve, t\u00eb vler\u00ebsoj\u00eb dhe t\u00eb m\u00ebsoj\u00eb mbi aft\u00ebsit\u00eb e kandidat\u00ebve p\u00ebr tu votuar n\u00eb detyrat q\u00eb pretendojn\u00eb. \u00a0Ky \u00ebsht\u00eb nj\u00eb proces i gjat\u00eb e shpesh i lodh\u00ebsh\u00ebm, si p\u00ebr kandidat\u00ebt ashtu edhe p\u00ebr publikun, por \u00ebsht\u00eb nj\u00eb proces i nevojsh\u00ebm q\u00eb ka p\u00ebr q\u00ebllim t\u00eb zgjidhet personi m\u00eb i mire e m\u00eb i zoti nga kandidat\u00ebt e partive konkuruese.<\/p>\n<p>Asambleja e Nju Jorkut<\/p>\n<p>Mark Gjonaj \u00ebshte duke b\u00ebr\u00eb fushat\u00eb p\u00ebr t\u00eb bindur votuesit e Bronksit se ai do t\u00eb jet\u00eb nj\u00eb p\u00ebrkrah\u00ebs i fort\u00eb i interesave t\u00eb tyre n\u00eb kryeqytetin e Nju Jorkut, Albany, p\u00ebrfshir\u00eb mb\u00ebshtetjen e tij p\u00ebr <span style=\"text-decoration: underline;\">nj\u00eb sistem m\u00eb t\u00eb mir\u00eb t\u00eb shkollave<\/span>, \u00a0<span style=\"text-decoration: underline;\">krijimin e vendeve t\u00eb reja t\u00eb pun\u00ebs<\/span>, \u00a0<span style=\"text-decoration: underline;\">luft\u00ebn kund\u00ebr krimit <\/span>\u00a0dhe <span style=\"text-decoration: underline;\">plot\u00ebsimin e nevojave sh\u00ebndet\u00ebsore<\/span> t\u00eb banor\u00ebve t\u00eb lagj\u00ebs \u00a0q\u00eb ai shpreson t\u00eb p\u00ebrfaq\u00ebsoj\u00eb n\u00eb Asamblen\u00eb e Nju Jorkut.<\/p>\n<p>Ai thot\u00eb se Bronksi ka nj\u00eb papun\u00ebsi prej 14%. \u00cbsht\u00eb detyr\u00eb e qeveris\u00eb\u00a0 q\u00eb t\u00eb krijoj\u00eb nj\u00eb ambient t\u00eb favorsh\u00ebm q\u00eb treg\u00ebtit\u00eb e vog\u00ebla t\u00eb rriten e t\u00eb zgj\u00ebrohen, shton ai n\u00eb literatur\u00ebn e fushat\u00ebs s\u00eb tij, dhe premton se do t\u00eb punoj\u00eb me sektorin privat dhe publik p\u00ebr t\u00eb p\u00ebrmir\u00ebsuar ekonomin\u00eb n\u00eb lagj\u00ebn e Bronksit.\u00a0 N\u00eb lidhje me problemet e arsimit n\u00eb shkollat lokale, \u00a0Mark Gjonaj premton se si an\u00ebtar i Asambles\u00eb s\u00eb Nju Jorkut, interesat e student\u00ebve do t\u00eb jen\u00eb t\u00eb prioritetit m\u00eb t\u00eb lart\u00eb, pasi Bronksi ka num\u00ebrin m\u00eb t\u00eb madh t\u00eb student\u00ebve,\u00a0 n\u00eb krahasim me lagjet e tjera t\u00eb Nju Jorkut.\u00a0 Ai gjithashtu premton se do t\u00eb luftoj\u00eb krimin nep\u00ebrmjet edukimit dhe hapjes s\u00eb mund\u00ebsive t\u00eb reja p\u00ebr pun\u00eb, duke th\u00ebn\u00eb se, n\u00eb t\u00eb nj\u00ebjt\u00ebn koh\u00eb, do t\u00eb punoj\u00eb ngusht\u00eb edhe me forcat e rendit p\u00ebr t\u00eb siguruar se ato kan\u00eb burimet e nevojshme p\u00ebr t\u00eb b\u00ebr\u00eb pun\u00ebn e tyre, nd\u00ebrkoh\u00eb q\u00eb siguron se do t\u00eb mbroj\u00eb vendosm\u00ebrisht t\u00eb drejtat \u00a0civile t\u00eb individit.\u00a0 P\u00ebrsa i p\u00ebrket p\u00ebrkujdesjes sh\u00ebndetsore t\u00eb banor\u00ebve, kandidati Gjonaj angazhohet q\u00eb qendrat sh\u00ebndetsore n\u00eb lagj\u00ebn q\u00eb ai shpreson t\u00eb p\u00ebrfaq\u00ebsoj\u00eb n\u00eb Albany do t\u00eb mbeten t\u00eb hapura p\u00ebr t\u00eb gjith\u00eb.<br \/>\n<a href=\"http:\/\/www.visit-ulcinj.com\/blog\/wp-content\/uploads\/2012\/06\/Mark-Gjonaj.1.jpg\"><img loading=\"lazy\" class=\"alignleft  wp-image-61955\" title=\"Mark Gjonaj.1\" src=\"http:\/\/www.visit-ulcinj.com\/blog\/wp-content\/uploads\/2012\/06\/Mark-Gjonaj.1.jpg\" alt=\"\" width=\"508\" height=\"304\" \/><\/a><\/p>\n<p>Gjat\u00eb nj\u00eb interviste me Z\u00ebrin e Amerik\u00ebs, n\u00eb fillim t\u00eb k\u00ebtij muaji, kandidati demokrat nga Bronksi i Nju Jorkut, Mark Gjonaj thek\u00ebsoi r\u00ebnd\u00ebsin\u00eb q\u00eb komuniteti shqiptaro-amerikan ka nevoj\u00eb t\u00eb filloj\u00eb t\u00eb merret me politik\u00ebn lokale ku jetojn\u00eb.\u00a0 \u201cKomuniteti shqiptar (n\u00eb Amerik\u00eb) tha ai, \u00ebsht\u00eb marr\u00eb gjat\u00eb shum\u00eb viteve me nevojat dhe \u00e7\u00ebshtjet e m\u00ebdha q\u00eb lidheshin me zhvillimet n\u00eb Ballkan. \u00a0\u00a0Prandaj shqiptar\u00ebt e k\u00ebtush\u00ebm kan\u00eb mbretur mbrapa n\u00eb \u00e7\u00ebshtjet e p\u00ebrfaqs\u00ebsimit lokal, \u00a0megjith\u00ebse kan\u00eb biznese e sht\u00ebpi nuk jan\u00eb marr\u00eb me politik\u00eb lokale\u2019\u2019, duke shtuar se ne si komunitet shqiptaro-amerikan duhet t\u00eb ndihmojm\u00eb veten q\u00eb si komunitet t\u00eb ecim p\u00ebrpara, i tha ai Z\u00ebrit t\u00eb Amerik\u00ebs.<\/p>\n<p>Pritet q\u00eb Zoti Gjonaj t\u00eb p\u00ebrballet me nj\u00eb konkurenc\u00eb t\u00eb fort\u00eb n\u00eb k\u00ebt\u00eb fushat\u00eb, sepse si kandidat i ri pa p\u00ebrvoj\u00eb t\u00eb m\u00ebparshme fushate politike do t\u00eb nevojit\u00eb shum\u00eb takime,\u00a0 me shum\u00eb votues p\u00ebr t\u00eb d\u00ebgjuar shqet\u00ebsimet e tyre dhe p\u00ebr t\u00eb p\u00ebrpiluar zgjidhje t\u00eb mundshme.\u00a0 Por mos p\u00ebrvoja e m\u00ebparshme e nj\u00eb fushate politike, mund t\u00eb jet\u00eb nj\u00eb gj\u00eb n\u00eb favor t\u00eb tij, pasi sipas sondazheve t\u00eb shum\u00ebta, votuesit amerikan\u00eb jan\u00eb lodhur me bos\u00ebt dhe politikat e vjet\u00ebra, si dhe me m\u00ebnyr\u00ebn se si ata kan\u00eb udh\u00ebhequr pun\u00ebt deri tani.\u00a0 Jan\u00eb t\u00eb nevojsh\u00ebm z\u00ebra dhe pik\u00ebpamje t\u00eb reja p\u00ebr zgjidhjen e problemeve t\u00eb lagj\u00ebs s\u00eb Bronksit.\u00a0 Mark Gjonaj \u00ebsht\u00eb nj\u00eb kandidat i cili do t\u00eb luftoj\u00eb p\u00ebr t\u00eb drejtat e popullit t\u00eb lagj\u00ebs q\u00eb ai shpreson t\u00eb p\u00ebrfaq\u00ebsoj\u00eb, pasi si\u00e7 tha edhe n\u00eb intervist\u00ebn me Z\u00ebrin e Amerik\u00ebs, q\u00eb t\u00eb jesh\u00eb z\u00ebri dhe fytyra e popullit, duhet t\u00eb jesh\u00eb syri dhe veshi i tij, q\u00eb t\u00eb d\u00ebgjosh pra, dhe t\u00eb marr\u00ebsh parasysh\u00eb ankesat e tyre.\u00a0 \u00a0Shpresoj se komuniteti shqiptaro-amerikan i Nju Jorkut dhe m\u00eb gj\u00ebr\u00eb, do t\u00eb tregoj\u00eb p\u00ebrkrahjen e tij t\u00eb vendosur duke i dh\u00ebn\u00eb Mark Gjonajt ndihm\u00ebn dhe vot\u00ebn p\u00ebr tu zgjedhur si an\u00ebtari i par\u00eb shqiptaro-amerikan n\u00eb Asamblen\u00eb e shtetit t\u00eb Nju Jorkut.<\/p>\n<p><strong>P\u00ebr Lajme nga Ulqini<\/strong><br \/>\n<strong> Frank Shkreli<\/strong><\/p>\n","protected":false},"excerpt":{"rendered":"<p>\u00a0Nga Frank Shkreli Ky vit zgjedhjesh n\u00eb Shtetet e Bashkuara \u00ebsht\u00eb gjithashtu edhe viti q\u00eb disa shqiptaro-amerikan\u00eb kan\u00eb vendosur t&#8217;i futen politik\u00ebs amerikane duke shpallur kandidaturat e tyre p\u00ebr zyra n\u00eb nivel t\u00eb pushtetit vendor dhe shtet\u00ebror. \u00a0\u00a0Nj\u00ebri nga k\u00ebta \u00ebsht\u00eb Mark Gjonaj i cili ka shpallur kandidatur\u00ebn p\u00ebr an\u00ebtar t\u00eb Asambles\u00eb s\u00eb shtetit t\u00eb [&hellip;]<\/p>\n","protected":false},"author":1,"featured_media":0,"comment_status":"open","ping_status":"closed","sticky":false,"template":"","format":"standard","meta":{"spay_email":"","jetpack_publicize_message":"","jetpack_is_tweetstorm":false,"jetpack_publicize_feature_enabled":true},"categories":[14249],"tags":[20331],"jetpack_publicize_connections":[],"yoast_head":"<!-- This site is optimized with the Yoast SEO plugin v19.1 - https:\/\/yoast.com\/wordpress\/plugins\/seo\/ -->\n<title>Mark Gjonaj m\u00ebsyn\u00eb asamblen\u00eb e shtetit t\u00eb Nju Jorkut - Lajme nga Ulqini<\/title>\n<meta name=\"description\" content=\"\u00a0Nga Frank Shkreli Ky vit zgjedhjesh n\u00eb Shtetet e Bashkuara \u00ebsht\u00eb gjithashtu edhe viti q\u00eb disa shqiptaro-amerikan\u00eb kan\u00eb vendosur t&#039;i futen politik\u00ebs\" \/>\n<meta name=\"robots\" content=\"index, follow, max-snippet:-1, max-image-preview:large, max-video-preview:-1\" \/>\n<link rel=\"canonical\" href=\"https:\/\/www.visit-ulcinj.com\/blog\/2012\/06\/24\/mark-gjonaj-mesyne-asamblene-e-shtetit-te-nju-jorkut\/\" \/>\n<meta property=\"og:locale\" content=\"en_US\" \/>\n<meta property=\"og:type\" content=\"article\" \/>\n<meta property=\"og:title\" content=\"Mark Gjonaj m\u00ebsyn\u00eb asamblen\u00eb e shtetit t\u00eb Nju Jorkut - Lajme nga Ulqini\" \/>\n<meta property=\"og:description\" content=\"\u00a0Nga Frank Shkreli Ky vit zgjedhjesh n\u00eb Shtetet e Bashkuara \u00ebsht\u00eb gjithashtu edhe viti q\u00eb disa shqiptaro-amerikan\u00eb kan\u00eb vendosur t&#039;i futen politik\u00ebs\" \/>\n<meta property=\"og:url\" content=\"https:\/\/www.visit-ulcinj.com\/blog\/2012\/06\/24\/mark-gjonaj-mesyne-asamblene-e-shtetit-te-nju-jorkut\/\" \/>\n<meta property=\"og:site_name\" content=\"Lajme nga Ulqini\" \/>\n<meta property=\"article:published_time\" content=\"2012-06-24T11:16:18+00:00\" \/>\n<meta property=\"og:image\" content=\"http:\/\/www.visit-ulcinj.com\/blog\/wp-content\/uploads\/2012\/06\/Mark-Gjonaj.jpg\" \/>\n<meta name=\"twitter:label1\" content=\"Written by\" \/>\n\t<meta name=\"twitter:data1\" content=\"ulqini\" \/>\n\t<meta name=\"twitter:label2\" content=\"Est. reading time\" \/>\n\t<meta name=\"twitter:data2\" content=\"6 minutes\" \/>\n<script type=\"application\/ld+json\" class=\"yoast-schema-graph\">{\"@context\":\"https:\/\/schema.org\",\"@graph\":[{\"@type\":\"WebSite\",\"@id\":\"https:\/\/www.visit-ulcinj.com\/blog\/#website\",\"url\":\"https:\/\/www.visit-ulcinj.com\/blog\/\",\"name\":\"Lajme nga Ulqini\",\"description\":\"Lajme,Vijesti,Ulqini,Ulqin,Crna Gora,Mali i Zi\",\"potentialAction\":[{\"@type\":\"SearchAction\",\"target\":{\"@type\":\"EntryPoint\",\"urlTemplate\":\"https:\/\/www.visit-ulcinj.com\/blog\/?s={search_term_string}\"},\"query-input\":\"required name=search_term_string\"}],\"inLanguage\":\"en-US\"},{\"@type\":\"ImageObject\",\"inLanguage\":\"en-US\",\"@id\":\"https:\/\/www.visit-ulcinj.com\/blog\/2012\/06\/24\/mark-gjonaj-mesyne-asamblene-e-shtetit-te-nju-jorkut\/#primaryimage\",\"url\":\"http:\/\/www.visit-ulcinj.com\/blog\/wp-content\/uploads\/2012\/06\/Mark-Gjonaj.jpg\",\"contentUrl\":\"http:\/\/www.visit-ulcinj.com\/blog\/wp-content\/uploads\/2012\/06\/Mark-Gjonaj.jpg\"},{\"@type\":\"WebPage\",\"@id\":\"https:\/\/www.visit-ulcinj.com\/blog\/2012\/06\/24\/mark-gjonaj-mesyne-asamblene-e-shtetit-te-nju-jorkut\/#webpage\",\"url\":\"https:\/\/www.visit-ulcinj.com\/blog\/2012\/06\/24\/mark-gjonaj-mesyne-asamblene-e-shtetit-te-nju-jorkut\/\",\"name\":\"Mark Gjonaj m\u00ebsyn\u00eb asamblen\u00eb e shtetit t\u00eb Nju Jorkut - Lajme nga Ulqini\",\"isPartOf\":{\"@id\":\"https:\/\/www.visit-ulcinj.com\/blog\/#website\"},\"primaryImageOfPage\":{\"@id\":\"https:\/\/www.visit-ulcinj.com\/blog\/2012\/06\/24\/mark-gjonaj-mesyne-asamblene-e-shtetit-te-nju-jorkut\/#primaryimage\"},\"datePublished\":\"2012-06-24T11:16:18+00:00\",\"dateModified\":\"2012-06-24T11:16:18+00:00\",\"author\":{\"@id\":\"https:\/\/www.visit-ulcinj.com\/blog\/#\/schema\/person\/dcab619c614d3038751c63bc2aadc06d\"},\"description\":\"\u00a0Nga Frank Shkreli Ky vit zgjedhjesh n\u00eb Shtetet e Bashkuara \u00ebsht\u00eb gjithashtu edhe viti q\u00eb disa shqiptaro-amerikan\u00eb kan\u00eb vendosur t'i futen politik\u00ebs\",\"breadcrumb\":{\"@id\":\"https:\/\/www.visit-ulcinj.com\/blog\/2012\/06\/24\/mark-gjonaj-mesyne-asamblene-e-shtetit-te-nju-jorkut\/#breadcrumb\"},\"inLanguage\":\"en-US\",\"potentialAction\":[{\"@type\":\"ReadAction\",\"target\":[\"https:\/\/www.visit-ulcinj.com\/blog\/2012\/06\/24\/mark-gjonaj-mesyne-asamblene-e-shtetit-te-nju-jorkut\/\"]}]},{\"@type\":\"BreadcrumbList\",\"@id\":\"https:\/\/www.visit-ulcinj.com\/blog\/2012\/06\/24\/mark-gjonaj-mesyne-asamblene-e-shtetit-te-nju-jorkut\/#breadcrumb\",\"itemListElement\":[{\"@type\":\"ListItem\",\"position\":1,\"name\":\"Mark Gjonaj m\u00ebsyn\u00eb asamblen\u00eb e shtetit t\u00eb Nju Jorkut\"}]},{\"@type\":\"Person\",\"@id\":\"https:\/\/www.visit-ulcinj.com\/blog\/#\/schema\/person\/dcab619c614d3038751c63bc2aadc06d\",\"name\":\"ulqini\",\"sameAs\":[\"http:\/\/www.visit-ulcinj.com\"],\"url\":\"https:\/\/www.visit-ulcinj.com\/blog\/author\/admin\/\"}]}<\/script>\n<!-- \/ Yoast SEO plugin. -->","yoast_head_json":{"title":"Mark Gjonaj m\u00ebsyn\u00eb asamblen\u00eb e shtetit t\u00eb Nju Jorkut - Lajme nga Ulqini","description":"\u00a0Nga Frank Shkreli Ky vit zgjedhjesh n\u00eb Shtetet e Bashkuara \u00ebsht\u00eb gjithashtu edhe viti q\u00eb disa shqiptaro-amerikan\u00eb kan\u00eb vendosur t'i futen politik\u00ebs","robots":{"index":"index","follow":"follow","max-snippet":"max-snippet:-1","max-image-preview":"max-image-preview:large","max-video-preview":"max-video-preview:-1"},"canonical":"https:\/\/www.visit-ulcinj.com\/blog\/2012\/06\/24\/mark-gjonaj-mesyne-asamblene-e-shtetit-te-nju-jorkut\/","og_locale":"en_US","og_type":"article","og_title":"Mark Gjonaj m\u00ebsyn\u00eb asamblen\u00eb e shtetit t\u00eb Nju Jorkut - Lajme nga Ulqini","og_description":"\u00a0Nga Frank Shkreli Ky vit zgjedhjesh n\u00eb Shtetet e Bashkuara \u00ebsht\u00eb gjithashtu edhe viti q\u00eb disa shqiptaro-amerikan\u00eb kan\u00eb vendosur t'i futen politik\u00ebs","og_url":"https:\/\/www.visit-ulcinj.com\/blog\/2012\/06\/24\/mark-gjonaj-mesyne-asamblene-e-shtetit-te-nju-jorkut\/","og_site_name":"Lajme nga Ulqini","article_published_time":"2012-06-24T11:16:18+00:00","og_image":[{"url":"http:\/\/www.visit-ulcinj.com\/blog\/wp-content\/uploads\/2012\/06\/Mark-Gjonaj.jpg"}],"twitter_misc":{"Written by":"ulqini","Est. reading time":"6 minutes"},"schema":{"@context":"https:\/\/schema.org","@graph":[{"@type":"WebSite","@id":"https:\/\/www.visit-ulcinj.com\/blog\/#website","url":"https:\/\/www.visit-ulcinj.com\/blog\/","name":"Lajme nga Ulqini","description":"Lajme,Vijesti,Ulqini,Ulqin,Crna Gora,Mali i Zi","potentialAction":[{"@type":"SearchAction","target":{"@type":"EntryPoint","urlTemplate":"https:\/\/www.visit-ulcinj.com\/blog\/?s={search_term_string}"},"query-input":"required name=search_term_string"}],"inLanguage":"en-US"},{"@type":"ImageObject","inLanguage":"en-US","@id":"https:\/\/www.visit-ulcinj.com\/blog\/2012\/06\/24\/mark-gjonaj-mesyne-asamblene-e-shtetit-te-nju-jorkut\/#primaryimage","url":"http:\/\/www.visit-ulcinj.com\/blog\/wp-content\/uploads\/2012\/06\/Mark-Gjonaj.jpg","contentUrl":"http:\/\/www.visit-ulcinj.com\/blog\/wp-content\/uploads\/2012\/06\/Mark-Gjonaj.jpg"},{"@type":"WebPage","@id":"https:\/\/www.visit-ulcinj.com\/blog\/2012\/06\/24\/mark-gjonaj-mesyne-asamblene-e-shtetit-te-nju-jorkut\/#webpage","url":"https:\/\/www.visit-ulcinj.com\/blog\/2012\/06\/24\/mark-gjonaj-mesyne-asamblene-e-shtetit-te-nju-jorkut\/","name":"Mark Gjonaj m\u00ebsyn\u00eb asamblen\u00eb e shtetit t\u00eb Nju Jorkut - Lajme nga Ulqini","isPartOf":{"@id":"https:\/\/www.visit-ulcinj.com\/blog\/#website"},"primaryImageOfPage":{"@id":"https:\/\/www.visit-ulcinj.com\/blog\/2012\/06\/24\/mark-gjonaj-mesyne-asamblene-e-shtetit-te-nju-jorkut\/#primaryimage"},"datePublished":"2012-06-24T11:16:18+00:00","dateModified":"2012-06-24T11:16:18+00:00","author":{"@id":"https:\/\/www.visit-ulcinj.com\/blog\/#\/schema\/person\/dcab619c614d3038751c63bc2aadc06d"},"description":"\u00a0Nga Frank Shkreli Ky vit zgjedhjesh n\u00eb Shtetet e Bashkuara \u00ebsht\u00eb gjithashtu edhe viti q\u00eb disa shqiptaro-amerikan\u00eb kan\u00eb vendosur t'i futen politik\u00ebs","breadcrumb":{"@id":"https:\/\/www.visit-ulcinj.com\/blog\/2012\/06\/24\/mark-gjonaj-mesyne-asamblene-e-shtetit-te-nju-jorkut\/#breadcrumb"},"inLanguage":"en-US","potentialAction":[{"@type":"ReadAction","target":["https:\/\/www.visit-ulcinj.com\/blog\/2012\/06\/24\/mark-gjonaj-mesyne-asamblene-e-shtetit-te-nju-jorkut\/"]}]},{"@type":"BreadcrumbList","@id":"https:\/\/www.visit-ulcinj.com\/blog\/2012\/06\/24\/mark-gjonaj-mesyne-asamblene-e-shtetit-te-nju-jorkut\/#breadcrumb","itemListElement":[{"@type":"ListItem","position":1,"name":"Mark Gjonaj m\u00ebsyn\u00eb asamblen\u00eb e shtetit t\u00eb Nju Jorkut"}]},{"@type":"Person","@id":"https:\/\/www.visit-ulcinj.com\/blog\/#\/schema\/person\/dcab619c614d3038751c63bc2aadc06d","name":"ulqini","sameAs":["http:\/\/www.visit-ulcinj.com"],"url":"https:\/\/www.visit-ulcinj.com\/blog\/author\/admin\/"}]}},"jetpack_featured_media_url":"","jetpack_sharing_enabled":true,"jetpack_shortlink":"https:\/\/wp.me\/pe6lTn-g7f","_links":{"self":[{"href":"https:\/\/www.visit-ulcinj.com\/blog\/wp-json\/wp\/v2\/posts\/61953"}],"collection":[{"href":"https:\/\/www.visit-ulcinj.com\/blog\/wp-json\/wp\/v2\/posts"}],"about":[{"href":"https:\/\/www.visit-ulcinj.com\/blog\/wp-json\/wp\/v2\/types\/post"}],"author":[{"embeddable":true,"href":"https:\/\/www.visit-ulcinj.com\/blog\/wp-json\/wp\/v2\/users\/1"}],"replies":[{"embeddable":true,"href":"https:\/\/www.visit-ulcinj.com\/blog\/wp-json\/wp\/v2\/comments?post=61953"}],"version-history":[{"count":2,"href":"https:\/\/www.visit-ulcinj.com\/blog\/wp-json\/wp\/v2\/posts\/61953\/revisions"}],"predecessor-version":[{"id":61957,"href":"https:\/\/www.visit-ulcinj.com\/blog\/wp-json\/wp\/v2\/posts\/61953\/revisions\/61957"}],"wp:attachment":[{"href":"https:\/\/www.visit-ulcinj.com\/blog\/wp-json\/wp\/v2\/media?parent=61953"}],"wp:term":[{"taxonomy":"category","embeddable":true,"href":"https:\/\/www.visit-ulcinj.com\/blog\/wp-json\/wp\/v2\/categories?post=61953"},{"taxonomy":"post_tag","embeddable":true,"href":"https:\/\/www.visit-ulcinj.com\/blog\/wp-json\/wp\/v2\/tags?post=61953"}],"curies":[{"name":"wp","href":"https:\/\/api.w.org\/{rel}","templated":true}]}}