{"id":61973,"date":"2012-06-27T23:40:04","date_gmt":"2012-06-27T22:40:04","guid":{"rendered":"http:\/\/www.visit-ulcinj.com\/blog\/?p=61973"},"modified":"2012-06-29T09:11:49","modified_gmt":"2012-06-29T08:11:49","slug":"kryetari-cungu-mbi-parregullsite-e-te-mirave-detare","status":"publish","type":"post","link":"https:\/\/www.visit-ulcinj.com\/blog\/2012\/06\/27\/kryetari-cungu-mbi-parregullsite-e-te-mirave-detare\/","title":{"rendered":"Kryetari Cungu mbi parregullsite e &#8220;Te Mirave detare&#8221;"},"content":{"rendered":"<p><a href=\"http:\/\/www.visit-ulcinj.com\/blog\/wp-content\/uploads\/2012\/06\/Nazif-Cungu_kryetari-i-Ulqinit.jpg\"><img loading=\"lazy\" class=\"alignleft  wp-image-61974\" title=\"Nazif Cungu_kryetari i Ulqinit\" src=\"http:\/\/www.visit-ulcinj.com\/blog\/wp-content\/uploads\/2012\/06\/Nazif-Cungu_kryetari-i-Ulqinit.jpg\" alt=\"\" width=\"508\" height=\"360\" \/><\/a>T\u00eb nderuar qytetar\u00eb,<\/p>\n<p>Me k\u00ebt\u00eb d\u00ebshiroj te ju informoj p\u00ebr keqp\u00ebrdorimet e caktuara dhe parregullsit\u00eb q\u00eb po ndodhin n\u00eb zon\u00ebn e t\u00eb mirave detare, e q\u00eb kan\u00eb t\u00eb b\u00ebjn\u00eb me teritorin e Komun\u00ebs s\u00eb Ulqinit.<\/p>\n<p>S\u00eb pari, jozyrtarisht jemi te informuar q\u00eb te Mirat detare, n\u00eb m\u00ebnyr\u00eb t\u00eb paligjshme, krejt\u00ebsisht jo transparente, ka ndryshuar planin e objekteve me karakter t\u00eb p\u00ebrkohsh\u00ebm p\u00ebr territorin e Komun\u00ebs s\u00eb Ulqinit, ku parashikohet shtimi i disa objekteve t\u00eb rinj\u00eb t\u00eb cil\u00ebt me paraqitjen e vet do t\u00eb prishnin pamjen e bregdetit t\u00eb k\u00ebsaj hap\u00ebsire, posa\u00e7\u00ebrisht Plazhit t\u00eb vog\u00ebl (Ran\u00ebs), e t\u00eb cil\u00ebt pik\u00ebrisht p\u00ebr k\u00ebt\u00eb arsye viteve t\u00eb m\u00ebparsh\u00ebm jan\u00eb hequr.<\/p>\n<p>Nj\u00eb gj\u00eb e till\u00eb \u00ebsht\u00eb aq m\u00eb e r\u00ebnd\u00ebsishme, n\u00eb koh\u00ebn kur politika e Qeveris\u00eb, p\u00ebrkat\u00ebsisht Ministris\u00eb s\u00eb turizmit dhe tendenca e t\u00ebr\u00eb ekonomis\u00eb s\u00eb turizmit, \u00ebsht\u00eb e orientuar kah zvog\u00eblimi i objekteve me karakter t\u00eb p\u00ebrkohsh\u00ebm, posa\u00e7\u00ebrisht n\u00eb zon\u00ebn e t\u00eb Mirave detare.<\/p>\n<p>Nj\u00eb vendim i till\u00eb ose plan, prej cilit cdo organ qoft\u00eb, pra per vendosjen e objekteve te perkohshem,\u00ebsht\u00eb sjell\u00eb n\u00eb m\u00ebnyr\u00eb t\u00eb paligjshme ashte n\u00eb kund\u00ebrshtim me Ligjin p\u00ebr rregullimin e hap\u00ebsir\u00ebs dhe nd\u00ebrtimin e objekteve.<\/p>\n<p>Me nenin 115 \u00ebsht\u00eb e parashikuar qart\u00eb q\u00eb n\u00eb zon\u00ebn e planit hap\u00ebsinor me destinim t\u00eb posa\u00e7\u00ebm mund t\u00eb vendosen objekteve me karakter t\u00eb p\u00ebrkohsh\u00ebm, dhe q\u00eb planin e sjell\u00eb Ministria, pasi t\u00eb marr\u00eb mendimin e qeverisjes lokale.<br \/>\nPrandaj, n\u00ebse rezulton q\u00eb nj\u00eb plan i till\u00eb \u00ebsht\u00eb sjell\u00eb, ose \u00ebsht\u00eb ndryshuar plani ekzistues, at\u00ebher\u00eb nj\u00eb gj\u00eb e till\u00eb \u00ebsht\u00eb b\u00ebr\u00eb n\u00eb m\u00ebnyr\u00eb t\u00eb paligjshme, sepse Komuna e Ulqinit nuk ka dh\u00ebn\u00eb mendim p\u00ebr k\u00ebt\u00eb \u00e7\u00ebshtje e as q\u00eb i \u00ebsht\u00eb k\u00ebrkuar di\u00e7ka e till\u00eb.<br \/>\nDyshimin shtes\u00eb q\u00eb n\u00eb rastin konkret kemi t\u00eb b\u00ebjm\u00eb me abuzim, e madje edhe korrupcion, e tregon fakti q\u00eb individ\u00eb t\u00eb caktuar, madje n\u00eb koh\u00ebn kur akoma pa u shpallur thirrja publike p\u00ebr mbledhjen e ofertave, kan\u00eb filluar t\u00eb kryejn\u00eb pun\u00ebt p\u00ebrgatitore dhe montimin e objekteve, duke e ditur paraprakisht q\u00eb do t&#8217;i fitojn\u00eb lokacionet e premtuara.<\/p>\n<p>\u00cbsht\u00eb e qart\u00eb q\u00eb me injorimin e plot\u00eb t\u00eb organeve t\u00eb qeverisjes lokale me rastin e shtimit t\u00eb k\u00ebtyre objekteve n\u00eb plan, q\u00eb nuk kan\u00eb mb\u00ebshtetje as cil\u00ebsore, as estetike e as ndonj\u00eb mb\u00ebshtjetje tjet\u00ebr, synon prishjen e pasqyres s\u00eb Ulqinit si destinacion turistik, shkaktimin e pak\u00ebnaq\u00ebsis\u00eb tek qytetar\u00ebt dhe nencmimin e organeve t\u00eb qeverisjes lokale.<\/p>\n<p>Gjithashtu dua t\u00eb theksoj q\u00eb NP t\u00eb Mirat detare, nuk dojne bashk\u00ebpunim me Komunen e Ulqinit dhe ne te gjitha k\u00ebrkesat tona te deritashme nuk shprehin gadishmeri per takime. Ketu ka te beje me mos realizimin i investimeve,pagesen e mjeteve te parapara me Ligj,rregullimin e infrastruktures etj.<\/p>\n<p>E shfryt\u00ebzoj k\u00ebt\u00eb rast q\u00eb t\u00eb lajm\u00ebroj qytetar\u00ebt e Ulqinit, t\u00eb cil\u00ebt nj\u00ebz\u00ebri shprehin pak\u00ebnaq\u00ebsin\u00eb e tyre n\u00eb lidhje me k\u00ebto ngjarje, q\u00eb organet e qeverisjes lokale nuk jan\u00eb konsultuar, nuk kan\u00eb marr\u00eb pjes\u00eb e as q\u00eb mund t\u00eb marrin pjes\u00eb n\u00eb k\u00ebt\u00eb p\u00ebrpjekje t\u00eb devastimit t\u00eb bregdetit ton\u00eb dhe ftojm\u00eb NP t\u00eb mirat detare dhe Ministrin\u00eb e turizmit dhe rregullimit hap\u00ebsinor q\u00eb t&#8217;i ndalojn\u00eb aktivitetet e tilla dhe dhun\u00ebn ligjore dhe t\u00eb anulojn\u00eb t\u00eb gjitha veprimet dhe aktet t\u00eb cil\u00ebt i kan\u00eb kryer n\u00eb k\u00ebt\u00eb m\u00ebnyr\u00eb antiligjore, p\u00ebrndryshe jemi t\u00eb detyruar q\u00eb lidhur me gjith\u00eb k\u00ebt\u00eb t\u00eb informojm\u00eb organet kompetente gjyq\u00ebsore.<\/p>\n<p>Komuna e Ulqinit<\/p>\n","protected":false},"excerpt":{"rendered":"<p>T\u00eb nderuar qytetar\u00eb, Me k\u00ebt\u00eb d\u00ebshiroj te ju informoj p\u00ebr keqp\u00ebrdorimet e caktuara dhe parregullsit\u00eb q\u00eb po ndodhin n\u00eb zon\u00ebn e t\u00eb mirave detare, e q\u00eb kan\u00eb t\u00eb b\u00ebjn\u00eb me teritorin e Komun\u00ebs s\u00eb Ulqinit. S\u00eb pari, jozyrtarisht jemi te informuar q\u00eb te Mirat detare, n\u00eb m\u00ebnyr\u00eb t\u00eb paligjshme, krejt\u00ebsisht jo transparente, ka ndryshuar planin [&hellip;]<\/p>\n","protected":false},"author":1,"featured_media":0,"comment_status":"open","ping_status":"closed","sticky":false,"template":"","format":"standard","meta":{"spay_email":"","jetpack_publicize_message":"","jetpack_is_tweetstorm":false,"jetpack_publicize_feature_enabled":true},"categories":[1,6],"tags":[229,118,200,18],"jetpack_publicize_connections":[],"yoast_head":"<!-- This site is optimized with the Yoast SEO plugin v19.1 - https:\/\/yoast.com\/wordpress\/plugins\/seo\/ -->\n<title>Kryetari Cungu mbi parregullsite e &quot;Te Mirave detare&quot; - Lajme nga Ulqini<\/title>\n<meta name=\"description\" content=\"T\u00eb nderuar qytetar\u00eb, Me k\u00ebt\u00eb d\u00ebshiroj te ju informoj p\u00ebr keqp\u00ebrdorimet e caktuara dhe parregullsit\u00eb q\u00eb po ndodhin n\u00eb zon\u00ebn e t\u00eb mirave detare, e q\u00eb kan\u00eb\" \/>\n<meta name=\"robots\" content=\"index, follow, max-snippet:-1, max-image-preview:large, max-video-preview:-1\" \/>\n<link rel=\"canonical\" href=\"https:\/\/www.visit-ulcinj.com\/blog\/2012\/06\/27\/kryetari-cungu-mbi-parregullsite-e-te-mirave-detare\/\" \/>\n<meta property=\"og:locale\" content=\"en_US\" \/>\n<meta property=\"og:type\" content=\"article\" \/>\n<meta property=\"og:title\" content=\"Kryetari Cungu mbi parregullsite e &quot;Te Mirave detare&quot; - Lajme nga Ulqini\" \/>\n<meta property=\"og:description\" content=\"T\u00eb nderuar qytetar\u00eb, Me k\u00ebt\u00eb d\u00ebshiroj te ju informoj p\u00ebr keqp\u00ebrdorimet e caktuara dhe parregullsit\u00eb q\u00eb po ndodhin n\u00eb zon\u00ebn e t\u00eb mirave detare, e q\u00eb kan\u00eb\" \/>\n<meta property=\"og:url\" content=\"https:\/\/www.visit-ulcinj.com\/blog\/2012\/06\/27\/kryetari-cungu-mbi-parregullsite-e-te-mirave-detare\/\" \/>\n<meta property=\"og:site_name\" content=\"Lajme nga Ulqini\" \/>\n<meta property=\"article:published_time\" content=\"2012-06-27T22:40:04+00:00\" \/>\n<meta property=\"article:modified_time\" content=\"2012-06-29T08:11:49+00:00\" \/>\n<meta property=\"og:image\" content=\"http:\/\/www.visit-ulcinj.com\/blog\/wp-content\/uploads\/2012\/06\/Nazif-Cungu_kryetari-i-Ulqinit.jpg\" \/>\n<meta name=\"twitter:label1\" content=\"Written by\" \/>\n\t<meta name=\"twitter:data1\" content=\"ulqini\" \/>\n\t<meta name=\"twitter:label2\" content=\"Est. reading time\" \/>\n\t<meta name=\"twitter:data2\" content=\"3 minutes\" \/>\n<script type=\"application\/ld+json\" class=\"yoast-schema-graph\">{\"@context\":\"https:\/\/schema.org\",\"@graph\":[{\"@type\":\"WebSite\",\"@id\":\"https:\/\/www.visit-ulcinj.com\/blog\/#website\",\"url\":\"https:\/\/www.visit-ulcinj.com\/blog\/\",\"name\":\"Lajme nga Ulqini\",\"description\":\"Lajme,Vijesti,Ulqini,Ulqin,Crna Gora,Mali i Zi\",\"potentialAction\":[{\"@type\":\"SearchAction\",\"target\":{\"@type\":\"EntryPoint\",\"urlTemplate\":\"https:\/\/www.visit-ulcinj.com\/blog\/?s={search_term_string}\"},\"query-input\":\"required name=search_term_string\"}],\"inLanguage\":\"en-US\"},{\"@type\":\"ImageObject\",\"inLanguage\":\"en-US\",\"@id\":\"https:\/\/www.visit-ulcinj.com\/blog\/2012\/06\/27\/kryetari-cungu-mbi-parregullsite-e-te-mirave-detare\/#primaryimage\",\"url\":\"https:\/\/www.visit-ulcinj.com\/blog\/wp-content\/uploads\/2012\/06\/Nazif-Cungu_kryetari-i-Ulqinit.jpg\",\"contentUrl\":\"https:\/\/www.visit-ulcinj.com\/blog\/wp-content\/uploads\/2012\/06\/Nazif-Cungu_kryetari-i-Ulqinit.jpg\",\"width\":\"640\",\"height\":\"416\"},{\"@type\":\"WebPage\",\"@id\":\"https:\/\/www.visit-ulcinj.com\/blog\/2012\/06\/27\/kryetari-cungu-mbi-parregullsite-e-te-mirave-detare\/#webpage\",\"url\":\"https:\/\/www.visit-ulcinj.com\/blog\/2012\/06\/27\/kryetari-cungu-mbi-parregullsite-e-te-mirave-detare\/\",\"name\":\"Kryetari Cungu mbi parregullsite e \\\"Te Mirave detare\\\" - Lajme nga Ulqini\",\"isPartOf\":{\"@id\":\"https:\/\/www.visit-ulcinj.com\/blog\/#website\"},\"primaryImageOfPage\":{\"@id\":\"https:\/\/www.visit-ulcinj.com\/blog\/2012\/06\/27\/kryetari-cungu-mbi-parregullsite-e-te-mirave-detare\/#primaryimage\"},\"datePublished\":\"2012-06-27T22:40:04+00:00\",\"dateModified\":\"2012-06-29T08:11:49+00:00\",\"author\":{\"@id\":\"https:\/\/www.visit-ulcinj.com\/blog\/#\/schema\/person\/dcab619c614d3038751c63bc2aadc06d\"},\"description\":\"T\u00eb nderuar qytetar\u00eb, Me k\u00ebt\u00eb d\u00ebshiroj te ju informoj p\u00ebr keqp\u00ebrdorimet e caktuara dhe parregullsit\u00eb q\u00eb po ndodhin n\u00eb zon\u00ebn e t\u00eb mirave detare, e q\u00eb kan\u00eb\",\"breadcrumb\":{\"@id\":\"https:\/\/www.visit-ulcinj.com\/blog\/2012\/06\/27\/kryetari-cungu-mbi-parregullsite-e-te-mirave-detare\/#breadcrumb\"},\"inLanguage\":\"en-US\",\"potentialAction\":[{\"@type\":\"ReadAction\",\"target\":[\"https:\/\/www.visit-ulcinj.com\/blog\/2012\/06\/27\/kryetari-cungu-mbi-parregullsite-e-te-mirave-detare\/\"]}]},{\"@type\":\"BreadcrumbList\",\"@id\":\"https:\/\/www.visit-ulcinj.com\/blog\/2012\/06\/27\/kryetari-cungu-mbi-parregullsite-e-te-mirave-detare\/#breadcrumb\",\"itemListElement\":[{\"@type\":\"ListItem\",\"position\":1,\"name\":\"Kryetari Cungu mbi parregullsite e &#8220;Te Mirave detare&#8221;\"}]},{\"@type\":\"Person\",\"@id\":\"https:\/\/www.visit-ulcinj.com\/blog\/#\/schema\/person\/dcab619c614d3038751c63bc2aadc06d\",\"name\":\"ulqini\",\"sameAs\":[\"http:\/\/www.visit-ulcinj.com\"],\"url\":\"https:\/\/www.visit-ulcinj.com\/blog\/author\/admin\/\"}]}<\/script>\n<!-- \/ Yoast SEO plugin. -->","yoast_head_json":{"title":"Kryetari Cungu mbi parregullsite e \"Te Mirave detare\" - Lajme nga Ulqini","description":"T\u00eb nderuar qytetar\u00eb, Me k\u00ebt\u00eb d\u00ebshiroj te ju informoj p\u00ebr keqp\u00ebrdorimet e caktuara dhe parregullsit\u00eb q\u00eb po ndodhin n\u00eb zon\u00ebn e t\u00eb mirave detare, e q\u00eb kan\u00eb","robots":{"index":"index","follow":"follow","max-snippet":"max-snippet:-1","max-image-preview":"max-image-preview:large","max-video-preview":"max-video-preview:-1"},"canonical":"https:\/\/www.visit-ulcinj.com\/blog\/2012\/06\/27\/kryetari-cungu-mbi-parregullsite-e-te-mirave-detare\/","og_locale":"en_US","og_type":"article","og_title":"Kryetari Cungu mbi parregullsite e \"Te Mirave detare\" - Lajme nga Ulqini","og_description":"T\u00eb nderuar qytetar\u00eb, Me k\u00ebt\u00eb d\u00ebshiroj te ju informoj p\u00ebr keqp\u00ebrdorimet e caktuara dhe parregullsit\u00eb q\u00eb po ndodhin n\u00eb zon\u00ebn e t\u00eb mirave detare, e q\u00eb kan\u00eb","og_url":"https:\/\/www.visit-ulcinj.com\/blog\/2012\/06\/27\/kryetari-cungu-mbi-parregullsite-e-te-mirave-detare\/","og_site_name":"Lajme nga Ulqini","article_published_time":"2012-06-27T22:40:04+00:00","article_modified_time":"2012-06-29T08:11:49+00:00","og_image":[{"url":"http:\/\/www.visit-ulcinj.com\/blog\/wp-content\/uploads\/2012\/06\/Nazif-Cungu_kryetari-i-Ulqinit.jpg"}],"twitter_misc":{"Written by":"ulqini","Est. reading time":"3 minutes"},"schema":{"@context":"https:\/\/schema.org","@graph":[{"@type":"WebSite","@id":"https:\/\/www.visit-ulcinj.com\/blog\/#website","url":"https:\/\/www.visit-ulcinj.com\/blog\/","name":"Lajme nga Ulqini","description":"Lajme,Vijesti,Ulqini,Ulqin,Crna Gora,Mali i Zi","potentialAction":[{"@type":"SearchAction","target":{"@type":"EntryPoint","urlTemplate":"https:\/\/www.visit-ulcinj.com\/blog\/?s={search_term_string}"},"query-input":"required name=search_term_string"}],"inLanguage":"en-US"},{"@type":"ImageObject","inLanguage":"en-US","@id":"https:\/\/www.visit-ulcinj.com\/blog\/2012\/06\/27\/kryetari-cungu-mbi-parregullsite-e-te-mirave-detare\/#primaryimage","url":"https:\/\/www.visit-ulcinj.com\/blog\/wp-content\/uploads\/2012\/06\/Nazif-Cungu_kryetari-i-Ulqinit.jpg","contentUrl":"https:\/\/www.visit-ulcinj.com\/blog\/wp-content\/uploads\/2012\/06\/Nazif-Cungu_kryetari-i-Ulqinit.jpg","width":"640","height":"416"},{"@type":"WebPage","@id":"https:\/\/www.visit-ulcinj.com\/blog\/2012\/06\/27\/kryetari-cungu-mbi-parregullsite-e-te-mirave-detare\/#webpage","url":"https:\/\/www.visit-ulcinj.com\/blog\/2012\/06\/27\/kryetari-cungu-mbi-parregullsite-e-te-mirave-detare\/","name":"Kryetari Cungu mbi parregullsite e \"Te Mirave detare\" - Lajme nga Ulqini","isPartOf":{"@id":"https:\/\/www.visit-ulcinj.com\/blog\/#website"},"primaryImageOfPage":{"@id":"https:\/\/www.visit-ulcinj.com\/blog\/2012\/06\/27\/kryetari-cungu-mbi-parregullsite-e-te-mirave-detare\/#primaryimage"},"datePublished":"2012-06-27T22:40:04+00:00","dateModified":"2012-06-29T08:11:49+00:00","author":{"@id":"https:\/\/www.visit-ulcinj.com\/blog\/#\/schema\/person\/dcab619c614d3038751c63bc2aadc06d"},"description":"T\u00eb nderuar qytetar\u00eb, Me k\u00ebt\u00eb d\u00ebshiroj te ju informoj p\u00ebr keqp\u00ebrdorimet e caktuara dhe parregullsit\u00eb q\u00eb po ndodhin n\u00eb zon\u00ebn e t\u00eb mirave detare, e q\u00eb kan\u00eb","breadcrumb":{"@id":"https:\/\/www.visit-ulcinj.com\/blog\/2012\/06\/27\/kryetari-cungu-mbi-parregullsite-e-te-mirave-detare\/#breadcrumb"},"inLanguage":"en-US","potentialAction":[{"@type":"ReadAction","target":["https:\/\/www.visit-ulcinj.com\/blog\/2012\/06\/27\/kryetari-cungu-mbi-parregullsite-e-te-mirave-detare\/"]}]},{"@type":"BreadcrumbList","@id":"https:\/\/www.visit-ulcinj.com\/blog\/2012\/06\/27\/kryetari-cungu-mbi-parregullsite-e-te-mirave-detare\/#breadcrumb","itemListElement":[{"@type":"ListItem","position":1,"name":"Kryetari Cungu mbi parregullsite e &#8220;Te Mirave detare&#8221;"}]},{"@type":"Person","@id":"https:\/\/www.visit-ulcinj.com\/blog\/#\/schema\/person\/dcab619c614d3038751c63bc2aadc06d","name":"ulqini","sameAs":["http:\/\/www.visit-ulcinj.com"],"url":"https:\/\/www.visit-ulcinj.com\/blog\/author\/admin\/"}]}},"jetpack_featured_media_url":"","jetpack_sharing_enabled":true,"jetpack_shortlink":"https:\/\/wp.me\/pe6lTn-g7z","_links":{"self":[{"href":"https:\/\/www.visit-ulcinj.com\/blog\/wp-json\/wp\/v2\/posts\/61973"}],"collection":[{"href":"https:\/\/www.visit-ulcinj.com\/blog\/wp-json\/wp\/v2\/posts"}],"about":[{"href":"https:\/\/www.visit-ulcinj.com\/blog\/wp-json\/wp\/v2\/types\/post"}],"author":[{"embeddable":true,"href":"https:\/\/www.visit-ulcinj.com\/blog\/wp-json\/wp\/v2\/users\/1"}],"replies":[{"embeddable":true,"href":"https:\/\/www.visit-ulcinj.com\/blog\/wp-json\/wp\/v2\/comments?post=61973"}],"version-history":[{"count":2,"href":"https:\/\/www.visit-ulcinj.com\/blog\/wp-json\/wp\/v2\/posts\/61973\/revisions"}],"predecessor-version":[{"id":61996,"href":"https:\/\/www.visit-ulcinj.com\/blog\/wp-json\/wp\/v2\/posts\/61973\/revisions\/61996"}],"wp:attachment":[{"href":"https:\/\/www.visit-ulcinj.com\/blog\/wp-json\/wp\/v2\/media?parent=61973"}],"wp:term":[{"taxonomy":"category","embeddable":true,"href":"https:\/\/www.visit-ulcinj.com\/blog\/wp-json\/wp\/v2\/categories?post=61973"},{"taxonomy":"post_tag","embeddable":true,"href":"https:\/\/www.visit-ulcinj.com\/blog\/wp-json\/wp\/v2\/tags?post=61973"}],"curies":[{"name":"wp","href":"https:\/\/api.w.org\/{rel}","templated":true}]}}