{"id":61983,"date":"2012-06-28T00:02:28","date_gmt":"2012-06-27T23:02:28","guid":{"rendered":"http:\/\/www.visit-ulcinj.com\/blog\/?p=61983"},"modified":"2012-06-29T09:13:42","modified_gmt":"2012-06-29T08:13:42","slug":"kryetari-cungu-priti-edita-tahirin","status":"publish","type":"post","link":"https:\/\/www.visit-ulcinj.com\/blog\/2012\/06\/28\/kryetari-cungu-priti-edita-tahirin\/","title":{"rendered":"Kryetari Cungu priti Edita Tahirin"},"content":{"rendered":"<p><strong><a href=\"http:\/\/www.visit-ulcinj.com\/blog\/wp-content\/uploads\/2012\/06\/Kryetari-Cungu-priti-Edita-Tahirin.2.jpg\"><img loading=\"lazy\" class=\"alignleft  wp-image-61986\" title=\"Kryetari Cungu priti Edita Tahirin.2\" src=\"http:\/\/www.visit-ulcinj.com\/blog\/wp-content\/uploads\/2012\/06\/Kryetari-Cungu-priti-Edita-Tahirin.2.jpg\" alt=\"\" width=\"508\" height=\"360\" \/><\/a>Kryetari Cungu priti n\u00eb vizit\u00eb Z\u00ebvend\u00ebskryeministren e Kosov\u00ebs znj. Edita Tahirin<\/strong><\/p>\n<p>Gjat\u00eb nj\u00eb vizite n\u00eb Mal t\u00eb Zi, delegacioni i Kosov\u00ebs i kryesuar nga Z\u00ebvend\u00ebskryeministrja Edita Tahiri s\u00eb bashku me Deputeten e Kuvendit t\u00eb Kosov\u00ebs znj. Justina Shiroka Pula dhe k\u00ebshilltaren politike znj. Elona Cecelia vizituan komun\u00ebn e Ulqinit, ku u takuan me Kryetarin e komunes z. Nazif Cungu dhe bashkpun\u00ebtor\u00ebt e tij t\u00eb ngusht.<br \/>\nKryetari Cungu falenderoi delegacionin nga Kosova p\u00ebr viziten q\u00eb rezervuan n\u00eb qytetin e Ulqinit duke shprehur r\u00ebnd\u00ebsin e bashkpunimit t\u00eb Republikes s\u00eb Kosov\u00ebs me Malin e Zi, kryesisht me shqiptaret n\u00eb Mal t\u00eb Zi.<br \/>\nAi i njoftoi ato me gjendjen n\u00eb komunen e Ulqinit duke u shprehur q\u00eb Ulqini ka potenciale t\u00eb m\u00ebdha p\u00ebr zhvillim megjithate kto 20 vitet e fundit ka ngelur pas n\u00eb shum\u00eb fusha, kryesisht n\u00eb ate t\u00eb turizmit duke r\u00ebn\u00eb n\u00eb nivelin 8% t\u00eb turst\u00ebve n\u00eb Mal t\u00eb zi, nga 18.5% q\u00eb kishte para 2 dekadave; dhe se kjo gjendje ka ardhur si rezultat i keqprivetizimit t\u00eb hoteleris\u00eb me c&#8217;rast jan\u00eb mbyllur apo edhe prishur hotele q\u00eb funksiononin m\u00eb heret.<\/p>\n<p>Megjithate ai shprehu optimizem duke i njoftuar ato se Komuna e Ulqinit po punon intenzivisht n\u00eb hartimin e planeve strategjike p\u00ebr zhvillimin e qytetit, t\u00eb cilat do t\u00eb jen\u00eb edhe parakusht p\u00ebr investime t\u00eb reja,me c&#8217;rast i ftoi edhe bizneset kosovare t\u00eb investon\u00eb n\u00eb Ulqin.<br \/>\n<a href=\"http:\/\/www.visit-ulcinj.com\/blog\/wp-content\/uploads\/2012\/06\/Kryetari-Cungu-priti-Edita-Tahirin.jpg\"><img loading=\"lazy\" class=\"alignleft  wp-image-61987\" title=\"Kryetari Cungu priti Edita Tahirin\" src=\"http:\/\/www.visit-ulcinj.com\/blog\/wp-content\/uploads\/2012\/06\/Kryetari-Cungu-priti-Edita-Tahirin.jpg\" alt=\"\" width=\"508\" height=\"300\" \/><\/a><br \/>\nKryetari Cungu shprehu mirnjohje ndaj Kosov\u00ebs p\u00ebr ndihmesen e dh\u00ebn\u00eb n\u00eb arsimin e shqip\u00ebtarve n\u00eb Mal t\u00eb Zi. Bashkpunimi n\u00eb fushen e arsimit,kultur\u00ebs,ekonomis\u00eb dhe shum fushave t\u00eb tjera do t\u00eb ishte me interes p\u00ebr shqiptaret n\u00eb Mal te Zi duke i b\u00ebr\u00eb ato edhe ur\u00eblidh\u00ebs n\u00eb bashkpunimin e k\u00ebtyre dy vendeve.<br \/>\nZnj. Tahiri fillimisht falenderoi Komun\u00ebn e Ulqinit dhe Kryetarin n\u00eb ve\u00e7anti p\u00ebr pritjen e organizuar p\u00ebr delegacionin e Qeveris\u00eb s\u00eb Republik\u00ebs s\u00eb Kosov\u00ebs dhe e p\u00ebrg\u00ebzoi ate p\u00ebr iniciativat dhe punen e nd\u00ebrmarr\u00eb n\u00eb standartizimin dhe zhvillimin e m\u00ebtutjeshem t\u00eb qytetit t\u00eb Ulqinit, q\u00eb ajo e quajti &#8220;qytet i bukuris\u00eb shqiptare&#8221;.<br \/>\nM\u00eb pas ajo foli p\u00ebr p\u00ebrparimet n\u00eb shtetnd\u00ebrtimin e Kosov\u00ebs si n\u00eb planin e brendsh\u00ebm ashtu edhe n\u00eb politikat nd\u00ebrkomb\u00ebtare. Shteti i Kosov\u00ebs \u00ebsht\u00eb duke punuar intensivisht n\u00eb zhvillimin e p\u00ebrgjithsh\u00ebm ekonomik, forcimin e marr\u00ebdh\u00ebnieve nd\u00ebrfqinj\u00ebsore dhe se Kosova \u00ebsht\u00eb e angazhuar n\u00eb forcimin e bashk\u00ebpunimit rajonal, stabilitetin dhe paqen e q\u00ebndrueshme si rrug\u00eb e p\u00ebrshpejtimit t\u00eb integrimeve euro-atlatnike. Zonja Tahiri foli edhe p\u00ebr marr\u00ebdh\u00ebnie t\u00eb shk\u00eblqyera mes Kosov\u00ebs dhe Malit t\u00eb Zi duke vler\u00ebsuar lart\u00eb qendrimin zyrtar t\u00eb autoriteteve malazeze.<\/p>\n","protected":false},"excerpt":{"rendered":"<p>Kryetari Cungu priti n\u00eb vizit\u00eb Z\u00ebvend\u00ebskryeministren e Kosov\u00ebs znj. Edita Tahirin Gjat\u00eb nj\u00eb vizite n\u00eb Mal t\u00eb Zi, delegacioni i Kosov\u00ebs i kryesuar nga Z\u00ebvend\u00ebskryeministrja Edita Tahiri s\u00eb bashku me Deputeten e Kuvendit t\u00eb Kosov\u00ebs znj. Justina Shiroka Pula dhe k\u00ebshilltaren politike znj. Elona Cecelia vizituan komun\u00ebn e Ulqinit, ku u takuan me Kryetarin e [&hellip;]<\/p>\n","protected":false},"author":1,"featured_media":0,"comment_status":"open","ping_status":"closed","sticky":false,"template":"","format":"standard","meta":{"spay_email":"","jetpack_publicize_message":"","jetpack_is_tweetstorm":false,"jetpack_publicize_feature_enabled":true},"categories":[11],"tags":[18553,118,200,18],"jetpack_publicize_connections":[],"yoast_head":"<!-- This site is optimized with the Yoast SEO plugin v19.1 - https:\/\/yoast.com\/wordpress\/plugins\/seo\/ -->\n<title>Kryetari Cungu priti Edita Tahirin - Lajme nga Ulqini<\/title>\n<meta name=\"description\" content=\"Kryetari Cungu priti n\u00eb vizit\u00eb Z\u00ebvend\u00ebskryeministren e Kosov\u00ebs znj. Edita Tahirin Gjat\u00eb nj\u00eb vizite n\u00eb Mal t\u00eb Zi, delegacioni i Kosov\u00ebs i kryesuar nga\" \/>\n<meta name=\"robots\" content=\"index, follow, max-snippet:-1, max-image-preview:large, max-video-preview:-1\" \/>\n<link rel=\"canonical\" href=\"https:\/\/www.visit-ulcinj.com\/blog\/2012\/06\/28\/kryetari-cungu-priti-edita-tahirin\/\" \/>\n<meta property=\"og:locale\" content=\"en_US\" \/>\n<meta property=\"og:type\" content=\"article\" \/>\n<meta property=\"og:title\" content=\"Kryetari Cungu priti Edita Tahirin - Lajme nga Ulqini\" \/>\n<meta property=\"og:description\" content=\"Kryetari Cungu priti n\u00eb vizit\u00eb Z\u00ebvend\u00ebskryeministren e Kosov\u00ebs znj. Edita Tahirin Gjat\u00eb nj\u00eb vizite n\u00eb Mal t\u00eb Zi, delegacioni i Kosov\u00ebs i kryesuar nga\" \/>\n<meta property=\"og:url\" content=\"https:\/\/www.visit-ulcinj.com\/blog\/2012\/06\/28\/kryetari-cungu-priti-edita-tahirin\/\" \/>\n<meta property=\"og:site_name\" content=\"Lajme nga Ulqini\" \/>\n<meta property=\"article:published_time\" content=\"2012-06-27T23:02:28+00:00\" \/>\n<meta property=\"article:modified_time\" content=\"2012-06-29T08:13:42+00:00\" \/>\n<meta property=\"og:image\" content=\"http:\/\/www.visit-ulcinj.com\/blog\/wp-content\/uploads\/2012\/06\/Kryetari-Cungu-priti-Edita-Tahirin.2.jpg\" \/>\n<meta name=\"twitter:label1\" content=\"Written by\" \/>\n\t<meta name=\"twitter:data1\" content=\"ulqini\" \/>\n\t<meta name=\"twitter:label2\" content=\"Est. reading time\" \/>\n\t<meta name=\"twitter:data2\" content=\"2 minutes\" \/>\n<script type=\"application\/ld+json\" class=\"yoast-schema-graph\">{\"@context\":\"https:\/\/schema.org\",\"@graph\":[{\"@type\":\"WebSite\",\"@id\":\"https:\/\/www.visit-ulcinj.com\/blog\/#website\",\"url\":\"https:\/\/www.visit-ulcinj.com\/blog\/\",\"name\":\"Lajme nga Ulqini\",\"description\":\"Lajme,Vijesti,Ulqini,Ulqin,Crna Gora,Mali i Zi\",\"potentialAction\":[{\"@type\":\"SearchAction\",\"target\":{\"@type\":\"EntryPoint\",\"urlTemplate\":\"https:\/\/www.visit-ulcinj.com\/blog\/?s={search_term_string}\"},\"query-input\":\"required name=search_term_string\"}],\"inLanguage\":\"en-US\"},{\"@type\":\"ImageObject\",\"inLanguage\":\"en-US\",\"@id\":\"https:\/\/www.visit-ulcinj.com\/blog\/2012\/06\/28\/kryetari-cungu-priti-edita-tahirin\/#primaryimage\",\"url\":\"https:\/\/www.visit-ulcinj.com\/blog\/wp-content\/uploads\/2012\/06\/Kryetari-Cungu-priti-Edita-Tahirin.2.jpg\",\"contentUrl\":\"https:\/\/www.visit-ulcinj.com\/blog\/wp-content\/uploads\/2012\/06\/Kryetari-Cungu-priti-Edita-Tahirin.2.jpg\",\"width\":\"640\",\"height\":\"424\"},{\"@type\":\"WebPage\",\"@id\":\"https:\/\/www.visit-ulcinj.com\/blog\/2012\/06\/28\/kryetari-cungu-priti-edita-tahirin\/#webpage\",\"url\":\"https:\/\/www.visit-ulcinj.com\/blog\/2012\/06\/28\/kryetari-cungu-priti-edita-tahirin\/\",\"name\":\"Kryetari Cungu priti Edita Tahirin - Lajme nga Ulqini\",\"isPartOf\":{\"@id\":\"https:\/\/www.visit-ulcinj.com\/blog\/#website\"},\"primaryImageOfPage\":{\"@id\":\"https:\/\/www.visit-ulcinj.com\/blog\/2012\/06\/28\/kryetari-cungu-priti-edita-tahirin\/#primaryimage\"},\"datePublished\":\"2012-06-27T23:02:28+00:00\",\"dateModified\":\"2012-06-29T08:13:42+00:00\",\"author\":{\"@id\":\"https:\/\/www.visit-ulcinj.com\/blog\/#\/schema\/person\/dcab619c614d3038751c63bc2aadc06d\"},\"description\":\"Kryetari Cungu priti n\u00eb vizit\u00eb Z\u00ebvend\u00ebskryeministren e Kosov\u00ebs znj. Edita Tahirin Gjat\u00eb nj\u00eb vizite n\u00eb Mal t\u00eb Zi, delegacioni i Kosov\u00ebs i kryesuar nga\",\"breadcrumb\":{\"@id\":\"https:\/\/www.visit-ulcinj.com\/blog\/2012\/06\/28\/kryetari-cungu-priti-edita-tahirin\/#breadcrumb\"},\"inLanguage\":\"en-US\",\"potentialAction\":[{\"@type\":\"ReadAction\",\"target\":[\"https:\/\/www.visit-ulcinj.com\/blog\/2012\/06\/28\/kryetari-cungu-priti-edita-tahirin\/\"]}]},{\"@type\":\"BreadcrumbList\",\"@id\":\"https:\/\/www.visit-ulcinj.com\/blog\/2012\/06\/28\/kryetari-cungu-priti-edita-tahirin\/#breadcrumb\",\"itemListElement\":[{\"@type\":\"ListItem\",\"position\":1,\"name\":\"Kryetari Cungu priti Edita Tahirin\"}]},{\"@type\":\"Person\",\"@id\":\"https:\/\/www.visit-ulcinj.com\/blog\/#\/schema\/person\/dcab619c614d3038751c63bc2aadc06d\",\"name\":\"ulqini\",\"sameAs\":[\"http:\/\/www.visit-ulcinj.com\"],\"url\":\"https:\/\/www.visit-ulcinj.com\/blog\/author\/admin\/\"}]}<\/script>\n<!-- \/ Yoast SEO plugin. -->","yoast_head_json":{"title":"Kryetari Cungu priti Edita Tahirin - Lajme nga Ulqini","description":"Kryetari Cungu priti n\u00eb vizit\u00eb Z\u00ebvend\u00ebskryeministren e Kosov\u00ebs znj. Edita Tahirin Gjat\u00eb nj\u00eb vizite n\u00eb Mal t\u00eb Zi, delegacioni i Kosov\u00ebs i kryesuar nga","robots":{"index":"index","follow":"follow","max-snippet":"max-snippet:-1","max-image-preview":"max-image-preview:large","max-video-preview":"max-video-preview:-1"},"canonical":"https:\/\/www.visit-ulcinj.com\/blog\/2012\/06\/28\/kryetari-cungu-priti-edita-tahirin\/","og_locale":"en_US","og_type":"article","og_title":"Kryetari Cungu priti Edita Tahirin - Lajme nga Ulqini","og_description":"Kryetari Cungu priti n\u00eb vizit\u00eb Z\u00ebvend\u00ebskryeministren e Kosov\u00ebs znj. Edita Tahirin Gjat\u00eb nj\u00eb vizite n\u00eb Mal t\u00eb Zi, delegacioni i Kosov\u00ebs i kryesuar nga","og_url":"https:\/\/www.visit-ulcinj.com\/blog\/2012\/06\/28\/kryetari-cungu-priti-edita-tahirin\/","og_site_name":"Lajme nga Ulqini","article_published_time":"2012-06-27T23:02:28+00:00","article_modified_time":"2012-06-29T08:13:42+00:00","og_image":[{"url":"http:\/\/www.visit-ulcinj.com\/blog\/wp-content\/uploads\/2012\/06\/Kryetari-Cungu-priti-Edita-Tahirin.2.jpg"}],"twitter_misc":{"Written by":"ulqini","Est. reading time":"2 minutes"},"schema":{"@context":"https:\/\/schema.org","@graph":[{"@type":"WebSite","@id":"https:\/\/www.visit-ulcinj.com\/blog\/#website","url":"https:\/\/www.visit-ulcinj.com\/blog\/","name":"Lajme nga Ulqini","description":"Lajme,Vijesti,Ulqini,Ulqin,Crna Gora,Mali i Zi","potentialAction":[{"@type":"SearchAction","target":{"@type":"EntryPoint","urlTemplate":"https:\/\/www.visit-ulcinj.com\/blog\/?s={search_term_string}"},"query-input":"required name=search_term_string"}],"inLanguage":"en-US"},{"@type":"ImageObject","inLanguage":"en-US","@id":"https:\/\/www.visit-ulcinj.com\/blog\/2012\/06\/28\/kryetari-cungu-priti-edita-tahirin\/#primaryimage","url":"https:\/\/www.visit-ulcinj.com\/blog\/wp-content\/uploads\/2012\/06\/Kryetari-Cungu-priti-Edita-Tahirin.2.jpg","contentUrl":"https:\/\/www.visit-ulcinj.com\/blog\/wp-content\/uploads\/2012\/06\/Kryetari-Cungu-priti-Edita-Tahirin.2.jpg","width":"640","height":"424"},{"@type":"WebPage","@id":"https:\/\/www.visit-ulcinj.com\/blog\/2012\/06\/28\/kryetari-cungu-priti-edita-tahirin\/#webpage","url":"https:\/\/www.visit-ulcinj.com\/blog\/2012\/06\/28\/kryetari-cungu-priti-edita-tahirin\/","name":"Kryetari Cungu priti Edita Tahirin - Lajme nga Ulqini","isPartOf":{"@id":"https:\/\/www.visit-ulcinj.com\/blog\/#website"},"primaryImageOfPage":{"@id":"https:\/\/www.visit-ulcinj.com\/blog\/2012\/06\/28\/kryetari-cungu-priti-edita-tahirin\/#primaryimage"},"datePublished":"2012-06-27T23:02:28+00:00","dateModified":"2012-06-29T08:13:42+00:00","author":{"@id":"https:\/\/www.visit-ulcinj.com\/blog\/#\/schema\/person\/dcab619c614d3038751c63bc2aadc06d"},"description":"Kryetari Cungu priti n\u00eb vizit\u00eb Z\u00ebvend\u00ebskryeministren e Kosov\u00ebs znj. Edita Tahirin Gjat\u00eb nj\u00eb vizite n\u00eb Mal t\u00eb Zi, delegacioni i Kosov\u00ebs i kryesuar nga","breadcrumb":{"@id":"https:\/\/www.visit-ulcinj.com\/blog\/2012\/06\/28\/kryetari-cungu-priti-edita-tahirin\/#breadcrumb"},"inLanguage":"en-US","potentialAction":[{"@type":"ReadAction","target":["https:\/\/www.visit-ulcinj.com\/blog\/2012\/06\/28\/kryetari-cungu-priti-edita-tahirin\/"]}]},{"@type":"BreadcrumbList","@id":"https:\/\/www.visit-ulcinj.com\/blog\/2012\/06\/28\/kryetari-cungu-priti-edita-tahirin\/#breadcrumb","itemListElement":[{"@type":"ListItem","position":1,"name":"Kryetari Cungu priti Edita Tahirin"}]},{"@type":"Person","@id":"https:\/\/www.visit-ulcinj.com\/blog\/#\/schema\/person\/dcab619c614d3038751c63bc2aadc06d","name":"ulqini","sameAs":["http:\/\/www.visit-ulcinj.com"],"url":"https:\/\/www.visit-ulcinj.com\/blog\/author\/admin\/"}]}},"jetpack_featured_media_url":"","jetpack_sharing_enabled":true,"jetpack_shortlink":"https:\/\/wp.me\/pe6lTn-g7J","_links":{"self":[{"href":"https:\/\/www.visit-ulcinj.com\/blog\/wp-json\/wp\/v2\/posts\/61983"}],"collection":[{"href":"https:\/\/www.visit-ulcinj.com\/blog\/wp-json\/wp\/v2\/posts"}],"about":[{"href":"https:\/\/www.visit-ulcinj.com\/blog\/wp-json\/wp\/v2\/types\/post"}],"author":[{"embeddable":true,"href":"https:\/\/www.visit-ulcinj.com\/blog\/wp-json\/wp\/v2\/users\/1"}],"replies":[{"embeddable":true,"href":"https:\/\/www.visit-ulcinj.com\/blog\/wp-json\/wp\/v2\/comments?post=61983"}],"version-history":[{"count":2,"href":"https:\/\/www.visit-ulcinj.com\/blog\/wp-json\/wp\/v2\/posts\/61983\/revisions"}],"predecessor-version":[{"id":61997,"href":"https:\/\/www.visit-ulcinj.com\/blog\/wp-json\/wp\/v2\/posts\/61983\/revisions\/61997"}],"wp:attachment":[{"href":"https:\/\/www.visit-ulcinj.com\/blog\/wp-json\/wp\/v2\/media?parent=61983"}],"wp:term":[{"taxonomy":"category","embeddable":true,"href":"https:\/\/www.visit-ulcinj.com\/blog\/wp-json\/wp\/v2\/categories?post=61983"},{"taxonomy":"post_tag","embeddable":true,"href":"https:\/\/www.visit-ulcinj.com\/blog\/wp-json\/wp\/v2\/tags?post=61983"}],"curies":[{"name":"wp","href":"https:\/\/api.w.org\/{rel}","templated":true}]}}