{"id":61990,"date":"2012-06-29T08:37:44","date_gmt":"2012-06-29T07:37:44","guid":{"rendered":"http:\/\/www.visit-ulcinj.com\/blog\/?p=61990"},"modified":"2012-06-29T09:09:30","modified_gmt":"2012-06-29T08:09:30","slug":"neser-shfaqet-rituali-i-jetes-ne-ulqin-me-30-qershor","status":"publish","type":"post","link":"https:\/\/www.visit-ulcinj.com\/blog\/2012\/06\/29\/neser-shfaqet-rituali-i-jetes-ne-ulqin-me-30-qershor\/","title":{"rendered":"Nes\u00ebr shfaqet \u201cRituali i jet\u00ebs\u201d n\u00eb Ulqin \u2013 m\u00eb 30 qershor &#8211; Video"},"content":{"rendered":"<p><a href=\"http:\/\/www.visit-ulcinj.com\/blog\/wp-content\/uploads\/2012\/06\/Rituali-i-jetes-ne-Ulqin.jpg\"><img loading=\"lazy\" class=\"alignleft  wp-image-61992\" title=\"Rituali i jetes ne Ulqin\" src=\"http:\/\/www.visit-ulcinj.com\/blog\/wp-content\/uploads\/2012\/06\/Rituali-i-jetes-ne-Ulqin.jpg\" alt=\"\" width=\"508\" height=\"311\" \/><\/a>Musical q\u00eb nd\u00ebrthur folklorin shqiptar me element kontemporan, \u201cRituali i jet\u00ebs\u201d, nga koreografi Arian Sukniqi do t\u00eb nis udh\u00ebtimin p\u00ebr t\u00eb \u00e7uar edhe jasht\u00eb kryeqytetit emocionet e elementeve autentike komb\u00ebtar.<br \/>\nNdalesa e par\u00eb do t\u00eb jet\u00eb Ulqini, n\u00eb 30 qershor, e m\u00eb pas, n\u00eb kuad\u00ebr t\u00eb 100-vjetorit, \u201cRituali i jet\u00ebs\u201d do t\u00eb p\u00ebrcjell n\u00eb \u00e7do qytet motive t\u00eb folklorit t\u00eb Shkodr\u00ebs n\u00eb nj\u00eb shfaqje q\u00eb mbart n\u00eb vetvete nj\u00eb frym\u00ebzim, q\u00eb ka nj\u00eb qenie njer\u00ebzore kur vjen n\u00eb jet\u00eb dhe fryma e fundit kur largohet nga kjo jet\u00eb.<br \/>\n\u201cRituali i jet\u00ebs\u201d, bazohet n\u00eb tre linja kryesore si: lindjen, dasm\u00ebn dhe vdekjen, por q\u00eb do t\u00eb vijn\u00eb invers p\u00ebr publikun.<br \/>\nSipas koreografit dhe regjisorit t\u00eb shfaqjes, Arian Sukniqi, kjo zgjedhje, pra q\u00eb shfaqja t\u00eb filloj\u00eb me vdekjen dhe t\u00eb mbaroj\u00eb me lindjen, \u00ebsht\u00eb b\u00ebr\u00eb n\u00eb m\u00ebnyr\u00eb q\u00eb publiku mos t\u00eb largohej nga salla me breng\u00eb.<br \/>\nEtnomusical-i bashkon artist\u00eb e trup\u00ebs s\u00eb baletit t\u00eb TKOB-s\u00eb me solist\u00ebt e Ansamblit t\u00eb K\u00ebng\u00ebve dhe Valleve Popullore t\u00eb cil\u00ebt do t\u00eb interpetojn\u00eb n\u00ebn muzik\u00ebn e Klodian Qafokut.<br \/>\nNd\u00ebr solist\u00ebt jan\u00eb emrat e Sidrit Bejlerit, Sabahet Vishnjas, Rudina Delias, etj. Triptiku skenik, \u201cXhubleta e Gjam\u00ebs\u201d, \u201cNj\u00eb vello n\u00eb jare\u201d, \u201cNinulla q\u00eb p\u00ebrkund jet\u00ebn\u201d, jan\u00eb vlera autentike t\u00eb popullit ton\u00eb mar\u00eb nga krahina t\u00eb ndryshme e q\u00eb nd\u00ebrthurren n\u00eb musical-in e ideuar nga Zhani Ciko.<br \/>\nArtist\u00ebt do t\u00eb interpretojn\u00eb n\u00eb skenografin\u00eb e Bledar Gerxhaliu e konceptuar n\u00eb tre skena t\u00eb ndryshme, sipas triptikut skenik, nd\u00ebrkoh\u00eb q\u00eb kostumet e Ansamblit do t\u00eb jen\u00eb t\u00eb gjitha folk, nd\u00ebrsa t\u00eb balerin\u00ebve t\u00eb TBKO-s\u00eb do t\u00eb jen\u00eb moderne me element komb\u00ebtar.<br \/>\nVepra nj\u00eb vit m\u00eb par\u00eb u dha premier\u00eb n\u00eb TKOB, nd\u00ebrsa ka udh\u00ebtuar edhe n\u00eb shum\u00eb skena t\u00eb tjera si brenda dhe jasht\u00eb vendit. Mbr\u00ebmjen e 30 qershorit shfaqja do t\u00eb ngjitet n\u00eb Kalan\u00eb e Ulqinit.\/BW\/<\/p>\n<p><strong>RTV 21<br \/>\n<!--YouTube Error: bad URL entered--><br \/>\n<\/strong><\/p>\n","protected":false},"excerpt":{"rendered":"<p>Musical q\u00eb nd\u00ebrthur folklorin shqiptar me element kontemporan, \u201cRituali i jet\u00ebs\u201d, nga koreografi Arian Sukniqi do t\u00eb nis udh\u00ebtimin p\u00ebr t\u00eb \u00e7uar edhe jasht\u00eb kryeqytetit emocionet e elementeve autentike komb\u00ebtar. Ndalesa e par\u00eb do t\u00eb jet\u00eb Ulqini, n\u00eb 30 qershor, e m\u00eb pas, n\u00eb kuad\u00ebr t\u00eb 100-vjetorit, \u201cRituali i jet\u00ebs\u201d do t\u00eb p\u00ebrcjell n\u00eb \u00e7do [&hellip;]<\/p>\n","protected":false},"author":1,"featured_media":0,"comment_status":"open","ping_status":"closed","sticky":false,"template":"","format":"standard","meta":{"spay_email":"","jetpack_publicize_message":"","jetpack_is_tweetstorm":false,"jetpack_publicize_feature_enabled":true},"categories":[1],"tags":[310,20820,200,18],"jetpack_publicize_connections":[],"yoast_head":"<!-- This site is optimized with the Yoast SEO plugin v19.1 - https:\/\/yoast.com\/wordpress\/plugins\/seo\/ -->\n<title>Nes\u00ebr shfaqet \u201cRituali i jet\u00ebs\u201d n\u00eb Ulqin \u2013 m\u00eb 30 qershor - Video - Lajme nga Ulqini<\/title>\n<meta name=\"description\" content=\"Musical q\u00eb nd\u00ebrthur folklorin shqiptar me element kontemporan, \u201cRituali i jet\u00ebs\u201d, nga koreografi Arian Sukniqi do t\u00eb nis udh\u00ebtimin p\u00ebr t\u00eb \u00e7uar edhe jasht\u00eb\" \/>\n<meta name=\"robots\" content=\"index, follow, max-snippet:-1, max-image-preview:large, max-video-preview:-1\" \/>\n<link rel=\"canonical\" href=\"https:\/\/www.visit-ulcinj.com\/blog\/2012\/06\/29\/neser-shfaqet-rituali-i-jetes-ne-ulqin-me-30-qershor\/\" \/>\n<meta property=\"og:locale\" content=\"en_US\" \/>\n<meta property=\"og:type\" content=\"article\" \/>\n<meta property=\"og:title\" content=\"Nes\u00ebr shfaqet \u201cRituali i jet\u00ebs\u201d n\u00eb Ulqin \u2013 m\u00eb 30 qershor - Video - Lajme nga Ulqini\" \/>\n<meta property=\"og:description\" content=\"Musical q\u00eb nd\u00ebrthur folklorin shqiptar me element kontemporan, \u201cRituali i jet\u00ebs\u201d, nga koreografi Arian Sukniqi do t\u00eb nis udh\u00ebtimin p\u00ebr t\u00eb \u00e7uar edhe jasht\u00eb\" \/>\n<meta property=\"og:url\" content=\"https:\/\/www.visit-ulcinj.com\/blog\/2012\/06\/29\/neser-shfaqet-rituali-i-jetes-ne-ulqin-me-30-qershor\/\" \/>\n<meta property=\"og:site_name\" content=\"Lajme nga Ulqini\" \/>\n<meta property=\"article:published_time\" content=\"2012-06-29T07:37:44+00:00\" \/>\n<meta property=\"article:modified_time\" content=\"2012-06-29T08:09:30+00:00\" \/>\n<meta property=\"og:image\" content=\"http:\/\/www.visit-ulcinj.com\/blog\/wp-content\/uploads\/2012\/06\/Rituali-i-jetes-ne-Ulqin.jpg\" \/>\n<meta name=\"twitter:label1\" content=\"Written by\" \/>\n\t<meta name=\"twitter:data1\" content=\"ulqini\" \/>\n\t<meta name=\"twitter:label2\" content=\"Est. reading time\" \/>\n\t<meta name=\"twitter:data2\" content=\"2 minutes\" \/>\n<script type=\"application\/ld+json\" class=\"yoast-schema-graph\">{\"@context\":\"https:\/\/schema.org\",\"@graph\":[{\"@type\":\"WebSite\",\"@id\":\"https:\/\/www.visit-ulcinj.com\/blog\/#website\",\"url\":\"https:\/\/www.visit-ulcinj.com\/blog\/\",\"name\":\"Lajme nga Ulqini\",\"description\":\"Lajme,Vijesti,Ulqini,Ulqin,Crna Gora,Mali i Zi\",\"potentialAction\":[{\"@type\":\"SearchAction\",\"target\":{\"@type\":\"EntryPoint\",\"urlTemplate\":\"https:\/\/www.visit-ulcinj.com\/blog\/?s={search_term_string}\"},\"query-input\":\"required name=search_term_string\"}],\"inLanguage\":\"en-US\"},{\"@type\":\"ImageObject\",\"inLanguage\":\"en-US\",\"@id\":\"https:\/\/www.visit-ulcinj.com\/blog\/2012\/06\/29\/neser-shfaqet-rituali-i-jetes-ne-ulqin-me-30-qershor\/#primaryimage\",\"url\":\"https:\/\/www.visit-ulcinj.com\/blog\/wp-content\/uploads\/2012\/06\/Rituali-i-jetes-ne-Ulqin.jpg\",\"contentUrl\":\"https:\/\/www.visit-ulcinj.com\/blog\/wp-content\/uploads\/2012\/06\/Rituali-i-jetes-ne-Ulqin.jpg\",\"width\":\"849\",\"height\":\"311\"},{\"@type\":\"WebPage\",\"@id\":\"https:\/\/www.visit-ulcinj.com\/blog\/2012\/06\/29\/neser-shfaqet-rituali-i-jetes-ne-ulqin-me-30-qershor\/#webpage\",\"url\":\"https:\/\/www.visit-ulcinj.com\/blog\/2012\/06\/29\/neser-shfaqet-rituali-i-jetes-ne-ulqin-me-30-qershor\/\",\"name\":\"Nes\u00ebr shfaqet \u201cRituali i jet\u00ebs\u201d n\u00eb Ulqin \u2013 m\u00eb 30 qershor - Video - Lajme nga Ulqini\",\"isPartOf\":{\"@id\":\"https:\/\/www.visit-ulcinj.com\/blog\/#website\"},\"primaryImageOfPage\":{\"@id\":\"https:\/\/www.visit-ulcinj.com\/blog\/2012\/06\/29\/neser-shfaqet-rituali-i-jetes-ne-ulqin-me-30-qershor\/#primaryimage\"},\"datePublished\":\"2012-06-29T07:37:44+00:00\",\"dateModified\":\"2012-06-29T08:09:30+00:00\",\"author\":{\"@id\":\"https:\/\/www.visit-ulcinj.com\/blog\/#\/schema\/person\/dcab619c614d3038751c63bc2aadc06d\"},\"description\":\"Musical q\u00eb nd\u00ebrthur folklorin shqiptar me element kontemporan, \u201cRituali i jet\u00ebs\u201d, nga koreografi Arian Sukniqi do t\u00eb nis udh\u00ebtimin p\u00ebr t\u00eb \u00e7uar edhe jasht\u00eb\",\"breadcrumb\":{\"@id\":\"https:\/\/www.visit-ulcinj.com\/blog\/2012\/06\/29\/neser-shfaqet-rituali-i-jetes-ne-ulqin-me-30-qershor\/#breadcrumb\"},\"inLanguage\":\"en-US\",\"potentialAction\":[{\"@type\":\"ReadAction\",\"target\":[\"https:\/\/www.visit-ulcinj.com\/blog\/2012\/06\/29\/neser-shfaqet-rituali-i-jetes-ne-ulqin-me-30-qershor\/\"]}]},{\"@type\":\"BreadcrumbList\",\"@id\":\"https:\/\/www.visit-ulcinj.com\/blog\/2012\/06\/29\/neser-shfaqet-rituali-i-jetes-ne-ulqin-me-30-qershor\/#breadcrumb\",\"itemListElement\":[{\"@type\":\"ListItem\",\"position\":1,\"name\":\"Nes\u00ebr shfaqet \u201cRituali i jet\u00ebs\u201d n\u00eb Ulqin \u2013 m\u00eb 30 qershor &#8211; Video\"}]},{\"@type\":\"Person\",\"@id\":\"https:\/\/www.visit-ulcinj.com\/blog\/#\/schema\/person\/dcab619c614d3038751c63bc2aadc06d\",\"name\":\"ulqini\",\"sameAs\":[\"http:\/\/www.visit-ulcinj.com\"],\"url\":\"https:\/\/www.visit-ulcinj.com\/blog\/author\/admin\/\"}]}<\/script>\n<!-- \/ Yoast SEO plugin. -->","yoast_head_json":{"title":"Nes\u00ebr shfaqet \u201cRituali i jet\u00ebs\u201d n\u00eb Ulqin \u2013 m\u00eb 30 qershor - Video - Lajme nga Ulqini","description":"Musical q\u00eb nd\u00ebrthur folklorin shqiptar me element kontemporan, \u201cRituali i jet\u00ebs\u201d, nga koreografi Arian Sukniqi do t\u00eb nis udh\u00ebtimin p\u00ebr t\u00eb \u00e7uar edhe jasht\u00eb","robots":{"index":"index","follow":"follow","max-snippet":"max-snippet:-1","max-image-preview":"max-image-preview:large","max-video-preview":"max-video-preview:-1"},"canonical":"https:\/\/www.visit-ulcinj.com\/blog\/2012\/06\/29\/neser-shfaqet-rituali-i-jetes-ne-ulqin-me-30-qershor\/","og_locale":"en_US","og_type":"article","og_title":"Nes\u00ebr shfaqet \u201cRituali i jet\u00ebs\u201d n\u00eb Ulqin \u2013 m\u00eb 30 qershor - Video - Lajme nga Ulqini","og_description":"Musical q\u00eb nd\u00ebrthur folklorin shqiptar me element kontemporan, \u201cRituali i jet\u00ebs\u201d, nga koreografi Arian Sukniqi do t\u00eb nis udh\u00ebtimin p\u00ebr t\u00eb \u00e7uar edhe jasht\u00eb","og_url":"https:\/\/www.visit-ulcinj.com\/blog\/2012\/06\/29\/neser-shfaqet-rituali-i-jetes-ne-ulqin-me-30-qershor\/","og_site_name":"Lajme nga Ulqini","article_published_time":"2012-06-29T07:37:44+00:00","article_modified_time":"2012-06-29T08:09:30+00:00","og_image":[{"url":"http:\/\/www.visit-ulcinj.com\/blog\/wp-content\/uploads\/2012\/06\/Rituali-i-jetes-ne-Ulqin.jpg"}],"twitter_misc":{"Written by":"ulqini","Est. reading time":"2 minutes"},"schema":{"@context":"https:\/\/schema.org","@graph":[{"@type":"WebSite","@id":"https:\/\/www.visit-ulcinj.com\/blog\/#website","url":"https:\/\/www.visit-ulcinj.com\/blog\/","name":"Lajme nga Ulqini","description":"Lajme,Vijesti,Ulqini,Ulqin,Crna Gora,Mali i Zi","potentialAction":[{"@type":"SearchAction","target":{"@type":"EntryPoint","urlTemplate":"https:\/\/www.visit-ulcinj.com\/blog\/?s={search_term_string}"},"query-input":"required name=search_term_string"}],"inLanguage":"en-US"},{"@type":"ImageObject","inLanguage":"en-US","@id":"https:\/\/www.visit-ulcinj.com\/blog\/2012\/06\/29\/neser-shfaqet-rituali-i-jetes-ne-ulqin-me-30-qershor\/#primaryimage","url":"https:\/\/www.visit-ulcinj.com\/blog\/wp-content\/uploads\/2012\/06\/Rituali-i-jetes-ne-Ulqin.jpg","contentUrl":"https:\/\/www.visit-ulcinj.com\/blog\/wp-content\/uploads\/2012\/06\/Rituali-i-jetes-ne-Ulqin.jpg","width":"849","height":"311"},{"@type":"WebPage","@id":"https:\/\/www.visit-ulcinj.com\/blog\/2012\/06\/29\/neser-shfaqet-rituali-i-jetes-ne-ulqin-me-30-qershor\/#webpage","url":"https:\/\/www.visit-ulcinj.com\/blog\/2012\/06\/29\/neser-shfaqet-rituali-i-jetes-ne-ulqin-me-30-qershor\/","name":"Nes\u00ebr shfaqet \u201cRituali i jet\u00ebs\u201d n\u00eb Ulqin \u2013 m\u00eb 30 qershor - Video - Lajme nga Ulqini","isPartOf":{"@id":"https:\/\/www.visit-ulcinj.com\/blog\/#website"},"primaryImageOfPage":{"@id":"https:\/\/www.visit-ulcinj.com\/blog\/2012\/06\/29\/neser-shfaqet-rituali-i-jetes-ne-ulqin-me-30-qershor\/#primaryimage"},"datePublished":"2012-06-29T07:37:44+00:00","dateModified":"2012-06-29T08:09:30+00:00","author":{"@id":"https:\/\/www.visit-ulcinj.com\/blog\/#\/schema\/person\/dcab619c614d3038751c63bc2aadc06d"},"description":"Musical q\u00eb nd\u00ebrthur folklorin shqiptar me element kontemporan, \u201cRituali i jet\u00ebs\u201d, nga koreografi Arian Sukniqi do t\u00eb nis udh\u00ebtimin p\u00ebr t\u00eb \u00e7uar edhe jasht\u00eb","breadcrumb":{"@id":"https:\/\/www.visit-ulcinj.com\/blog\/2012\/06\/29\/neser-shfaqet-rituali-i-jetes-ne-ulqin-me-30-qershor\/#breadcrumb"},"inLanguage":"en-US","potentialAction":[{"@type":"ReadAction","target":["https:\/\/www.visit-ulcinj.com\/blog\/2012\/06\/29\/neser-shfaqet-rituali-i-jetes-ne-ulqin-me-30-qershor\/"]}]},{"@type":"BreadcrumbList","@id":"https:\/\/www.visit-ulcinj.com\/blog\/2012\/06\/29\/neser-shfaqet-rituali-i-jetes-ne-ulqin-me-30-qershor\/#breadcrumb","itemListElement":[{"@type":"ListItem","position":1,"name":"Nes\u00ebr shfaqet \u201cRituali i jet\u00ebs\u201d n\u00eb Ulqin \u2013 m\u00eb 30 qershor &#8211; Video"}]},{"@type":"Person","@id":"https:\/\/www.visit-ulcinj.com\/blog\/#\/schema\/person\/dcab619c614d3038751c63bc2aadc06d","name":"ulqini","sameAs":["http:\/\/www.visit-ulcinj.com"],"url":"https:\/\/www.visit-ulcinj.com\/blog\/author\/admin\/"}]}},"jetpack_featured_media_url":"","jetpack_sharing_enabled":true,"jetpack_shortlink":"https:\/\/wp.me\/pe6lTn-g7Q","_links":{"self":[{"href":"https:\/\/www.visit-ulcinj.com\/blog\/wp-json\/wp\/v2\/posts\/61990"}],"collection":[{"href":"https:\/\/www.visit-ulcinj.com\/blog\/wp-json\/wp\/v2\/posts"}],"about":[{"href":"https:\/\/www.visit-ulcinj.com\/blog\/wp-json\/wp\/v2\/types\/post"}],"author":[{"embeddable":true,"href":"https:\/\/www.visit-ulcinj.com\/blog\/wp-json\/wp\/v2\/users\/1"}],"replies":[{"embeddable":true,"href":"https:\/\/www.visit-ulcinj.com\/blog\/wp-json\/wp\/v2\/comments?post=61990"}],"version-history":[{"count":3,"href":"https:\/\/www.visit-ulcinj.com\/blog\/wp-json\/wp\/v2\/posts\/61990\/revisions"}],"predecessor-version":[{"id":61994,"href":"https:\/\/www.visit-ulcinj.com\/blog\/wp-json\/wp\/v2\/posts\/61990\/revisions\/61994"}],"wp:attachment":[{"href":"https:\/\/www.visit-ulcinj.com\/blog\/wp-json\/wp\/v2\/media?parent=61990"}],"wp:term":[{"taxonomy":"category","embeddable":true,"href":"https:\/\/www.visit-ulcinj.com\/blog\/wp-json\/wp\/v2\/categories?post=61990"},{"taxonomy":"post_tag","embeddable":true,"href":"https:\/\/www.visit-ulcinj.com\/blog\/wp-json\/wp\/v2\/tags?post=61990"}],"curies":[{"name":"wp","href":"https:\/\/api.w.org\/{rel}","templated":true}]}}