{"id":61998,"date":"2012-06-30T08:33:31","date_gmt":"2012-06-30T07:33:31","guid":{"rendered":"http:\/\/www.visit-ulcinj.com\/blog\/?p=61998"},"modified":"2012-06-30T13:10:11","modified_gmt":"2012-06-30T12:10:11","slug":"cungu-ulcinj-taoc-morskog-dobra","status":"publish","type":"post","link":"https:\/\/www.visit-ulcinj.com\/blog\/2012\/06\/30\/cungu-ulcinj-taoc-morskog-dobra\/","title":{"rendered":"CUNGU &#8211; Ulcinj taoc Morskog dobra &#8211; Video"},"content":{"rendered":"<p><a href=\"http:\/\/www.visit-ulcinj.com\/blog\/wp-content\/uploads\/2012\/06\/Nazif-Cungu-Ulcinj-taoc-Morskog-dobra.jpg\"><img loading=\"lazy\" class=\"alignleft  wp-image-61999\" title=\"Nazif-Cungu - Ulcinj taoc Morskog dobra\" src=\"http:\/\/www.visit-ulcinj.com\/blog\/wp-content\/uploads\/2012\/06\/Nazif-Cungu-Ulcinj-taoc-Morskog-dobra.jpg\" alt=\"\" width=\"508\" height=\"360\" \/><\/a>Da je obala Ulcinja taoc Morskog dobra, kako godinama ukazuju mje\u0161tani, potvrdio je jo\u0161 jednom prvi \u010dovjek grada Nazif Cungu. Posljednji slu\u010daj je, kako je u saznanju Op\u0161tina- promjena plana oko privremenih objekata, pa \u0107e se oni ponovo ni\u0107i na mjestu sa kog su bili uklonjeni.<br \/>\nPrvi \u010dovjek grada tvrdi da Morsko dobro mijenja i donosi odluke po sopstvenom naho\u0111enju i mimo zakona. On je Morsko dobro optu\u017eio za zloupotrebu polo\u017eaja, korupciju, podrivanje autoriteta lokalne vlasti i zakonsko nasilje.<br \/>\n<a href=\"https:\/\/www.facebook.com\/profile.php?id=842313990\" target=\"_blank\"><img loading=\"lazy\" class=\"alignleft\" src=\"http:\/\/www.visit-ulcinj.com\/blog\/wp-content\/uploads\/2012\/05\/Sejdo-Ismaili-Video-Grafic-Design-Ulqin.jpg\" alt=\"\" width=\"508\" height=\"90\" \/><\/a><br \/>\n<a href=\"https:\/\/www.facebook.com\/profile.php?id=842313990\" target=\"_blank\"><strong>Sejdo Ismaili Facebook<\/strong><\/a><br \/>\nSamovolja Javnog preduze\u0107a Morsko dobro sve je izra\u017eenija , a o koordinirnaom radu nema ni govora, jer predstavnici Morskog dobra izbjegavaju da komuniciraju sa Op\u0161tinom.<br \/>\nUkoliko se ta praksa nastavi prvi \u010dovjek grada tra\u017ei\u0107e pomo\u0107 od pravosudnih organa.<\/p>\n<p><strong>TV TEUTA ULCINJ<\/strong><br \/>\n<!--YouTube Error: bad URL entered--><\/p>\n","protected":false},"excerpt":{"rendered":"<p>Da je obala Ulcinja taoc Morskog dobra, kako godinama ukazuju mje\u0161tani, potvrdio je jo\u0161 jednom prvi \u010dovjek grada Nazif Cungu. Posljednji slu\u010daj je, kako je u saznanju Op\u0161tina- promjena plana oko privremenih objekata, pa \u0107e se oni ponovo ni\u0107i na mjestu sa kog su bili uklonjeni. Prvi \u010dovjek grada tvrdi da Morsko dobro mijenja i [&hellip;]<\/p>\n","protected":false},"author":1,"featured_media":0,"comment_status":"open","ping_status":"closed","sticky":false,"template":"","format":"standard","meta":{"spay_email":"","jetpack_publicize_message":"","jetpack_is_tweetstorm":false,"jetpack_publicize_feature_enabled":true},"categories":[8337],"tags":[2725,2019,118,19],"jetpack_publicize_connections":[],"yoast_head":"<!-- This site is optimized with the Yoast SEO plugin v19.1 - https:\/\/yoast.com\/wordpress\/plugins\/seo\/ -->\n<title>CUNGU - Ulcinj taoc Morskog dobra - Video - Lajme nga Ulqini<\/title>\n<meta name=\"description\" content=\"Da je obala Ulcinja taoc Morskog dobra, kako godinama ukazuju mje\u0161tani, potvrdio je jo\u0161 jednom prvi \u010dovjek grada Nazif Cungu. Posljednji slu\u010daj je, kako\" \/>\n<meta name=\"robots\" content=\"index, follow, max-snippet:-1, max-image-preview:large, max-video-preview:-1\" \/>\n<link rel=\"canonical\" href=\"https:\/\/www.visit-ulcinj.com\/blog\/2012\/06\/30\/cungu-ulcinj-taoc-morskog-dobra\/\" \/>\n<meta property=\"og:locale\" content=\"en_US\" \/>\n<meta property=\"og:type\" content=\"article\" \/>\n<meta property=\"og:title\" content=\"CUNGU - Ulcinj taoc Morskog dobra - Video - Lajme nga Ulqini\" \/>\n<meta property=\"og:description\" content=\"Da je obala Ulcinja taoc Morskog dobra, kako godinama ukazuju mje\u0161tani, potvrdio je jo\u0161 jednom prvi \u010dovjek grada Nazif Cungu. Posljednji slu\u010daj je, kako\" \/>\n<meta property=\"og:url\" content=\"https:\/\/www.visit-ulcinj.com\/blog\/2012\/06\/30\/cungu-ulcinj-taoc-morskog-dobra\/\" \/>\n<meta property=\"og:site_name\" content=\"Lajme nga Ulqini\" \/>\n<meta property=\"article:published_time\" content=\"2012-06-30T07:33:31+00:00\" \/>\n<meta property=\"article:modified_time\" content=\"2012-06-30T12:10:11+00:00\" \/>\n<meta property=\"og:image\" content=\"http:\/\/www.visit-ulcinj.com\/blog\/wp-content\/uploads\/2012\/06\/Nazif-Cungu-Ulcinj-taoc-Morskog-dobra.jpg\" \/>\n<meta name=\"twitter:label1\" content=\"Written by\" \/>\n\t<meta name=\"twitter:data1\" content=\"ulqini\" \/>\n\t<meta name=\"twitter:label2\" content=\"Est. reading time\" \/>\n\t<meta name=\"twitter:data2\" content=\"1 minute\" \/>\n<script type=\"application\/ld+json\" class=\"yoast-schema-graph\">{\"@context\":\"https:\/\/schema.org\",\"@graph\":[{\"@type\":\"WebSite\",\"@id\":\"https:\/\/www.visit-ulcinj.com\/blog\/#website\",\"url\":\"https:\/\/www.visit-ulcinj.com\/blog\/\",\"name\":\"Lajme nga Ulqini\",\"description\":\"Lajme,Vijesti,Ulqini,Ulqin,Crna Gora,Mali i Zi\",\"potentialAction\":[{\"@type\":\"SearchAction\",\"target\":{\"@type\":\"EntryPoint\",\"urlTemplate\":\"https:\/\/www.visit-ulcinj.com\/blog\/?s={search_term_string}\"},\"query-input\":\"required name=search_term_string\"}],\"inLanguage\":\"en-US\"},{\"@type\":\"ImageObject\",\"inLanguage\":\"en-US\",\"@id\":\"https:\/\/www.visit-ulcinj.com\/blog\/2012\/06\/30\/cungu-ulcinj-taoc-morskog-dobra\/#primaryimage\",\"url\":\"https:\/\/www.visit-ulcinj.com\/blog\/wp-content\/uploads\/2012\/06\/Nazif-Cungu-Ulcinj-taoc-Morskog-dobra.jpg\",\"contentUrl\":\"https:\/\/www.visit-ulcinj.com\/blog\/wp-content\/uploads\/2012\/06\/Nazif-Cungu-Ulcinj-taoc-Morskog-dobra.jpg\",\"width\":\"640\",\"height\":\"416\"},{\"@type\":\"WebPage\",\"@id\":\"https:\/\/www.visit-ulcinj.com\/blog\/2012\/06\/30\/cungu-ulcinj-taoc-morskog-dobra\/#webpage\",\"url\":\"https:\/\/www.visit-ulcinj.com\/blog\/2012\/06\/30\/cungu-ulcinj-taoc-morskog-dobra\/\",\"name\":\"CUNGU - Ulcinj taoc Morskog dobra - Video - Lajme nga Ulqini\",\"isPartOf\":{\"@id\":\"https:\/\/www.visit-ulcinj.com\/blog\/#website\"},\"primaryImageOfPage\":{\"@id\":\"https:\/\/www.visit-ulcinj.com\/blog\/2012\/06\/30\/cungu-ulcinj-taoc-morskog-dobra\/#primaryimage\"},\"datePublished\":\"2012-06-30T07:33:31+00:00\",\"dateModified\":\"2012-06-30T12:10:11+00:00\",\"author\":{\"@id\":\"https:\/\/www.visit-ulcinj.com\/blog\/#\/schema\/person\/dcab619c614d3038751c63bc2aadc06d\"},\"description\":\"Da je obala Ulcinja taoc Morskog dobra, kako godinama ukazuju mje\u0161tani, potvrdio je jo\u0161 jednom prvi \u010dovjek grada Nazif Cungu. Posljednji slu\u010daj je, kako\",\"breadcrumb\":{\"@id\":\"https:\/\/www.visit-ulcinj.com\/blog\/2012\/06\/30\/cungu-ulcinj-taoc-morskog-dobra\/#breadcrumb\"},\"inLanguage\":\"en-US\",\"potentialAction\":[{\"@type\":\"ReadAction\",\"target\":[\"https:\/\/www.visit-ulcinj.com\/blog\/2012\/06\/30\/cungu-ulcinj-taoc-morskog-dobra\/\"]}]},{\"@type\":\"BreadcrumbList\",\"@id\":\"https:\/\/www.visit-ulcinj.com\/blog\/2012\/06\/30\/cungu-ulcinj-taoc-morskog-dobra\/#breadcrumb\",\"itemListElement\":[{\"@type\":\"ListItem\",\"position\":1,\"name\":\"CUNGU &#8211; Ulcinj taoc Morskog dobra &#8211; Video\"}]},{\"@type\":\"Person\",\"@id\":\"https:\/\/www.visit-ulcinj.com\/blog\/#\/schema\/person\/dcab619c614d3038751c63bc2aadc06d\",\"name\":\"ulqini\",\"sameAs\":[\"http:\/\/www.visit-ulcinj.com\"],\"url\":\"https:\/\/www.visit-ulcinj.com\/blog\/author\/admin\/\"}]}<\/script>\n<!-- \/ Yoast SEO plugin. -->","yoast_head_json":{"title":"CUNGU - Ulcinj taoc Morskog dobra - Video - Lajme nga Ulqini","description":"Da je obala Ulcinja taoc Morskog dobra, kako godinama ukazuju mje\u0161tani, potvrdio je jo\u0161 jednom prvi \u010dovjek grada Nazif Cungu. Posljednji slu\u010daj je, kako","robots":{"index":"index","follow":"follow","max-snippet":"max-snippet:-1","max-image-preview":"max-image-preview:large","max-video-preview":"max-video-preview:-1"},"canonical":"https:\/\/www.visit-ulcinj.com\/blog\/2012\/06\/30\/cungu-ulcinj-taoc-morskog-dobra\/","og_locale":"en_US","og_type":"article","og_title":"CUNGU - Ulcinj taoc Morskog dobra - Video - Lajme nga Ulqini","og_description":"Da je obala Ulcinja taoc Morskog dobra, kako godinama ukazuju mje\u0161tani, potvrdio je jo\u0161 jednom prvi \u010dovjek grada Nazif Cungu. Posljednji slu\u010daj je, kako","og_url":"https:\/\/www.visit-ulcinj.com\/blog\/2012\/06\/30\/cungu-ulcinj-taoc-morskog-dobra\/","og_site_name":"Lajme nga Ulqini","article_published_time":"2012-06-30T07:33:31+00:00","article_modified_time":"2012-06-30T12:10:11+00:00","og_image":[{"url":"http:\/\/www.visit-ulcinj.com\/blog\/wp-content\/uploads\/2012\/06\/Nazif-Cungu-Ulcinj-taoc-Morskog-dobra.jpg"}],"twitter_misc":{"Written by":"ulqini","Est. reading time":"1 minute"},"schema":{"@context":"https:\/\/schema.org","@graph":[{"@type":"WebSite","@id":"https:\/\/www.visit-ulcinj.com\/blog\/#website","url":"https:\/\/www.visit-ulcinj.com\/blog\/","name":"Lajme nga Ulqini","description":"Lajme,Vijesti,Ulqini,Ulqin,Crna Gora,Mali i Zi","potentialAction":[{"@type":"SearchAction","target":{"@type":"EntryPoint","urlTemplate":"https:\/\/www.visit-ulcinj.com\/blog\/?s={search_term_string}"},"query-input":"required name=search_term_string"}],"inLanguage":"en-US"},{"@type":"ImageObject","inLanguage":"en-US","@id":"https:\/\/www.visit-ulcinj.com\/blog\/2012\/06\/30\/cungu-ulcinj-taoc-morskog-dobra\/#primaryimage","url":"https:\/\/www.visit-ulcinj.com\/blog\/wp-content\/uploads\/2012\/06\/Nazif-Cungu-Ulcinj-taoc-Morskog-dobra.jpg","contentUrl":"https:\/\/www.visit-ulcinj.com\/blog\/wp-content\/uploads\/2012\/06\/Nazif-Cungu-Ulcinj-taoc-Morskog-dobra.jpg","width":"640","height":"416"},{"@type":"WebPage","@id":"https:\/\/www.visit-ulcinj.com\/blog\/2012\/06\/30\/cungu-ulcinj-taoc-morskog-dobra\/#webpage","url":"https:\/\/www.visit-ulcinj.com\/blog\/2012\/06\/30\/cungu-ulcinj-taoc-morskog-dobra\/","name":"CUNGU - Ulcinj taoc Morskog dobra - Video - Lajme nga Ulqini","isPartOf":{"@id":"https:\/\/www.visit-ulcinj.com\/blog\/#website"},"primaryImageOfPage":{"@id":"https:\/\/www.visit-ulcinj.com\/blog\/2012\/06\/30\/cungu-ulcinj-taoc-morskog-dobra\/#primaryimage"},"datePublished":"2012-06-30T07:33:31+00:00","dateModified":"2012-06-30T12:10:11+00:00","author":{"@id":"https:\/\/www.visit-ulcinj.com\/blog\/#\/schema\/person\/dcab619c614d3038751c63bc2aadc06d"},"description":"Da je obala Ulcinja taoc Morskog dobra, kako godinama ukazuju mje\u0161tani, potvrdio je jo\u0161 jednom prvi \u010dovjek grada Nazif Cungu. Posljednji slu\u010daj je, kako","breadcrumb":{"@id":"https:\/\/www.visit-ulcinj.com\/blog\/2012\/06\/30\/cungu-ulcinj-taoc-morskog-dobra\/#breadcrumb"},"inLanguage":"en-US","potentialAction":[{"@type":"ReadAction","target":["https:\/\/www.visit-ulcinj.com\/blog\/2012\/06\/30\/cungu-ulcinj-taoc-morskog-dobra\/"]}]},{"@type":"BreadcrumbList","@id":"https:\/\/www.visit-ulcinj.com\/blog\/2012\/06\/30\/cungu-ulcinj-taoc-morskog-dobra\/#breadcrumb","itemListElement":[{"@type":"ListItem","position":1,"name":"CUNGU &#8211; Ulcinj taoc Morskog dobra &#8211; Video"}]},{"@type":"Person","@id":"https:\/\/www.visit-ulcinj.com\/blog\/#\/schema\/person\/dcab619c614d3038751c63bc2aadc06d","name":"ulqini","sameAs":["http:\/\/www.visit-ulcinj.com"],"url":"https:\/\/www.visit-ulcinj.com\/blog\/author\/admin\/"}]}},"jetpack_featured_media_url":"","jetpack_sharing_enabled":true,"jetpack_shortlink":"https:\/\/wp.me\/pe6lTn-g7Y","_links":{"self":[{"href":"https:\/\/www.visit-ulcinj.com\/blog\/wp-json\/wp\/v2\/posts\/61998"}],"collection":[{"href":"https:\/\/www.visit-ulcinj.com\/blog\/wp-json\/wp\/v2\/posts"}],"about":[{"href":"https:\/\/www.visit-ulcinj.com\/blog\/wp-json\/wp\/v2\/types\/post"}],"author":[{"embeddable":true,"href":"https:\/\/www.visit-ulcinj.com\/blog\/wp-json\/wp\/v2\/users\/1"}],"replies":[{"embeddable":true,"href":"https:\/\/www.visit-ulcinj.com\/blog\/wp-json\/wp\/v2\/comments?post=61998"}],"version-history":[{"count":5,"href":"https:\/\/www.visit-ulcinj.com\/blog\/wp-json\/wp\/v2\/posts\/61998\/revisions"}],"predecessor-version":[{"id":62004,"href":"https:\/\/www.visit-ulcinj.com\/blog\/wp-json\/wp\/v2\/posts\/61998\/revisions\/62004"}],"wp:attachment":[{"href":"https:\/\/www.visit-ulcinj.com\/blog\/wp-json\/wp\/v2\/media?parent=61998"}],"wp:term":[{"taxonomy":"category","embeddable":true,"href":"https:\/\/www.visit-ulcinj.com\/blog\/wp-json\/wp\/v2\/categories?post=61998"},{"taxonomy":"post_tag","embeddable":true,"href":"https:\/\/www.visit-ulcinj.com\/blog\/wp-json\/wp\/v2\/tags?post=61998"}],"curies":[{"name":"wp","href":"https:\/\/api.w.org\/{rel}","templated":true}]}}