{"id":62,"date":"2008-01-06T14:04:58","date_gmt":"2008-01-06T19:04:58","guid":{"rendered":"http:\/\/www.visit-ulcinj.com\/blog\/2008\/01\/06\/pabarazia-gjuhesore-e-shqiptareve-ne-mal-te-zi\/"},"modified":"2008-02-12T18:13:32","modified_gmt":"2008-02-12T23:13:32","slug":"pabarazia-gjuhesore-e-shqiptareve-ne-mal-te-zi","status":"publish","type":"post","link":"https:\/\/www.visit-ulcinj.com\/blog\/2008\/01\/06\/pabarazia-gjuhesore-e-shqiptareve-ne-mal-te-zi\/","title":{"rendered":"Pabarazia gjuh\u00ebsore e shqiptar\u00ebve n\u00eb Mal t\u00eb Zi"},"content":{"rendered":"<p><strong><img loading=\"lazy\" src=\"http:\/\/www.visit-ulcinj.com\/blog\/wp-content\/uploads\/2008\/01\/nail-draga.thumbnail.jpg\" align=\"left\" border=\"0\" height=\"128\" hspace=\"2\" vspace=\"2\" width=\"96\" \/>Pabarazia gjuh\u00ebsore e shqiptar\u00ebve n\u00eb Mal t\u00eb Zi<\/strong><\/p>\n<p>Kjo nuk \u00ebsht\u00eb \u00e7\u00ebshtje partiake dhe private, por ekskluzive komb\u00ebtare. Dhe ata t\u00eb cil\u00ebt nuk pat\u00ebn guxim q\u00eb k\u00ebt\u00eb \u00e7\u00ebshtje p\u00ebr vite t\u00eb t\u00ebra ta v\u00ebn\u00eb n\u00eb rendin e dit\u00ebs t\u00eb pushtetit lokal, nuk kan\u00eb t\u00eb drejt\u00eb morale t\u00eb premtojn\u00eb se n\u00eb t\u00eb ardhmen do t\u00eb punojn\u00eb n\u00eb k\u00ebt\u00eb drejtim, sepse k\u00ebsaj propagande parazgjedhore nuk i beson m\u00eb<!--more--> askush.<br \/>\n<strong><br \/>\nPap\u00ebrgjegj\u00ebsia e pushtetit vendor t\u00eb Ulqinit <\/strong><\/p>\n<p>Sa i p\u00ebrket k\u00ebsaj \u00e7\u00ebshtjeje me t\u00eb drejt\u00eb \u00ebsht\u00eb pritur q\u00eb t\u00eb b\u00ebhen kthesa pozitive n\u00eb komun\u00ebn e Ulqinit, sepse nga viti 1990-2006, pushtetin lokal e kan\u00eb pasur shqiptar\u00ebt p\u00ebrmes subjekteve t\u00eb ndryshme apo n\u00eb koalicion LDMZ (1990-1996), LDMZ-LLMZ (1996-1998), LDMZ-UDSH(1998-2002), UDSH-LDMZ-PPD (2002-2006), por me gjith\u00eb premtimet e dh\u00ebna n\u00eb fushatat parazgjedhore pothuaj \u00e7do gj\u00eb \u00ebsht\u00eb si m\u00eb par\u00eb, q\u00eb \u00ebsht\u00eb p\u00ebr \u00e7do kritik\u00eb. Madje jemi d\u00ebshmitar\u00eb se n\u00eb parlamentin lokal t\u00eb Ulqinit n\u00eb rend t\u00eb dit\u00ebs jan\u00eb v\u00ebn\u00eb shum\u00eb \u00e7\u00ebshtje, madje edhe st\u00ebrpikja e mushkonjave nd\u00ebrsa \u00e7\u00ebshtja e barazis\u00eb s\u00eb gjuh\u00ebs shqipe dhe shkrimit t\u00eb saj nuk \u00ebsht\u00eb trajtuar asnj\u00ebher\u00eb.<br \/>\nEdhe pse n\u00eb lidhje me k\u00ebt\u00eb tem\u00eb mund t\u00eb flitet gjat\u00eb, me k\u00ebt\u00eb rast po theksoj vet\u00ebm tre raste q\u00eb d\u00ebshmojn\u00eb n\u00eb m\u00ebnyr\u00eb transparente pap\u00ebrgjegj\u00ebsin\u00eb e pushtetit vendor t\u00eb Ulqinit.<br \/>\n1. N\u00eb qershor t\u00eb vitit 2003 me iniciativ\u00ebn e Ministris\u00eb s\u00eb Turizmit edhe n\u00eb territorin e komun\u00ebs s\u00eb Ulqinit jan\u00eb vendosur tabelat p\u00ebr monumentet kulturo-historike dhe turistike. Tabelat kishin mbishkrimin n\u00eb dy gjuh\u00eb, at\u00eb malazeze dhe angleze, por jo edhe ne gjuh\u00ebn shqipe.<br \/>\n2. Nd\u00ebrsa n\u00eb muajt gusht- shtator 2006 nga ana e NP &#8220;Crnagoraput&#8221; u vendos\u00ebn tabelat e vendbanimeve e at\u00eb vet\u00ebm n\u00eb gjuh\u00ebn malazeze, duke injoruar n\u00eb t\u00ebr\u00ebsi gjuh\u00ebn shqipe. Si n\u00eb rastin e par\u00eb ashtu edhe n\u00eb at\u00eb t\u00eb dytin ka munguar reagimi i pushtetit vendor t\u00eb Ulqinit, duke demaskuar nj\u00eb veprim t\u00eb till\u00eb t\u00eb subjekteve p\u00ebrkat\u00ebse q\u00eb \u00ebsht\u00eb n\u00eb kund\u00ebrshtim flagrant me barazin\u00eb e gjuh\u00ebve n\u00eb k\u00ebt\u00eb mjedis.<br \/>\n3. Nd\u00ebrsa kulmi i k\u00ebtji turpi nga ana e pushtetit vendor t\u00eb Ulqinit arrin me rastin e votimeve t\u00eb 10 shtatorit 2006. Fjal\u00ebn e kemi p\u00ebr nj\u00eb vendvotim t\u00eb ri, i cili i shtohet regjistrit t\u00eb vendvotimeve t\u00eb komun\u00ebs s\u00eb Ulqinit. Vendimi p\u00ebr t\u00eb themeluar nj\u00eb vendvotim t\u00eb ri p\u00ebr fshatin e Selit\u00ebs ishte i q\u00eblluar, sepse nj\u00eb nevoj\u00eb e till\u00eb ka qen\u00eb edhe m\u00eb her\u00ebt, por \u00ebsht\u00eb skandaloz em\u00ebrtimi i k\u00ebtij vendvotimi, n\u00eb saje t\u00eb emrit t\u00eb nj\u00eb lagjeje apo t\u00eb nj\u00eb patronimi t\u00eb banor\u00ebve t\u00eb fshatit Selit\u00eb e at\u00eb n\u00eb variantin sllav Gjonoviq (!), N\u00ebse kan\u00eb dashur ta em\u00ebrtojn\u00eb k\u00ebt\u00eb vendvotim me emrin e lagjes at\u00ebher\u00eb \u00ebsht\u00eb dashur Gjonaj si njihet n\u00eb popull e jo n\u00eb variantin sllav (!).<br \/>\nNj\u00eb veprim i till\u00eb absurd \u00ebsht\u00eb turp p\u00ebr t\u00eb gjith\u00eb ne por n\u00eb ve\u00e7anti p\u00ebr punuesit e administrat\u00ebs komunale n\u00eb Ulqin. Por, nuk \u00ebsht\u00eb p\u00ebr t\u00eb befasuar nj\u00eb veprim i till\u00eb i k\u00ebsaj administrate, sepse n\u00eb m\u00ebnyr\u00eb identike kan\u00eb vepruar edhe m\u00eb heret. Sepse ne vend q\u00eb t\u00eb evidentohet vendvotimi i fshatit Brajsh\u00eb e kan\u00eb evidentuar si vendvotimi Objekti Osmanoviq, e po ashtu edhe vendvotimi n\u00eb Bojk\u00eb si vendvotimi Objekti Smajloviq (!).<br \/>\nNuk ka dilem\u00eb se veprimet e tilla t\u00eb administrat\u00ebs komunale t\u00eb Ulqinit jan\u00eb anakronike, t\u00eb b\u00ebra nga individ\u00eb t\u00eb pap\u00ebrgjegjsh\u00ebm, t\u00eb cil\u00ebve u mungon dinjiteti njer\u00ebzor dhe profesional.<br \/>\nE t\u00ebr\u00eb kjo pap\u00ebrgjegj\u00ebsi nuk ka dilem\u00eb se u takon atyre subjekteve t\u00eb cilat kan\u00eb udh\u00ebhequr pushtetin vendor (2002-2006) ku n\u00eb k\u00ebt\u00eb mandat madje kan\u00eb pas formuar koalicionin trepartiak (UDSH-LDMZ-PPD) t\u00eb quajtur me emrin &#8220;Shqiptar\u00ebt bashk\u00eb&#8221;. P\u00ebr fat t\u00eb keq koha e d\u00ebshmoi se nj\u00eb koalicion i till\u00eb ishte vet\u00ebm formal, sepse nuk ka ekzistuar sinqeriteti dhe gatishm\u00ebria p\u00ebr bashk\u00ebpunim korrekt p\u00ebr nj\u00eb qeverisje optimale lokale, sepse jan\u00eb manifestuar n\u00eb m\u00ebnyr\u00eb perfide interesat personale, klanore e partiake.<br \/>\nMadje ekzistojn\u00eb argumente t\u00eb mjaftueshme p\u00ebr t\u00eb konkluduar se ky mandat ishte qeverisja m\u00eb e dob\u00ebt lokale q\u00eb ka pasur Ulqini nga viti 1990 e k\u00ebndej.<br \/>\nAndaj p\u00ebrb\u00ebrjes s\u00eb re parlamentare e cila ka dal\u00eb nga zgjedhjet lokale t\u00eb 10 shtatorit 2006 e at\u00eb kryesisht Forc\u00ebs si subjekti m\u00eb i madh politik n\u00eb kuad\u00ebr t\u00eb subjekteve q\u00eb p\u00ebrb\u00ebjn\u00eb shumic\u00ebn n\u00eb kuvendin komunal t\u00eb Ulqinit, i takon t\u00eb p\u00ebrpiqet p\u00ebr t\u00eb eliminuar k\u00ebto devijime, t\u00eb cilat jan\u00eb t\u00eb d\u00ebmshme p\u00ebr t\u00eb gjith\u00eb qytetar\u00ebt n\u00eb p\u00ebrgjith\u00ebsi dhe shqiptar\u00ebt n\u00eb ve\u00e7anti.<\/p>\n<p><strong>Gjuha nuk \u00ebsht\u00eb \u00e7\u00ebshtje private <\/strong><\/p>\n<p>Nj\u00eb veprim i till\u00eb th\u00ebn\u00eb m\u00eb s\u00eb buti \u00ebsht\u00eb pap\u00ebrgjegj\u00ebsi e subjekteve p\u00ebrkat\u00ebse politike, sepse kjo nuk \u00ebsht\u00eb \u00e7\u00ebshtje partiake dhe private, por ekskluzive komb\u00ebtare. Dhe ata t\u00eb cil\u00ebt nuk pat\u00ebn guxim q\u00eb k\u00ebt\u00eb \u00e7\u00ebshtje p\u00ebr vite t\u00eb t\u00ebra ta v\u00ebn\u00eb n\u00eb rendin e dit\u00ebs t\u00eb pushtetit lokal, nuk kan\u00eb t\u00eb drejt\u00eb morale t\u00eb premtojn\u00eb se n\u00eb t\u00eb ardhmen do t\u00eb punojn\u00eb n\u00eb k\u00ebt\u00eb drejtim, sepse k\u00ebsaj propagande parazgjedhore nuk i beson m\u00eb askush.<br \/>\nDeri sa shqiptar\u00ebt dokumentet e tyre personale si let\u00ebrnjoftimi, pasaporta, \u00e7ertifikatat dhe dokumente t\u00eb tjera t`i ken\u00eb vet\u00ebm n\u00eb gjuh\u00ebn sllave, kjo d\u00ebshmon n\u00eb m\u00ebnyr\u00eb transparente diskriminimin praktik t\u00eb gjuh\u00ebs shqipe. Veprimet e tilla t\u00eb pushtetit duke injoruar elementin kryesor t\u00eb identitetit komb\u00ebtar t\u00eb nj\u00eb populli d\u00ebshmojn\u00eb p\u00ebr aspiratat asimiluese t\u00eb atij pushteti.<\/p>\n<p><strong>Hipokrizia e pushtetit republikan<\/strong><\/p>\n<p>Se pushteti republikan mund t\u00eb veproj\u00eb n\u00eb m\u00ebnyr\u00eb t\u00eb drejt\u00eb kur ata duan dhe \u00ebsht\u00eb n\u00eb interesin e tyre, d\u00ebshmon e dh\u00ebna se me rastin e votimeve t\u00eb p\u00ebrgjithshme parlamentare republikane, apo si\u00e7 ishte rasti i referendumit (21 maj 2006) shqiptar\u00ebt flet\u00ebvotimet e tyre i kan\u00eb t\u00eb shtypura edhe n\u00eb gjuh\u00ebn shqipe. Nj\u00eb veprim i till\u00eb nuk ka dilem\u00eb se \u00ebsht\u00eb pozitiv dhe n\u00eb favor t\u00eb barazis\u00eb gjuh\u00ebsore t\u00eb shqiptar\u00ebve, por nj\u00eb veprim i till\u00eb \u00ebsht\u00eb iritues sepse ka dimensionin e ve\u00e7ant\u00eb e at\u00eb kryesisht p\u00ebr t\u00eb fituar pik\u00eb politike te elektorati votues, por edhe t\u00eb faktori nd\u00ebrkomb\u00ebtar.<br \/>\nNuk ka dilem\u00eb se nga nj\u00eb veprim i till\u00eb del qart\u00eb hipokrizia e pushtetit q\u00eb paraqet nj\u00eb manipulim momental, sepse kur i nj\u00ebjti vendim \u00ebsht\u00eb i marrur nga Kuvendi i Republik\u00ebs p\u00ebr flet\u00ebvotimet edhe n\u00eb gjuh\u00ebn shqipe, pse nuk veprohet n\u00eb t\u00eb nj\u00ebjt\u00ebn m\u00ebnyr\u00eb edhe me dokumentet e identitetit personal p\u00ebr shqiptar\u00ebt n\u00eb Mal t\u00eb Zi. Por, edhe pse nj\u00eb hipokrizie t\u00eb till\u00eb i ka dal\u00eb boja dhe \u00ebsht\u00eb transparente p\u00ebr \u00e7do k\u00ebnd, me t\u00eb drejt\u00eb b\u00ebhet pyetja deri kur do t\u00eb vazhdohet me t\u00eb vjetr\u00ebn duke injoruar barazin\u00eb gjuh\u00ebsore n\u00eb m\u00ebnyr\u00eb praktike t\u00eb qytetar\u00ebve shqiptar\u00eb ne ket\u00eb mjedis.<br \/>\n<strong><br \/>\nQ\u00ebendrim indiferent nga Ministria e Pakicave<\/strong><\/p>\n<p>Edhe pse nga data 10 maj 2006, n\u00eb Kuvendin e Malit t\u00eb Zi \u00ebsht\u00eb miratuar Ligji p\u00ebr Lirit\u00eb dhe t\u00eb Drejtat e Pakicave, deri m\u00eb tash nuk kemi asnj\u00eb ndryshim pozitiv edhe pse nga data 10 n\u00ebntor 2006, ka qen\u00eb e udh\u00ebs p\u00ebr t\u00eb filluar zbatimi praktik i tij q\u00eb do t\u00eb ishte n\u00eb favor t\u00eb barazis\u00eb s\u00eb popujve pakic\u00eb n\u00eb Mal t\u00eb Zi. Q\u00ebndrimi indiferent nga ana e Ministris\u00eb s\u00eb Popujve Pakic\u00eb pik\u00ebrisht n\u00eb lidhje me k\u00ebt\u00eb \u00e7\u00ebshtje shum\u00eb t\u00eb r\u00ebnd\u00ebsishme d\u00ebshmon paaft\u00ebsin\u00eb e tyre p\u00ebr t`u ballafaquar me realitetin.<br \/>\nN\u00ebse edhe m\u00eb tutje veprohet si m\u00eb par\u00eb, duke qen\u00eb dekor i qeveris\u00eb e jo duke u marr\u00eb me \u00e7\u00ebshtjet ky\u00e7e q\u00eb kan\u00eb t\u00eb b\u00ebjn\u00eb me identitetin komb\u00ebtar, n\u00eb rastin konkret t\u00eb shqiptar\u00ebve, me t\u00eb drejt\u00eb b\u00ebhet pyetja se p\u00ebr \u00e7ka \u00ebsht\u00eb dhe kujt i sh\u00ebrben nj\u00eb ministri e till\u00eb.<\/p>\n<p><strong>T\u00eb miratohen standard\u00ebt nd\u00ebrkomb\u00ebtare <\/strong><\/p>\n<p>Strukturat qeveritare n\u00eb Mal t\u00eb Zi, jan\u00eb nonsens i ve\u00e7ant\u00eb, sepse jan\u00eb n\u00eb kund\u00ebrshtim flagrant edhe me kushtetut\u00ebn dhe ligjet q\u00eb kan\u00eb miratuar vet\u00eb. Nuk ka dilem\u00eb se p\u00ebr ndryshime pozitive duhet t\u00eb ekzistoj\u00eb vullneti politik i pushtetit ku pjes\u00ebtar\u00ebt e popujve pakic\u00eb t`i trajtoj\u00eb si partner e jo si element i huaj, duke zbatuar n\u00eb praktik\u00eb standardet m\u00eb t\u00eb avancuara demokratike nd\u00ebrkomb\u00ebtare nd\u00ebrsa p\u00ebr Malin e Zi, n\u00eb aspektin e barazis\u00eb gjuh\u00ebsore sipas mendimit tim m\u00eb i p\u00ebrshtatsh\u00ebm \u00ebsht\u00eb modeli i Belgjik\u00ebs, Zvicr\u00ebs apo Finland\u00ebs ku ekziston barazi e plot\u00eb gjuh\u00ebsore.<\/p>\n<p><strong>Dr.Nail Draga<\/strong><\/p>\n","protected":false},"excerpt":{"rendered":"<p><img loading=\"lazy\" src=\"http:\/\/www.visit-ulcinj.com\/blog\/wp-content\/uploads\/2008\/01\/nail-draga.thumbnail.jpg\" alt=Draga\" height=\"140\" width=\"140\" \/><\/p>\n","protected":false},"author":1,"featured_media":0,"comment_status":"open","ping_status":"closed","sticky":false,"template":"","format":"standard","meta":{"spay_email":"","jetpack_publicize_message":"","jetpack_is_tweetstorm":false,"jetpack_publicize_feature_enabled":true},"categories":[8],"tags":[1181,321,362,95,317,319,318,316,315,200,18,359,320],"jetpack_publicize_connections":[],"yoast_head":"<!-- This site is optimized with the Yoast SEO plugin v19.1 - https:\/\/yoast.com\/wordpress\/plugins\/seo\/ -->\n<title>Pabarazia gjuh\u00ebsore e shqiptar\u00ebve n\u00eb Mal t\u00eb Zi - Lajme nga Ulqini<\/title>\n<meta name=\"robots\" content=\"index, follow, max-snippet:-1, max-image-preview:large, max-video-preview:-1\" \/>\n<link rel=\"canonical\" href=\"https:\/\/www.visit-ulcinj.com\/blog\/2008\/01\/06\/pabarazia-gjuhesore-e-shqiptareve-ne-mal-te-zi\/\" \/>\n<meta property=\"og:locale\" content=\"en_US\" \/>\n<meta property=\"og:type\" content=\"article\" \/>\n<meta property=\"og:title\" content=\"Pabarazia gjuh\u00ebsore e shqiptar\u00ebve n\u00eb Mal t\u00eb Zi - Lajme nga Ulqini\" \/>\n<meta property=\"og:url\" content=\"https:\/\/www.visit-ulcinj.com\/blog\/2008\/01\/06\/pabarazia-gjuhesore-e-shqiptareve-ne-mal-te-zi\/\" \/>\n<meta property=\"og:site_name\" content=\"Lajme nga Ulqini\" \/>\n<meta property=\"article:published_time\" content=\"2008-01-06T19:04:58+00:00\" \/>\n<meta property=\"article:modified_time\" content=\"2008-02-12T23:13:32+00:00\" \/>\n<meta property=\"og:image\" content=\"http:\/\/www.visit-ulcinj.com\/blog\/wp-content\/uploads\/2008\/01\/nail-draga.thumbnail.jpg\" \/>\n<meta name=\"twitter:label1\" content=\"Written by\" \/>\n\t<meta name=\"twitter:data1\" content=\"ulqini\" \/>\n\t<meta name=\"twitter:label2\" content=\"Est. reading time\" \/>\n\t<meta name=\"twitter:data2\" content=\"7 minutes\" \/>\n<script type=\"application\/ld+json\" class=\"yoast-schema-graph\">{\"@context\":\"https:\/\/schema.org\",\"@graph\":[{\"@type\":\"WebSite\",\"@id\":\"https:\/\/www.visit-ulcinj.com\/blog\/#website\",\"url\":\"https:\/\/www.visit-ulcinj.com\/blog\/\",\"name\":\"Lajme nga Ulqini\",\"description\":\"Lajme,Vijesti,Ulqini,Ulqin,Crna Gora,Mali i Zi\",\"potentialAction\":[{\"@type\":\"SearchAction\",\"target\":{\"@type\":\"EntryPoint\",\"urlTemplate\":\"https:\/\/www.visit-ulcinj.com\/blog\/?s={search_term_string}\"},\"query-input\":\"required name=search_term_string\"}],\"inLanguage\":\"en-US\"},{\"@type\":\"ImageObject\",\"inLanguage\":\"en-US\",\"@id\":\"https:\/\/www.visit-ulcinj.com\/blog\/2008\/01\/06\/pabarazia-gjuhesore-e-shqiptareve-ne-mal-te-zi\/#primaryimage\",\"url\":\"http:\/\/www.visit-ulcinj.com\/blog\/wp-content\/uploads\/2008\/01\/nail-draga.thumbnail.jpg\",\"contentUrl\":\"http:\/\/www.visit-ulcinj.com\/blog\/wp-content\/uploads\/2008\/01\/nail-draga.thumbnail.jpg\"},{\"@type\":\"WebPage\",\"@id\":\"https:\/\/www.visit-ulcinj.com\/blog\/2008\/01\/06\/pabarazia-gjuhesore-e-shqiptareve-ne-mal-te-zi\/#webpage\",\"url\":\"https:\/\/www.visit-ulcinj.com\/blog\/2008\/01\/06\/pabarazia-gjuhesore-e-shqiptareve-ne-mal-te-zi\/\",\"name\":\"Pabarazia gjuh\u00ebsore e shqiptar\u00ebve n\u00eb Mal t\u00eb Zi - Lajme nga Ulqini\",\"isPartOf\":{\"@id\":\"https:\/\/www.visit-ulcinj.com\/blog\/#website\"},\"primaryImageOfPage\":{\"@id\":\"https:\/\/www.visit-ulcinj.com\/blog\/2008\/01\/06\/pabarazia-gjuhesore-e-shqiptareve-ne-mal-te-zi\/#primaryimage\"},\"datePublished\":\"2008-01-06T19:04:58+00:00\",\"dateModified\":\"2008-02-12T23:13:32+00:00\",\"author\":{\"@id\":\"https:\/\/www.visit-ulcinj.com\/blog\/#\/schema\/person\/dcab619c614d3038751c63bc2aadc06d\"},\"breadcrumb\":{\"@id\":\"https:\/\/www.visit-ulcinj.com\/blog\/2008\/01\/06\/pabarazia-gjuhesore-e-shqiptareve-ne-mal-te-zi\/#breadcrumb\"},\"inLanguage\":\"en-US\",\"potentialAction\":[{\"@type\":\"ReadAction\",\"target\":[\"https:\/\/www.visit-ulcinj.com\/blog\/2008\/01\/06\/pabarazia-gjuhesore-e-shqiptareve-ne-mal-te-zi\/\"]}]},{\"@type\":\"BreadcrumbList\",\"@id\":\"https:\/\/www.visit-ulcinj.com\/blog\/2008\/01\/06\/pabarazia-gjuhesore-e-shqiptareve-ne-mal-te-zi\/#breadcrumb\",\"itemListElement\":[{\"@type\":\"ListItem\",\"position\":1,\"name\":\"Pabarazia gjuh\u00ebsore e shqiptar\u00ebve n\u00eb Mal t\u00eb Zi\"}]},{\"@type\":\"Person\",\"@id\":\"https:\/\/www.visit-ulcinj.com\/blog\/#\/schema\/person\/dcab619c614d3038751c63bc2aadc06d\",\"name\":\"ulqini\",\"sameAs\":[\"http:\/\/www.visit-ulcinj.com\"],\"url\":\"https:\/\/www.visit-ulcinj.com\/blog\/author\/admin\/\"}]}<\/script>\n<!-- \/ Yoast SEO plugin. -->","yoast_head_json":{"title":"Pabarazia gjuh\u00ebsore e shqiptar\u00ebve n\u00eb Mal t\u00eb Zi - Lajme nga Ulqini","robots":{"index":"index","follow":"follow","max-snippet":"max-snippet:-1","max-image-preview":"max-image-preview:large","max-video-preview":"max-video-preview:-1"},"canonical":"https:\/\/www.visit-ulcinj.com\/blog\/2008\/01\/06\/pabarazia-gjuhesore-e-shqiptareve-ne-mal-te-zi\/","og_locale":"en_US","og_type":"article","og_title":"Pabarazia gjuh\u00ebsore e shqiptar\u00ebve n\u00eb Mal t\u00eb Zi - Lajme nga Ulqini","og_url":"https:\/\/www.visit-ulcinj.com\/blog\/2008\/01\/06\/pabarazia-gjuhesore-e-shqiptareve-ne-mal-te-zi\/","og_site_name":"Lajme nga Ulqini","article_published_time":"2008-01-06T19:04:58+00:00","article_modified_time":"2008-02-12T23:13:32+00:00","og_image":[{"url":"http:\/\/www.visit-ulcinj.com\/blog\/wp-content\/uploads\/2008\/01\/nail-draga.thumbnail.jpg"}],"twitter_misc":{"Written by":"ulqini","Est. reading time":"7 minutes"},"schema":{"@context":"https:\/\/schema.org","@graph":[{"@type":"WebSite","@id":"https:\/\/www.visit-ulcinj.com\/blog\/#website","url":"https:\/\/www.visit-ulcinj.com\/blog\/","name":"Lajme nga Ulqini","description":"Lajme,Vijesti,Ulqini,Ulqin,Crna Gora,Mali i Zi","potentialAction":[{"@type":"SearchAction","target":{"@type":"EntryPoint","urlTemplate":"https:\/\/www.visit-ulcinj.com\/blog\/?s={search_term_string}"},"query-input":"required name=search_term_string"}],"inLanguage":"en-US"},{"@type":"ImageObject","inLanguage":"en-US","@id":"https:\/\/www.visit-ulcinj.com\/blog\/2008\/01\/06\/pabarazia-gjuhesore-e-shqiptareve-ne-mal-te-zi\/#primaryimage","url":"http:\/\/www.visit-ulcinj.com\/blog\/wp-content\/uploads\/2008\/01\/nail-draga.thumbnail.jpg","contentUrl":"http:\/\/www.visit-ulcinj.com\/blog\/wp-content\/uploads\/2008\/01\/nail-draga.thumbnail.jpg"},{"@type":"WebPage","@id":"https:\/\/www.visit-ulcinj.com\/blog\/2008\/01\/06\/pabarazia-gjuhesore-e-shqiptareve-ne-mal-te-zi\/#webpage","url":"https:\/\/www.visit-ulcinj.com\/blog\/2008\/01\/06\/pabarazia-gjuhesore-e-shqiptareve-ne-mal-te-zi\/","name":"Pabarazia gjuh\u00ebsore e shqiptar\u00ebve n\u00eb Mal t\u00eb Zi - Lajme nga Ulqini","isPartOf":{"@id":"https:\/\/www.visit-ulcinj.com\/blog\/#website"},"primaryImageOfPage":{"@id":"https:\/\/www.visit-ulcinj.com\/blog\/2008\/01\/06\/pabarazia-gjuhesore-e-shqiptareve-ne-mal-te-zi\/#primaryimage"},"datePublished":"2008-01-06T19:04:58+00:00","dateModified":"2008-02-12T23:13:32+00:00","author":{"@id":"https:\/\/www.visit-ulcinj.com\/blog\/#\/schema\/person\/dcab619c614d3038751c63bc2aadc06d"},"breadcrumb":{"@id":"https:\/\/www.visit-ulcinj.com\/blog\/2008\/01\/06\/pabarazia-gjuhesore-e-shqiptareve-ne-mal-te-zi\/#breadcrumb"},"inLanguage":"en-US","potentialAction":[{"@type":"ReadAction","target":["https:\/\/www.visit-ulcinj.com\/blog\/2008\/01\/06\/pabarazia-gjuhesore-e-shqiptareve-ne-mal-te-zi\/"]}]},{"@type":"BreadcrumbList","@id":"https:\/\/www.visit-ulcinj.com\/blog\/2008\/01\/06\/pabarazia-gjuhesore-e-shqiptareve-ne-mal-te-zi\/#breadcrumb","itemListElement":[{"@type":"ListItem","position":1,"name":"Pabarazia gjuh\u00ebsore e shqiptar\u00ebve n\u00eb Mal t\u00eb Zi"}]},{"@type":"Person","@id":"https:\/\/www.visit-ulcinj.com\/blog\/#\/schema\/person\/dcab619c614d3038751c63bc2aadc06d","name":"ulqini","sameAs":["http:\/\/www.visit-ulcinj.com"],"url":"https:\/\/www.visit-ulcinj.com\/blog\/author\/admin\/"}]}},"jetpack_featured_media_url":"","jetpack_sharing_enabled":true,"jetpack_shortlink":"https:\/\/wp.me\/pe6lTn-10","_links":{"self":[{"href":"https:\/\/www.visit-ulcinj.com\/blog\/wp-json\/wp\/v2\/posts\/62"}],"collection":[{"href":"https:\/\/www.visit-ulcinj.com\/blog\/wp-json\/wp\/v2\/posts"}],"about":[{"href":"https:\/\/www.visit-ulcinj.com\/blog\/wp-json\/wp\/v2\/types\/post"}],"author":[{"embeddable":true,"href":"https:\/\/www.visit-ulcinj.com\/blog\/wp-json\/wp\/v2\/users\/1"}],"replies":[{"embeddable":true,"href":"https:\/\/www.visit-ulcinj.com\/blog\/wp-json\/wp\/v2\/comments?post=62"}],"version-history":[{"count":0,"href":"https:\/\/www.visit-ulcinj.com\/blog\/wp-json\/wp\/v2\/posts\/62\/revisions"}],"wp:attachment":[{"href":"https:\/\/www.visit-ulcinj.com\/blog\/wp-json\/wp\/v2\/media?parent=62"}],"wp:term":[{"taxonomy":"category","embeddable":true,"href":"https:\/\/www.visit-ulcinj.com\/blog\/wp-json\/wp\/v2\/categories?post=62"},{"taxonomy":"post_tag","embeddable":true,"href":"https:\/\/www.visit-ulcinj.com\/blog\/wp-json\/wp\/v2\/tags?post=62"}],"curies":[{"name":"wp","href":"https:\/\/api.w.org\/{rel}","templated":true}]}}