{"id":62014,"date":"2012-06-30T20:00:24","date_gmt":"2012-06-30T19:00:24","guid":{"rendered":"http:\/\/www.visit-ulcinj.com\/blog\/?p=62014"},"modified":"2012-07-02T19:32:29","modified_gmt":"2012-07-02T18:32:29","slug":"rrezart-cungu-triumfon-ne-zagreb","status":"publish","type":"post","link":"https:\/\/www.visit-ulcinj.com\/blog\/2012\/06\/30\/rrezart-cungu-triumfon-ne-zagreb\/","title":{"rendered":"Rrezart Cungu triumfon n\u00eb Zagreb"},"content":{"rendered":"<p><a href=\"http:\/\/www.visit-ulcinj.com\/blog\/wp-content\/uploads\/2012\/06\/Rezart-Cungu-triumfon-n\u00eb-Zagreb.2.jpg\"><img loading=\"lazy\" class=\"alignleft  wp-image-62017\" title=\"Rezart Cungu triumfon n\u00eb Zagreb.2\" src=\"http:\/\/www.visit-ulcinj.com\/blog\/wp-content\/uploads\/2012\/06\/Rezart-Cungu-triumfon-n\u00eb-Zagreb.2.jpg\" alt=\"\" width=\"508\" height=\"360\" \/><\/a>N\u00eb turneun shtet\u00ebror t\u00eb Kroacis, i cili u mbajt n\u00eb Zagreb, morri pjes\u00eb edhe 13 vje\u00e7ari nga Ulqini, Rrezart Cungu. Edhe pse turneu ishte i dedikuar kategoris\u00eb 16 vje\u00e7are, Rrezarti pati sukses t\u00eb madh\u00eb. Ai u shpall fitues i k\u00ebtij turneut ku gjat 5 ndeshjeve q\u00eb kishte, humbi vet\u00ebm nj\u00eb set. Lojtar\u00ebt te cil\u00ebt i mposhti Rrezarti ishin Filip Kozloveq (6:0, 6:0), Hrvoje Plukaveq (6:1, 6:1), Noa Poklepoviq (6:2, 1:0) i cili e dorzoi loj\u00ebn p\u00ebr shkak te l\u00ebndimit, Luka Nin\u00e7eviq (6:1, 6:4) dhe Marko Povolnjak (3:6, 6:2, 6:1).<\/p>\n<p>Federata e tenisit t\u00eb Malit t\u00eb Zi e zgjodhi Cungu q\u00eb ta reprezentoj Malin e Zi ne garat nd\u00ebrkombtare te tenisit q\u00eb do t\u00eb mbahen me 23 korrik n\u00eb Pilzen t\u00eb \u00c7ekis. N\u00eb k\u00ebt\u00eb turne do t\u00eb marrin pjes\u00eb t\u00eb gjith\u00eb tenist\u00ebt m\u00eb t\u00eb mir\u00eb t\u00eb Evrop\u00ebs.<\/p>\n<p>Rrezarti tani \u00ebsht\u00eb i r\u00ebnditur ne vendin 171 n\u00eb rank-list\u00ebn e Evrop\u00ebs, gjegjsisht m\u00eb mir i r\u00ebndituri se t\u00eb gjith\u00eb tenist\u00ebt tjer\u00eb nga Mali i Zi.<\/p>\n\n\t\t<style type=\"text\/css\">\n\t\t\t#gallery-1 {\n\t\t\t\tmargin: auto;\n\t\t\t}\n\t\t\t#gallery-1 .gallery-item {\n\t\t\t\tfloat: left;\n\t\t\t\tmargin-top: 10px;\n\t\t\t\ttext-align: center;\n\t\t\t\twidth: 33%;\n\t\t\t}\n\t\t\t#gallery-1 img {\n\t\t\t\tborder: 2px solid #cfcfcf;\n\t\t\t}\n\t\t\t#gallery-1 .gallery-caption {\n\t\t\t\tmargin-left: 0;\n\t\t\t}\n\t\t\t\/* see gallery_shortcode() in wp-includes\/media.php *\/\n\t\t<\/style>\n\t\t<div id='gallery-1' class='gallery galleryid-62014 gallery-columns-3 gallery-size-thumbnail'><dl class='gallery-item'>\n\t\t\t<dt class='gallery-icon portrait'>\n\t\t\t\t<a href='https:\/\/www.visit-ulcinj.com\/blog\/wp-content\/uploads\/2012\/06\/Rezart-Cungu-triumfon-n\u00eb-Zagreb.jpg'><img width=\"150\" height=\"150\" src=\"https:\/\/www.visit-ulcinj.com\/blog\/wp-content\/uploads\/2012\/06\/Rezart-Cungu-triumfon-n\u00eb-Zagreb-150x150.jpg\" class=\"attachment-thumbnail size-thumbnail\" alt=\"\" loading=\"lazy\" \/><\/a>\n\t\t\t<\/dt><\/dl><dl class='gallery-item'>\n\t\t\t<dt class='gallery-icon landscape'>\n\t\t\t\t<a href='https:\/\/www.visit-ulcinj.com\/blog\/wp-content\/uploads\/2012\/06\/Rezart-Cungu-triumfon-n\u00eb-Zagreb.1.jpg'><img width=\"150\" height=\"150\" src=\"https:\/\/www.visit-ulcinj.com\/blog\/wp-content\/uploads\/2012\/06\/Rezart-Cungu-triumfon-n\u00eb-Zagreb.1-150x150.jpg\" class=\"attachment-thumbnail size-thumbnail\" alt=\"\" loading=\"lazy\" \/><\/a>\n\t\t\t<\/dt><\/dl><dl class='gallery-item'>\n\t\t\t<dt class='gallery-icon landscape'>\n\t\t\t\t<a href='https:\/\/www.visit-ulcinj.com\/blog\/wp-content\/uploads\/2012\/06\/Rezart-Cungu-triumfon-n\u00eb-Zagreb.2.jpg'><img width=\"150\" height=\"150\" src=\"https:\/\/www.visit-ulcinj.com\/blog\/wp-content\/uploads\/2012\/06\/Rezart-Cungu-triumfon-n\u00eb-Zagreb.2-150x150.jpg\" class=\"attachment-thumbnail size-thumbnail\" alt=\"\" loading=\"lazy\" \/><\/a>\n\t\t\t<\/dt><\/dl><br style=\"clear: both\" \/>\n\t\t<\/div>\n\n","protected":false},"excerpt":{"rendered":"<p>N\u00eb turneun shtet\u00ebror t\u00eb Kroacis, i cili u mbajt n\u00eb Zagreb, morri pjes\u00eb edhe 13 vje\u00e7ari nga Ulqini, Rrezart Cungu. Edhe pse turneu ishte i dedikuar kategoris\u00eb 16 vje\u00e7are, Rrezarti pati sukses t\u00eb madh\u00eb. Ai u shpall fitues i k\u00ebtij turneut ku gjat 5 ndeshjeve q\u00eb kishte, humbi vet\u00ebm nj\u00eb set. Lojtar\u00ebt te cil\u00ebt i [&hellip;]<\/p>\n","protected":false},"author":1,"featured_media":0,"comment_status":"open","ping_status":"closed","sticky":false,"template":"","format":"standard","meta":{"spay_email":"","jetpack_publicize_message":"","jetpack_is_tweetstorm":false,"jetpack_publicize_feature_enabled":true},"categories":[3],"tags":[14441,20821,200,2207],"jetpack_publicize_connections":[],"yoast_head":"<!-- This site is optimized with the Yoast SEO plugin v19.1 - https:\/\/yoast.com\/wordpress\/plugins\/seo\/ -->\n<title>Rrezart Cungu triumfon n\u00eb Zagreb - Lajme nga Ulqini<\/title>\n<meta name=\"description\" content=\"N\u00eb turneun shtet\u00ebror t\u00eb Kroacis, i cili u mbajt n\u00eb Zagreb, morri pjes\u00eb edhe 13 vje\u00e7ari nga Ulqini, Rrezart Cungu. Edhe pse turneu ishte i dedikuar\" \/>\n<meta name=\"robots\" content=\"index, follow, max-snippet:-1, max-image-preview:large, max-video-preview:-1\" \/>\n<link rel=\"canonical\" href=\"https:\/\/www.visit-ulcinj.com\/blog\/2012\/06\/30\/rrezart-cungu-triumfon-ne-zagreb\/\" \/>\n<meta property=\"og:locale\" content=\"en_US\" \/>\n<meta property=\"og:type\" content=\"article\" \/>\n<meta property=\"og:title\" content=\"Rrezart Cungu triumfon n\u00eb Zagreb - Lajme nga Ulqini\" \/>\n<meta property=\"og:description\" content=\"N\u00eb turneun shtet\u00ebror t\u00eb Kroacis, i cili u mbajt n\u00eb Zagreb, morri pjes\u00eb edhe 13 vje\u00e7ari nga Ulqini, Rrezart Cungu. Edhe pse turneu ishte i dedikuar\" \/>\n<meta property=\"og:url\" content=\"https:\/\/www.visit-ulcinj.com\/blog\/2012\/06\/30\/rrezart-cungu-triumfon-ne-zagreb\/\" \/>\n<meta property=\"og:site_name\" content=\"Lajme nga Ulqini\" \/>\n<meta property=\"article:published_time\" content=\"2012-06-30T19:00:24+00:00\" \/>\n<meta property=\"article:modified_time\" content=\"2012-07-02T18:32:29+00:00\" \/>\n<meta property=\"og:image\" content=\"https:\/\/www.visit-ulcinj.com\/blog\/wp-content\/uploads\/2012\/06\/Rezart-Cungu-triumfon-n\u00eb-Zagreb-150x150.jpg\" \/>\n<meta name=\"twitter:label1\" content=\"Written by\" \/>\n\t<meta name=\"twitter:data1\" content=\"ulqini\" \/>\n\t<meta name=\"twitter:label2\" content=\"Est. reading time\" \/>\n\t<meta name=\"twitter:data2\" content=\"1 minute\" \/>\n<script type=\"application\/ld+json\" class=\"yoast-schema-graph\">{\"@context\":\"https:\/\/schema.org\",\"@graph\":[{\"@type\":\"WebSite\",\"@id\":\"https:\/\/www.visit-ulcinj.com\/blog\/#website\",\"url\":\"https:\/\/www.visit-ulcinj.com\/blog\/\",\"name\":\"Lajme nga Ulqini\",\"description\":\"Lajme,Vijesti,Ulqini,Ulqin,Crna Gora,Mali i Zi\",\"potentialAction\":[{\"@type\":\"SearchAction\",\"target\":{\"@type\":\"EntryPoint\",\"urlTemplate\":\"https:\/\/www.visit-ulcinj.com\/blog\/?s={search_term_string}\"},\"query-input\":\"required name=search_term_string\"}],\"inLanguage\":\"en-US\"},{\"@type\":\"WebPage\",\"@id\":\"https:\/\/www.visit-ulcinj.com\/blog\/2012\/06\/30\/rrezart-cungu-triumfon-ne-zagreb\/#webpage\",\"url\":\"https:\/\/www.visit-ulcinj.com\/blog\/2012\/06\/30\/rrezart-cungu-triumfon-ne-zagreb\/\",\"name\":\"Rrezart Cungu triumfon n\u00eb Zagreb - Lajme nga Ulqini\",\"isPartOf\":{\"@id\":\"https:\/\/www.visit-ulcinj.com\/blog\/#website\"},\"datePublished\":\"2012-06-30T19:00:24+00:00\",\"dateModified\":\"2012-07-02T18:32:29+00:00\",\"author\":{\"@id\":\"https:\/\/www.visit-ulcinj.com\/blog\/#\/schema\/person\/dcab619c614d3038751c63bc2aadc06d\"},\"description\":\"N\u00eb turneun shtet\u00ebror t\u00eb Kroacis, i cili u mbajt n\u00eb Zagreb, morri pjes\u00eb edhe 13 vje\u00e7ari nga Ulqini, Rrezart Cungu. Edhe pse turneu ishte i dedikuar\",\"breadcrumb\":{\"@id\":\"https:\/\/www.visit-ulcinj.com\/blog\/2012\/06\/30\/rrezart-cungu-triumfon-ne-zagreb\/#breadcrumb\"},\"inLanguage\":\"en-US\",\"potentialAction\":[{\"@type\":\"ReadAction\",\"target\":[\"https:\/\/www.visit-ulcinj.com\/blog\/2012\/06\/30\/rrezart-cungu-triumfon-ne-zagreb\/\"]}]},{\"@type\":\"BreadcrumbList\",\"@id\":\"https:\/\/www.visit-ulcinj.com\/blog\/2012\/06\/30\/rrezart-cungu-triumfon-ne-zagreb\/#breadcrumb\",\"itemListElement\":[{\"@type\":\"ListItem\",\"position\":1,\"name\":\"Rrezart Cungu triumfon n\u00eb Zagreb\"}]},{\"@type\":\"Person\",\"@id\":\"https:\/\/www.visit-ulcinj.com\/blog\/#\/schema\/person\/dcab619c614d3038751c63bc2aadc06d\",\"name\":\"ulqini\",\"sameAs\":[\"http:\/\/www.visit-ulcinj.com\"],\"url\":\"https:\/\/www.visit-ulcinj.com\/blog\/author\/admin\/\"}]}<\/script>\n<!-- \/ Yoast SEO plugin. -->","yoast_head_json":{"title":"Rrezart Cungu triumfon n\u00eb Zagreb - Lajme nga Ulqini","description":"N\u00eb turneun shtet\u00ebror t\u00eb Kroacis, i cili u mbajt n\u00eb Zagreb, morri pjes\u00eb edhe 13 vje\u00e7ari nga Ulqini, Rrezart Cungu. Edhe pse turneu ishte i dedikuar","robots":{"index":"index","follow":"follow","max-snippet":"max-snippet:-1","max-image-preview":"max-image-preview:large","max-video-preview":"max-video-preview:-1"},"canonical":"https:\/\/www.visit-ulcinj.com\/blog\/2012\/06\/30\/rrezart-cungu-triumfon-ne-zagreb\/","og_locale":"en_US","og_type":"article","og_title":"Rrezart Cungu triumfon n\u00eb Zagreb - Lajme nga Ulqini","og_description":"N\u00eb turneun shtet\u00ebror t\u00eb Kroacis, i cili u mbajt n\u00eb Zagreb, morri pjes\u00eb edhe 13 vje\u00e7ari nga Ulqini, Rrezart Cungu. Edhe pse turneu ishte i dedikuar","og_url":"https:\/\/www.visit-ulcinj.com\/blog\/2012\/06\/30\/rrezart-cungu-triumfon-ne-zagreb\/","og_site_name":"Lajme nga Ulqini","article_published_time":"2012-06-30T19:00:24+00:00","article_modified_time":"2012-07-02T18:32:29+00:00","og_image":[{"url":"https:\/\/www.visit-ulcinj.com\/blog\/wp-content\/uploads\/2012\/06\/Rezart-Cungu-triumfon-n\u00eb-Zagreb-150x150.jpg"}],"twitter_misc":{"Written by":"ulqini","Est. reading time":"1 minute"},"schema":{"@context":"https:\/\/schema.org","@graph":[{"@type":"WebSite","@id":"https:\/\/www.visit-ulcinj.com\/blog\/#website","url":"https:\/\/www.visit-ulcinj.com\/blog\/","name":"Lajme nga Ulqini","description":"Lajme,Vijesti,Ulqini,Ulqin,Crna Gora,Mali i Zi","potentialAction":[{"@type":"SearchAction","target":{"@type":"EntryPoint","urlTemplate":"https:\/\/www.visit-ulcinj.com\/blog\/?s={search_term_string}"},"query-input":"required name=search_term_string"}],"inLanguage":"en-US"},{"@type":"WebPage","@id":"https:\/\/www.visit-ulcinj.com\/blog\/2012\/06\/30\/rrezart-cungu-triumfon-ne-zagreb\/#webpage","url":"https:\/\/www.visit-ulcinj.com\/blog\/2012\/06\/30\/rrezart-cungu-triumfon-ne-zagreb\/","name":"Rrezart Cungu triumfon n\u00eb Zagreb - Lajme nga Ulqini","isPartOf":{"@id":"https:\/\/www.visit-ulcinj.com\/blog\/#website"},"datePublished":"2012-06-30T19:00:24+00:00","dateModified":"2012-07-02T18:32:29+00:00","author":{"@id":"https:\/\/www.visit-ulcinj.com\/blog\/#\/schema\/person\/dcab619c614d3038751c63bc2aadc06d"},"description":"N\u00eb turneun shtet\u00ebror t\u00eb Kroacis, i cili u mbajt n\u00eb Zagreb, morri pjes\u00eb edhe 13 vje\u00e7ari nga Ulqini, Rrezart Cungu. Edhe pse turneu ishte i dedikuar","breadcrumb":{"@id":"https:\/\/www.visit-ulcinj.com\/blog\/2012\/06\/30\/rrezart-cungu-triumfon-ne-zagreb\/#breadcrumb"},"inLanguage":"en-US","potentialAction":[{"@type":"ReadAction","target":["https:\/\/www.visit-ulcinj.com\/blog\/2012\/06\/30\/rrezart-cungu-triumfon-ne-zagreb\/"]}]},{"@type":"BreadcrumbList","@id":"https:\/\/www.visit-ulcinj.com\/blog\/2012\/06\/30\/rrezart-cungu-triumfon-ne-zagreb\/#breadcrumb","itemListElement":[{"@type":"ListItem","position":1,"name":"Rrezart Cungu triumfon n\u00eb Zagreb"}]},{"@type":"Person","@id":"https:\/\/www.visit-ulcinj.com\/blog\/#\/schema\/person\/dcab619c614d3038751c63bc2aadc06d","name":"ulqini","sameAs":["http:\/\/www.visit-ulcinj.com"],"url":"https:\/\/www.visit-ulcinj.com\/blog\/author\/admin\/"}]}},"jetpack_featured_media_url":"","jetpack_sharing_enabled":true,"jetpack_shortlink":"https:\/\/wp.me\/pe6lTn-g8e","_links":{"self":[{"href":"https:\/\/www.visit-ulcinj.com\/blog\/wp-json\/wp\/v2\/posts\/62014"}],"collection":[{"href":"https:\/\/www.visit-ulcinj.com\/blog\/wp-json\/wp\/v2\/posts"}],"about":[{"href":"https:\/\/www.visit-ulcinj.com\/blog\/wp-json\/wp\/v2\/types\/post"}],"author":[{"embeddable":true,"href":"https:\/\/www.visit-ulcinj.com\/blog\/wp-json\/wp\/v2\/users\/1"}],"replies":[{"embeddable":true,"href":"https:\/\/www.visit-ulcinj.com\/blog\/wp-json\/wp\/v2\/comments?post=62014"}],"version-history":[{"count":3,"href":"https:\/\/www.visit-ulcinj.com\/blog\/wp-json\/wp\/v2\/posts\/62014\/revisions"}],"predecessor-version":[{"id":62035,"href":"https:\/\/www.visit-ulcinj.com\/blog\/wp-json\/wp\/v2\/posts\/62014\/revisions\/62035"}],"wp:attachment":[{"href":"https:\/\/www.visit-ulcinj.com\/blog\/wp-json\/wp\/v2\/media?parent=62014"}],"wp:term":[{"taxonomy":"category","embeddable":true,"href":"https:\/\/www.visit-ulcinj.com\/blog\/wp-json\/wp\/v2\/categories?post=62014"},{"taxonomy":"post_tag","embeddable":true,"href":"https:\/\/www.visit-ulcinj.com\/blog\/wp-json\/wp\/v2\/tags?post=62014"}],"curies":[{"name":"wp","href":"https:\/\/api.w.org\/{rel}","templated":true}]}}