{"id":62020,"date":"2012-07-02T08:02:44","date_gmt":"2012-07-02T07:02:44","guid":{"rendered":"http:\/\/www.visit-ulcinj.com\/blog\/?p=62020"},"modified":"2012-07-02T19:01:14","modified_gmt":"2012-07-02T18:01:14","slug":"morsko-dobro-cungu-lazno-optuzuje","status":"publish","type":"post","link":"https:\/\/www.visit-ulcinj.com\/blog\/2012\/07\/02\/morsko-dobro-cungu-lazno-optuzuje\/","title":{"rendered":"Morsko dobro &#8211; Cungu la\u017eno optu\u017euje &#8211; Video"},"content":{"rendered":"<p><a href=\"http:\/\/www.visit-ulcinj.com\/blog\/wp-content\/uploads\/2011\/03\/morsko-dobro.gif\"><img loading=\"lazy\" class=\"alignleft\" src=\"http:\/\/www.visit-ulcinj.com\/blog\/wp-content\/uploads\/2011\/03\/morsko-dobro.gif\" alt=\"\" width=\"183\" height=\"86\" \/><\/a>Shodno Zakonu o informisanju molimo da objavite reagovanje na navode, koji sadr\u017ei te\u0161ke kvalifikacije i optu\u017ebe predsjednika Op\u0161tine Ulcinj Nazifa Cungua.<\/p>\n<p>U okviru zakonom propisanih nadle\u017enosti Javno preduze\u0107e za upravljanje morskim dobrom Crne Gore samo realizuje plan objekata privremenog karaktera u zoni morskog dobra koji saglasno \u010dlanu 115 Zakona o ure\u0111enju prostora i izgradnji objekata donosi Ministarstvo.<\/p>\n<p>Kao \u0161to i Predsjednik Op\u0161tine zna ista procedura je propisana i za dono\u0161enje izmjena i dopuna plana privremenih objekata, koja podrazumijeva da Ministarstvo donosi plan po pribavljenom mi\u0161ljenju lokalne samouprave kao i preduze\u0107a osnovanog za upravljanjm morskog dobra.<\/p>\n<p>Ministarstvo odr\u017eivog razvoja i turizma je dana 16.Maja 2012 god. pod brojem 04-19\/57 donijelo Izmjenu i dopunu va\u017ee\u0107eg Plana objekata privremenog karektera u zoni morskog koji va\u017ei za period 2010-2012 god.<br \/>\nU postupku dono\u0161enja izmjenam i dopunama, Javno preduze\u0107e je predhodno, pismeno aktom broj 0207-1690\/1 od 14.05.2012 god. iskazalo negativan stav vezano za ponovno planiranje privremenih objekata na dvije lokacije u Ulcinju ( Velikoj Skeli i zale\u0111u Male pla\u017ee) koje su u predhodnom periodu uklonjenje. Stav op\u0161tine Ulcinj nalazi se u dokumentaciji Ministarstva.<br \/>\n<a href=\"https:\/\/www.facebook.com\/profile.php?id=842313990\" target=\"_blank\"><img loading=\"lazy\" class=\"alignleft\" src=\"http:\/\/www.visit-ulcinj.com\/blog\/wp-content\/uploads\/2012\/05\/Sejdo-Ismaili-Video-Grafic-Design-Ulqin.jpg\" alt=\"\" width=\"508\" height=\"90\" \/><\/a><br \/>\n<a href=\"https:\/\/www.facebook.com\/profile.php?id=842313990\" target=\"_blank\"><strong>Sejdo Ismaili Facebook<\/strong\nNadalje, postupaju\u0107i prema svojim nadle\u017enostim Javno preduze\u0107e je na sjednici Upravnog odbora odr\u017eanoj 07.06.2012 god. utvrdilo Predlog Odluke o objavljivanju javnog poziva za zakup privremenih lokacija prema Izmjena Planu objekata privremenog karaktera u zoni morskog dobra i prema zakonom utvr\u0111enoj proceduri dostavilo ga na saglasnost Vladi Crne Gore.Prema na\u0161im informacijama predmetna odluka bi\u0107e razmatrana na dana\u0161noj sjednici Vlade.\nDo tada Javno preduze\u0107e, postupaju\u0107i strogo zakonski nije moglo niti je izdalo bilo kome i bilo kakvo odobrenje za postavljanje privremenih objekata na djelovima dr\u017eavne imovine bez sprovedenog javnog tenderskog postupka, pa se isto odnosi i na lokacije predvi\u0111ene izmjenama i dopunama plana.\n\nObzirom da je sezona uveliko u toku, razumljivo je nestrpljenje zainteresovanih lica i njihovo svakodnevno nastojanje da ubrzaju postupak, kao i pritisak koji u tom pravcu vr\u0161e da \u0161to prije do\u0111u do odobrenja kako na Javno preduze\u0107e, tako i na Op\u0161tinu i na Ministarstvo, ali je narazumljivo za\u0161to je Predsjednik Op\u0161tine, valjda znaju\u0107i zakonske propise koje citira kao i \u010ditav problem, na\u0161ao za potrebu da za bespravno izvo\u0111enje radova, rad bez odobrenja optu\u017ei Javno preduze\u0107u. Vjerovatno je u maniru vje\u0161tog politi\u010dara najjednostavnije bilo iznijeti la\u017ene optu\u017ebe nego upotrebiti inspekcijske organe, podnijeti prijave i zaustaviti izvo\u0111enje radove bez odobrenja.\n\n<strong>TV TEUTA<\/strong><\/p>\n<!--YouTube Error: bad URL entered-->\n","protected":false},"excerpt":{"rendered":"<p>Shodno Zakonu o informisanju molimo da objavite reagovanje na navode, koji sadr\u017ei te\u0161ke kvalifikacije i optu\u017ebe predsjednika Op\u0161tine Ulcinj Nazifa Cungua. U okviru zakonom propisanih nadle\u017enosti Javno preduze\u0107e za upravljanje morskim dobrom Crne Gore samo realizuje plan objekata privremenog karaktera u zoni morskog dobra koji saglasno \u010dlanu 115 Zakona o ure\u0111enju prostora i izgradnji objekata [&hellip;]<\/p>\n","protected":false},"author":1,"featured_media":0,"comment_status":"open","ping_status":"closed","sticky":false,"template":"","format":"standard","meta":{"spay_email":"","jetpack_publicize_message":"","jetpack_is_tweetstorm":false,"jetpack_publicize_feature_enabled":true},"categories":[8337],"tags":[2725,2019,118,19],"jetpack_publicize_connections":[],"yoast_head":"<!-- This site is optimized with the Yoast SEO plugin v19.1 - https:\/\/yoast.com\/wordpress\/plugins\/seo\/ -->\n<title>Morsko dobro - Cungu la\u017eno optu\u017euje - Video - Lajme nga Ulqini<\/title>\n<meta name=\"description\" content=\"Shodno Zakonu o informisanju molimo da objavite reagovanje na navode, koji sadr\u017ei te\u0161ke kvalifikacije i optu\u017ebe predsjednika Op\u0161tine Ulcinj Nazifa Cungua.\" \/>\n<meta name=\"robots\" content=\"index, follow, max-snippet:-1, max-image-preview:large, max-video-preview:-1\" \/>\n<link rel=\"canonical\" href=\"https:\/\/www.visit-ulcinj.com\/blog\/2012\/07\/02\/morsko-dobro-cungu-lazno-optuzuje\/\" \/>\n<meta property=\"og:locale\" content=\"en_US\" \/>\n<meta property=\"og:type\" content=\"article\" \/>\n<meta property=\"og:title\" content=\"Morsko dobro - Cungu la\u017eno optu\u017euje - Video - Lajme nga Ulqini\" \/>\n<meta property=\"og:description\" content=\"Shodno Zakonu o informisanju molimo da objavite reagovanje na navode, koji sadr\u017ei te\u0161ke kvalifikacije i optu\u017ebe predsjednika Op\u0161tine Ulcinj Nazifa Cungua.\" \/>\n<meta property=\"og:url\" content=\"https:\/\/www.visit-ulcinj.com\/blog\/2012\/07\/02\/morsko-dobro-cungu-lazno-optuzuje\/\" \/>\n<meta property=\"og:site_name\" content=\"Lajme nga Ulqini\" \/>\n<meta property=\"article:published_time\" content=\"2012-07-02T07:02:44+00:00\" \/>\n<meta property=\"article:modified_time\" content=\"2012-07-02T18:01:14+00:00\" \/>\n<meta property=\"og:image\" content=\"http:\/\/www.visit-ulcinj.com\/blog\/wp-content\/uploads\/2011\/03\/morsko-dobro.gif\" \/>\n<meta name=\"twitter:label1\" content=\"Written by\" \/>\n\t<meta name=\"twitter:data1\" content=\"ulqini\" \/>\n\t<meta name=\"twitter:label2\" content=\"Est. reading time\" \/>\n\t<meta name=\"twitter:data2\" content=\"1 minute\" \/>\n<script type=\"application\/ld+json\" class=\"yoast-schema-graph\">{\"@context\":\"https:\/\/schema.org\",\"@graph\":[{\"@type\":\"WebSite\",\"@id\":\"https:\/\/www.visit-ulcinj.com\/blog\/#website\",\"url\":\"https:\/\/www.visit-ulcinj.com\/blog\/\",\"name\":\"Lajme nga Ulqini\",\"description\":\"Lajme,Vijesti,Ulqini,Ulqin,Crna Gora,Mali i Zi\",\"potentialAction\":[{\"@type\":\"SearchAction\",\"target\":{\"@type\":\"EntryPoint\",\"urlTemplate\":\"https:\/\/www.visit-ulcinj.com\/blog\/?s={search_term_string}\"},\"query-input\":\"required name=search_term_string\"}],\"inLanguage\":\"en-US\"},{\"@type\":\"ImageObject\",\"inLanguage\":\"en-US\",\"@id\":\"https:\/\/www.visit-ulcinj.com\/blog\/2012\/07\/02\/morsko-dobro-cungu-lazno-optuzuje\/#primaryimage\",\"url\":\"https:\/\/www.visit-ulcinj.com\/blog\/wp-content\/uploads\/2011\/03\/morsko-dobro.gif\",\"contentUrl\":\"https:\/\/www.visit-ulcinj.com\/blog\/wp-content\/uploads\/2011\/03\/morsko-dobro.gif\",\"width\":\"183\",\"height\":\"86\"},{\"@type\":\"WebPage\",\"@id\":\"https:\/\/www.visit-ulcinj.com\/blog\/2012\/07\/02\/morsko-dobro-cungu-lazno-optuzuje\/#webpage\",\"url\":\"https:\/\/www.visit-ulcinj.com\/blog\/2012\/07\/02\/morsko-dobro-cungu-lazno-optuzuje\/\",\"name\":\"Morsko dobro - Cungu la\u017eno optu\u017euje - Video - Lajme nga Ulqini\",\"isPartOf\":{\"@id\":\"https:\/\/www.visit-ulcinj.com\/blog\/#website\"},\"primaryImageOfPage\":{\"@id\":\"https:\/\/www.visit-ulcinj.com\/blog\/2012\/07\/02\/morsko-dobro-cungu-lazno-optuzuje\/#primaryimage\"},\"datePublished\":\"2012-07-02T07:02:44+00:00\",\"dateModified\":\"2012-07-02T18:01:14+00:00\",\"author\":{\"@id\":\"https:\/\/www.visit-ulcinj.com\/blog\/#\/schema\/person\/dcab619c614d3038751c63bc2aadc06d\"},\"description\":\"Shodno Zakonu o informisanju molimo da objavite reagovanje na navode, koji sadr\u017ei te\u0161ke kvalifikacije i optu\u017ebe predsjednika Op\u0161tine Ulcinj Nazifa Cungua.\",\"breadcrumb\":{\"@id\":\"https:\/\/www.visit-ulcinj.com\/blog\/2012\/07\/02\/morsko-dobro-cungu-lazno-optuzuje\/#breadcrumb\"},\"inLanguage\":\"en-US\",\"potentialAction\":[{\"@type\":\"ReadAction\",\"target\":[\"https:\/\/www.visit-ulcinj.com\/blog\/2012\/07\/02\/morsko-dobro-cungu-lazno-optuzuje\/\"]}]},{\"@type\":\"BreadcrumbList\",\"@id\":\"https:\/\/www.visit-ulcinj.com\/blog\/2012\/07\/02\/morsko-dobro-cungu-lazno-optuzuje\/#breadcrumb\",\"itemListElement\":[{\"@type\":\"ListItem\",\"position\":1,\"name\":\"Morsko dobro &#8211; Cungu la\u017eno optu\u017euje &#8211; Video\"}]},{\"@type\":\"Person\",\"@id\":\"https:\/\/www.visit-ulcinj.com\/blog\/#\/schema\/person\/dcab619c614d3038751c63bc2aadc06d\",\"name\":\"ulqini\",\"sameAs\":[\"http:\/\/www.visit-ulcinj.com\"],\"url\":\"https:\/\/www.visit-ulcinj.com\/blog\/author\/admin\/\"}]}<\/script>\n<!-- \/ Yoast SEO plugin. -->","yoast_head_json":{"title":"Morsko dobro - Cungu la\u017eno optu\u017euje - Video - Lajme nga Ulqini","description":"Shodno Zakonu o informisanju molimo da objavite reagovanje na navode, koji sadr\u017ei te\u0161ke kvalifikacije i optu\u017ebe predsjednika Op\u0161tine Ulcinj Nazifa Cungua.","robots":{"index":"index","follow":"follow","max-snippet":"max-snippet:-1","max-image-preview":"max-image-preview:large","max-video-preview":"max-video-preview:-1"},"canonical":"https:\/\/www.visit-ulcinj.com\/blog\/2012\/07\/02\/morsko-dobro-cungu-lazno-optuzuje\/","og_locale":"en_US","og_type":"article","og_title":"Morsko dobro - Cungu la\u017eno optu\u017euje - Video - Lajme nga Ulqini","og_description":"Shodno Zakonu o informisanju molimo da objavite reagovanje na navode, koji sadr\u017ei te\u0161ke kvalifikacije i optu\u017ebe predsjednika Op\u0161tine Ulcinj Nazifa Cungua.","og_url":"https:\/\/www.visit-ulcinj.com\/blog\/2012\/07\/02\/morsko-dobro-cungu-lazno-optuzuje\/","og_site_name":"Lajme nga Ulqini","article_published_time":"2012-07-02T07:02:44+00:00","article_modified_time":"2012-07-02T18:01:14+00:00","og_image":[{"url":"http:\/\/www.visit-ulcinj.com\/blog\/wp-content\/uploads\/2011\/03\/morsko-dobro.gif"}],"twitter_misc":{"Written by":"ulqini","Est. reading time":"1 minute"},"schema":{"@context":"https:\/\/schema.org","@graph":[{"@type":"WebSite","@id":"https:\/\/www.visit-ulcinj.com\/blog\/#website","url":"https:\/\/www.visit-ulcinj.com\/blog\/","name":"Lajme nga Ulqini","description":"Lajme,Vijesti,Ulqini,Ulqin,Crna Gora,Mali i Zi","potentialAction":[{"@type":"SearchAction","target":{"@type":"EntryPoint","urlTemplate":"https:\/\/www.visit-ulcinj.com\/blog\/?s={search_term_string}"},"query-input":"required name=search_term_string"}],"inLanguage":"en-US"},{"@type":"ImageObject","inLanguage":"en-US","@id":"https:\/\/www.visit-ulcinj.com\/blog\/2012\/07\/02\/morsko-dobro-cungu-lazno-optuzuje\/#primaryimage","url":"https:\/\/www.visit-ulcinj.com\/blog\/wp-content\/uploads\/2011\/03\/morsko-dobro.gif","contentUrl":"https:\/\/www.visit-ulcinj.com\/blog\/wp-content\/uploads\/2011\/03\/morsko-dobro.gif","width":"183","height":"86"},{"@type":"WebPage","@id":"https:\/\/www.visit-ulcinj.com\/blog\/2012\/07\/02\/morsko-dobro-cungu-lazno-optuzuje\/#webpage","url":"https:\/\/www.visit-ulcinj.com\/blog\/2012\/07\/02\/morsko-dobro-cungu-lazno-optuzuje\/","name":"Morsko dobro - Cungu la\u017eno optu\u017euje - Video - Lajme nga Ulqini","isPartOf":{"@id":"https:\/\/www.visit-ulcinj.com\/blog\/#website"},"primaryImageOfPage":{"@id":"https:\/\/www.visit-ulcinj.com\/blog\/2012\/07\/02\/morsko-dobro-cungu-lazno-optuzuje\/#primaryimage"},"datePublished":"2012-07-02T07:02:44+00:00","dateModified":"2012-07-02T18:01:14+00:00","author":{"@id":"https:\/\/www.visit-ulcinj.com\/blog\/#\/schema\/person\/dcab619c614d3038751c63bc2aadc06d"},"description":"Shodno Zakonu o informisanju molimo da objavite reagovanje na navode, koji sadr\u017ei te\u0161ke kvalifikacije i optu\u017ebe predsjednika Op\u0161tine Ulcinj Nazifa Cungua.","breadcrumb":{"@id":"https:\/\/www.visit-ulcinj.com\/blog\/2012\/07\/02\/morsko-dobro-cungu-lazno-optuzuje\/#breadcrumb"},"inLanguage":"en-US","potentialAction":[{"@type":"ReadAction","target":["https:\/\/www.visit-ulcinj.com\/blog\/2012\/07\/02\/morsko-dobro-cungu-lazno-optuzuje\/"]}]},{"@type":"BreadcrumbList","@id":"https:\/\/www.visit-ulcinj.com\/blog\/2012\/07\/02\/morsko-dobro-cungu-lazno-optuzuje\/#breadcrumb","itemListElement":[{"@type":"ListItem","position":1,"name":"Morsko dobro &#8211; Cungu la\u017eno optu\u017euje &#8211; Video"}]},{"@type":"Person","@id":"https:\/\/www.visit-ulcinj.com\/blog\/#\/schema\/person\/dcab619c614d3038751c63bc2aadc06d","name":"ulqini","sameAs":["http:\/\/www.visit-ulcinj.com"],"url":"https:\/\/www.visit-ulcinj.com\/blog\/author\/admin\/"}]}},"jetpack_featured_media_url":"","jetpack_sharing_enabled":true,"jetpack_shortlink":"https:\/\/wp.me\/pe6lTn-g8k","_links":{"self":[{"href":"https:\/\/www.visit-ulcinj.com\/blog\/wp-json\/wp\/v2\/posts\/62020"}],"collection":[{"href":"https:\/\/www.visit-ulcinj.com\/blog\/wp-json\/wp\/v2\/posts"}],"about":[{"href":"https:\/\/www.visit-ulcinj.com\/blog\/wp-json\/wp\/v2\/types\/post"}],"author":[{"embeddable":true,"href":"https:\/\/www.visit-ulcinj.com\/blog\/wp-json\/wp\/v2\/users\/1"}],"replies":[{"embeddable":true,"href":"https:\/\/www.visit-ulcinj.com\/blog\/wp-json\/wp\/v2\/comments?post=62020"}],"version-history":[{"count":7,"href":"https:\/\/www.visit-ulcinj.com\/blog\/wp-json\/wp\/v2\/posts\/62020\/revisions"}],"predecessor-version":[{"id":62028,"href":"https:\/\/www.visit-ulcinj.com\/blog\/wp-json\/wp\/v2\/posts\/62020\/revisions\/62028"}],"wp:attachment":[{"href":"https:\/\/www.visit-ulcinj.com\/blog\/wp-json\/wp\/v2\/media?parent=62020"}],"wp:term":[{"taxonomy":"category","embeddable":true,"href":"https:\/\/www.visit-ulcinj.com\/blog\/wp-json\/wp\/v2\/categories?post=62020"},{"taxonomy":"post_tag","embeddable":true,"href":"https:\/\/www.visit-ulcinj.com\/blog\/wp-json\/wp\/v2\/tags?post=62020"}],"curies":[{"name":"wp","href":"https:\/\/api.w.org\/{rel}","templated":true}]}}