{"id":62029,"date":"2012-07-02T19:10:12","date_gmt":"2012-07-02T18:10:12","guid":{"rendered":"http:\/\/www.visit-ulcinj.com\/blog\/?p=62029"},"modified":"2012-07-02T19:31:07","modified_gmt":"2012-07-02T18:31:07","slug":"bizneset-kosovare-prezantohen-ne-mal-te-zi","status":"publish","type":"post","link":"https:\/\/www.visit-ulcinj.com\/blog\/2012\/07\/02\/bizneset-kosovare-prezantohen-ne-mal-te-zi\/","title":{"rendered":"Bizneset kosovare prezantohen n\u00eb Mal t\u00eb Zi"},"content":{"rendered":"<p>Bizneset shqiptare kan\u00eb potenciale t\u00eb jasht\u00ebzakonsh\u00ebm. Projekti \u201cJav\u00eb e Biznesit Komb\u00ebtar\u00eb\u201d, u mbajt edhe n\u00eb Mal t\u00eb Zi, konkretisht n\u00eb Ulqin organizuar nga Aleanca e Bizneseve t\u00eb Kosov\u00ebs, ku shum\u00eb prodhues nga t\u00eb gjitha trevat shqiptare ekspozuan prodhimet e tyre para qytetar\u00ebve dhe turist\u00ebve n\u00eb Ulqin.<\/p>\n<p><a href=\"http:\/\/www.visit-ulcinj.com\/blog\/wp-content\/uploads\/2012\/07\/cungo-bizneset-kosovar-mal-te-zi.jpg\"><img loading=\"lazy\" class=\"alignleft size-full wp-image-62030\" title=\"cungo-bizneset-kosovar-mal-te-zi\" src=\"http:\/\/www.visit-ulcinj.com\/blog\/wp-content\/uploads\/2012\/07\/cungo-bizneset-kosovar-mal-te-zi.jpg\" alt=\"\" width=\"403\" height=\"302\" srcset=\"https:\/\/www.visit-ulcinj.com\/blog\/wp-content\/uploads\/2012\/07\/cungo-bizneset-kosovar-mal-te-zi.jpg 403w, https:\/\/www.visit-ulcinj.com\/blog\/wp-content\/uploads\/2012\/07\/cungo-bizneset-kosovar-mal-te-zi-300x224.jpg 300w\" sizes=\"(max-width: 403px) 100vw, 403px\" \/><\/a><\/p>\n<p>Kryetari i AKB-s\u00eb Agim Shahini, tha se projekti \u201cJav\u00ebt e Biznesit Komb\u00ebtar\u201d, \u00ebsht\u00eb nj\u00eb ngjarje kapitale p\u00ebr shqiptar\u00ebt e cila organizohet n\u00eb kuad\u00ebr t\u00eb 100 vjetorit t\u00eb Pavar\u00ebsis\u00eb s\u00eb Shqip\u00ebris\u00eb Aktiviteti ka p\u00ebr q\u00ebllim rritjen, konsumimin dhe bashkimin e prodhuesve shqiptar\u00eb n\u00eb pes\u00eb shtetet ku jetojn\u00eb shqiptar\u00ebt. \u201cJav\u00ebt e Biznesit Komb\u00ebtar\u201d ka gjetur mb\u00ebshtetje nga dy qeverit\u00eb dhe komunat e t\u00eb gjitha trevave shqiptare ku edhe po mbahen aktivitetet.<\/p>\n<p>AKB-ja, po e realizon projektin me q\u00ebllim t\u00eb rritjes s\u00eb konsumit t\u00eb prodhimeve komb\u00ebtare shqiptare dhe rritjes s\u00eb eksportit shqiptar n\u00eb vendet regjionale dhe m\u00eb gjer\u00eb. Po ashtu AKB-ja po promovon vlerat ekonomike kosovare dhe komb\u00ebtare p\u00ebr ngritjen e bashk\u00ebpunimit regjional. \u201cProdhimet jo vet\u00ebm nga Kosova dhe ato shqiptare meritojn\u00eb nj\u00eb trajtim m\u00eb t\u00eb mir\u00eb, si dhe t\u00eb krijoj partneritet me t\u00eb gjith\u00eb afarist\u00ebt e Malit t\u00eb Zi dhe akter\u00ebt tjer\u00eb p\u00ebr p\u00ebrmir\u00ebsimin dhe rritjen e eksportit t\u00eb prodhuesve shqiptar\u201d, tha Shahini.<\/p>\n<p>Sipas tij, Ulqini \u00ebsht\u00eb i njohur p\u00ebr vizitor\u00ebt nga Kosova, por atje tash nj\u00eb koh\u00eb t\u00eb gjat\u00eb mungojn\u00eb prodhime dhe sh\u00ebrbimet tona. Kjo \u00e7\u00ebshtje \u00ebsht\u00eb ngritur edhe n\u00eb nivel qeveritar n\u00eb Mal t\u00eb zi nga AKB-ja dhe ka gjetur p\u00ebrkrahjen e dy qeverive dhe po realizohet sivjet si pilot -projekt n\u00eb Ulqin me q\u00ebllim t\u00eb promovimit t\u00eb p\u00ebrpjekjeve p\u00ebr rritjen e eksportit n\u00eb drejtim bilateral. Kreu i AKB-s\u00eb shtoi se ky \u00ebsht\u00eb nj\u00eb test sesa qytetar\u00ebt e k\u00ebtij vendi jan\u00eb t\u00eb gatsh\u00ebm q\u00eb ti konsumojn\u00eb prodhimet Made in Kosova.<\/p>\n<p>Nazif Cungu, kryetar i Komun\u00ebs s\u00eb Ulqinit, tha se ndihen shum\u00eb t\u00eb k\u00ebnaqur q\u00eb Ulqini \u00ebsht\u00eb nikoqir i k\u00ebtij aktiviteti kaq t\u00eb madhe dhe t\u00eb r\u00ebnd\u00ebsish\u00ebm p\u00ebr biznesin komb\u00ebtar. \u201cJav\u00ebt e Biznesit Komb\u00ebtar me aktivitet q\u00eb kaluan kufijt\u00eb e shteteve duke u ngritur n\u00eb nivel komb\u00ebtar, mbeten jo vet\u00ebm ngjarja m\u00eb r\u00ebnd\u00ebsishme e bashk\u00ebpunimit ekonomik, por edhe nj\u00eb perspektive p\u00ebr unifikimin e tregjeve\u201d, tha Cungu.<\/p>\n<p>Kreu i Ulqinit shtoi se bizneset nga Shqip\u00ebria, Kosova, Maqedonia, Mali i Zi e Lugina e Preshev\u00ebs jan\u00eb mbledhur p\u00ebr t\u00eb evidentuar dhe promovuar potencialin e jasht\u00ebzakonsh\u00ebm q\u00eb kan\u00eb. Sipas tij duhet t\u00eb jepet nj\u00eb mesazh t\u00eb qart\u00eb p\u00ebr r\u00ebnd\u00ebsin\u00eb dhe vet\u00ebdijen p\u00ebr bashkimin e tregjeve shqiptare. \u201cRruga p\u00ebr integrime evropiane detyrimisht kalon nga rruga e integrimeve rajonale dhe k\u00ebtu pos q\u00eb po krijojm\u00eb kushte p\u00ebr integrimin e biznesit, por krijojm\u00eb parakushte edhe p\u00ebr vendet tona n\u00eb rrug\u00ebn e integrimeve ekonomike evropiane\u201d, tha kryetari Nazif Cungu.<\/p>\n<p>Sipas tij bashk\u00ebpunimi n\u00eb mes bizneseve shqiptare mund te jet\u00eb edhe nj\u00eb shans i mir\u00eb i investimeve t\u00eb p\u00ebrbashk\u00ebta p\u00ebr zhvillimin e vendeve. Kryetari ftoi investitor\u00ebt shqiptar\u00eb q\u00eb t\u00eb investojn\u00eb bashk\u00ebrisht n\u00eb Ulqin. Bashk\u00ebpunimi n\u00eb mes t\u00eb bizneseve mund t\u00eb jet\u00eb edhe nj\u00eb shans i mir\u00eb i investimeve t\u00eb p\u00ebrbashk\u00ebta p\u00ebr zhvillimin ekonomik. Vler\u00ebsime t\u00eb mira dhan\u00eb edhe kryetari i Komun\u00ebs s\u00eb Preshev\u00ebs Ragmi Mustafa, kryetar i K\u00ebshillit t\u00eb Agrobiznesit Shqiptar Enver Ferizaj dhe kryetari i Od\u00ebs Veriper\u00ebndimore t\u00eb Maqedonis\u00eb, Menders Kuqi.<\/p>\n","protected":false},"excerpt":{"rendered":"<p>Bizneset shqiptare kan\u00eb potenciale t\u00eb jasht\u00ebzakonsh\u00ebm. Projekti \u201cJav\u00eb e Biznesit Komb\u00ebtar\u00eb\u201d, u mbajt edhe n\u00eb Mal t\u00eb Zi, konkretisht n\u00eb Ulqin organizuar nga Aleanca e Bizneseve t\u00eb Kosov\u00ebs, ku shum\u00eb prodhues nga t\u00eb gjitha trevat shqiptare ekspozuan prodhimet e tyre para qytetar\u00ebve dhe turist\u00ebve n\u00eb Ulqin. Kryetari i AKB-s\u00eb Agim Shahini, tha se projekti \u201cJav\u00ebt [&hellip;]<\/p>\n","protected":false},"author":1,"featured_media":0,"comment_status":"open","ping_status":"closed","sticky":false,"template":"","format":"standard","meta":{"spay_email":"","jetpack_publicize_message":"","jetpack_is_tweetstorm":false,"jetpack_publicize_feature_enabled":true},"categories":[1],"tags":[2608,118],"jetpack_publicize_connections":[],"yoast_head":"<!-- This site is optimized with the Yoast SEO plugin v19.1 - https:\/\/yoast.com\/wordpress\/plugins\/seo\/ -->\n<title>Bizneset kosovare prezantohen n\u00eb Mal t\u00eb Zi - Lajme nga Ulqini<\/title>\n<meta name=\"description\" content=\"Bizneset shqiptare kan\u00eb potenciale t\u00eb jasht\u00ebzakonsh\u00ebm. Projekti \u201cJav\u00eb e Biznesit Komb\u00ebtar\u00eb\u201d, u mbajt edhe n\u00eb Mal t\u00eb Zi, konkretisht n\u00eb Ulqin organizuar\" \/>\n<meta name=\"robots\" content=\"index, follow, max-snippet:-1, max-image-preview:large, max-video-preview:-1\" \/>\n<link rel=\"canonical\" href=\"https:\/\/www.visit-ulcinj.com\/blog\/2012\/07\/02\/bizneset-kosovare-prezantohen-ne-mal-te-zi\/\" \/>\n<meta property=\"og:locale\" content=\"en_US\" \/>\n<meta property=\"og:type\" content=\"article\" \/>\n<meta property=\"og:title\" content=\"Bizneset kosovare prezantohen n\u00eb Mal t\u00eb Zi - Lajme nga Ulqini\" \/>\n<meta property=\"og:description\" content=\"Bizneset shqiptare kan\u00eb potenciale t\u00eb jasht\u00ebzakonsh\u00ebm. Projekti \u201cJav\u00eb e Biznesit Komb\u00ebtar\u00eb\u201d, u mbajt edhe n\u00eb Mal t\u00eb Zi, konkretisht n\u00eb Ulqin organizuar\" \/>\n<meta property=\"og:url\" content=\"https:\/\/www.visit-ulcinj.com\/blog\/2012\/07\/02\/bizneset-kosovare-prezantohen-ne-mal-te-zi\/\" \/>\n<meta property=\"og:site_name\" content=\"Lajme nga Ulqini\" \/>\n<meta property=\"article:published_time\" content=\"2012-07-02T18:10:12+00:00\" \/>\n<meta property=\"article:modified_time\" content=\"2012-07-02T18:31:07+00:00\" \/>\n<meta property=\"og:image\" content=\"http:\/\/www.visit-ulcinj.com\/blog\/wp-content\/uploads\/2012\/07\/cungo-bizneset-kosovar-mal-te-zi.jpg\" \/>\n<meta name=\"twitter:label1\" content=\"Written by\" \/>\n\t<meta name=\"twitter:data1\" content=\"ulqini\" \/>\n\t<meta name=\"twitter:label2\" content=\"Est. reading time\" \/>\n\t<meta name=\"twitter:data2\" content=\"3 minutes\" \/>\n<script type=\"application\/ld+json\" class=\"yoast-schema-graph\">{\"@context\":\"https:\/\/schema.org\",\"@graph\":[{\"@type\":\"WebSite\",\"@id\":\"https:\/\/www.visit-ulcinj.com\/blog\/#website\",\"url\":\"https:\/\/www.visit-ulcinj.com\/blog\/\",\"name\":\"Lajme nga Ulqini\",\"description\":\"Lajme,Vijesti,Ulqini,Ulqin,Crna Gora,Mali i Zi\",\"potentialAction\":[{\"@type\":\"SearchAction\",\"target\":{\"@type\":\"EntryPoint\",\"urlTemplate\":\"https:\/\/www.visit-ulcinj.com\/blog\/?s={search_term_string}\"},\"query-input\":\"required name=search_term_string\"}],\"inLanguage\":\"en-US\"},{\"@type\":\"ImageObject\",\"inLanguage\":\"en-US\",\"@id\":\"https:\/\/www.visit-ulcinj.com\/blog\/2012\/07\/02\/bizneset-kosovare-prezantohen-ne-mal-te-zi\/#primaryimage\",\"url\":\"https:\/\/www.visit-ulcinj.com\/blog\/wp-content\/uploads\/2012\/07\/cungo-bizneset-kosovar-mal-te-zi.jpg\",\"contentUrl\":\"https:\/\/www.visit-ulcinj.com\/blog\/wp-content\/uploads\/2012\/07\/cungo-bizneset-kosovar-mal-te-zi.jpg\",\"width\":\"403\",\"height\":\"302\"},{\"@type\":\"WebPage\",\"@id\":\"https:\/\/www.visit-ulcinj.com\/blog\/2012\/07\/02\/bizneset-kosovare-prezantohen-ne-mal-te-zi\/#webpage\",\"url\":\"https:\/\/www.visit-ulcinj.com\/blog\/2012\/07\/02\/bizneset-kosovare-prezantohen-ne-mal-te-zi\/\",\"name\":\"Bizneset kosovare prezantohen n\u00eb Mal t\u00eb Zi - Lajme nga Ulqini\",\"isPartOf\":{\"@id\":\"https:\/\/www.visit-ulcinj.com\/blog\/#website\"},\"primaryImageOfPage\":{\"@id\":\"https:\/\/www.visit-ulcinj.com\/blog\/2012\/07\/02\/bizneset-kosovare-prezantohen-ne-mal-te-zi\/#primaryimage\"},\"datePublished\":\"2012-07-02T18:10:12+00:00\",\"dateModified\":\"2012-07-02T18:31:07+00:00\",\"author\":{\"@id\":\"https:\/\/www.visit-ulcinj.com\/blog\/#\/schema\/person\/dcab619c614d3038751c63bc2aadc06d\"},\"description\":\"Bizneset shqiptare kan\u00eb potenciale t\u00eb jasht\u00ebzakonsh\u00ebm. Projekti \u201cJav\u00eb e Biznesit Komb\u00ebtar\u00eb\u201d, u mbajt edhe n\u00eb Mal t\u00eb Zi, konkretisht n\u00eb Ulqin organizuar\",\"breadcrumb\":{\"@id\":\"https:\/\/www.visit-ulcinj.com\/blog\/2012\/07\/02\/bizneset-kosovare-prezantohen-ne-mal-te-zi\/#breadcrumb\"},\"inLanguage\":\"en-US\",\"potentialAction\":[{\"@type\":\"ReadAction\",\"target\":[\"https:\/\/www.visit-ulcinj.com\/blog\/2012\/07\/02\/bizneset-kosovare-prezantohen-ne-mal-te-zi\/\"]}]},{\"@type\":\"BreadcrumbList\",\"@id\":\"https:\/\/www.visit-ulcinj.com\/blog\/2012\/07\/02\/bizneset-kosovare-prezantohen-ne-mal-te-zi\/#breadcrumb\",\"itemListElement\":[{\"@type\":\"ListItem\",\"position\":1,\"name\":\"Bizneset kosovare prezantohen n\u00eb Mal t\u00eb Zi\"}]},{\"@type\":\"Person\",\"@id\":\"https:\/\/www.visit-ulcinj.com\/blog\/#\/schema\/person\/dcab619c614d3038751c63bc2aadc06d\",\"name\":\"ulqini\",\"sameAs\":[\"http:\/\/www.visit-ulcinj.com\"],\"url\":\"https:\/\/www.visit-ulcinj.com\/blog\/author\/admin\/\"}]}<\/script>\n<!-- \/ Yoast SEO plugin. -->","yoast_head_json":{"title":"Bizneset kosovare prezantohen n\u00eb Mal t\u00eb Zi - Lajme nga Ulqini","description":"Bizneset shqiptare kan\u00eb potenciale t\u00eb jasht\u00ebzakonsh\u00ebm. Projekti \u201cJav\u00eb e Biznesit Komb\u00ebtar\u00eb\u201d, u mbajt edhe n\u00eb Mal t\u00eb Zi, konkretisht n\u00eb Ulqin organizuar","robots":{"index":"index","follow":"follow","max-snippet":"max-snippet:-1","max-image-preview":"max-image-preview:large","max-video-preview":"max-video-preview:-1"},"canonical":"https:\/\/www.visit-ulcinj.com\/blog\/2012\/07\/02\/bizneset-kosovare-prezantohen-ne-mal-te-zi\/","og_locale":"en_US","og_type":"article","og_title":"Bizneset kosovare prezantohen n\u00eb Mal t\u00eb Zi - Lajme nga Ulqini","og_description":"Bizneset shqiptare kan\u00eb potenciale t\u00eb jasht\u00ebzakonsh\u00ebm. Projekti \u201cJav\u00eb e Biznesit Komb\u00ebtar\u00eb\u201d, u mbajt edhe n\u00eb Mal t\u00eb Zi, konkretisht n\u00eb Ulqin organizuar","og_url":"https:\/\/www.visit-ulcinj.com\/blog\/2012\/07\/02\/bizneset-kosovare-prezantohen-ne-mal-te-zi\/","og_site_name":"Lajme nga Ulqini","article_published_time":"2012-07-02T18:10:12+00:00","article_modified_time":"2012-07-02T18:31:07+00:00","og_image":[{"url":"http:\/\/www.visit-ulcinj.com\/blog\/wp-content\/uploads\/2012\/07\/cungo-bizneset-kosovar-mal-te-zi.jpg"}],"twitter_misc":{"Written by":"ulqini","Est. reading time":"3 minutes"},"schema":{"@context":"https:\/\/schema.org","@graph":[{"@type":"WebSite","@id":"https:\/\/www.visit-ulcinj.com\/blog\/#website","url":"https:\/\/www.visit-ulcinj.com\/blog\/","name":"Lajme nga Ulqini","description":"Lajme,Vijesti,Ulqini,Ulqin,Crna Gora,Mali i Zi","potentialAction":[{"@type":"SearchAction","target":{"@type":"EntryPoint","urlTemplate":"https:\/\/www.visit-ulcinj.com\/blog\/?s={search_term_string}"},"query-input":"required name=search_term_string"}],"inLanguage":"en-US"},{"@type":"ImageObject","inLanguage":"en-US","@id":"https:\/\/www.visit-ulcinj.com\/blog\/2012\/07\/02\/bizneset-kosovare-prezantohen-ne-mal-te-zi\/#primaryimage","url":"https:\/\/www.visit-ulcinj.com\/blog\/wp-content\/uploads\/2012\/07\/cungo-bizneset-kosovar-mal-te-zi.jpg","contentUrl":"https:\/\/www.visit-ulcinj.com\/blog\/wp-content\/uploads\/2012\/07\/cungo-bizneset-kosovar-mal-te-zi.jpg","width":"403","height":"302"},{"@type":"WebPage","@id":"https:\/\/www.visit-ulcinj.com\/blog\/2012\/07\/02\/bizneset-kosovare-prezantohen-ne-mal-te-zi\/#webpage","url":"https:\/\/www.visit-ulcinj.com\/blog\/2012\/07\/02\/bizneset-kosovare-prezantohen-ne-mal-te-zi\/","name":"Bizneset kosovare prezantohen n\u00eb Mal t\u00eb Zi - Lajme nga Ulqini","isPartOf":{"@id":"https:\/\/www.visit-ulcinj.com\/blog\/#website"},"primaryImageOfPage":{"@id":"https:\/\/www.visit-ulcinj.com\/blog\/2012\/07\/02\/bizneset-kosovare-prezantohen-ne-mal-te-zi\/#primaryimage"},"datePublished":"2012-07-02T18:10:12+00:00","dateModified":"2012-07-02T18:31:07+00:00","author":{"@id":"https:\/\/www.visit-ulcinj.com\/blog\/#\/schema\/person\/dcab619c614d3038751c63bc2aadc06d"},"description":"Bizneset shqiptare kan\u00eb potenciale t\u00eb jasht\u00ebzakonsh\u00ebm. Projekti \u201cJav\u00eb e Biznesit Komb\u00ebtar\u00eb\u201d, u mbajt edhe n\u00eb Mal t\u00eb Zi, konkretisht n\u00eb Ulqin organizuar","breadcrumb":{"@id":"https:\/\/www.visit-ulcinj.com\/blog\/2012\/07\/02\/bizneset-kosovare-prezantohen-ne-mal-te-zi\/#breadcrumb"},"inLanguage":"en-US","potentialAction":[{"@type":"ReadAction","target":["https:\/\/www.visit-ulcinj.com\/blog\/2012\/07\/02\/bizneset-kosovare-prezantohen-ne-mal-te-zi\/"]}]},{"@type":"BreadcrumbList","@id":"https:\/\/www.visit-ulcinj.com\/blog\/2012\/07\/02\/bizneset-kosovare-prezantohen-ne-mal-te-zi\/#breadcrumb","itemListElement":[{"@type":"ListItem","position":1,"name":"Bizneset kosovare prezantohen n\u00eb Mal t\u00eb Zi"}]},{"@type":"Person","@id":"https:\/\/www.visit-ulcinj.com\/blog\/#\/schema\/person\/dcab619c614d3038751c63bc2aadc06d","name":"ulqini","sameAs":["http:\/\/www.visit-ulcinj.com"],"url":"https:\/\/www.visit-ulcinj.com\/blog\/author\/admin\/"}]}},"jetpack_featured_media_url":"","jetpack_sharing_enabled":true,"jetpack_shortlink":"https:\/\/wp.me\/pe6lTn-g8t","_links":{"self":[{"href":"https:\/\/www.visit-ulcinj.com\/blog\/wp-json\/wp\/v2\/posts\/62029"}],"collection":[{"href":"https:\/\/www.visit-ulcinj.com\/blog\/wp-json\/wp\/v2\/posts"}],"about":[{"href":"https:\/\/www.visit-ulcinj.com\/blog\/wp-json\/wp\/v2\/types\/post"}],"author":[{"embeddable":true,"href":"https:\/\/www.visit-ulcinj.com\/blog\/wp-json\/wp\/v2\/users\/1"}],"replies":[{"embeddable":true,"href":"https:\/\/www.visit-ulcinj.com\/blog\/wp-json\/wp\/v2\/comments?post=62029"}],"version-history":[{"count":3,"href":"https:\/\/www.visit-ulcinj.com\/blog\/wp-json\/wp\/v2\/posts\/62029\/revisions"}],"predecessor-version":[{"id":62032,"href":"https:\/\/www.visit-ulcinj.com\/blog\/wp-json\/wp\/v2\/posts\/62029\/revisions\/62032"}],"wp:attachment":[{"href":"https:\/\/www.visit-ulcinj.com\/blog\/wp-json\/wp\/v2\/media?parent=62029"}],"wp:term":[{"taxonomy":"category","embeddable":true,"href":"https:\/\/www.visit-ulcinj.com\/blog\/wp-json\/wp\/v2\/categories?post=62029"},{"taxonomy":"post_tag","embeddable":true,"href":"https:\/\/www.visit-ulcinj.com\/blog\/wp-json\/wp\/v2\/tags?post=62029"}],"curies":[{"name":"wp","href":"https:\/\/api.w.org\/{rel}","templated":true}]}}