{"id":62036,"date":"2012-07-04T18:11:19","date_gmt":"2012-07-04T17:11:19","guid":{"rendered":"http:\/\/www.visit-ulcinj.com\/blog\/?p=62036"},"modified":"2012-07-07T00:18:19","modified_gmt":"2012-07-06T23:18:19","slug":"reagimi-i-cungut-ndaj-deklarates-te-selim-resulbegoviqit","status":"publish","type":"post","link":"https:\/\/www.visit-ulcinj.com\/blog\/2012\/07\/04\/reagimi-i-cungut-ndaj-deklarates-te-selim-resulbegoviqit\/","title":{"rendered":"Reagimi i Cungut ndaj deklarates te Selim Resulbegoviqit"},"content":{"rendered":"<p><strong><a href=\"http:\/\/www.visit-ulcinj.com\/blog\/wp-content\/uploads\/2012\/07\/komuna-ulqinit-nazif-cungu.jpg\"><img loading=\"lazy\" class=\"alignleft  wp-image-62044\" title=\"komuna ulqinit nazif cungu\" src=\"http:\/\/www.visit-ulcinj.com\/blog\/wp-content\/uploads\/2012\/07\/komuna-ulqinit-nazif-cungu.jpg\" alt=\"\" width=\"508\" height=\"360\" \/><\/a>Reagimi \u00a0n\u00eb deklarat\u00ebn e Selim Resulbegoviqit, Kryetarit t\u00eb PSD t\u00eb Ulqinit, n\u00ebnkryetarit t\u00eb Komun\u00ebs s\u00eb Ulqinit dhe an\u00ebtarit t\u00eb K\u00ebshillit drejtues t\u00eb NP Morsko dobro.<\/strong><\/p>\n<p>K\u00ebrkesa e ime, si Kryetari i Komun\u00ebs s\u00eb Ulqinit, p\u00ebr p\u00ebrfshirjen e lokalitetit t\u00eb Moles s\u00eb Madhe n\u00eb Programin e t\u00eb Mirave detare \u00ebsht\u00eb p\u00ebrpunuar nga Sekretariati p\u00ebr Urbaniz\u00ebm i Komun\u00ebs s\u00eb Ulqinit, k\u00ebshtu q\u00eb, nuk q\u00ebndrojn\u00eb vler\u00ebsimet se Kryetari i Komun\u00ebs punon vet\u00eb dhe si t\u2019i teket atij. P\u00ebrfshirja e lokalitetit t\u00eb Moles s\u00eb Madhe n\u00eb Programin e t\u00eb Mirave detare nuk do t\u00eb thot\u00eb se \u00ebsht\u00eb p\u00ebrcaktuar shfryt\u00ebzuesi i k\u00ebtij lokaliteti, sepse kjo p\u00ebrcaktohet me tender (ankand) dhe kjo b\u00ebhet nga ana e NP Morsko Dobro. Pik\u00ebrisht\u00a0 kjo i ka sh\u00ebrbyer z. Resulbegoviqit p\u00ebr arsyetim t\u00eb vendimit t\u00eb paligjsh\u00ebm dhe pa p\u00eblqimin \u00a0e Komun\u00ebs s\u00eb Ulqinit p\u00ebr lokacionet e p\u00ebrkohshme, q\u00eb e kan\u00eb aprovu Morsko dobro dhe Ministria n\u00eb qershor t\u00eb k\u00ebtij viti.\u00a0 Me k\u00ebt\u00eb\u00a0 vendim nuk mund t\u00eb arsyetohet nd\u00ebrtimi i paligjsh\u00ebm n\u00eb k\u00ebto dhe n\u00eb lokalitetet tjera t\u00eb komun\u00ebs s\u00eb Ulqinit, dhe posa\u00e7\u00ebrisht jo \u00a0n\u00eb hyrje t\u00eb Plazhit t\u00eb Vog\u00ebl, ku po vazhdojn\u00eb punimet pa e marr\u00eb objektin me tenderim dhe pa lejen e Komun\u00ebs, \u00e7ka do t\u00eb thot\u00eb, plot\u00ebsisht \u00a0paligjsh\u00ebm.<\/p>\n<p>Tashm\u00eb e kan\u00eb t\u00eb qart\u00eb t\u00eb gjith\u00eb, jo vet\u00ebm n\u00eb Ulqin, por edhe n\u00eb Mal t\u00eb Zi dhe m\u00eb gj\u00ebr\u00eb, se NP Morsko dobro \u00ebsht\u00eb pozicionuar si institucion suprem mbi Komun\u00ebn\u00a0 e Ulqinit, dhe vite me radh\u00eb diskriminon Komun\u00ebn ton\u00eb. I nxitur nga ky parim, \u00ebsht\u00eb vendosur linja e kufirit t\u00eb t\u00eb mirave detare pa presedan n\u00eb praktik\u00ebn e shteteve t\u00eb civilizuara evropiane. Plot dy dekada kjo Nd\u00ebrmarrje publike vendos se ku do t\u00eb nd\u00ebrtohet n\u00eb k\u00ebt\u00eb zon\u00eb, dhe k\u00ebt\u00eb e b\u00ebn pa pyetur Komun\u00ebn e Ulqinit. Nd\u00ebrkoh\u00eb n\u00eb K\u00ebshillin drejtues t\u00eb k\u00ebsaj nd\u00ebrmarrje \u00ebsht\u00eb zot\u00ebri Resulbegoviq, q\u00eb qytetar\u00ebt e njohin sipas aft\u00ebsive dhe rezultateve t\u00eb tija, gjithnj\u00eb t\u00eb motivuara me q\u00ebndrimin \u201ct\u00eb jesh me pushtetin\u201d, si me at\u00eb t\u00eb kaluarin ashtu dhe me t\u00eb tashmin, dhe k\u00ebshtu arrin rezultate t\u00eb \u201cspikatura e t\u00eb m\u00ebdha\u201d, jo vet\u00ebm sot por gjithmon\u00eb.\u00a0 P\u00ebr shkak t\u00eb ruajtjes s\u00eb dinjitetit nuk do t\u00eb p\u00ebrdor shprehjen adekuate p\u00ebr sjellje t\u00eb tilla.<\/p>\n<p>Interesat e kujt i p\u00ebrfaq\u00ebson ai n\u00eb K\u00ebshillin drejtues t\u00eb NP MD? Dhe pyetje e posa\u00e7me dhe qensore \u00ebsht\u00eb kush e ka deleguar dhe k\u00eb p\u00ebrfaq\u00ebson n\u00eb at\u00eb K\u00ebshill drejtues? Me siguri jo qytetar\u00ebt e Ulqinit q\u00eb e p\u00ebrjetojn\u00eb diskriminimin, por dikush tjet\u00ebr.<\/p>\n<p>Jam i sigurt se as njoh\u00ebsit m\u00eb t\u00eb mir\u00eb nuk kujtohen se ka kritikuar ndonj\u00ebher\u00eb publikisht politik\u00ebn q\u00eb ndiqet p\u00ebrmes k\u00ebsaj Nd\u00ebrmarrje, ose t\u00eb ket\u00eb th\u00ebn\u00eb di\u00e7ka n\u00eb interes t\u00eb qytetar\u00ebve, sepse ai me k\u00ebt\u00eb do t\u00eb rrezikonte t\u00eb ardhurat e majme q\u00eb ka nga kjo Nd\u00ebrmarrje. Dhe gjat\u00eb gjith\u00eb k\u00ebsaj kohe ai i jep legjitimitet diskriminimit t\u00eb Ulqinit nga kjo Nd\u00ebrmarrje dhe mund\u00ebson q\u00eb, nga shfryt\u00ebzimi i pron\u00ebs publike n\u00eb m\u00ebnyr\u00eb t\u00eb paligjshme t\u00eb pasurohen disa individ\u00eb. Nga m\u00eb se 30 persona t\u00eb pun\u00ebsuar n\u00eb kt\u00eb nd\u00ebrmarrje, nga Ulqini jan\u00eb t\u00eb pun\u00ebsuar vet\u00ebm dy n\u00ebpun\u00ebs, dhe q\u00eb t\u00eb dy nga radh\u00ebt e Partis\u00eb socialdemokrate. Qeverisja yn\u00eb vendore do t\u00eb nd\u00ebrmarr \u00e7\u2019\u00ebsht\u00eb e mundur p\u00ebr mbrojtjen e interesave t\u00eb Komun\u00ebs dhe nuk do t\u00eb toleroj\u00eb k\u00ebto sjellje t\u00eb Nd\u00ebrmarrjes MD.<\/p>\n<p>P\u00ebr at\u00eb arsye, k\u00ebtu nuk ka kurrfar\u00eb afere t\u00eb konstruktuar, por vet\u00ebm zbardhje t\u00eb veprimeve t\u00eb dirigjuara p\u00ebr t\u00eb cilat nj\u00eb person g\u00ebzon privilegje qe 20 vite. Dhe \u00e7uditemi si nj\u00eb urbanist i zoti nuk e ka v\u00ebrejtur se objektet n\u00eb hyrje t\u00eb Plazhit do t\u00eb preknin ambientin tani t\u00eb zbukuruar t\u00eb k\u00ebtij lokaliteti ekskluziv.<\/p>\n<p>Ky pushtet vendor i p\u00ebrfaq\u00ebsuar nga Kryetari i Komun\u00ebs nuk do t\u00eb pranoj\u00eb vendimet autoritare t\u00eb k\u00ebtij lloji q\u00eb na n\u00ebn\u00e7mojn\u00eb si komunitet, qoft\u00eb nga NP MD qoft\u00eb nga Ministria, sepse ne d\u00ebshirojm\u00eb t\u00eb mbrojm\u00eb dinjitetin e Komun\u00ebs dhe jo interesat e rretheve t\u00eb ngushta t\u00eb njer\u00ebzve t\u00eb af\u00ebrm me pushtetin.<\/p>\n<p>Mund\u00ebsit\u00eb e Kryetarit t\u00eb Komun\u00ebs jan\u00eb t\u00eb kufizuara kur bashk\u00ebpun\u00ebtor\u00ebt m\u00eb t\u00eb af\u00ebrt nuk\u00a0\u00a0 p\u00ebrqendrohen n\u00eb pun\u00ebn p\u00ebr t\u00eb cil\u00ebn jan\u00eb t\u00eb paguar, por merren me aktivitete p\u00ebr interese tjera.<\/p>\n<p>Kemi tentuar t\u00eb shikojm\u00eb drejt t\u00eb ardhmes dhe t\u00eb mos t\u00eb ngelemi peng t\u00eb eksperienc\u00ebs s\u00eb hidhur me t\u00eb Mirat detare n\u00eb t\u00eb kaluar\u00ebn. Veprimet e z. Resulbegoviqit nuk m\u00eb lejojn\u00eb t\u00eb kem konsiderata t\u00eb m\u00ebtejshme dhe kam vendosur t\u00eb k\u00ebrkoj t\u00eb hulumtohen parregullsit\u00eb n\u00eb veprimtarit\u00eb e m\u00ebparshme dhe t\u00eb merren masa adekuate.<\/p>\n<p>Presim q\u00eb zot\u00ebri Resulbegoviq pas k\u00ebsaj\u00eb deklarate t\u00eb reagoj\u00eb n\u00eb m\u00ebnyr\u00eb korrekte, dhe t\u00eb filloj\u00eb nj\u00eb faz\u00eb e re n\u00eb raportet tona, dhe n\u00eb qendrimet e tija, q\u00eb do t\u00eb karakterizohet me dh\u00ebnien e prioritetit\u00a0 interesave t\u00eb Komun\u00ebs.<\/p>\n<p><strong>Mund\u00ebsia p\u00ebr t\u00eb vazhduar ekziston dhe \u00ebsht\u00eb vet\u00ebm nj\u00eb; t\u00eb nderohet dhe t\u00eb zbatohet ligji. <\/strong>Ne te kunderten, z. Resulbegoviqi do ta eliminojne veten nga ekipi i sukseshem i administrat\u00ebs lokale. <strong><\/strong><\/p>\n","protected":false},"excerpt":{"rendered":"<p>Reagimi \u00a0n\u00eb deklarat\u00ebn e Selim Resulbegoviqit, Kryetarit t\u00eb PSD t\u00eb Ulqinit, n\u00ebnkryetarit t\u00eb Komun\u00ebs s\u00eb Ulqinit dhe an\u00ebtarit t\u00eb K\u00ebshillit drejtues t\u00eb NP Morsko dobro. K\u00ebrkesa e ime, si Kryetari i Komun\u00ebs s\u00eb Ulqinit, p\u00ebr p\u00ebrfshirjen e lokalitetit t\u00eb Moles s\u00eb Madhe n\u00eb Programin e t\u00eb Mirave detare \u00ebsht\u00eb p\u00ebrpunuar nga Sekretariati p\u00ebr Urbaniz\u00ebm i [&hellip;]<\/p>\n","protected":false},"author":1,"featured_media":0,"comment_status":"open","ping_status":"closed","sticky":false,"template":"","format":"standard","meta":{"spay_email":"","jetpack_publicize_message":"","jetpack_is_tweetstorm":false,"jetpack_publicize_feature_enabled":true},"categories":[6,11],"tags":[],"jetpack_publicize_connections":[],"yoast_head":"<!-- This site is optimized with the Yoast SEO plugin v19.1 - https:\/\/yoast.com\/wordpress\/plugins\/seo\/ -->\n<title>Reagimi i Cungut ndaj deklarates te Selim Resulbegoviqit - Lajme nga Ulqini<\/title>\n<meta name=\"description\" content=\"Reagimi \u00a0n\u00eb deklarat\u00ebn e Selim Resulbegoviqit, Kryetarit t\u00eb PSD t\u00eb Ulqinit, n\u00ebnkryetarit t\u00eb Komun\u00ebs s\u00eb Ulqinit dhe an\u00ebtarit t\u00eb K\u00ebshillit drejtues t\u00eb NP\" \/>\n<meta name=\"robots\" content=\"index, follow, max-snippet:-1, max-image-preview:large, max-video-preview:-1\" \/>\n<link rel=\"canonical\" href=\"https:\/\/www.visit-ulcinj.com\/blog\/2012\/07\/04\/reagimi-i-cungut-ndaj-deklarates-te-selim-resulbegoviqit\/\" \/>\n<meta property=\"og:locale\" content=\"en_US\" \/>\n<meta property=\"og:type\" content=\"article\" \/>\n<meta property=\"og:title\" content=\"Reagimi i Cungut ndaj deklarates te Selim Resulbegoviqit - Lajme nga Ulqini\" \/>\n<meta property=\"og:description\" content=\"Reagimi \u00a0n\u00eb deklarat\u00ebn e Selim Resulbegoviqit, Kryetarit t\u00eb PSD t\u00eb Ulqinit, n\u00ebnkryetarit t\u00eb Komun\u00ebs s\u00eb Ulqinit dhe an\u00ebtarit t\u00eb K\u00ebshillit drejtues t\u00eb NP\" \/>\n<meta property=\"og:url\" content=\"https:\/\/www.visit-ulcinj.com\/blog\/2012\/07\/04\/reagimi-i-cungut-ndaj-deklarates-te-selim-resulbegoviqit\/\" \/>\n<meta property=\"og:site_name\" content=\"Lajme nga Ulqini\" \/>\n<meta property=\"article:published_time\" content=\"2012-07-04T17:11:19+00:00\" \/>\n<meta property=\"article:modified_time\" content=\"2012-07-06T23:18:19+00:00\" \/>\n<meta property=\"og:image\" content=\"http:\/\/www.visit-ulcinj.com\/blog\/wp-content\/uploads\/2012\/07\/komuna-ulqinit-nazif-cungu.jpg\" \/>\n<meta name=\"twitter:label1\" content=\"Written by\" \/>\n\t<meta name=\"twitter:data1\" content=\"ulqini\" \/>\n\t<meta name=\"twitter:label2\" content=\"Est. reading time\" \/>\n\t<meta name=\"twitter:data2\" content=\"5 minutes\" \/>\n<script type=\"application\/ld+json\" class=\"yoast-schema-graph\">{\"@context\":\"https:\/\/schema.org\",\"@graph\":[{\"@type\":\"WebSite\",\"@id\":\"https:\/\/www.visit-ulcinj.com\/blog\/#website\",\"url\":\"https:\/\/www.visit-ulcinj.com\/blog\/\",\"name\":\"Lajme nga Ulqini\",\"description\":\"Lajme,Vijesti,Ulqini,Ulqin,Crna Gora,Mali i Zi\",\"potentialAction\":[{\"@type\":\"SearchAction\",\"target\":{\"@type\":\"EntryPoint\",\"urlTemplate\":\"https:\/\/www.visit-ulcinj.com\/blog\/?s={search_term_string}\"},\"query-input\":\"required name=search_term_string\"}],\"inLanguage\":\"en-US\"},{\"@type\":\"ImageObject\",\"inLanguage\":\"en-US\",\"@id\":\"https:\/\/www.visit-ulcinj.com\/blog\/2012\/07\/04\/reagimi-i-cungut-ndaj-deklarates-te-selim-resulbegoviqit\/#primaryimage\",\"url\":\"https:\/\/www.visit-ulcinj.com\/blog\/wp-content\/uploads\/2012\/07\/komuna-ulqinit-nazif-cungu.jpg\",\"contentUrl\":\"https:\/\/www.visit-ulcinj.com\/blog\/wp-content\/uploads\/2012\/07\/komuna-ulqinit-nazif-cungu.jpg\",\"width\":\"1000\",\"height\":\"662\"},{\"@type\":\"WebPage\",\"@id\":\"https:\/\/www.visit-ulcinj.com\/blog\/2012\/07\/04\/reagimi-i-cungut-ndaj-deklarates-te-selim-resulbegoviqit\/#webpage\",\"url\":\"https:\/\/www.visit-ulcinj.com\/blog\/2012\/07\/04\/reagimi-i-cungut-ndaj-deklarates-te-selim-resulbegoviqit\/\",\"name\":\"Reagimi i Cungut ndaj deklarates te Selim Resulbegoviqit - Lajme nga Ulqini\",\"isPartOf\":{\"@id\":\"https:\/\/www.visit-ulcinj.com\/blog\/#website\"},\"primaryImageOfPage\":{\"@id\":\"https:\/\/www.visit-ulcinj.com\/blog\/2012\/07\/04\/reagimi-i-cungut-ndaj-deklarates-te-selim-resulbegoviqit\/#primaryimage\"},\"datePublished\":\"2012-07-04T17:11:19+00:00\",\"dateModified\":\"2012-07-06T23:18:19+00:00\",\"author\":{\"@id\":\"https:\/\/www.visit-ulcinj.com\/blog\/#\/schema\/person\/dcab619c614d3038751c63bc2aadc06d\"},\"description\":\"Reagimi \u00a0n\u00eb deklarat\u00ebn e Selim Resulbegoviqit, Kryetarit t\u00eb PSD t\u00eb Ulqinit, n\u00ebnkryetarit t\u00eb Komun\u00ebs s\u00eb Ulqinit dhe an\u00ebtarit t\u00eb K\u00ebshillit drejtues t\u00eb NP\",\"breadcrumb\":{\"@id\":\"https:\/\/www.visit-ulcinj.com\/blog\/2012\/07\/04\/reagimi-i-cungut-ndaj-deklarates-te-selim-resulbegoviqit\/#breadcrumb\"},\"inLanguage\":\"en-US\",\"potentialAction\":[{\"@type\":\"ReadAction\",\"target\":[\"https:\/\/www.visit-ulcinj.com\/blog\/2012\/07\/04\/reagimi-i-cungut-ndaj-deklarates-te-selim-resulbegoviqit\/\"]}]},{\"@type\":\"BreadcrumbList\",\"@id\":\"https:\/\/www.visit-ulcinj.com\/blog\/2012\/07\/04\/reagimi-i-cungut-ndaj-deklarates-te-selim-resulbegoviqit\/#breadcrumb\",\"itemListElement\":[{\"@type\":\"ListItem\",\"position\":1,\"name\":\"Reagimi i Cungut ndaj deklarates te Selim Resulbegoviqit\"}]},{\"@type\":\"Person\",\"@id\":\"https:\/\/www.visit-ulcinj.com\/blog\/#\/schema\/person\/dcab619c614d3038751c63bc2aadc06d\",\"name\":\"ulqini\",\"sameAs\":[\"http:\/\/www.visit-ulcinj.com\"],\"url\":\"https:\/\/www.visit-ulcinj.com\/blog\/author\/admin\/\"}]}<\/script>\n<!-- \/ Yoast SEO plugin. -->","yoast_head_json":{"title":"Reagimi i Cungut ndaj deklarates te Selim Resulbegoviqit - Lajme nga Ulqini","description":"Reagimi \u00a0n\u00eb deklarat\u00ebn e Selim Resulbegoviqit, Kryetarit t\u00eb PSD t\u00eb Ulqinit, n\u00ebnkryetarit t\u00eb Komun\u00ebs s\u00eb Ulqinit dhe an\u00ebtarit t\u00eb K\u00ebshillit drejtues t\u00eb NP","robots":{"index":"index","follow":"follow","max-snippet":"max-snippet:-1","max-image-preview":"max-image-preview:large","max-video-preview":"max-video-preview:-1"},"canonical":"https:\/\/www.visit-ulcinj.com\/blog\/2012\/07\/04\/reagimi-i-cungut-ndaj-deklarates-te-selim-resulbegoviqit\/","og_locale":"en_US","og_type":"article","og_title":"Reagimi i Cungut ndaj deklarates te Selim Resulbegoviqit - Lajme nga Ulqini","og_description":"Reagimi \u00a0n\u00eb deklarat\u00ebn e Selim Resulbegoviqit, Kryetarit t\u00eb PSD t\u00eb Ulqinit, n\u00ebnkryetarit t\u00eb Komun\u00ebs s\u00eb Ulqinit dhe an\u00ebtarit t\u00eb K\u00ebshillit drejtues t\u00eb NP","og_url":"https:\/\/www.visit-ulcinj.com\/blog\/2012\/07\/04\/reagimi-i-cungut-ndaj-deklarates-te-selim-resulbegoviqit\/","og_site_name":"Lajme nga Ulqini","article_published_time":"2012-07-04T17:11:19+00:00","article_modified_time":"2012-07-06T23:18:19+00:00","og_image":[{"url":"http:\/\/www.visit-ulcinj.com\/blog\/wp-content\/uploads\/2012\/07\/komuna-ulqinit-nazif-cungu.jpg"}],"twitter_misc":{"Written by":"ulqini","Est. reading time":"5 minutes"},"schema":{"@context":"https:\/\/schema.org","@graph":[{"@type":"WebSite","@id":"https:\/\/www.visit-ulcinj.com\/blog\/#website","url":"https:\/\/www.visit-ulcinj.com\/blog\/","name":"Lajme nga Ulqini","description":"Lajme,Vijesti,Ulqini,Ulqin,Crna Gora,Mali i Zi","potentialAction":[{"@type":"SearchAction","target":{"@type":"EntryPoint","urlTemplate":"https:\/\/www.visit-ulcinj.com\/blog\/?s={search_term_string}"},"query-input":"required name=search_term_string"}],"inLanguage":"en-US"},{"@type":"ImageObject","inLanguage":"en-US","@id":"https:\/\/www.visit-ulcinj.com\/blog\/2012\/07\/04\/reagimi-i-cungut-ndaj-deklarates-te-selim-resulbegoviqit\/#primaryimage","url":"https:\/\/www.visit-ulcinj.com\/blog\/wp-content\/uploads\/2012\/07\/komuna-ulqinit-nazif-cungu.jpg","contentUrl":"https:\/\/www.visit-ulcinj.com\/blog\/wp-content\/uploads\/2012\/07\/komuna-ulqinit-nazif-cungu.jpg","width":"1000","height":"662"},{"@type":"WebPage","@id":"https:\/\/www.visit-ulcinj.com\/blog\/2012\/07\/04\/reagimi-i-cungut-ndaj-deklarates-te-selim-resulbegoviqit\/#webpage","url":"https:\/\/www.visit-ulcinj.com\/blog\/2012\/07\/04\/reagimi-i-cungut-ndaj-deklarates-te-selim-resulbegoviqit\/","name":"Reagimi i Cungut ndaj deklarates te Selim Resulbegoviqit - Lajme nga Ulqini","isPartOf":{"@id":"https:\/\/www.visit-ulcinj.com\/blog\/#website"},"primaryImageOfPage":{"@id":"https:\/\/www.visit-ulcinj.com\/blog\/2012\/07\/04\/reagimi-i-cungut-ndaj-deklarates-te-selim-resulbegoviqit\/#primaryimage"},"datePublished":"2012-07-04T17:11:19+00:00","dateModified":"2012-07-06T23:18:19+00:00","author":{"@id":"https:\/\/www.visit-ulcinj.com\/blog\/#\/schema\/person\/dcab619c614d3038751c63bc2aadc06d"},"description":"Reagimi \u00a0n\u00eb deklarat\u00ebn e Selim Resulbegoviqit, Kryetarit t\u00eb PSD t\u00eb Ulqinit, n\u00ebnkryetarit t\u00eb Komun\u00ebs s\u00eb Ulqinit dhe an\u00ebtarit t\u00eb K\u00ebshillit drejtues t\u00eb NP","breadcrumb":{"@id":"https:\/\/www.visit-ulcinj.com\/blog\/2012\/07\/04\/reagimi-i-cungut-ndaj-deklarates-te-selim-resulbegoviqit\/#breadcrumb"},"inLanguage":"en-US","potentialAction":[{"@type":"ReadAction","target":["https:\/\/www.visit-ulcinj.com\/blog\/2012\/07\/04\/reagimi-i-cungut-ndaj-deklarates-te-selim-resulbegoviqit\/"]}]},{"@type":"BreadcrumbList","@id":"https:\/\/www.visit-ulcinj.com\/blog\/2012\/07\/04\/reagimi-i-cungut-ndaj-deklarates-te-selim-resulbegoviqit\/#breadcrumb","itemListElement":[{"@type":"ListItem","position":1,"name":"Reagimi i Cungut ndaj deklarates te Selim Resulbegoviqit"}]},{"@type":"Person","@id":"https:\/\/www.visit-ulcinj.com\/blog\/#\/schema\/person\/dcab619c614d3038751c63bc2aadc06d","name":"ulqini","sameAs":["http:\/\/www.visit-ulcinj.com"],"url":"https:\/\/www.visit-ulcinj.com\/blog\/author\/admin\/"}]}},"jetpack_featured_media_url":"","jetpack_sharing_enabled":true,"jetpack_shortlink":"https:\/\/wp.me\/pe6lTn-g8A","_links":{"self":[{"href":"https:\/\/www.visit-ulcinj.com\/blog\/wp-json\/wp\/v2\/posts\/62036"}],"collection":[{"href":"https:\/\/www.visit-ulcinj.com\/blog\/wp-json\/wp\/v2\/posts"}],"about":[{"href":"https:\/\/www.visit-ulcinj.com\/blog\/wp-json\/wp\/v2\/types\/post"}],"author":[{"embeddable":true,"href":"https:\/\/www.visit-ulcinj.com\/blog\/wp-json\/wp\/v2\/users\/1"}],"replies":[{"embeddable":true,"href":"https:\/\/www.visit-ulcinj.com\/blog\/wp-json\/wp\/v2\/comments?post=62036"}],"version-history":[{"count":5,"href":"https:\/\/www.visit-ulcinj.com\/blog\/wp-json\/wp\/v2\/posts\/62036\/revisions"}],"predecessor-version":[{"id":62104,"href":"https:\/\/www.visit-ulcinj.com\/blog\/wp-json\/wp\/v2\/posts\/62036\/revisions\/62104"}],"wp:attachment":[{"href":"https:\/\/www.visit-ulcinj.com\/blog\/wp-json\/wp\/v2\/media?parent=62036"}],"wp:term":[{"taxonomy":"category","embeddable":true,"href":"https:\/\/www.visit-ulcinj.com\/blog\/wp-json\/wp\/v2\/categories?post=62036"},{"taxonomy":"post_tag","embeddable":true,"href":"https:\/\/www.visit-ulcinj.com\/blog\/wp-json\/wp\/v2\/tags?post=62036"}],"curies":[{"name":"wp","href":"https:\/\/api.w.org\/{rel}","templated":true}]}}