{"id":62039,"date":"2012-07-04T19:20:07","date_gmt":"2012-07-04T18:20:07","guid":{"rendered":"http:\/\/www.visit-ulcinj.com\/blog\/?p=62039"},"modified":"2012-07-04T19:20:07","modified_gmt":"2012-07-04T18:20:07","slug":"salaj-vlada-i-sudbina-kohe-javore","status":"publish","type":"post","link":"https:\/\/www.visit-ulcinj.com\/blog\/2012\/07\/04\/salaj-vlada-i-sudbina-kohe-javore\/","title":{"rendered":"Salaj: Vlada i sudbina Kohe javore"},"content":{"rendered":"<p><strong><a href=\"http:\/\/www.visit-ulcinj.com\/blog\/wp-content\/uploads\/2012\/07\/ali-salaj-foto.jpg\"><img loading=\"lazy\" class=\"alignleft  wp-image-62040\" title=\"ali-salaj-foto\" src=\"http:\/\/www.visit-ulcinj.com\/blog\/wp-content\/uploads\/2012\/07\/ali-salaj-foto.jpg\" alt=\"\" width=\"350\" height=\"400\" \/><\/a>Ali Salaj<\/strong><\/p>\n<p>Tokom jednog susreta na obali prelijepog \u0160askog jezera, biv\u0161i ambasador SAD u Crnoj Gori, Roderik Mur izrazi \u010du\u0111enje kada ga upoznah\u00a0 da se \u201eKoha javore\u201c kao novina manjine, umjesto da se dijeli besplatno prodaje za 50 centi. \u010cu\u0111enje ambasadora bilo je ve\u0107e kada sazna da jedina novina na albanskom jeziku u Crnoj Gori se ne finansira od osniva\u010da ( Skup\u0161tine ili Vlade) ve\u0107 je prepu\u0161tena milosti sudbine.<\/p>\n<p>Ove reminiscencije mi se pojavi\u0161e nakon \u010ditanja jednog dopisa pomo\u0107nika ministra Kulture, mr \u017deljka Rutovi\u0107a upu\u0107en Vladi a koji se ticao sudbine \u201eKohe javore\u201c. U tom dopisu na kontradiktoran na\u010din se prikazuju opravdanja o nefinansiranju \u201eKohe javore\u201c. Demago\u0161kim jezikom on se poziva na Zakonu o medijima i na \u201ereforme medija\u201c, ali nijedanput ne spominju\u0107i okvirnu Konvenciju o za\u0161titi nacionalnih manjina i Evropsku konvenciju o regionalnim jezicima i jezicima nacionalnih manjina. Gospodin Rutovi\u0107 kao da \u017eivi u nekom paralelnom svijetu i ne vidi kako funkcioni\u0161u veliki broj novina nacionalnih manjina u jednoj dr\u017eavi kao \u0161to je Srbija koja i nije toliko proslavljena kada se ti\u010de po\u0161tovanja prava manjina. U toj dr\u017eavi izlazi na desetine novina manjina: Bunjeva\u010dke novina (na bunjeva\u010dkom jeziku), Hlas Hudu (na slova\u010dkom jeziku), Libertatea (na rumunskom jeziku), Magyar Szo (na ma\u0111arskom jeziku), Ruske slovo (na rusinskom jeziku), Nacional (na albanskom jeziku)&#8230; ili objavljivanje velikog broja novina u regionu: Sloveniji, Hrvatskoj, na Kosovu i Makedoniji. Sve ove novine se finansiraju od strane ministarstava vlada\u00a0 doti\u010dnih dr\u017eava samo sa jednom formalnom razlikom: prava osnivanja od Skup\u0161tine preno\u0161ene\u00a0 su na Nacionalne savjete manjina ili nekog drugog subjekta, ali uvijek sa\u010duvaju\u0107i izvor finansiranja \u2013 a to je Vlada.<\/p>\n<p>Iako je u ono vrijeme bio na snazi isti Zakon o medijima, biv\u0161i ministar Kulture, sporta i medija, Predrag Sekuli\u0107, u jednom susretu sa odgovornim urednikom izrazio po\u0161tovanje o zna\u010daju \u201eKohe javore\u201c istakav\u0161i da \u201ealbanska manjina treba da se informi\u0161e na maternjem jeziku i da ostaje obaveza dr\u017eavnih institucija Crne Gore da brine o blagostanju \u201eKohe javore\u201c.\u00a0 Zato neshvatljivo je da danas isto ministarstvo dr\u017ei veoma indiferentan stav prema jednoj novini koja izlazi na jeziku koji se mnogo razlikuje od slovenskih jezika u Crnoj Gori.<\/p>\n<p>Eventualno ukidanje \u201eKohe javore\u201c stvorilo bi veoma ru\u017enu sliku Crne Gore na po\u010detku pregovora za ulazak u Evropsku uniju kao i da bi o\u017eivjelo negativne konotacije kod Albanaca u Crnoj Gori, koji aktuelno tra\u017ee jednu dnevnu novinu.<\/p>\n<p>Da sudbinu \u201eKohe javore\u201c sa interesovanjem prati i me\u0111unarodni faktor mora imati u vidu kao Ministarstvo kulture, tako i Vlada Crne Gore. Jo\u0161 uvijek je svje\u017e slu\u010daj\u00a0 kada se u aprilu 2009. god. poku\u0161alo redukovanje ili eventualno ukidanje ove novine. O\u0161tro reagovanje\u00a0 ovom prilikom kongresmena Sander M. Levina i senatora Carl M. Levina\u00a0 uzbunjivalo je Stejt department \u0161to je izazvalo i vidne glavobolje na\u0161oj diplomatiji u Va\u0161ingtonu, Nju Jorku i Podgorici.<\/p>\n<p>&nbsp;<\/p>\n","protected":false},"excerpt":{"rendered":"<p>Ali Salaj Tokom jednog susreta na obali prelijepog \u0160askog jezera, biv\u0161i ambasador SAD u Crnoj Gori, Roderik Mur izrazi \u010du\u0111enje kada ga upoznah\u00a0 da se \u201eKoha javore\u201c kao novina manjine, umjesto da se dijeli besplatno prodaje za 50 centi. \u010cu\u0111enje ambasadora bilo je ve\u0107e kada sazna da jedina novina na albanskom jeziku u Crnoj Gori [&hellip;]<\/p>\n","protected":false},"author":1,"featured_media":0,"comment_status":"open","ping_status":"closed","sticky":false,"template":"","format":"standard","meta":{"spay_email":"","jetpack_publicize_message":"","jetpack_is_tweetstorm":false,"jetpack_publicize_feature_enabled":true},"categories":[8337],"tags":[],"jetpack_publicize_connections":[],"yoast_head":"<!-- This site is optimized with the Yoast SEO plugin v19.1 - https:\/\/yoast.com\/wordpress\/plugins\/seo\/ -->\n<title>Salaj: Vlada i sudbina Kohe javore - Lajme nga Ulqini<\/title>\n<meta name=\"description\" content=\"Ali Salaj Tokom jednog susreta na obali prelijepog \u0160askog jezera, biv\u0161i ambasador SAD u Crnoj Gori, Roderik Mur izrazi \u010du\u0111enje kada ga upoznah\u00a0 da se\" \/>\n<meta name=\"robots\" content=\"index, follow, max-snippet:-1, max-image-preview:large, max-video-preview:-1\" \/>\n<link rel=\"canonical\" href=\"https:\/\/www.visit-ulcinj.com\/blog\/2012\/07\/04\/salaj-vlada-i-sudbina-kohe-javore\/\" \/>\n<meta property=\"og:locale\" content=\"en_US\" \/>\n<meta property=\"og:type\" content=\"article\" \/>\n<meta property=\"og:title\" content=\"Salaj: Vlada i sudbina Kohe javore - Lajme nga Ulqini\" \/>\n<meta property=\"og:description\" content=\"Ali Salaj Tokom jednog susreta na obali prelijepog \u0160askog jezera, biv\u0161i ambasador SAD u Crnoj Gori, Roderik Mur izrazi \u010du\u0111enje kada ga upoznah\u00a0 da se\" \/>\n<meta property=\"og:url\" content=\"https:\/\/www.visit-ulcinj.com\/blog\/2012\/07\/04\/salaj-vlada-i-sudbina-kohe-javore\/\" \/>\n<meta property=\"og:site_name\" content=\"Lajme nga Ulqini\" \/>\n<meta property=\"article:published_time\" content=\"2012-07-04T18:20:07+00:00\" \/>\n<meta property=\"og:image\" content=\"http:\/\/www.visit-ulcinj.com\/blog\/wp-content\/uploads\/2012\/07\/ali-salaj-foto.jpg\" \/>\n<meta name=\"twitter:label1\" content=\"Written by\" \/>\n\t<meta name=\"twitter:data1\" content=\"ulqini\" \/>\n\t<meta name=\"twitter:label2\" content=\"Est. reading time\" \/>\n\t<meta name=\"twitter:data2\" content=\"3 minutes\" \/>\n<script type=\"application\/ld+json\" class=\"yoast-schema-graph\">{\"@context\":\"https:\/\/schema.org\",\"@graph\":[{\"@type\":\"WebSite\",\"@id\":\"https:\/\/www.visit-ulcinj.com\/blog\/#website\",\"url\":\"https:\/\/www.visit-ulcinj.com\/blog\/\",\"name\":\"Lajme nga Ulqini\",\"description\":\"Lajme,Vijesti,Ulqini,Ulqin,Crna Gora,Mali i Zi\",\"potentialAction\":[{\"@type\":\"SearchAction\",\"target\":{\"@type\":\"EntryPoint\",\"urlTemplate\":\"https:\/\/www.visit-ulcinj.com\/blog\/?s={search_term_string}\"},\"query-input\":\"required name=search_term_string\"}],\"inLanguage\":\"en-US\"},{\"@type\":\"ImageObject\",\"inLanguage\":\"en-US\",\"@id\":\"https:\/\/www.visit-ulcinj.com\/blog\/2012\/07\/04\/salaj-vlada-i-sudbina-kohe-javore\/#primaryimage\",\"url\":\"https:\/\/www.visit-ulcinj.com\/blog\/wp-content\/uploads\/2012\/07\/ali-salaj-foto.jpg\",\"contentUrl\":\"https:\/\/www.visit-ulcinj.com\/blog\/wp-content\/uploads\/2012\/07\/ali-salaj-foto.jpg\",\"width\":\"656\",\"height\":\"999\"},{\"@type\":\"WebPage\",\"@id\":\"https:\/\/www.visit-ulcinj.com\/blog\/2012\/07\/04\/salaj-vlada-i-sudbina-kohe-javore\/#webpage\",\"url\":\"https:\/\/www.visit-ulcinj.com\/blog\/2012\/07\/04\/salaj-vlada-i-sudbina-kohe-javore\/\",\"name\":\"Salaj: Vlada i sudbina Kohe javore - Lajme nga Ulqini\",\"isPartOf\":{\"@id\":\"https:\/\/www.visit-ulcinj.com\/blog\/#website\"},\"primaryImageOfPage\":{\"@id\":\"https:\/\/www.visit-ulcinj.com\/blog\/2012\/07\/04\/salaj-vlada-i-sudbina-kohe-javore\/#primaryimage\"},\"datePublished\":\"2012-07-04T18:20:07+00:00\",\"dateModified\":\"2012-07-04T18:20:07+00:00\",\"author\":{\"@id\":\"https:\/\/www.visit-ulcinj.com\/blog\/#\/schema\/person\/dcab619c614d3038751c63bc2aadc06d\"},\"description\":\"Ali Salaj Tokom jednog susreta na obali prelijepog \u0160askog jezera, biv\u0161i ambasador SAD u Crnoj Gori, Roderik Mur izrazi \u010du\u0111enje kada ga upoznah\u00a0 da se\",\"breadcrumb\":{\"@id\":\"https:\/\/www.visit-ulcinj.com\/blog\/2012\/07\/04\/salaj-vlada-i-sudbina-kohe-javore\/#breadcrumb\"},\"inLanguage\":\"en-US\",\"potentialAction\":[{\"@type\":\"ReadAction\",\"target\":[\"https:\/\/www.visit-ulcinj.com\/blog\/2012\/07\/04\/salaj-vlada-i-sudbina-kohe-javore\/\"]}]},{\"@type\":\"BreadcrumbList\",\"@id\":\"https:\/\/www.visit-ulcinj.com\/blog\/2012\/07\/04\/salaj-vlada-i-sudbina-kohe-javore\/#breadcrumb\",\"itemListElement\":[{\"@type\":\"ListItem\",\"position\":1,\"name\":\"Salaj: Vlada i sudbina Kohe javore\"}]},{\"@type\":\"Person\",\"@id\":\"https:\/\/www.visit-ulcinj.com\/blog\/#\/schema\/person\/dcab619c614d3038751c63bc2aadc06d\",\"name\":\"ulqini\",\"sameAs\":[\"http:\/\/www.visit-ulcinj.com\"],\"url\":\"https:\/\/www.visit-ulcinj.com\/blog\/author\/admin\/\"}]}<\/script>\n<!-- \/ Yoast SEO plugin. -->","yoast_head_json":{"title":"Salaj: Vlada i sudbina Kohe javore - Lajme nga Ulqini","description":"Ali Salaj Tokom jednog susreta na obali prelijepog \u0160askog jezera, biv\u0161i ambasador SAD u Crnoj Gori, Roderik Mur izrazi \u010du\u0111enje kada ga upoznah\u00a0 da se","robots":{"index":"index","follow":"follow","max-snippet":"max-snippet:-1","max-image-preview":"max-image-preview:large","max-video-preview":"max-video-preview:-1"},"canonical":"https:\/\/www.visit-ulcinj.com\/blog\/2012\/07\/04\/salaj-vlada-i-sudbina-kohe-javore\/","og_locale":"en_US","og_type":"article","og_title":"Salaj: Vlada i sudbina Kohe javore - Lajme nga Ulqini","og_description":"Ali Salaj Tokom jednog susreta na obali prelijepog \u0160askog jezera, biv\u0161i ambasador SAD u Crnoj Gori, Roderik Mur izrazi \u010du\u0111enje kada ga upoznah\u00a0 da se","og_url":"https:\/\/www.visit-ulcinj.com\/blog\/2012\/07\/04\/salaj-vlada-i-sudbina-kohe-javore\/","og_site_name":"Lajme nga Ulqini","article_published_time":"2012-07-04T18:20:07+00:00","og_image":[{"url":"http:\/\/www.visit-ulcinj.com\/blog\/wp-content\/uploads\/2012\/07\/ali-salaj-foto.jpg"}],"twitter_misc":{"Written by":"ulqini","Est. reading time":"3 minutes"},"schema":{"@context":"https:\/\/schema.org","@graph":[{"@type":"WebSite","@id":"https:\/\/www.visit-ulcinj.com\/blog\/#website","url":"https:\/\/www.visit-ulcinj.com\/blog\/","name":"Lajme nga Ulqini","description":"Lajme,Vijesti,Ulqini,Ulqin,Crna Gora,Mali i Zi","potentialAction":[{"@type":"SearchAction","target":{"@type":"EntryPoint","urlTemplate":"https:\/\/www.visit-ulcinj.com\/blog\/?s={search_term_string}"},"query-input":"required name=search_term_string"}],"inLanguage":"en-US"},{"@type":"ImageObject","inLanguage":"en-US","@id":"https:\/\/www.visit-ulcinj.com\/blog\/2012\/07\/04\/salaj-vlada-i-sudbina-kohe-javore\/#primaryimage","url":"https:\/\/www.visit-ulcinj.com\/blog\/wp-content\/uploads\/2012\/07\/ali-salaj-foto.jpg","contentUrl":"https:\/\/www.visit-ulcinj.com\/blog\/wp-content\/uploads\/2012\/07\/ali-salaj-foto.jpg","width":"656","height":"999"},{"@type":"WebPage","@id":"https:\/\/www.visit-ulcinj.com\/blog\/2012\/07\/04\/salaj-vlada-i-sudbina-kohe-javore\/#webpage","url":"https:\/\/www.visit-ulcinj.com\/blog\/2012\/07\/04\/salaj-vlada-i-sudbina-kohe-javore\/","name":"Salaj: Vlada i sudbina Kohe javore - Lajme nga Ulqini","isPartOf":{"@id":"https:\/\/www.visit-ulcinj.com\/blog\/#website"},"primaryImageOfPage":{"@id":"https:\/\/www.visit-ulcinj.com\/blog\/2012\/07\/04\/salaj-vlada-i-sudbina-kohe-javore\/#primaryimage"},"datePublished":"2012-07-04T18:20:07+00:00","dateModified":"2012-07-04T18:20:07+00:00","author":{"@id":"https:\/\/www.visit-ulcinj.com\/blog\/#\/schema\/person\/dcab619c614d3038751c63bc2aadc06d"},"description":"Ali Salaj Tokom jednog susreta na obali prelijepog \u0160askog jezera, biv\u0161i ambasador SAD u Crnoj Gori, Roderik Mur izrazi \u010du\u0111enje kada ga upoznah\u00a0 da se","breadcrumb":{"@id":"https:\/\/www.visit-ulcinj.com\/blog\/2012\/07\/04\/salaj-vlada-i-sudbina-kohe-javore\/#breadcrumb"},"inLanguage":"en-US","potentialAction":[{"@type":"ReadAction","target":["https:\/\/www.visit-ulcinj.com\/blog\/2012\/07\/04\/salaj-vlada-i-sudbina-kohe-javore\/"]}]},{"@type":"BreadcrumbList","@id":"https:\/\/www.visit-ulcinj.com\/blog\/2012\/07\/04\/salaj-vlada-i-sudbina-kohe-javore\/#breadcrumb","itemListElement":[{"@type":"ListItem","position":1,"name":"Salaj: Vlada i sudbina Kohe javore"}]},{"@type":"Person","@id":"https:\/\/www.visit-ulcinj.com\/blog\/#\/schema\/person\/dcab619c614d3038751c63bc2aadc06d","name":"ulqini","sameAs":["http:\/\/www.visit-ulcinj.com"],"url":"https:\/\/www.visit-ulcinj.com\/blog\/author\/admin\/"}]}},"jetpack_featured_media_url":"","jetpack_sharing_enabled":true,"jetpack_shortlink":"https:\/\/wp.me\/pe6lTn-g8D","_links":{"self":[{"href":"https:\/\/www.visit-ulcinj.com\/blog\/wp-json\/wp\/v2\/posts\/62039"}],"collection":[{"href":"https:\/\/www.visit-ulcinj.com\/blog\/wp-json\/wp\/v2\/posts"}],"about":[{"href":"https:\/\/www.visit-ulcinj.com\/blog\/wp-json\/wp\/v2\/types\/post"}],"author":[{"embeddable":true,"href":"https:\/\/www.visit-ulcinj.com\/blog\/wp-json\/wp\/v2\/users\/1"}],"replies":[{"embeddable":true,"href":"https:\/\/www.visit-ulcinj.com\/blog\/wp-json\/wp\/v2\/comments?post=62039"}],"version-history":[{"count":1,"href":"https:\/\/www.visit-ulcinj.com\/blog\/wp-json\/wp\/v2\/posts\/62039\/revisions"}],"predecessor-version":[{"id":62041,"href":"https:\/\/www.visit-ulcinj.com\/blog\/wp-json\/wp\/v2\/posts\/62039\/revisions\/62041"}],"wp:attachment":[{"href":"https:\/\/www.visit-ulcinj.com\/blog\/wp-json\/wp\/v2\/media?parent=62039"}],"wp:term":[{"taxonomy":"category","embeddable":true,"href":"https:\/\/www.visit-ulcinj.com\/blog\/wp-json\/wp\/v2\/categories?post=62039"},{"taxonomy":"post_tag","embeddable":true,"href":"https:\/\/www.visit-ulcinj.com\/blog\/wp-json\/wp\/v2\/tags?post=62039"}],"curies":[{"name":"wp","href":"https:\/\/api.w.org\/{rel}","templated":true}]}}