{"id":6205,"date":"2008-11-17T06:15:40","date_gmt":"2008-11-17T11:15:40","guid":{"rendered":"http:\/\/www.visit-ulcinj.com\/blog\/?p=6205"},"modified":"2008-11-17T06:36:49","modified_gmt":"2008-11-17T11:36:49","slug":"forca-e-re-demokratikenata-e-planifikimit-urban-dhe-planet-fantazme-2","status":"publish","type":"post","link":"https:\/\/www.visit-ulcinj.com\/blog\/2008\/11\/17\/forca-e-re-demokratikenata-e-planifikimit-urban-dhe-planet-fantazme-2\/","title":{"rendered":"Forca e re demokratike:&#8221;Nata&#8221; e planifikimit urban dhe planet &#8220;fantazm\u00eb&#8221;"},"content":{"rendered":"<p><a href=\"http:\/\/www.visit-ulcinj.com\/blog\/wp-content\/uploads\/2008\/11\/nazif_cungu_forca_ulqin.jpg\"><img loading=\"lazy\" class=\"alignleft size-medium wp-image-6200\" title=\"nazif_cungu_forca_ulqin\" src=\"http:\/\/www.visit-ulcinj.com\/blog\/wp-content\/uploads\/2008\/11\/nazif_cungu_forca_ulqin-300x225.jpg\" alt=\"\" width=\"300\" height=\"225\" srcset=\"https:\/\/www.visit-ulcinj.com\/blog\/wp-content\/uploads\/2008\/11\/nazif_cungu_forca_ulqin-300x225.jpg 300w, https:\/\/www.visit-ulcinj.com\/blog\/wp-content\/uploads\/2008\/11\/nazif_cungu_forca_ulqin.jpg 600w\" sizes=\"(max-width: 300px) 100vw, 300px\" \/><\/a>Ulqin &#8211; Forca e Re Demokratike ka vazhduar kritikat ndaj pushtetit lokal n\u00eb Ulqin, k\u00ebsaj radhe p\u00ebr gjendjen kaotike n\u00eb fush\u00ebn e planifikimit urban.<br \/>\nN\u00eb nj\u00eb konferenc\u00eb p\u00ebr shtyp t\u00eb organizuar me rastin e 8 N\u00ebntorit &#8211; Dit\u00ebs Bot\u00ebrore t\u00eb Planifikimit Urban, kryetari i k\u00ebsaj partie, Nazif Cungu, ka th\u00ebn\u00eb se p\u00ebr fat t\u00eb keq, \u201cUlqini nuk mund t\u00eb sh\u00ebnoj\u00eb Dit\u00ebn, por Nat\u00ebn e planifikimit urban\u201d.<br \/>\nAi ka th\u00ebn\u00eb se Komuna e Ulqinit \u00ebsht\u00eb n\u00eb nivelin m\u00eb t\u00eb ul\u00ebt t\u00eb mundur sa i p\u00ebrket planifikimit urban.<br \/>\n\u201cTerreni tregon qart\u00eb se Ulqini ka q\u00ebndrim neglizhent, mosp\u00ebrfill\u00ebs dhe tejet injorant ndaj planifikimit urban. Kjo \u00e7\u00ebshtje po zvarritet vazhdimisht dhe ka arritur kulmin n\u00eb vitet e fundit, ku nevoja p\u00ebr investime, nd\u00ebrtime dhe rrjedhimisht p\u00ebrparim \u00ebsht\u00eb m\u00eb e madhe se kurr\u00eb m\u00eb par\u00eb\u201d, ka th\u00ebn\u00eb Cungu.<br \/>\nSipas tij, pushteti lokal vazhdon me premtime, por nuk po b\u00ebn asgj\u00eb konkrete n\u00eb k\u00ebt\u00eb fush\u00eb.<br \/>\n\u201cNiveli i planifikimit n\u00eb Komun\u00eb vazhdon t\u00eb mbes\u00eb vet\u00ebm n\u00eb rrafshin verbal dhe at\u00eb t\u00eb premtimeve. Faji p\u00ebr mossuksesin hidhet n\u00eb shum\u00eb drejtime, por jo n\u00eb ato adresa ku duhet. Mungesa totale e strategjis\u00eb s\u00eb administrat\u00ebs lokale lidhur me k\u00ebt\u00eb problem si dhe firmat e dyshimta t\u00eb planifikimit t\u00eb cilat obligimet e veta nuk po i kryejn\u00eb me koh\u00eb dhe profesionaliz\u00ebm, jan\u00eb faktor\u00ebt ky\u00e7\u00eb q\u00eb r\u00ebndojn\u00eb situat\u00ebn\u201d, ka th\u00ebn\u00eb Cungu.<br \/>\nAi ka vler\u00ebsuar se edhe dy vjet pas zgjedhjeve, administrata lokale vazhdon t\u00eb merret me plane \u201cfantazm\u00eb\u201d t\u00eb cilat kurrsesi nuk po e shohin drit\u00ebn.<br \/>\n\u201cMungesa e konceptit, kuadrove dhe prioriteteve ndikojn\u00eb q\u00eb Ulqini edhe k\u00ebt\u00eb vit t\u00eb mbaj\u00eb vendin e par\u00eb n\u00eb Mal t\u00eb Zi p\u00ebr mosmbulimin e territorit t\u00eb vet me dokumentacion urbanistik, ku vet\u00ebm 4% \u00ebsht\u00eb e mbuluar me plane t\u00eb tilla\u201d, ka th\u00ebn\u00eb kryetari i Forc\u00ebs s\u00eb Re Demokratike, Nazif Cungu.<br \/>\n<strong>I.Kallaba<br \/>\nKoha Javore<\/strong><\/p>\n<!--YouTube Error: bad URL entered-->\n","protected":false},"excerpt":{"rendered":"<p>Ulqin &#8211; Forca e Re Demokratike ka vazhduar kritikat ndaj pushtetit lokal n\u00eb Ulqin, k\u00ebsaj radhe p\u00ebr gjendjen kaotike n\u00eb fush\u00ebn e planifikimit urban. N\u00eb nj\u00eb konferenc\u00eb p\u00ebr shtyp t\u00eb organizuar me rastin e 8 N\u00ebntorit &#8211; Dit\u00ebs Bot\u00ebrore t\u00eb Planifikimit Urban, kryetari i k\u00ebsaj partie, Nazif Cungu, ka th\u00ebn\u00eb se p\u00ebr fat t\u00eb keq, [&hellip;]<\/p>\n","protected":false},"author":1,"featured_media":0,"comment_status":"open","ping_status":"closed","sticky":false,"template":"","format":"standard","meta":{"spay_email":"","jetpack_publicize_message":"","jetpack_is_tweetstorm":false,"jetpack_publicize_feature_enabled":true},"categories":[1],"tags":[672,118],"jetpack_publicize_connections":[],"yoast_head":"<!-- This site is optimized with the Yoast SEO plugin v19.1 - https:\/\/yoast.com\/wordpress\/plugins\/seo\/ -->\n<title>Forca e re demokratike:&quot;Nata&quot; e planifikimit urban dhe planet &quot;fantazm\u00eb&quot; - Lajme nga Ulqini<\/title>\n<meta name=\"description\" content=\"Ulqin - Forca e Re Demokratike ka vazhduar kritikat ndaj pushtetit lokal n\u00eb Ulqin, k\u00ebsaj radhe p\u00ebr gjendjen kaotike n\u00eb fush\u00ebn e planifikimit urban. N\u00eb nj\u00eb\" \/>\n<meta name=\"robots\" content=\"index, follow, max-snippet:-1, max-image-preview:large, max-video-preview:-1\" \/>\n<link rel=\"canonical\" href=\"https:\/\/www.visit-ulcinj.com\/blog\/2008\/11\/17\/forca-e-re-demokratikenata-e-planifikimit-urban-dhe-planet-fantazme-2\/\" \/>\n<meta property=\"og:locale\" content=\"en_US\" \/>\n<meta property=\"og:type\" content=\"article\" \/>\n<meta property=\"og:title\" content=\"Forca e re demokratike:&quot;Nata&quot; e planifikimit urban dhe planet &quot;fantazm\u00eb&quot; - Lajme nga Ulqini\" \/>\n<meta property=\"og:description\" content=\"Ulqin - Forca e Re Demokratike ka vazhduar kritikat ndaj pushtetit lokal n\u00eb Ulqin, k\u00ebsaj radhe p\u00ebr gjendjen kaotike n\u00eb fush\u00ebn e planifikimit urban. N\u00eb nj\u00eb\" \/>\n<meta property=\"og:url\" content=\"https:\/\/www.visit-ulcinj.com\/blog\/2008\/11\/17\/forca-e-re-demokratikenata-e-planifikimit-urban-dhe-planet-fantazme-2\/\" \/>\n<meta property=\"og:site_name\" content=\"Lajme nga Ulqini\" \/>\n<meta property=\"article:published_time\" content=\"2008-11-17T11:15:40+00:00\" \/>\n<meta property=\"article:modified_time\" content=\"2008-11-17T11:36:49+00:00\" \/>\n<meta property=\"og:image\" content=\"http:\/\/www.visit-ulcinj.com\/blog\/wp-content\/uploads\/2008\/11\/nazif_cungu_forca_ulqin-300x225.jpg\" \/>\n<meta name=\"twitter:label1\" content=\"Written by\" \/>\n\t<meta name=\"twitter:data1\" content=\"ulqini\" \/>\n\t<meta name=\"twitter:label2\" content=\"Est. reading time\" \/>\n\t<meta name=\"twitter:data2\" content=\"2 minutes\" \/>\n<script type=\"application\/ld+json\" class=\"yoast-schema-graph\">{\"@context\":\"https:\/\/schema.org\",\"@graph\":[{\"@type\":\"WebSite\",\"@id\":\"https:\/\/www.visit-ulcinj.com\/blog\/#website\",\"url\":\"https:\/\/www.visit-ulcinj.com\/blog\/\",\"name\":\"Lajme nga Ulqini\",\"description\":\"Lajme,Vijesti,Ulqini,Ulqin,Crna Gora,Mali i Zi\",\"potentialAction\":[{\"@type\":\"SearchAction\",\"target\":{\"@type\":\"EntryPoint\",\"urlTemplate\":\"https:\/\/www.visit-ulcinj.com\/blog\/?s={search_term_string}\"},\"query-input\":\"required name=search_term_string\"}],\"inLanguage\":\"en-US\"},{\"@type\":\"ImageObject\",\"inLanguage\":\"en-US\",\"@id\":\"https:\/\/www.visit-ulcinj.com\/blog\/2008\/11\/17\/forca-e-re-demokratikenata-e-planifikimit-urban-dhe-planet-fantazme-2\/#primaryimage\",\"url\":\"http:\/\/www.visit-ulcinj.com\/blog\/wp-content\/uploads\/2008\/11\/nazif_cungu_forca_ulqin-300x225.jpg\",\"contentUrl\":\"http:\/\/www.visit-ulcinj.com\/blog\/wp-content\/uploads\/2008\/11\/nazif_cungu_forca_ulqin-300x225.jpg\"},{\"@type\":\"WebPage\",\"@id\":\"https:\/\/www.visit-ulcinj.com\/blog\/2008\/11\/17\/forca-e-re-demokratikenata-e-planifikimit-urban-dhe-planet-fantazme-2\/#webpage\",\"url\":\"https:\/\/www.visit-ulcinj.com\/blog\/2008\/11\/17\/forca-e-re-demokratikenata-e-planifikimit-urban-dhe-planet-fantazme-2\/\",\"name\":\"Forca e re demokratike:\\\"Nata\\\" e planifikimit urban dhe planet \\\"fantazm\u00eb\\\" - Lajme nga Ulqini\",\"isPartOf\":{\"@id\":\"https:\/\/www.visit-ulcinj.com\/blog\/#website\"},\"primaryImageOfPage\":{\"@id\":\"https:\/\/www.visit-ulcinj.com\/blog\/2008\/11\/17\/forca-e-re-demokratikenata-e-planifikimit-urban-dhe-planet-fantazme-2\/#primaryimage\"},\"datePublished\":\"2008-11-17T11:15:40+00:00\",\"dateModified\":\"2008-11-17T11:36:49+00:00\",\"author\":{\"@id\":\"https:\/\/www.visit-ulcinj.com\/blog\/#\/schema\/person\/dcab619c614d3038751c63bc2aadc06d\"},\"description\":\"Ulqin - Forca e Re Demokratike ka vazhduar kritikat ndaj pushtetit lokal n\u00eb Ulqin, k\u00ebsaj radhe p\u00ebr gjendjen kaotike n\u00eb fush\u00ebn e planifikimit urban. N\u00eb nj\u00eb\",\"breadcrumb\":{\"@id\":\"https:\/\/www.visit-ulcinj.com\/blog\/2008\/11\/17\/forca-e-re-demokratikenata-e-planifikimit-urban-dhe-planet-fantazme-2\/#breadcrumb\"},\"inLanguage\":\"en-US\",\"potentialAction\":[{\"@type\":\"ReadAction\",\"target\":[\"https:\/\/www.visit-ulcinj.com\/blog\/2008\/11\/17\/forca-e-re-demokratikenata-e-planifikimit-urban-dhe-planet-fantazme-2\/\"]}]},{\"@type\":\"BreadcrumbList\",\"@id\":\"https:\/\/www.visit-ulcinj.com\/blog\/2008\/11\/17\/forca-e-re-demokratikenata-e-planifikimit-urban-dhe-planet-fantazme-2\/#breadcrumb\",\"itemListElement\":[{\"@type\":\"ListItem\",\"position\":1,\"name\":\"Forca e re demokratike:&#8221;Nata&#8221; e planifikimit urban dhe planet &#8220;fantazm\u00eb&#8221;\"}]},{\"@type\":\"Person\",\"@id\":\"https:\/\/www.visit-ulcinj.com\/blog\/#\/schema\/person\/dcab619c614d3038751c63bc2aadc06d\",\"name\":\"ulqini\",\"sameAs\":[\"http:\/\/www.visit-ulcinj.com\"],\"url\":\"https:\/\/www.visit-ulcinj.com\/blog\/author\/admin\/\"}]}<\/script>\n<!-- \/ Yoast SEO plugin. -->","yoast_head_json":{"title":"Forca e re demokratike:\"Nata\" e planifikimit urban dhe planet \"fantazm\u00eb\" - Lajme nga Ulqini","description":"Ulqin - Forca e Re Demokratike ka vazhduar kritikat ndaj pushtetit lokal n\u00eb Ulqin, k\u00ebsaj radhe p\u00ebr gjendjen kaotike n\u00eb fush\u00ebn e planifikimit urban. N\u00eb nj\u00eb","robots":{"index":"index","follow":"follow","max-snippet":"max-snippet:-1","max-image-preview":"max-image-preview:large","max-video-preview":"max-video-preview:-1"},"canonical":"https:\/\/www.visit-ulcinj.com\/blog\/2008\/11\/17\/forca-e-re-demokratikenata-e-planifikimit-urban-dhe-planet-fantazme-2\/","og_locale":"en_US","og_type":"article","og_title":"Forca e re demokratike:\"Nata\" e planifikimit urban dhe planet \"fantazm\u00eb\" - Lajme nga Ulqini","og_description":"Ulqin - Forca e Re Demokratike ka vazhduar kritikat ndaj pushtetit lokal n\u00eb Ulqin, k\u00ebsaj radhe p\u00ebr gjendjen kaotike n\u00eb fush\u00ebn e planifikimit urban. N\u00eb nj\u00eb","og_url":"https:\/\/www.visit-ulcinj.com\/blog\/2008\/11\/17\/forca-e-re-demokratikenata-e-planifikimit-urban-dhe-planet-fantazme-2\/","og_site_name":"Lajme nga Ulqini","article_published_time":"2008-11-17T11:15:40+00:00","article_modified_time":"2008-11-17T11:36:49+00:00","og_image":[{"url":"http:\/\/www.visit-ulcinj.com\/blog\/wp-content\/uploads\/2008\/11\/nazif_cungu_forca_ulqin-300x225.jpg"}],"twitter_misc":{"Written by":"ulqini","Est. reading time":"2 minutes"},"schema":{"@context":"https:\/\/schema.org","@graph":[{"@type":"WebSite","@id":"https:\/\/www.visit-ulcinj.com\/blog\/#website","url":"https:\/\/www.visit-ulcinj.com\/blog\/","name":"Lajme nga Ulqini","description":"Lajme,Vijesti,Ulqini,Ulqin,Crna Gora,Mali i Zi","potentialAction":[{"@type":"SearchAction","target":{"@type":"EntryPoint","urlTemplate":"https:\/\/www.visit-ulcinj.com\/blog\/?s={search_term_string}"},"query-input":"required name=search_term_string"}],"inLanguage":"en-US"},{"@type":"ImageObject","inLanguage":"en-US","@id":"https:\/\/www.visit-ulcinj.com\/blog\/2008\/11\/17\/forca-e-re-demokratikenata-e-planifikimit-urban-dhe-planet-fantazme-2\/#primaryimage","url":"http:\/\/www.visit-ulcinj.com\/blog\/wp-content\/uploads\/2008\/11\/nazif_cungu_forca_ulqin-300x225.jpg","contentUrl":"http:\/\/www.visit-ulcinj.com\/blog\/wp-content\/uploads\/2008\/11\/nazif_cungu_forca_ulqin-300x225.jpg"},{"@type":"WebPage","@id":"https:\/\/www.visit-ulcinj.com\/blog\/2008\/11\/17\/forca-e-re-demokratikenata-e-planifikimit-urban-dhe-planet-fantazme-2\/#webpage","url":"https:\/\/www.visit-ulcinj.com\/blog\/2008\/11\/17\/forca-e-re-demokratikenata-e-planifikimit-urban-dhe-planet-fantazme-2\/","name":"Forca e re demokratike:\"Nata\" e planifikimit urban dhe planet \"fantazm\u00eb\" - Lajme nga Ulqini","isPartOf":{"@id":"https:\/\/www.visit-ulcinj.com\/blog\/#website"},"primaryImageOfPage":{"@id":"https:\/\/www.visit-ulcinj.com\/blog\/2008\/11\/17\/forca-e-re-demokratikenata-e-planifikimit-urban-dhe-planet-fantazme-2\/#primaryimage"},"datePublished":"2008-11-17T11:15:40+00:00","dateModified":"2008-11-17T11:36:49+00:00","author":{"@id":"https:\/\/www.visit-ulcinj.com\/blog\/#\/schema\/person\/dcab619c614d3038751c63bc2aadc06d"},"description":"Ulqin - Forca e Re Demokratike ka vazhduar kritikat ndaj pushtetit lokal n\u00eb Ulqin, k\u00ebsaj radhe p\u00ebr gjendjen kaotike n\u00eb fush\u00ebn e planifikimit urban. N\u00eb nj\u00eb","breadcrumb":{"@id":"https:\/\/www.visit-ulcinj.com\/blog\/2008\/11\/17\/forca-e-re-demokratikenata-e-planifikimit-urban-dhe-planet-fantazme-2\/#breadcrumb"},"inLanguage":"en-US","potentialAction":[{"@type":"ReadAction","target":["https:\/\/www.visit-ulcinj.com\/blog\/2008\/11\/17\/forca-e-re-demokratikenata-e-planifikimit-urban-dhe-planet-fantazme-2\/"]}]},{"@type":"BreadcrumbList","@id":"https:\/\/www.visit-ulcinj.com\/blog\/2008\/11\/17\/forca-e-re-demokratikenata-e-planifikimit-urban-dhe-planet-fantazme-2\/#breadcrumb","itemListElement":[{"@type":"ListItem","position":1,"name":"Forca e re demokratike:&#8221;Nata&#8221; e planifikimit urban dhe planet &#8220;fantazm\u00eb&#8221;"}]},{"@type":"Person","@id":"https:\/\/www.visit-ulcinj.com\/blog\/#\/schema\/person\/dcab619c614d3038751c63bc2aadc06d","name":"ulqini","sameAs":["http:\/\/www.visit-ulcinj.com"],"url":"https:\/\/www.visit-ulcinj.com\/blog\/author\/admin\/"}]}},"jetpack_featured_media_url":"","jetpack_sharing_enabled":true,"jetpack_shortlink":"https:\/\/wp.me\/pe6lTn-1C5","_links":{"self":[{"href":"https:\/\/www.visit-ulcinj.com\/blog\/wp-json\/wp\/v2\/posts\/6205"}],"collection":[{"href":"https:\/\/www.visit-ulcinj.com\/blog\/wp-json\/wp\/v2\/posts"}],"about":[{"href":"https:\/\/www.visit-ulcinj.com\/blog\/wp-json\/wp\/v2\/types\/post"}],"author":[{"embeddable":true,"href":"https:\/\/www.visit-ulcinj.com\/blog\/wp-json\/wp\/v2\/users\/1"}],"replies":[{"embeddable":true,"href":"https:\/\/www.visit-ulcinj.com\/blog\/wp-json\/wp\/v2\/comments?post=6205"}],"version-history":[{"count":0,"href":"https:\/\/www.visit-ulcinj.com\/blog\/wp-json\/wp\/v2\/posts\/6205\/revisions"}],"wp:attachment":[{"href":"https:\/\/www.visit-ulcinj.com\/blog\/wp-json\/wp\/v2\/media?parent=6205"}],"wp:term":[{"taxonomy":"category","embeddable":true,"href":"https:\/\/www.visit-ulcinj.com\/blog\/wp-json\/wp\/v2\/categories?post=6205"},{"taxonomy":"post_tag","embeddable":true,"href":"https:\/\/www.visit-ulcinj.com\/blog\/wp-json\/wp\/v2\/tags?post=6205"}],"curies":[{"name":"wp","href":"https:\/\/api.w.org\/{rel}","templated":true}]}}