{"id":62052,"date":"2012-07-05T11:53:10","date_gmt":"2012-07-05T10:53:10","guid":{"rendered":"http:\/\/www.visit-ulcinj.com\/blog\/?p=62052"},"modified":"2012-07-05T11:53:10","modified_gmt":"2012-07-05T10:53:10","slug":"reagovanje-cungua-na-istup-selima-resulbegovica","status":"publish","type":"post","link":"https:\/\/www.visit-ulcinj.com\/blog\/2012\/07\/05\/reagovanje-cungua-na-istup-selima-resulbegovica\/","title":{"rendered":"Reagovanje Cungua na istup Selima Resulbegovica"},"content":{"rendered":"<p><a href=\"http:\/\/www.visit-ulcinj.com\/blog\/wp-content\/uploads\/2012\/07\/Selim-Resulbegovic_Nazif-Cungu_Ulcinj.jpg\"><img loading=\"lazy\" class=\"alignleft  wp-image-62054\" title=\"Selim Resulbegovic_Nazif Cungu_Ulcinj\" src=\"http:\/\/www.visit-ulcinj.com\/blog\/wp-content\/uploads\/2012\/07\/Selim-Resulbegovic_Nazif-Cungu_Ulcinj.jpg\" alt=\"\" width=\"508\" height=\"360\" \/><\/a>Moj zahjtev, kao predsjednika op\u0161tine Ulcinj, za obuhvatanje lokalcije Velika skela u Programu privremenih objekata Morskog dobra je obradjen u Sekretarijatu za Urbanizam Op\u0161tine Ulcinj, tako da ne stoje ocjene da predsjednik op\u0161tine radi sam i na svoju ruku. Skidanje zabrane ne zna\u010di odre\u0111ivanje korisnika tog prostora, jer se to radi putem javnog nadmetanja i od strane JP MD. Predsjednik op\u0161tine ne odre\u0111uje korisnika ve\u0107 to radi JP MD. A to je poslu\u017eilo g. Resulbegovi\u0107u da opravda odluku done\u0161enu o privremenim lokacijama, nezakonito bez mi\u0161ljenja op\u0161tine koje je Morsko Dobro i Ministrastvo donijelo u junu ove godine. Ne mo\u017ee se opravdati divlja gradnja na ovim i na drugim lokacijama u op\u0161tini Ulcinj, a posebno ne ona na platou na ulazu u Malu pla\u017eu, gdje se izvode radovi na ure\u0111enju istih bez ikakvog javnog nadmetanja i bez dozvole op\u0161tine, zna\u010di potpuno nezakonito.<br \/>\nJasno je vi\u0161e svima, ne samo u Ulcinju, nego i u cijeloj Crnoj Gori i \u0161ire, da se Morsko dobro godinama postavlja kao vrhovna institucija iznad Op\u0161tine Ulcinj, i godinama diskrimini\u0161e na\u0161u op\u0161tinu, te je na tom principu odre\u0111ena granica MD bez presedana u civilizovanim evropskim dr\u017eavama.<\/p>\n<p>Ovo JP odlu\u010duje gdje i \u0161to \u0107e se raditi u toj zoni i to bez pitanja op\u0161tine Ulcinj i to ve\u0107 dvije decenije. A u me\u0111uvremenu, u upravnom odboru tog preduze\u0107a je gospodin Resulbegovi\u0107, ina\u010de dobro poznat gra\u0111anima po svojim sposobnostima i rezultatima koji su uvjek inicirani stavom da se treba biti pri vlasti i pri predhodnoj i pri sada\u0161njoj, vjerovatno time su i ti rezultati i veliki i posebni, i to ne samo sada vec i tradicionalno. I mi imamo dostojanstvo pa nas to dostojanstvo ograni\u010dava da upotrebimo pravi izraz za to.<br \/>\nKoje interse zastupa u Upravnom Odboru JP MD, a posebno pitanje ko ga je tamo delegirao, sigurno nisu gra\u0111ani Ulcinja, koji osje\u0107aju diskriminaciju MD ve\u0107 neko drugi?<br \/>\nSiguran sam, da se ni najve\u0107i poznavaoci ne mogu sjetiti kada je dao bilo koju javnu kritiku politici koja se vodi preko ovog preduze\u0107a, ili da je izjavio ne\u0161to u korist gradjana, jer bi time ugrozio obilne prihode koji ima od MD. I sve ovo vrijeme on legitimi\u0161e diskriminaciju Ulcinja od MD, i omogu\u0107ava da se pojedinici, na nezakonit na\u010din okoriste od kori\u0161\u0107enja javnog dobra. Od preko 30 zapo\u0161ljenih u ovom preduze\u0107u, samo dvoje je iz Ulcinja i to iz SDP-a. Na\u0161a lokalna samouprava ce ucinit sve \u0161to je u njenoj mo\u0107i da za\u0161titi interese op\u0161tine i nece tolerisati ovakvo pona\u0161anje Morskog Dobra.<br \/>\nI zato ovdje nema nikakve iskonstruisane afere vec samo objelodanjivanje klijentelistickog uticaja kada isto lice vec 20 godina dobija iste privilegije. I cudimo se sto kao sposobni urbanista nije uvidio da bi se objektima na ulazu a Maloj pla\u017ei naru\u0161ava, sada lijepi ambijent.<br \/>\nOva samouprava u liku predsjednika Op\u0161tine Ulcinj ne\u0107e pristati na ova samovoljna rje\u0161enja bilo JP MD bilo Ministarstva koja nas omalova\u017eavaju kao zajednicu jer \u017eelimo braniti dostojanstvo Op\u0161tine a ne interese uskog kruga ljudi bliskih vlasti.<br \/>\nMogu\u0107nosti ovog Predsjednika su veoma ograni\u010dene kada njegovi najbli\u017ei saradnici nisu fokusirani na posao za koji su pla\u0107eni ve\u0107 na neke druge aktivnosti i interese.<br \/>\nTrudili smo se da se okrenemo ka budu\u0107nosti, da ne ostanemo taoci prethodnog lo\u0161eg iskustva sa JPMD. Radnje gospodina Resulbegovi\u0107a mi ne dozvoljavaju mi da pravim ustupke, i odlu\u010dio sam da zatra\u017eim istra\u017eivanje nepravilnosti u ranijim aktivnostima ovog preduze\u0107a, i da u skladu sa tim preduzmem adekvatne mjere.<br \/>\nO\u010dekujemo da \u0107e gospodin Resulbegovi\u0107 poslije ove izjave, reagovati na korektan na\u010din, i da \u0107e krenuti nova faza u na\u0161im odnosima, i u njegovim stavovima, koji \u0107e se prepoznavati po davanju prioriteta interesima op\u0161tine.<br \/>\nMogu\u0107nost da se nastavi postoji i ona je samo jedna, po\u0161tovanjem i primjenom zakona. U protivnom, gospodin Resulbegovi\u0107 \u0107e sebe isklju\u010diti iz uspje\u0161ne ekipe u ovoj lokalnoj samoupravi.<\/p>\n","protected":false},"excerpt":{"rendered":"<p>Moj zahjtev, kao predsjednika op\u0161tine Ulcinj, za obuhvatanje lokalcije Velika skela u Programu privremenih objekata Morskog dobra je obradjen u Sekretarijatu za Urbanizam Op\u0161tine Ulcinj, tako da ne stoje ocjene da predsjednik op\u0161tine radi sam i na svoju ruku. Skidanje zabrane ne zna\u010di odre\u0111ivanje korisnika tog prostora, jer se to radi putem javnog nadmetanja i [&hellip;]<\/p>\n","protected":false},"author":1,"featured_media":0,"comment_status":"open","ping_status":"closed","sticky":false,"template":"","format":"standard","meta":{"spay_email":"","jetpack_publicize_message":"","jetpack_is_tweetstorm":false,"jetpack_publicize_feature_enabled":true},"categories":[8337],"tags":[19],"jetpack_publicize_connections":[],"yoast_head":"<!-- This site is optimized with the Yoast SEO plugin v19.1 - https:\/\/yoast.com\/wordpress\/plugins\/seo\/ -->\n<title>Reagovanje Cungua na istup Selima Resulbegovica - Lajme nga Ulqini<\/title>\n<meta name=\"description\" content=\"Moj zahjtev, kao predsjednika op\u0161tine Ulcinj, za obuhvatanje lokalcije Velika skela u Programu privremenih objekata Morskog dobra je obradjen u\" \/>\n<meta name=\"robots\" content=\"index, follow, max-snippet:-1, max-image-preview:large, max-video-preview:-1\" \/>\n<link rel=\"canonical\" href=\"https:\/\/www.visit-ulcinj.com\/blog\/2012\/07\/05\/reagovanje-cungua-na-istup-selima-resulbegovica\/\" \/>\n<meta property=\"og:locale\" content=\"en_US\" \/>\n<meta property=\"og:type\" content=\"article\" \/>\n<meta property=\"og:title\" content=\"Reagovanje Cungua na istup Selima Resulbegovica - Lajme nga Ulqini\" \/>\n<meta property=\"og:description\" content=\"Moj zahjtev, kao predsjednika op\u0161tine Ulcinj, za obuhvatanje lokalcije Velika skela u Programu privremenih objekata Morskog dobra je obradjen u\" \/>\n<meta property=\"og:url\" content=\"https:\/\/www.visit-ulcinj.com\/blog\/2012\/07\/05\/reagovanje-cungua-na-istup-selima-resulbegovica\/\" \/>\n<meta property=\"og:site_name\" content=\"Lajme nga Ulqini\" \/>\n<meta property=\"article:published_time\" content=\"2012-07-05T10:53:10+00:00\" \/>\n<meta property=\"og:image\" content=\"http:\/\/www.visit-ulcinj.com\/blog\/wp-content\/uploads\/2012\/07\/Selim-Resulbegovic_Nazif-Cungu_Ulcinj.jpg\" \/>\n<meta name=\"twitter:label1\" content=\"Written by\" \/>\n\t<meta name=\"twitter:data1\" content=\"ulqini\" \/>\n\t<meta name=\"twitter:label2\" content=\"Est. reading time\" \/>\n\t<meta name=\"twitter:data2\" content=\"3 minutes\" \/>\n<script type=\"application\/ld+json\" class=\"yoast-schema-graph\">{\"@context\":\"https:\/\/schema.org\",\"@graph\":[{\"@type\":\"WebSite\",\"@id\":\"https:\/\/www.visit-ulcinj.com\/blog\/#website\",\"url\":\"https:\/\/www.visit-ulcinj.com\/blog\/\",\"name\":\"Lajme nga Ulqini\",\"description\":\"Lajme,Vijesti,Ulqini,Ulqin,Crna Gora,Mali i Zi\",\"potentialAction\":[{\"@type\":\"SearchAction\",\"target\":{\"@type\":\"EntryPoint\",\"urlTemplate\":\"https:\/\/www.visit-ulcinj.com\/blog\/?s={search_term_string}\"},\"query-input\":\"required name=search_term_string\"}],\"inLanguage\":\"en-US\"},{\"@type\":\"ImageObject\",\"inLanguage\":\"en-US\",\"@id\":\"https:\/\/www.visit-ulcinj.com\/blog\/2012\/07\/05\/reagovanje-cungua-na-istup-selima-resulbegovica\/#primaryimage\",\"url\":\"https:\/\/www.visit-ulcinj.com\/blog\/wp-content\/uploads\/2012\/07\/Selim-Resulbegovic_Nazif-Cungu_Ulcinj.jpg\",\"contentUrl\":\"https:\/\/www.visit-ulcinj.com\/blog\/wp-content\/uploads\/2012\/07\/Selim-Resulbegovic_Nazif-Cungu_Ulcinj.jpg\",\"width\":\"566\",\"height\":\"408\"},{\"@type\":\"WebPage\",\"@id\":\"https:\/\/www.visit-ulcinj.com\/blog\/2012\/07\/05\/reagovanje-cungua-na-istup-selima-resulbegovica\/#webpage\",\"url\":\"https:\/\/www.visit-ulcinj.com\/blog\/2012\/07\/05\/reagovanje-cungua-na-istup-selima-resulbegovica\/\",\"name\":\"Reagovanje Cungua na istup Selima Resulbegovica - Lajme nga Ulqini\",\"isPartOf\":{\"@id\":\"https:\/\/www.visit-ulcinj.com\/blog\/#website\"},\"primaryImageOfPage\":{\"@id\":\"https:\/\/www.visit-ulcinj.com\/blog\/2012\/07\/05\/reagovanje-cungua-na-istup-selima-resulbegovica\/#primaryimage\"},\"datePublished\":\"2012-07-05T10:53:10+00:00\",\"dateModified\":\"2012-07-05T10:53:10+00:00\",\"author\":{\"@id\":\"https:\/\/www.visit-ulcinj.com\/blog\/#\/schema\/person\/dcab619c614d3038751c63bc2aadc06d\"},\"description\":\"Moj zahjtev, kao predsjednika op\u0161tine Ulcinj, za obuhvatanje lokalcije Velika skela u Programu privremenih objekata Morskog dobra je obradjen u\",\"breadcrumb\":{\"@id\":\"https:\/\/www.visit-ulcinj.com\/blog\/2012\/07\/05\/reagovanje-cungua-na-istup-selima-resulbegovica\/#breadcrumb\"},\"inLanguage\":\"en-US\",\"potentialAction\":[{\"@type\":\"ReadAction\",\"target\":[\"https:\/\/www.visit-ulcinj.com\/blog\/2012\/07\/05\/reagovanje-cungua-na-istup-selima-resulbegovica\/\"]}]},{\"@type\":\"BreadcrumbList\",\"@id\":\"https:\/\/www.visit-ulcinj.com\/blog\/2012\/07\/05\/reagovanje-cungua-na-istup-selima-resulbegovica\/#breadcrumb\",\"itemListElement\":[{\"@type\":\"ListItem\",\"position\":1,\"name\":\"Reagovanje Cungua na istup Selima Resulbegovica\"}]},{\"@type\":\"Person\",\"@id\":\"https:\/\/www.visit-ulcinj.com\/blog\/#\/schema\/person\/dcab619c614d3038751c63bc2aadc06d\",\"name\":\"ulqini\",\"sameAs\":[\"http:\/\/www.visit-ulcinj.com\"],\"url\":\"https:\/\/www.visit-ulcinj.com\/blog\/author\/admin\/\"}]}<\/script>\n<!-- \/ Yoast SEO plugin. -->","yoast_head_json":{"title":"Reagovanje Cungua na istup Selima Resulbegovica - Lajme nga Ulqini","description":"Moj zahjtev, kao predsjednika op\u0161tine Ulcinj, za obuhvatanje lokalcije Velika skela u Programu privremenih objekata Morskog dobra je obradjen u","robots":{"index":"index","follow":"follow","max-snippet":"max-snippet:-1","max-image-preview":"max-image-preview:large","max-video-preview":"max-video-preview:-1"},"canonical":"https:\/\/www.visit-ulcinj.com\/blog\/2012\/07\/05\/reagovanje-cungua-na-istup-selima-resulbegovica\/","og_locale":"en_US","og_type":"article","og_title":"Reagovanje Cungua na istup Selima Resulbegovica - Lajme nga Ulqini","og_description":"Moj zahjtev, kao predsjednika op\u0161tine Ulcinj, za obuhvatanje lokalcije Velika skela u Programu privremenih objekata Morskog dobra je obradjen u","og_url":"https:\/\/www.visit-ulcinj.com\/blog\/2012\/07\/05\/reagovanje-cungua-na-istup-selima-resulbegovica\/","og_site_name":"Lajme nga Ulqini","article_published_time":"2012-07-05T10:53:10+00:00","og_image":[{"url":"http:\/\/www.visit-ulcinj.com\/blog\/wp-content\/uploads\/2012\/07\/Selim-Resulbegovic_Nazif-Cungu_Ulcinj.jpg"}],"twitter_misc":{"Written by":"ulqini","Est. reading time":"3 minutes"},"schema":{"@context":"https:\/\/schema.org","@graph":[{"@type":"WebSite","@id":"https:\/\/www.visit-ulcinj.com\/blog\/#website","url":"https:\/\/www.visit-ulcinj.com\/blog\/","name":"Lajme nga Ulqini","description":"Lajme,Vijesti,Ulqini,Ulqin,Crna Gora,Mali i Zi","potentialAction":[{"@type":"SearchAction","target":{"@type":"EntryPoint","urlTemplate":"https:\/\/www.visit-ulcinj.com\/blog\/?s={search_term_string}"},"query-input":"required name=search_term_string"}],"inLanguage":"en-US"},{"@type":"ImageObject","inLanguage":"en-US","@id":"https:\/\/www.visit-ulcinj.com\/blog\/2012\/07\/05\/reagovanje-cungua-na-istup-selima-resulbegovica\/#primaryimage","url":"https:\/\/www.visit-ulcinj.com\/blog\/wp-content\/uploads\/2012\/07\/Selim-Resulbegovic_Nazif-Cungu_Ulcinj.jpg","contentUrl":"https:\/\/www.visit-ulcinj.com\/blog\/wp-content\/uploads\/2012\/07\/Selim-Resulbegovic_Nazif-Cungu_Ulcinj.jpg","width":"566","height":"408"},{"@type":"WebPage","@id":"https:\/\/www.visit-ulcinj.com\/blog\/2012\/07\/05\/reagovanje-cungua-na-istup-selima-resulbegovica\/#webpage","url":"https:\/\/www.visit-ulcinj.com\/blog\/2012\/07\/05\/reagovanje-cungua-na-istup-selima-resulbegovica\/","name":"Reagovanje Cungua na istup Selima Resulbegovica - Lajme nga Ulqini","isPartOf":{"@id":"https:\/\/www.visit-ulcinj.com\/blog\/#website"},"primaryImageOfPage":{"@id":"https:\/\/www.visit-ulcinj.com\/blog\/2012\/07\/05\/reagovanje-cungua-na-istup-selima-resulbegovica\/#primaryimage"},"datePublished":"2012-07-05T10:53:10+00:00","dateModified":"2012-07-05T10:53:10+00:00","author":{"@id":"https:\/\/www.visit-ulcinj.com\/blog\/#\/schema\/person\/dcab619c614d3038751c63bc2aadc06d"},"description":"Moj zahjtev, kao predsjednika op\u0161tine Ulcinj, za obuhvatanje lokalcije Velika skela u Programu privremenih objekata Morskog dobra je obradjen u","breadcrumb":{"@id":"https:\/\/www.visit-ulcinj.com\/blog\/2012\/07\/05\/reagovanje-cungua-na-istup-selima-resulbegovica\/#breadcrumb"},"inLanguage":"en-US","potentialAction":[{"@type":"ReadAction","target":["https:\/\/www.visit-ulcinj.com\/blog\/2012\/07\/05\/reagovanje-cungua-na-istup-selima-resulbegovica\/"]}]},{"@type":"BreadcrumbList","@id":"https:\/\/www.visit-ulcinj.com\/blog\/2012\/07\/05\/reagovanje-cungua-na-istup-selima-resulbegovica\/#breadcrumb","itemListElement":[{"@type":"ListItem","position":1,"name":"Reagovanje Cungua na istup Selima Resulbegovica"}]},{"@type":"Person","@id":"https:\/\/www.visit-ulcinj.com\/blog\/#\/schema\/person\/dcab619c614d3038751c63bc2aadc06d","name":"ulqini","sameAs":["http:\/\/www.visit-ulcinj.com"],"url":"https:\/\/www.visit-ulcinj.com\/blog\/author\/admin\/"}]}},"jetpack_featured_media_url":"","jetpack_sharing_enabled":true,"jetpack_shortlink":"https:\/\/wp.me\/pe6lTn-g8Q","_links":{"self":[{"href":"https:\/\/www.visit-ulcinj.com\/blog\/wp-json\/wp\/v2\/posts\/62052"}],"collection":[{"href":"https:\/\/www.visit-ulcinj.com\/blog\/wp-json\/wp\/v2\/posts"}],"about":[{"href":"https:\/\/www.visit-ulcinj.com\/blog\/wp-json\/wp\/v2\/types\/post"}],"author":[{"embeddable":true,"href":"https:\/\/www.visit-ulcinj.com\/blog\/wp-json\/wp\/v2\/users\/1"}],"replies":[{"embeddable":true,"href":"https:\/\/www.visit-ulcinj.com\/blog\/wp-json\/wp\/v2\/comments?post=62052"}],"version-history":[{"count":1,"href":"https:\/\/www.visit-ulcinj.com\/blog\/wp-json\/wp\/v2\/posts\/62052\/revisions"}],"predecessor-version":[{"id":62055,"href":"https:\/\/www.visit-ulcinj.com\/blog\/wp-json\/wp\/v2\/posts\/62052\/revisions\/62055"}],"wp:attachment":[{"href":"https:\/\/www.visit-ulcinj.com\/blog\/wp-json\/wp\/v2\/media?parent=62052"}],"wp:term":[{"taxonomy":"category","embeddable":true,"href":"https:\/\/www.visit-ulcinj.com\/blog\/wp-json\/wp\/v2\/categories?post=62052"},{"taxonomy":"post_tag","embeddable":true,"href":"https:\/\/www.visit-ulcinj.com\/blog\/wp-json\/wp\/v2\/tags?post=62052"}],"curies":[{"name":"wp","href":"https:\/\/api.w.org\/{rel}","templated":true}]}}