{"id":62059,"date":"2012-07-06T08:11:30","date_gmt":"2012-07-06T07:11:30","guid":{"rendered":"http:\/\/www.visit-ulcinj.com\/blog\/?p=62059"},"modified":"2012-07-06T08:11:30","modified_gmt":"2012-07-06T07:11:30","slug":"kaos-na-ulicama-ulcinja","status":"publish","type":"post","link":"https:\/\/www.visit-ulcinj.com\/blog\/2012\/07\/06\/kaos-na-ulicama-ulcinja\/","title":{"rendered":"Kaos na ulicama Ulcinja"},"content":{"rendered":"<p><a href=\"http:\/\/www.visit-ulcinj.com\/blog\/wp-content\/uploads\/2012\/07\/Kaos-na-ulicama-Ulcinja.7.jpg\"><img loading=\"lazy\" class=\"alignleft  wp-image-62060\" title=\"Kaos na ulicama Ulcinja.7\" src=\"http:\/\/www.visit-ulcinj.com\/blog\/wp-content\/uploads\/2012\/07\/Kaos-na-ulicama-Ulcinja.7.jpg\" alt=\"\" width=\"508\" height=\"360\" \/><\/a>Za snadbijevanje ovog velikog &#8221; kontejnera &#8221; na na\u0161em Pristanu, svakodnevno kre\u0107e iz Podgorice, Harzeg N. Bara i ostalih gradova velika &#8220;armija&#8221; kombi vozila..Naravno, da ne pominjem ove na\u0161e iz Ulcinja..U tome ne bi bilo ni\u010deg neobi\u010dnog kada bi se ovo snadbijevanje vr\u0161ilo u odre\u0111enom terminu no\u0107u kada je frekfencija turista mala, ili je gotovo i nema. Na\u017ealost, nesavjesni voza\u010di i njihove firme u Ulcinju ne po\u0161tuje pravne norme i propise u saobra\u0107aju koje vladaju u jednom civilizovanom dru\u0161tvu, pa \u010dak op\u0161tinske odluke..Zbog toga, na Pristaju u vrijeme kada ve\u0107ina turista kre\u0107e prema pla\u017ei, nastaje pravi haos zbog &#8220;ovakvog&#8221; snadbijevanja ovog &#8220;Limenog kontejnera&#8221;. Naravno u nekim drugim sredinama njemu i ne bi bilo mjesta tu i odavno bi bio dislociran na neko drugo mjesto. N tom mjestu bi se napravio pravi parking za one &#8220;prave&#8221; goste, za njihove &#8220;ljubimce&#8221;od kojih bi svi imali koristi. Ali to prepu\u0161tam &#8220;Lokalnoj &#8221; upravi&#8230;Me\u0111utim, danas se desilo ne\u0161to neobi\u010dno za na\u0161e prilike&#8230;Milicioneri koji svakodnevno de\u017euraju na na\u0161em &#8220;Pristanu&#8221; i koji naravno uglavnom opominju ili savjetuju, su dio dekora svega ovog \u0161to se dep\u0161ava na Pristanu. Tu, spada i ogroman broj &#8220;dilera&#8221; koji isto tako nesmetano &#8220;trerori\u0161u&#8221; turiste na o\u010digled svih nas, pa i njih..Ali, danas sam bio prijatno iznena\u0111en, jer je o\u010digledno jedan od na\u0161ih milicionera sasvim ozbiljno svatio svoju du\u017enost i svoj &#8220;benificirani&#8221; sta\u017e. Zapisao je registrovao sve &#8220;kombije&#8221;pa i ove na\u0161e iz Ulcinja, i ja se iskreno nadam da \u0107e njegovim primjerom po\u0107i i ostali, i da \u0107e se na Pristanu kona\u010dno zavesti malo reda..Sve ovo se tako lako mo\u017ee urediti, mora se samo htjeti i po\u0161tovati zakon, uniforma, olovka i &#8220;prut, jer je on iza\u0161ao iz Raja&#8221; ka\u017ee na\u0161 narod, dok po d\u017eepu najvi\u0161e boli..iskreno se nadam da \u0107e firme i nesavjesni voza\u010di to i osjetiti..Gra\u0111ani i mnogobrojni turisti se svakodnevno pitaju, da bez obzira ko je vlasnik ovog &#8220;Limenog &#8221; kontejnera, da se zbog njega napravi takav haos na Pristanu, gdje se i mi i turisti svakodnevno sre\u0107emo sa scenama, kojih nema ni u horor filmovima pa neko kao uzre\u010dicu i ka\u017ee, ni u &#8220;Banglade\u0161u&#8221;&#8230;Ja ga godinama nazivam &#8220;lLimenim &#8221; konteinerom, jer on tako i izgleda. Nalazi u srcu Pristana, na pjeni od mora na samo par metara od &#8220;Male &#8220;pla\u017ee, i da za njega ne va\u017ei ona uzre\u010dica iz &#8220;ljubavi, da kada uzimate, morate i da dajete&#8221;. Tokom turisti\u010dke sezone, gospoda &#8220;vlasnici&#8221;, zaista puno uzimaju, a koliko u njega ula\u017eu, \u010dak se i na slici vidi, dok kada pri\u0111ete tek tada vidite da godinama nijesu ulo\u017eili nijedan &#8220;cent&#8221;..<\/p>\n<p><strong><a href=\"https:\/\/www.facebook.com\/media\/set\/?set=a.4291594772302.2178179.1359492972&amp;type=3\" target=\"_blank\">Ismet Karamanaga Facebook &#8211; Ulcinj<\/a><br \/>\n\n\t\t<style type=\"text\/css\">\n\t\t\t#gallery-1 {\n\t\t\t\tmargin: auto;\n\t\t\t}\n\t\t\t#gallery-1 .gallery-item {\n\t\t\t\tfloat: left;\n\t\t\t\tmargin-top: 10px;\n\t\t\t\ttext-align: center;\n\t\t\t\twidth: 33%;\n\t\t\t}\n\t\t\t#gallery-1 img {\n\t\t\t\tborder: 2px solid #cfcfcf;\n\t\t\t}\n\t\t\t#gallery-1 .gallery-caption {\n\t\t\t\tmargin-left: 0;\n\t\t\t}\n\t\t\t\/* see gallery_shortcode() in wp-includes\/media.php *\/\n\t\t<\/style>\n\t\t<div id='gallery-1' class='gallery galleryid-62059 gallery-columns-3 gallery-size-thumbnail'><dl class='gallery-item'>\n\t\t\t<dt class='gallery-icon landscape'>\n\t\t\t\t<a href='https:\/\/www.visit-ulcinj.com\/blog\/wp-content\/uploads\/2012\/07\/Kaos-na-ulicama-Ulcinja.7.jpg'><img width=\"150\" height=\"150\" src=\"https:\/\/www.visit-ulcinj.com\/blog\/wp-content\/uploads\/2012\/07\/Kaos-na-ulicama-Ulcinja.7-150x150.jpg\" class=\"attachment-thumbnail size-thumbnail\" alt=\"\" loading=\"lazy\" \/><\/a>\n\t\t\t<\/dt><\/dl><dl class='gallery-item'>\n\t\t\t<dt class='gallery-icon landscape'>\n\t\t\t\t<a href='https:\/\/www.visit-ulcinj.com\/blog\/wp-content\/uploads\/2012\/07\/Kaos-na-ulicama-Ulcinja.1.jpg'><img width=\"150\" height=\"150\" src=\"https:\/\/www.visit-ulcinj.com\/blog\/wp-content\/uploads\/2012\/07\/Kaos-na-ulicama-Ulcinja.1-150x150.jpg\" class=\"attachment-thumbnail size-thumbnail\" alt=\"\" loading=\"lazy\" \/><\/a>\n\t\t\t<\/dt><\/dl><dl class='gallery-item'>\n\t\t\t<dt class='gallery-icon landscape'>\n\t\t\t\t<a href='https:\/\/www.visit-ulcinj.com\/blog\/wp-content\/uploads\/2012\/07\/Kaos-na-ulicama-Ulcinja.2.jpg'><img width=\"150\" height=\"150\" src=\"https:\/\/www.visit-ulcinj.com\/blog\/wp-content\/uploads\/2012\/07\/Kaos-na-ulicama-Ulcinja.2-150x150.jpg\" class=\"attachment-thumbnail size-thumbnail\" alt=\"\" loading=\"lazy\" \/><\/a>\n\t\t\t<\/dt><\/dl><br style=\"clear: both\" \/><dl class='gallery-item'>\n\t\t\t<dt class='gallery-icon landscape'>\n\t\t\t\t<a href='https:\/\/www.visit-ulcinj.com\/blog\/wp-content\/uploads\/2012\/07\/Kaos-na-ulicama-Ulcinja.3.jpg'><img width=\"150\" height=\"150\" src=\"https:\/\/www.visit-ulcinj.com\/blog\/wp-content\/uploads\/2012\/07\/Kaos-na-ulicama-Ulcinja.3-150x150.jpg\" class=\"attachment-thumbnail size-thumbnail\" alt=\"\" loading=\"lazy\" \/><\/a>\n\t\t\t<\/dt><\/dl><dl class='gallery-item'>\n\t\t\t<dt class='gallery-icon landscape'>\n\t\t\t\t<a href='https:\/\/www.visit-ulcinj.com\/blog\/wp-content\/uploads\/2012\/07\/Kaos-na-ulicama-Ulcinja.4.jpg'><img width=\"150\" height=\"150\" src=\"https:\/\/www.visit-ulcinj.com\/blog\/wp-content\/uploads\/2012\/07\/Kaos-na-ulicama-Ulcinja.4-150x150.jpg\" class=\"attachment-thumbnail size-thumbnail\" alt=\"\" loading=\"lazy\" \/><\/a>\n\t\t\t<\/dt><\/dl><dl class='gallery-item'>\n\t\t\t<dt class='gallery-icon landscape'>\n\t\t\t\t<a href='https:\/\/www.visit-ulcinj.com\/blog\/wp-content\/uploads\/2012\/07\/Kaos-na-ulicama-Ulcinja.5.jpg'><img width=\"150\" height=\"150\" src=\"https:\/\/www.visit-ulcinj.com\/blog\/wp-content\/uploads\/2012\/07\/Kaos-na-ulicama-Ulcinja.5-150x150.jpg\" class=\"attachment-thumbnail size-thumbnail\" alt=\"\" loading=\"lazy\" \/><\/a>\n\t\t\t<\/dt><\/dl><br style=\"clear: both\" \/><dl class='gallery-item'>\n\t\t\t<dt class='gallery-icon landscape'>\n\t\t\t\t<a href='https:\/\/www.visit-ulcinj.com\/blog\/wp-content\/uploads\/2012\/07\/Kaos-na-ulicama-Ulcinja.6.jpg'><img width=\"150\" height=\"150\" src=\"https:\/\/www.visit-ulcinj.com\/blog\/wp-content\/uploads\/2012\/07\/Kaos-na-ulicama-Ulcinja.6-150x150.jpg\" class=\"attachment-thumbnail size-thumbnail\" alt=\"\" loading=\"lazy\" \/><\/a>\n\t\t\t<\/dt><\/dl><dl class='gallery-item'>\n\t\t\t<dt class='gallery-icon landscape'>\n\t\t\t\t<a href='https:\/\/www.visit-ulcinj.com\/blog\/wp-content\/uploads\/2012\/07\/Kaos-na-ulicama-Ulcinja.8.jpg'><img width=\"150\" height=\"150\" src=\"https:\/\/www.visit-ulcinj.com\/blog\/wp-content\/uploads\/2012\/07\/Kaos-na-ulicama-Ulcinja.8-150x150.jpg\" class=\"attachment-thumbnail size-thumbnail\" alt=\"\" loading=\"lazy\" \/><\/a>\n\t\t\t<\/dt><\/dl><dl class='gallery-item'>\n\t\t\t<dt class='gallery-icon landscape'>\n\t\t\t\t<a href='https:\/\/www.visit-ulcinj.com\/blog\/wp-content\/uploads\/2012\/07\/Kaos-na-ulicama-Ulcinja.jpg'><img width=\"150\" height=\"150\" src=\"https:\/\/www.visit-ulcinj.com\/blog\/wp-content\/uploads\/2012\/07\/Kaos-na-ulicama-Ulcinja-150x150.jpg\" class=\"attachment-thumbnail size-thumbnail\" alt=\"\" loading=\"lazy\" \/><\/a>\n\t\t\t<\/dt><\/dl><br style=\"clear: both\" \/>\n\t\t<\/div>\n<br \/>\n<\/strong><\/p>\n","protected":false},"excerpt":{"rendered":"<p>Za snadbijevanje ovog velikog &#8221; kontejnera &#8221; na na\u0161em Pristanu, svakodnevno kre\u0107e iz Podgorice, Harzeg N. Bara i ostalih gradova velika &#8220;armija&#8221; kombi vozila..Naravno, da ne pominjem ove na\u0161e iz Ulcinja..U tome ne bi bilo ni\u010deg neobi\u010dnog kada bi se ovo snadbijevanje vr\u0161ilo u odre\u0111enom terminu no\u0107u kada je frekfencija turista mala, ili je gotovo [&hellip;]<\/p>\n","protected":false},"author":1,"featured_media":0,"comment_status":"open","ping_status":"closed","sticky":false,"template":"","format":"standard","meta":{"spay_email":"","jetpack_publicize_message":"","jetpack_is_tweetstorm":false,"jetpack_publicize_feature_enabled":true},"categories":[8337],"tags":[4229,19],"jetpack_publicize_connections":[],"yoast_head":"<!-- This site is optimized with the Yoast SEO plugin v19.1 - https:\/\/yoast.com\/wordpress\/plugins\/seo\/ -->\n<title>Kaos na ulicama Ulcinja - Lajme nga Ulqini<\/title>\n<meta name=\"description\" content=\"Za snadbijevanje ovog velikog &quot; kontejnera &quot; na na\u0161em Pristanu, svakodnevno kre\u0107e iz Podgorice, Harzeg N. Bara i ostalih gradova velika &quot;armija&quot; kombi\" \/>\n<meta name=\"robots\" content=\"index, follow, max-snippet:-1, max-image-preview:large, max-video-preview:-1\" \/>\n<link rel=\"canonical\" href=\"https:\/\/www.visit-ulcinj.com\/blog\/2012\/07\/06\/kaos-na-ulicama-ulcinja\/\" \/>\n<meta property=\"og:locale\" content=\"en_US\" \/>\n<meta property=\"og:type\" content=\"article\" \/>\n<meta property=\"og:title\" content=\"Kaos na ulicama Ulcinja - Lajme nga Ulqini\" \/>\n<meta property=\"og:description\" content=\"Za snadbijevanje ovog velikog &quot; kontejnera &quot; na na\u0161em Pristanu, svakodnevno kre\u0107e iz Podgorice, Harzeg N. Bara i ostalih gradova velika &quot;armija&quot; kombi\" \/>\n<meta property=\"og:url\" content=\"https:\/\/www.visit-ulcinj.com\/blog\/2012\/07\/06\/kaos-na-ulicama-ulcinja\/\" \/>\n<meta property=\"og:site_name\" content=\"Lajme nga Ulqini\" \/>\n<meta property=\"article:published_time\" content=\"2012-07-06T07:11:30+00:00\" \/>\n<meta property=\"og:image\" content=\"https:\/\/www.visit-ulcinj.com\/blog\/wp-content\/uploads\/2012\/07\/Kaos-na-ulicama-Ulcinja.7-150x150.jpg\" \/>\n<meta name=\"twitter:label1\" content=\"Written by\" \/>\n\t<meta name=\"twitter:data1\" content=\"ulqini\" \/>\n\t<meta name=\"twitter:label2\" content=\"Est. reading time\" \/>\n\t<meta name=\"twitter:data2\" content=\"2 minutes\" \/>\n<script type=\"application\/ld+json\" class=\"yoast-schema-graph\">{\"@context\":\"https:\/\/schema.org\",\"@graph\":[{\"@type\":\"WebSite\",\"@id\":\"https:\/\/www.visit-ulcinj.com\/blog\/#website\",\"url\":\"https:\/\/www.visit-ulcinj.com\/blog\/\",\"name\":\"Lajme nga Ulqini\",\"description\":\"Lajme,Vijesti,Ulqini,Ulqin,Crna Gora,Mali i Zi\",\"potentialAction\":[{\"@type\":\"SearchAction\",\"target\":{\"@type\":\"EntryPoint\",\"urlTemplate\":\"https:\/\/www.visit-ulcinj.com\/blog\/?s={search_term_string}\"},\"query-input\":\"required name=search_term_string\"}],\"inLanguage\":\"en-US\"},{\"@type\":\"ImageObject\",\"inLanguage\":\"en-US\",\"@id\":\"https:\/\/www.visit-ulcinj.com\/blog\/2012\/07\/06\/kaos-na-ulicama-ulcinja\/#primaryimage\",\"url\":\"https:\/\/www.visit-ulcinj.com\/blog\/wp-content\/uploads\/2012\/07\/Kaos-na-ulicama-Ulcinja.7.jpg\",\"contentUrl\":\"https:\/\/www.visit-ulcinj.com\/blog\/wp-content\/uploads\/2012\/07\/Kaos-na-ulicama-Ulcinja.7.jpg\",\"width\":\"960\",\"height\":\"720\"},{\"@type\":\"WebPage\",\"@id\":\"https:\/\/www.visit-ulcinj.com\/blog\/2012\/07\/06\/kaos-na-ulicama-ulcinja\/#webpage\",\"url\":\"https:\/\/www.visit-ulcinj.com\/blog\/2012\/07\/06\/kaos-na-ulicama-ulcinja\/\",\"name\":\"Kaos na ulicama Ulcinja - Lajme nga Ulqini\",\"isPartOf\":{\"@id\":\"https:\/\/www.visit-ulcinj.com\/blog\/#website\"},\"primaryImageOfPage\":{\"@id\":\"https:\/\/www.visit-ulcinj.com\/blog\/2012\/07\/06\/kaos-na-ulicama-ulcinja\/#primaryimage\"},\"datePublished\":\"2012-07-06T07:11:30+00:00\",\"dateModified\":\"2012-07-06T07:11:30+00:00\",\"author\":{\"@id\":\"https:\/\/www.visit-ulcinj.com\/blog\/#\/schema\/person\/dcab619c614d3038751c63bc2aadc06d\"},\"description\":\"Za snadbijevanje ovog velikog \\\" kontejnera \\\" na na\u0161em Pristanu, svakodnevno kre\u0107e iz Podgorice, Harzeg N. Bara i ostalih gradova velika \\\"armija\\\" kombi\",\"breadcrumb\":{\"@id\":\"https:\/\/www.visit-ulcinj.com\/blog\/2012\/07\/06\/kaos-na-ulicama-ulcinja\/#breadcrumb\"},\"inLanguage\":\"en-US\",\"potentialAction\":[{\"@type\":\"ReadAction\",\"target\":[\"https:\/\/www.visit-ulcinj.com\/blog\/2012\/07\/06\/kaos-na-ulicama-ulcinja\/\"]}]},{\"@type\":\"BreadcrumbList\",\"@id\":\"https:\/\/www.visit-ulcinj.com\/blog\/2012\/07\/06\/kaos-na-ulicama-ulcinja\/#breadcrumb\",\"itemListElement\":[{\"@type\":\"ListItem\",\"position\":1,\"name\":\"Kaos na ulicama Ulcinja\"}]},{\"@type\":\"Person\",\"@id\":\"https:\/\/www.visit-ulcinj.com\/blog\/#\/schema\/person\/dcab619c614d3038751c63bc2aadc06d\",\"name\":\"ulqini\",\"sameAs\":[\"http:\/\/www.visit-ulcinj.com\"],\"url\":\"https:\/\/www.visit-ulcinj.com\/blog\/author\/admin\/\"}]}<\/script>\n<!-- \/ Yoast SEO plugin. -->","yoast_head_json":{"title":"Kaos na ulicama Ulcinja - Lajme nga Ulqini","description":"Za snadbijevanje ovog velikog \" kontejnera \" na na\u0161em Pristanu, svakodnevno kre\u0107e iz Podgorice, Harzeg N. Bara i ostalih gradova velika \"armija\" kombi","robots":{"index":"index","follow":"follow","max-snippet":"max-snippet:-1","max-image-preview":"max-image-preview:large","max-video-preview":"max-video-preview:-1"},"canonical":"https:\/\/www.visit-ulcinj.com\/blog\/2012\/07\/06\/kaos-na-ulicama-ulcinja\/","og_locale":"en_US","og_type":"article","og_title":"Kaos na ulicama Ulcinja - Lajme nga Ulqini","og_description":"Za snadbijevanje ovog velikog \" kontejnera \" na na\u0161em Pristanu, svakodnevno kre\u0107e iz Podgorice, Harzeg N. Bara i ostalih gradova velika \"armija\" kombi","og_url":"https:\/\/www.visit-ulcinj.com\/blog\/2012\/07\/06\/kaos-na-ulicama-ulcinja\/","og_site_name":"Lajme nga Ulqini","article_published_time":"2012-07-06T07:11:30+00:00","og_image":[{"url":"https:\/\/www.visit-ulcinj.com\/blog\/wp-content\/uploads\/2012\/07\/Kaos-na-ulicama-Ulcinja.7-150x150.jpg"}],"twitter_misc":{"Written by":"ulqini","Est. reading time":"2 minutes"},"schema":{"@context":"https:\/\/schema.org","@graph":[{"@type":"WebSite","@id":"https:\/\/www.visit-ulcinj.com\/blog\/#website","url":"https:\/\/www.visit-ulcinj.com\/blog\/","name":"Lajme nga Ulqini","description":"Lajme,Vijesti,Ulqini,Ulqin,Crna Gora,Mali i Zi","potentialAction":[{"@type":"SearchAction","target":{"@type":"EntryPoint","urlTemplate":"https:\/\/www.visit-ulcinj.com\/blog\/?s={search_term_string}"},"query-input":"required name=search_term_string"}],"inLanguage":"en-US"},{"@type":"ImageObject","inLanguage":"en-US","@id":"https:\/\/www.visit-ulcinj.com\/blog\/2012\/07\/06\/kaos-na-ulicama-ulcinja\/#primaryimage","url":"https:\/\/www.visit-ulcinj.com\/blog\/wp-content\/uploads\/2012\/07\/Kaos-na-ulicama-Ulcinja.7.jpg","contentUrl":"https:\/\/www.visit-ulcinj.com\/blog\/wp-content\/uploads\/2012\/07\/Kaos-na-ulicama-Ulcinja.7.jpg","width":"960","height":"720"},{"@type":"WebPage","@id":"https:\/\/www.visit-ulcinj.com\/blog\/2012\/07\/06\/kaos-na-ulicama-ulcinja\/#webpage","url":"https:\/\/www.visit-ulcinj.com\/blog\/2012\/07\/06\/kaos-na-ulicama-ulcinja\/","name":"Kaos na ulicama Ulcinja - Lajme nga Ulqini","isPartOf":{"@id":"https:\/\/www.visit-ulcinj.com\/blog\/#website"},"primaryImageOfPage":{"@id":"https:\/\/www.visit-ulcinj.com\/blog\/2012\/07\/06\/kaos-na-ulicama-ulcinja\/#primaryimage"},"datePublished":"2012-07-06T07:11:30+00:00","dateModified":"2012-07-06T07:11:30+00:00","author":{"@id":"https:\/\/www.visit-ulcinj.com\/blog\/#\/schema\/person\/dcab619c614d3038751c63bc2aadc06d"},"description":"Za snadbijevanje ovog velikog \" kontejnera \" na na\u0161em Pristanu, svakodnevno kre\u0107e iz Podgorice, Harzeg N. Bara i ostalih gradova velika \"armija\" kombi","breadcrumb":{"@id":"https:\/\/www.visit-ulcinj.com\/blog\/2012\/07\/06\/kaos-na-ulicama-ulcinja\/#breadcrumb"},"inLanguage":"en-US","potentialAction":[{"@type":"ReadAction","target":["https:\/\/www.visit-ulcinj.com\/blog\/2012\/07\/06\/kaos-na-ulicama-ulcinja\/"]}]},{"@type":"BreadcrumbList","@id":"https:\/\/www.visit-ulcinj.com\/blog\/2012\/07\/06\/kaos-na-ulicama-ulcinja\/#breadcrumb","itemListElement":[{"@type":"ListItem","position":1,"name":"Kaos na ulicama Ulcinja"}]},{"@type":"Person","@id":"https:\/\/www.visit-ulcinj.com\/blog\/#\/schema\/person\/dcab619c614d3038751c63bc2aadc06d","name":"ulqini","sameAs":["http:\/\/www.visit-ulcinj.com"],"url":"https:\/\/www.visit-ulcinj.com\/blog\/author\/admin\/"}]}},"jetpack_featured_media_url":"","jetpack_sharing_enabled":true,"jetpack_shortlink":"https:\/\/wp.me\/pe6lTn-g8X","_links":{"self":[{"href":"https:\/\/www.visit-ulcinj.com\/blog\/wp-json\/wp\/v2\/posts\/62059"}],"collection":[{"href":"https:\/\/www.visit-ulcinj.com\/blog\/wp-json\/wp\/v2\/posts"}],"about":[{"href":"https:\/\/www.visit-ulcinj.com\/blog\/wp-json\/wp\/v2\/types\/post"}],"author":[{"embeddable":true,"href":"https:\/\/www.visit-ulcinj.com\/blog\/wp-json\/wp\/v2\/users\/1"}],"replies":[{"embeddable":true,"href":"https:\/\/www.visit-ulcinj.com\/blog\/wp-json\/wp\/v2\/comments?post=62059"}],"version-history":[{"count":1,"href":"https:\/\/www.visit-ulcinj.com\/blog\/wp-json\/wp\/v2\/posts\/62059\/revisions"}],"predecessor-version":[{"id":62069,"href":"https:\/\/www.visit-ulcinj.com\/blog\/wp-json\/wp\/v2\/posts\/62059\/revisions\/62069"}],"wp:attachment":[{"href":"https:\/\/www.visit-ulcinj.com\/blog\/wp-json\/wp\/v2\/media?parent=62059"}],"wp:term":[{"taxonomy":"category","embeddable":true,"href":"https:\/\/www.visit-ulcinj.com\/blog\/wp-json\/wp\/v2\/categories?post=62059"},{"taxonomy":"post_tag","embeddable":true,"href":"https:\/\/www.visit-ulcinj.com\/blog\/wp-json\/wp\/v2\/tags?post=62059"}],"curies":[{"name":"wp","href":"https:\/\/api.w.org\/{rel}","templated":true}]}}