{"id":6207,"date":"2008-11-17T06:34:14","date_gmt":"2008-11-17T11:34:14","guid":{"rendered":"http:\/\/www.visit-ulcinj.com\/blog\/?p=6207"},"modified":"2008-11-17T09:49:11","modified_gmt":"2008-11-17T14:49:11","slug":"ne-ostros-diskutohet-per-problemet-aktuale-ne-arsim","status":"publish","type":"post","link":"https:\/\/www.visit-ulcinj.com\/blog\/2008\/11\/17\/ne-ostros-diskutohet-per-problemet-aktuale-ne-arsim\/","title":{"rendered":"N\u00eb Ostros diskutohet p\u00ebr problemet aktuale n\u00eb arsim"},"content":{"rendered":"<p><a href=\"http:\/\/www.visit-ulcinj.com\/blog\/wp-content\/uploads\/2008\/11\/shkolla-fillore-gjergj-kastrioti-skenderbeu-ne-ostros.jpg\"><img loading=\"lazy\" class=\"alignleft size-medium wp-image-6208\" title=\"shkolla-fillore-gjergj-kastrioti-skenderbeu-ne-ostros\" src=\"http:\/\/www.visit-ulcinj.com\/blog\/wp-content\/uploads\/2008\/11\/shkolla-fillore-gjergj-kastrioti-skenderbeu-ne-ostros-300x221.jpg\" alt=\"\" width=\"300\" height=\"221\" srcset=\"https:\/\/www.visit-ulcinj.com\/blog\/wp-content\/uploads\/2008\/11\/shkolla-fillore-gjergj-kastrioti-skenderbeu-ne-ostros-300x221.jpg 300w, https:\/\/www.visit-ulcinj.com\/blog\/wp-content\/uploads\/2008\/11\/shkolla-fillore-gjergj-kastrioti-skenderbeu-ne-ostros.jpg 737w\" sizes=\"(max-width: 300px) 100vw, 300px\" \/><\/a>Ostros &#8211; Drejtor\u00ebt e shkollave fillore t\u00eb Regjionit t\u00eb Jugut t\u00eb Malit t\u00eb Zi mbajt\u00ebn t\u00eb mart\u00ebn n\u00eb Shkoll\u00ebn Fillore &#8220;Gjergj Kastrioti &#8211; Sk\u00ebnderbeu&#8221; n\u00eb Ostros mbledhjen e aktivit, n\u00eb t\u00eb cil\u00ebn diskutuan p\u00ebr probleme t\u00eb ndryshme t\u00eb arsimit.<br \/>\nN\u00eb takim u diskutua sidomos p\u00ebr \u00e7\u00ebshtjet aktuale t\u00eb arsimit, si\u00e7 \u00ebsht\u00eb gjendja e v\u00ebshtir\u00eb materiale n\u00eb shkoll\u00eb.<br \/>\nTem\u00eb e diskutimit ishte edhe m\u00ebsimi inkluziv si dhe ngritja profesionale e m\u00ebsimdh\u00ebn\u00ebsve n\u00eb shkolla.<br \/>\nDrejtori i Shkoll\u00ebs Fillore &#8220;Gjergj Kastrioti Sk\u00ebnderbeu&#8221; n\u00eb Ostros, Beqir Berjashi, i informoi pjes\u00ebmarr\u00ebsit me biografin\u00eb e k\u00ebtij institucioni i cili po p\u00ebrgatitet t\u00eb sh\u00ebnoj\u00eb 80-vjetorin e themelimit t\u00eb tij.<br \/>\nAi theksoi se kushtet mjaft t\u00eb mira t\u00eb k\u00ebsaj shkolle jan\u00eb krijuar edhe fal\u00eb ndihm\u00ebs s\u00eb pushtetit lokal t\u00eb Tivarit, gj\u00eb q\u00eb ka ndikuar n\u00eb arritjen e rezultateve t\u00eb lakmueshme.<br \/>\n<strong><br \/>\nKohapress<\/strong><\/p>\n<p><!--YouTube Error: bad URL entered-->ulqin<\/p>\n","protected":false},"excerpt":{"rendered":"<p>Ostros &#8211; Drejtor\u00ebt e shkollave fillore t\u00eb Regjionit t\u00eb Jugut t\u00eb Malit t\u00eb Zi mbajt\u00ebn t\u00eb mart\u00ebn n\u00eb Shkoll\u00ebn Fillore &#8220;Gjergj Kastrioti &#8211; Sk\u00ebnderbeu&#8221; n\u00eb Ostros mbledhjen e aktivit, n\u00eb t\u00eb cil\u00ebn diskutuan p\u00ebr probleme t\u00eb ndryshme t\u00eb arsimit. N\u00eb takim u diskutua sidomos p\u00ebr \u00e7\u00ebshtjet aktuale t\u00eb arsimit, si\u00e7 \u00ebsht\u00eb gjendja e v\u00ebshtir\u00eb materiale [&hellip;]<\/p>\n","protected":false},"author":1,"featured_media":0,"comment_status":"open","ping_status":"closed","sticky":false,"template":"","format":"standard","meta":{"spay_email":"","jetpack_publicize_message":"","jetpack_is_tweetstorm":false,"jetpack_publicize_feature_enabled":true},"categories":[11],"tags":[95,5065,200,18],"jetpack_publicize_connections":[],"yoast_head":"<!-- This site is optimized with the Yoast SEO plugin v19.1 - https:\/\/yoast.com\/wordpress\/plugins\/seo\/ -->\n<title>N\u00eb Ostros diskutohet p\u00ebr problemet aktuale n\u00eb arsim - Lajme nga Ulqini<\/title>\n<meta name=\"description\" content=\"Ostros - Drejtor\u00ebt e shkollave fillore t\u00eb Regjionit t\u00eb Jugut t\u00eb Malit t\u00eb Zi mbajt\u00ebn t\u00eb mart\u00ebn n\u00eb Shkoll\u00ebn Fillore &quot;Gjergj Kastrioti - Sk\u00ebnderbeu&quot; n\u00eb\" \/>\n<meta name=\"robots\" content=\"index, follow, max-snippet:-1, max-image-preview:large, max-video-preview:-1\" \/>\n<link rel=\"canonical\" href=\"https:\/\/www.visit-ulcinj.com\/blog\/2008\/11\/17\/ne-ostros-diskutohet-per-problemet-aktuale-ne-arsim\/\" \/>\n<meta property=\"og:locale\" content=\"en_US\" \/>\n<meta property=\"og:type\" content=\"article\" \/>\n<meta property=\"og:title\" content=\"N\u00eb Ostros diskutohet p\u00ebr problemet aktuale n\u00eb arsim - Lajme nga Ulqini\" \/>\n<meta property=\"og:description\" content=\"Ostros - Drejtor\u00ebt e shkollave fillore t\u00eb Regjionit t\u00eb Jugut t\u00eb Malit t\u00eb Zi mbajt\u00ebn t\u00eb mart\u00ebn n\u00eb Shkoll\u00ebn Fillore &quot;Gjergj Kastrioti - Sk\u00ebnderbeu&quot; n\u00eb\" \/>\n<meta property=\"og:url\" content=\"https:\/\/www.visit-ulcinj.com\/blog\/2008\/11\/17\/ne-ostros-diskutohet-per-problemet-aktuale-ne-arsim\/\" \/>\n<meta property=\"og:site_name\" content=\"Lajme nga Ulqini\" \/>\n<meta property=\"article:published_time\" content=\"2008-11-17T11:34:14+00:00\" \/>\n<meta property=\"article:modified_time\" content=\"2008-11-17T14:49:11+00:00\" \/>\n<meta property=\"og:image\" content=\"http:\/\/www.visit-ulcinj.com\/blog\/wp-content\/uploads\/2008\/11\/shkolla-fillore-gjergj-kastrioti-skenderbeu-ne-ostros-300x221.jpg\" \/>\n<meta name=\"twitter:label1\" content=\"Written by\" \/>\n\t<meta name=\"twitter:data1\" content=\"ulqini\" \/>\n\t<meta name=\"twitter:label2\" content=\"Est. reading time\" \/>\n\t<meta name=\"twitter:data2\" content=\"1 minute\" \/>\n<script type=\"application\/ld+json\" class=\"yoast-schema-graph\">{\"@context\":\"https:\/\/schema.org\",\"@graph\":[{\"@type\":\"WebSite\",\"@id\":\"https:\/\/www.visit-ulcinj.com\/blog\/#website\",\"url\":\"https:\/\/www.visit-ulcinj.com\/blog\/\",\"name\":\"Lajme nga Ulqini\",\"description\":\"Lajme,Vijesti,Ulqini,Ulqin,Crna Gora,Mali i Zi\",\"potentialAction\":[{\"@type\":\"SearchAction\",\"target\":{\"@type\":\"EntryPoint\",\"urlTemplate\":\"https:\/\/www.visit-ulcinj.com\/blog\/?s={search_term_string}\"},\"query-input\":\"required name=search_term_string\"}],\"inLanguage\":\"en-US\"},{\"@type\":\"ImageObject\",\"inLanguage\":\"en-US\",\"@id\":\"https:\/\/www.visit-ulcinj.com\/blog\/2008\/11\/17\/ne-ostros-diskutohet-per-problemet-aktuale-ne-arsim\/#primaryimage\",\"url\":\"http:\/\/www.visit-ulcinj.com\/blog\/wp-content\/uploads\/2008\/11\/shkolla-fillore-gjergj-kastrioti-skenderbeu-ne-ostros-300x221.jpg\",\"contentUrl\":\"http:\/\/www.visit-ulcinj.com\/blog\/wp-content\/uploads\/2008\/11\/shkolla-fillore-gjergj-kastrioti-skenderbeu-ne-ostros-300x221.jpg\"},{\"@type\":\"WebPage\",\"@id\":\"https:\/\/www.visit-ulcinj.com\/blog\/2008\/11\/17\/ne-ostros-diskutohet-per-problemet-aktuale-ne-arsim\/#webpage\",\"url\":\"https:\/\/www.visit-ulcinj.com\/blog\/2008\/11\/17\/ne-ostros-diskutohet-per-problemet-aktuale-ne-arsim\/\",\"name\":\"N\u00eb Ostros diskutohet p\u00ebr problemet aktuale n\u00eb arsim - Lajme nga Ulqini\",\"isPartOf\":{\"@id\":\"https:\/\/www.visit-ulcinj.com\/blog\/#website\"},\"primaryImageOfPage\":{\"@id\":\"https:\/\/www.visit-ulcinj.com\/blog\/2008\/11\/17\/ne-ostros-diskutohet-per-problemet-aktuale-ne-arsim\/#primaryimage\"},\"datePublished\":\"2008-11-17T11:34:14+00:00\",\"dateModified\":\"2008-11-17T14:49:11+00:00\",\"author\":{\"@id\":\"https:\/\/www.visit-ulcinj.com\/blog\/#\/schema\/person\/dcab619c614d3038751c63bc2aadc06d\"},\"description\":\"Ostros - Drejtor\u00ebt e shkollave fillore t\u00eb Regjionit t\u00eb Jugut t\u00eb Malit t\u00eb Zi mbajt\u00ebn t\u00eb mart\u00ebn n\u00eb Shkoll\u00ebn Fillore \\\"Gjergj Kastrioti - Sk\u00ebnderbeu\\\" n\u00eb\",\"breadcrumb\":{\"@id\":\"https:\/\/www.visit-ulcinj.com\/blog\/2008\/11\/17\/ne-ostros-diskutohet-per-problemet-aktuale-ne-arsim\/#breadcrumb\"},\"inLanguage\":\"en-US\",\"potentialAction\":[{\"@type\":\"ReadAction\",\"target\":[\"https:\/\/www.visit-ulcinj.com\/blog\/2008\/11\/17\/ne-ostros-diskutohet-per-problemet-aktuale-ne-arsim\/\"]}]},{\"@type\":\"BreadcrumbList\",\"@id\":\"https:\/\/www.visit-ulcinj.com\/blog\/2008\/11\/17\/ne-ostros-diskutohet-per-problemet-aktuale-ne-arsim\/#breadcrumb\",\"itemListElement\":[{\"@type\":\"ListItem\",\"position\":1,\"name\":\"N\u00eb Ostros diskutohet p\u00ebr problemet aktuale n\u00eb arsim\"}]},{\"@type\":\"Person\",\"@id\":\"https:\/\/www.visit-ulcinj.com\/blog\/#\/schema\/person\/dcab619c614d3038751c63bc2aadc06d\",\"name\":\"ulqini\",\"sameAs\":[\"http:\/\/www.visit-ulcinj.com\"],\"url\":\"https:\/\/www.visit-ulcinj.com\/blog\/author\/admin\/\"}]}<\/script>\n<!-- \/ Yoast SEO plugin. -->","yoast_head_json":{"title":"N\u00eb Ostros diskutohet p\u00ebr problemet aktuale n\u00eb arsim - Lajme nga Ulqini","description":"Ostros - Drejtor\u00ebt e shkollave fillore t\u00eb Regjionit t\u00eb Jugut t\u00eb Malit t\u00eb Zi mbajt\u00ebn t\u00eb mart\u00ebn n\u00eb Shkoll\u00ebn Fillore \"Gjergj Kastrioti - Sk\u00ebnderbeu\" n\u00eb","robots":{"index":"index","follow":"follow","max-snippet":"max-snippet:-1","max-image-preview":"max-image-preview:large","max-video-preview":"max-video-preview:-1"},"canonical":"https:\/\/www.visit-ulcinj.com\/blog\/2008\/11\/17\/ne-ostros-diskutohet-per-problemet-aktuale-ne-arsim\/","og_locale":"en_US","og_type":"article","og_title":"N\u00eb Ostros diskutohet p\u00ebr problemet aktuale n\u00eb arsim - Lajme nga Ulqini","og_description":"Ostros - Drejtor\u00ebt e shkollave fillore t\u00eb Regjionit t\u00eb Jugut t\u00eb Malit t\u00eb Zi mbajt\u00ebn t\u00eb mart\u00ebn n\u00eb Shkoll\u00ebn Fillore \"Gjergj Kastrioti - Sk\u00ebnderbeu\" n\u00eb","og_url":"https:\/\/www.visit-ulcinj.com\/blog\/2008\/11\/17\/ne-ostros-diskutohet-per-problemet-aktuale-ne-arsim\/","og_site_name":"Lajme nga Ulqini","article_published_time":"2008-11-17T11:34:14+00:00","article_modified_time":"2008-11-17T14:49:11+00:00","og_image":[{"url":"http:\/\/www.visit-ulcinj.com\/blog\/wp-content\/uploads\/2008\/11\/shkolla-fillore-gjergj-kastrioti-skenderbeu-ne-ostros-300x221.jpg"}],"twitter_misc":{"Written by":"ulqini","Est. reading time":"1 minute"},"schema":{"@context":"https:\/\/schema.org","@graph":[{"@type":"WebSite","@id":"https:\/\/www.visit-ulcinj.com\/blog\/#website","url":"https:\/\/www.visit-ulcinj.com\/blog\/","name":"Lajme nga Ulqini","description":"Lajme,Vijesti,Ulqini,Ulqin,Crna Gora,Mali i Zi","potentialAction":[{"@type":"SearchAction","target":{"@type":"EntryPoint","urlTemplate":"https:\/\/www.visit-ulcinj.com\/blog\/?s={search_term_string}"},"query-input":"required name=search_term_string"}],"inLanguage":"en-US"},{"@type":"ImageObject","inLanguage":"en-US","@id":"https:\/\/www.visit-ulcinj.com\/blog\/2008\/11\/17\/ne-ostros-diskutohet-per-problemet-aktuale-ne-arsim\/#primaryimage","url":"http:\/\/www.visit-ulcinj.com\/blog\/wp-content\/uploads\/2008\/11\/shkolla-fillore-gjergj-kastrioti-skenderbeu-ne-ostros-300x221.jpg","contentUrl":"http:\/\/www.visit-ulcinj.com\/blog\/wp-content\/uploads\/2008\/11\/shkolla-fillore-gjergj-kastrioti-skenderbeu-ne-ostros-300x221.jpg"},{"@type":"WebPage","@id":"https:\/\/www.visit-ulcinj.com\/blog\/2008\/11\/17\/ne-ostros-diskutohet-per-problemet-aktuale-ne-arsim\/#webpage","url":"https:\/\/www.visit-ulcinj.com\/blog\/2008\/11\/17\/ne-ostros-diskutohet-per-problemet-aktuale-ne-arsim\/","name":"N\u00eb Ostros diskutohet p\u00ebr problemet aktuale n\u00eb arsim - Lajme nga Ulqini","isPartOf":{"@id":"https:\/\/www.visit-ulcinj.com\/blog\/#website"},"primaryImageOfPage":{"@id":"https:\/\/www.visit-ulcinj.com\/blog\/2008\/11\/17\/ne-ostros-diskutohet-per-problemet-aktuale-ne-arsim\/#primaryimage"},"datePublished":"2008-11-17T11:34:14+00:00","dateModified":"2008-11-17T14:49:11+00:00","author":{"@id":"https:\/\/www.visit-ulcinj.com\/blog\/#\/schema\/person\/dcab619c614d3038751c63bc2aadc06d"},"description":"Ostros - Drejtor\u00ebt e shkollave fillore t\u00eb Regjionit t\u00eb Jugut t\u00eb Malit t\u00eb Zi mbajt\u00ebn t\u00eb mart\u00ebn n\u00eb Shkoll\u00ebn Fillore \"Gjergj Kastrioti - Sk\u00ebnderbeu\" n\u00eb","breadcrumb":{"@id":"https:\/\/www.visit-ulcinj.com\/blog\/2008\/11\/17\/ne-ostros-diskutohet-per-problemet-aktuale-ne-arsim\/#breadcrumb"},"inLanguage":"en-US","potentialAction":[{"@type":"ReadAction","target":["https:\/\/www.visit-ulcinj.com\/blog\/2008\/11\/17\/ne-ostros-diskutohet-per-problemet-aktuale-ne-arsim\/"]}]},{"@type":"BreadcrumbList","@id":"https:\/\/www.visit-ulcinj.com\/blog\/2008\/11\/17\/ne-ostros-diskutohet-per-problemet-aktuale-ne-arsim\/#breadcrumb","itemListElement":[{"@type":"ListItem","position":1,"name":"N\u00eb Ostros diskutohet p\u00ebr problemet aktuale n\u00eb arsim"}]},{"@type":"Person","@id":"https:\/\/www.visit-ulcinj.com\/blog\/#\/schema\/person\/dcab619c614d3038751c63bc2aadc06d","name":"ulqini","sameAs":["http:\/\/www.visit-ulcinj.com"],"url":"https:\/\/www.visit-ulcinj.com\/blog\/author\/admin\/"}]}},"jetpack_featured_media_url":"","jetpack_sharing_enabled":true,"jetpack_shortlink":"https:\/\/wp.me\/pe6lTn-1C7","_links":{"self":[{"href":"https:\/\/www.visit-ulcinj.com\/blog\/wp-json\/wp\/v2\/posts\/6207"}],"collection":[{"href":"https:\/\/www.visit-ulcinj.com\/blog\/wp-json\/wp\/v2\/posts"}],"about":[{"href":"https:\/\/www.visit-ulcinj.com\/blog\/wp-json\/wp\/v2\/types\/post"}],"author":[{"embeddable":true,"href":"https:\/\/www.visit-ulcinj.com\/blog\/wp-json\/wp\/v2\/users\/1"}],"replies":[{"embeddable":true,"href":"https:\/\/www.visit-ulcinj.com\/blog\/wp-json\/wp\/v2\/comments?post=6207"}],"version-history":[{"count":0,"href":"https:\/\/www.visit-ulcinj.com\/blog\/wp-json\/wp\/v2\/posts\/6207\/revisions"}],"wp:attachment":[{"href":"https:\/\/www.visit-ulcinj.com\/blog\/wp-json\/wp\/v2\/media?parent=6207"}],"wp:term":[{"taxonomy":"category","embeddable":true,"href":"https:\/\/www.visit-ulcinj.com\/blog\/wp-json\/wp\/v2\/categories?post=6207"},{"taxonomy":"post_tag","embeddable":true,"href":"https:\/\/www.visit-ulcinj.com\/blog\/wp-json\/wp\/v2\/tags?post=6207"}],"curies":[{"name":"wp","href":"https:\/\/api.w.org\/{rel}","templated":true}]}}