{"id":62070,"date":"2012-07-06T10:16:26","date_gmt":"2012-07-06T09:16:26","guid":{"rendered":"http:\/\/www.visit-ulcinj.com\/blog\/?p=62070"},"modified":"2012-07-11T20:11:12","modified_gmt":"2012-07-11T19:11:12","slug":"kuzhinjeri-i-restorantit-grand-senad-malokraja-ne-tv21-video","status":"publish","type":"post","link":"https:\/\/www.visit-ulcinj.com\/blog\/2012\/07\/06\/kuzhinjeri-i-restorantit-grand-senad-malokraja-ne-tv21-video\/","title":{"rendered":"Kuzhinjeri i restorantit &#8220;Grand&#8221; Senad Malokraja n\u00eb TV21 &#8211; Video"},"content":{"rendered":"<p><a href=\"http:\/\/www.visit-ulcinj.com\/blog\/wp-content\/uploads\/2012\/07\/Restorant-Grand-Ulqin_Ulcinj_Montenegro.jpg\"><img loading=\"lazy\" class=\"alignleft  wp-image-62082\" title=\"Restorant Grand Ulqin_Ulcinj_Montenegro\" src=\"http:\/\/www.visit-ulcinj.com\/blog\/wp-content\/uploads\/2012\/07\/Restorant-Grand-Ulqin_Ulcinj_Montenegro.jpg\" alt=\"\" width=\"508\" height=\"360\" \/><\/a>Nga stafii restaurantit &#8220;Grand&#8221; Senad Malokraja\u00a0 kuzhinjer profesional dhe Maloja si asistent\u00eb,morr\u00ebn pjes n\u00eb emisionin e TV21 \u201cDi\u00e7ka po Zihet\u201d.Ky \u00ebsht\u00eb emisioni i par\u00eb televiziv i prodhuar n\u00eb Kosov\u00eb mbi gatimin. \u00cbsht\u00eb ky nj\u00eb show televiziv i cili ka filluar n\u00eb vitin 2007 dhe n\u00eb t\u00eb cilin kan\u00eb marr pjes\u00eb fytyra t\u00eb njohura publike duke demonstruar aft\u00ebsit\u00eb e tyre n\u00eb p\u00ebrgatitje t\u00eb ushqimeve t\u00eb ndryshme. Ky show televiziv ka p\u00ebrfunduar deri tani 8 edicione me mbi 136 emisione t\u00eb realizuara ku kan\u00eb defiluar mbi 480 mysafir\u00eb.<br \/>\n<a href=\"http:\/\/www.visit-ulcinj.com\/blog\/wp-content\/uploads\/2012\/07\/Kuzhinjeri-i-restorantit-Grand-ne-Ulqin_Senad-Malokraja-n\u00eb-TV21.1.jpg\"><img loading=\"lazy\" class=\"alignleft  wp-image-62071\" title=\"Kuzhinjeri i restorantit Grand ne Ulqin_Senad Malokraja n\u00eb TV21.1\" src=\"http:\/\/www.visit-ulcinj.com\/blog\/wp-content\/uploads\/2012\/07\/Kuzhinjeri-i-restorantit-Grand-ne-Ulqin_Senad-Malokraja-n\u00eb-TV21.1.jpg\" alt=\"\" width=\"508\" height=\"300\" \/><\/a><\/p>\n<p>Emisioni \u00ebsht\u00eb i asistuar nga Fikrije Ukelli \u2013 Ceka (autores s\u00eb librit \u201c1000 receta p\u00ebr \u00e7do familje\u201d) p\u00ebrfshin\u00eb edhe recetat e kuzhinier\u00ebve tan\u00eb nga restorantet dhe hotelet e Kosov\u00ebs dhe mbar\u00eb trojeve shqipetare, t\u00eb cil\u00ebt do t\u00eb vijn\u00eb, t\u2019ua shpjegojn\u00eb recetat e tyre mysafir\u00ebve t\u00eb ftuar, t\u00eb cil\u00ebt do ti p\u00ebrgatisin ato gjithnj\u00eb n\u00ebn asistenc\u00ebn e kuzhinier\u00ebve. Natyrisht do t\u00eb ket\u00eb edhe mysafir\u00eb t\u00eb cil\u00ebt do ti sjellin dhe do ti p\u00ebrgatisin recetat e veta,nj\u00ebri nder kto ishte edhe kuzhinjeri profesional nga Ulqini Senad Malokraja dirigjues i restaurantit &#8220;Grand&#8221; n\u00eb qender t\u00eb Ulqinit.<br \/>\n<a href=\"http:\/\/www.visit-ulcinj.com\/blog\/wp-content\/uploads\/2012\/07\/Grand-restoran-ulcinj.jpg\"><img loading=\"lazy\" class=\"alignleft  wp-image-62073\" title=\"Grand restoran ulcinj\" src=\"http:\/\/www.visit-ulcinj.com\/blog\/wp-content\/uploads\/2012\/07\/Grand-restoran-ulcinj.jpg\" alt=\"\" width=\"508\" height=\"300\" \/><\/a><\/p>\n<p><strong>Di\u00e7ka p\u00ebr Restaurantin \u201cGrand\u201d n\u00eb Ulqin\u00a0 &#8211; Seanad Malokraja<\/strong><\/p>\n<p>Senad Malokraja dirigjon restaurantin Grand n\u00eb qender t\u00eb Ulqinit. Ushqimet n\u00eb Restaurantin Grand jan\u00eb t\u00eb pregaditura nga kuzhinjeri professional me p\u00ebrvoj\u00eb shum\u00ebvje\u00e7are n\u00eb Gjermani.Gjithashtu Restauranti Grand q\u00eb posedon tani ku ai pregadit \u00e7do lloj ushqimi duke filluar prej ushqimeve tradicionale e deri tek ushqimet m\u00eb moderne. Stafi i restaurantit Grand \u00a0ju ofron sh\u00ebrbime t\u00eb kompletuara.<br \/>\n<a href=\"http:\/\/www.visit-ulcinj.com\/blog\/wp-content\/uploads\/2012\/07\/Restoranti-Grand-Ulqin.jpg\"><img loading=\"lazy\" class=\"alignleft  wp-image-62074\" title=\"Restoranti Grand Ulqin\" src=\"http:\/\/www.visit-ulcinj.com\/blog\/wp-content\/uploads\/2012\/07\/Restoranti-Grand-Ulqin.jpg\" alt=\"\" width=\"508\" height=\"300\" \/><\/a><\/p>\n<p>Restauranti Grand eshte b\u00ebr\u00eb destinacion kryesor i \u00e7ifteve t\u00eb posamartuar,sepse ofron per ta sherbimet e duhura p\u00ebr arg\u00ebtim dhe festat e nevojshme.N\u00eb restaurantin Grand organizohen festa miq\u00ebsh,takime biznesi dhe ceremoni t\u00eb ve\u00e7anta.<br \/>\n<a href=\"http:\/\/www.visit-ulcinj.com\/blog\/wp-content\/uploads\/2012\/07\/Kuzhinjeri-i-restorantit-Grand-ne-Ulqin_Senad-Malokraja-n\u00eb-TV21.5.jpg\"><img loading=\"lazy\" class=\"alignleft  wp-image-62075\" title=\"Kuzhinjeri i restorantit Grand ne Ulqin_Senad Malokraja n\u00eb TV21.5\" src=\"http:\/\/www.visit-ulcinj.com\/blog\/wp-content\/uploads\/2012\/07\/Kuzhinjeri-i-restorantit-Grand-ne-Ulqin_Senad-Malokraja-n\u00eb-TV21.5.jpg\" alt=\"\" width=\"508\" height=\"300\" \/><\/a><\/p>\n<p>Restauranti Grand i dirigjuar nga stafi i Senad Malokraj\u00ebs,esht\u00eb nj\u00eb nder restaurantet m\u00eb t\u00eb\u00a0 njohur n\u00eb rajonin e Ulqinit dhe m\u00eb gjer\u00eb p\u00ebr cil\u00ebsi, kualitet dhe korekt\u00ebsi. Me nj\u00eb p\u00ebrvoj\u00eb shum\u00ebvje\u00e7are kuzhinjeri profesional\u00eb Senad Malokraja njohes i mir\u00eb n\u00eb l\u00ebmin\u00eb e gastronomis\u00eb ju ofron q\u00eb solemnitetet tuaja ti b\u00ebni pa brenga dhe kualitet t\u00eb lart\u00eb.Sh\u00ebrbimet e tija jan t\u00eb kompletuara dhe ai mbetet n\u00eb \u00a0dispozicionin e juaj q\u00eb ju t\u00eb jeni t\u00eb knaqur.P\u00ebr \u00e7do gatim t\u00eb kuzhin\u00ebs s\u00eb juaj,ve\u00e7enarisht\u00eb stafi i restaurantit Grand kujdeset p\u00ebr k\u00ebnaqsin\u00eb tuaj.<\/p>\n<p><strong><a href=\"http:\/\/www.restaurant-grand-ulcinj.com\/\" target=\"_blank\"><img loading=\"lazy\" class=\"alignleft  wp-image-62083\" title=\"Restorant Grand Ulqin_Ulcinj_Montenegro.1\" src=\"http:\/\/www.visit-ulcinj.com\/blog\/wp-content\/uploads\/2012\/07\/Restorant-Grand-Ulqin_Ulcinj_Montenegro.1.jpg\" alt=\"\" width=\"249\" height=\"260\" \/><\/a>Tel:<\/strong> +382 30 412 326<strong><br \/>\nMob:<\/strong> +382 69 478 625 <strong><br \/>\n<\/strong>Adresa: Bul. Gjergj Kastrioti-Sk\u00ebnderbeu<br \/>\nEmail adresa: senadulqin@yahoo.de<br \/>\nWeb: <strong><a href=\"http:\/\/www.restaurant-grand-ulcinj.com\" target=\"_blank\">www.restaurant-grand-ulcinj.com\u00a0<\/a><\/strong><\/p>\n<p>P\u00ebr m\u00eb shum\u00eb ju mund t\u00eb klikoni n\u00eb fotografit\u00eb q\u00eb gjenden n\u00eb web faqen ton\u00eb ose t\u00eb shihni video filmin t\u00eb pregaditur vet\u00ebm p\u00ebr ju.<br \/>\n[flv]http:\/\/video.rtv21.tv\/video\/Emisionet\/Diqka%20po%20zihet\/diq_24.06.2012.flv[\/flv]<br \/>\n\n\t\t<style type=\"text\/css\">\n\t\t\t#gallery-1 {\n\t\t\t\tmargin: auto;\n\t\t\t}\n\t\t\t#gallery-1 .gallery-item {\n\t\t\t\tfloat: left;\n\t\t\t\tmargin-top: 10px;\n\t\t\t\ttext-align: center;\n\t\t\t\twidth: 33%;\n\t\t\t}\n\t\t\t#gallery-1 img {\n\t\t\t\tborder: 2px solid #cfcfcf;\n\t\t\t}\n\t\t\t#gallery-1 .gallery-caption {\n\t\t\t\tmargin-left: 0;\n\t\t\t}\n\t\t\t\/* see gallery_shortcode() in wp-includes\/media.php *\/\n\t\t<\/style>\n\t\t<div id='gallery-1' class='gallery galleryid-62070 gallery-columns-3 gallery-size-thumbnail'><dl class='gallery-item'>\n\t\t\t<dt class='gallery-icon landscape'>\n\t\t\t\t<a href='https:\/\/www.visit-ulcinj.com\/blog\/wp-content\/uploads\/2012\/07\/Kuzhinjeri-i-restorantit-Grand-ne-Ulqin_Senad-Malokraja-n\u00eb-TV21.1.jpg'><img width=\"150\" height=\"150\" src=\"https:\/\/www.visit-ulcinj.com\/blog\/wp-content\/uploads\/2012\/07\/Kuzhinjeri-i-restorantit-Grand-ne-Ulqin_Senad-Malokraja-n\u00eb-TV21.1-150x150.jpg\" class=\"attachment-thumbnail size-thumbnail\" alt=\"\" loading=\"lazy\" \/><\/a>\n\t\t\t<\/dt><\/dl><dl class='gallery-item'>\n\t\t\t<dt class='gallery-icon landscape'>\n\t\t\t\t<a href='https:\/\/www.visit-ulcinj.com\/blog\/wp-content\/uploads\/2012\/07\/Kuzhinjeri-i-restorantit-Grand-ne-Ulqin_Senad-Malokraja-n\u00eb-TV21.jpg'><img width=\"150\" height=\"150\" src=\"https:\/\/www.visit-ulcinj.com\/blog\/wp-content\/uploads\/2012\/07\/Kuzhinjeri-i-restorantit-Grand-ne-Ulqin_Senad-Malokraja-n\u00eb-TV21-150x150.jpg\" class=\"attachment-thumbnail size-thumbnail\" alt=\"\" loading=\"lazy\" \/><\/a>\n\t\t\t<\/dt><\/dl><dl class='gallery-item'>\n\t\t\t<dt class='gallery-icon landscape'>\n\t\t\t\t<a href='https:\/\/www.visit-ulcinj.com\/blog\/wp-content\/uploads\/2012\/07\/Grand-restoran-ulcinj.jpg'><img width=\"150\" height=\"150\" src=\"https:\/\/www.visit-ulcinj.com\/blog\/wp-content\/uploads\/2012\/07\/Grand-restoran-ulcinj-150x150.jpg\" class=\"attachment-thumbnail size-thumbnail\" alt=\"\" loading=\"lazy\" \/><\/a>\n\t\t\t<\/dt><\/dl><br style=\"clear: both\" \/><dl class='gallery-item'>\n\t\t\t<dt class='gallery-icon landscape'>\n\t\t\t\t<a href='https:\/\/www.visit-ulcinj.com\/blog\/wp-content\/uploads\/2012\/07\/Restoranti-Grand-Ulqin.jpg'><img width=\"150\" height=\"150\" src=\"https:\/\/www.visit-ulcinj.com\/blog\/wp-content\/uploads\/2012\/07\/Restoranti-Grand-Ulqin-150x150.jpg\" class=\"attachment-thumbnail size-thumbnail\" alt=\"\" loading=\"lazy\" \/><\/a>\n\t\t\t<\/dt><\/dl><dl class='gallery-item'>\n\t\t\t<dt class='gallery-icon landscape'>\n\t\t\t\t<a href='https:\/\/www.visit-ulcinj.com\/blog\/wp-content\/uploads\/2012\/07\/Kuzhinjeri-i-restorantit-Grand-ne-Ulqin_Senad-Malokraja-n\u00eb-TV21.5.jpg'><img width=\"150\" height=\"150\" src=\"https:\/\/www.visit-ulcinj.com\/blog\/wp-content\/uploads\/2012\/07\/Kuzhinjeri-i-restorantit-Grand-ne-Ulqin_Senad-Malokraja-n\u00eb-TV21.5-150x150.jpg\" class=\"attachment-thumbnail size-thumbnail\" alt=\"\" loading=\"lazy\" \/><\/a>\n\t\t\t<\/dt><\/dl><dl class='gallery-item'>\n\t\t\t<dt class='gallery-icon portrait'>\n\t\t\t\t<a href='https:\/\/www.visit-ulcinj.com\/blog\/wp-content\/uploads\/2012\/07\/Kuzhinjeri-i-restorantit-Grand-ne-Ulqin_Senad-Malokraja-n\u00eb-TV21.2.jpg'><img width=\"150\" height=\"150\" src=\"https:\/\/www.visit-ulcinj.com\/blog\/wp-content\/uploads\/2012\/07\/Kuzhinjeri-i-restorantit-Grand-ne-Ulqin_Senad-Malokraja-n\u00eb-TV21.2-150x150.jpg\" class=\"attachment-thumbnail size-thumbnail\" alt=\"\" loading=\"lazy\" \/><\/a>\n\t\t\t<\/dt><\/dl><br style=\"clear: both\" \/><dl class='gallery-item'>\n\t\t\t<dt class='gallery-icon landscape'>\n\t\t\t\t<a href='https:\/\/www.visit-ulcinj.com\/blog\/wp-content\/uploads\/2012\/07\/Kuzhinjeri-i-restorantit-Grand-ne-Ulqin_Senad-Malokraja-n\u00eb-TV21.4.jpg'><img width=\"150\" height=\"150\" src=\"https:\/\/www.visit-ulcinj.com\/blog\/wp-content\/uploads\/2012\/07\/Kuzhinjeri-i-restorantit-Grand-ne-Ulqin_Senad-Malokraja-n\u00eb-TV21.4-150x150.jpg\" class=\"attachment-thumbnail size-thumbnail\" alt=\"\" loading=\"lazy\" \/><\/a>\n\t\t\t<\/dt><\/dl><dl class='gallery-item'>\n\t\t\t<dt class='gallery-icon landscape'>\n\t\t\t\t<a href='https:\/\/www.visit-ulcinj.com\/blog\/wp-content\/uploads\/2012\/07\/Kuzhinjeri-i-restorantit-Grand-ne-Ulqin_Senad-Malokraja-n\u00eb-TV21.6.jpg'><img width=\"150\" height=\"150\" src=\"https:\/\/www.visit-ulcinj.com\/blog\/wp-content\/uploads\/2012\/07\/Kuzhinjeri-i-restorantit-Grand-ne-Ulqin_Senad-Malokraja-n\u00eb-TV21.6-150x150.jpg\" class=\"attachment-thumbnail size-thumbnail\" alt=\"\" loading=\"lazy\" \/><\/a>\n\t\t\t<\/dt><\/dl><dl class='gallery-item'>\n\t\t\t<dt class='gallery-icon portrait'>\n\t\t\t\t<a href='https:\/\/www.visit-ulcinj.com\/blog\/wp-content\/uploads\/2012\/07\/Kuzhinjeri-i-restorantit-Grand-ne-Ulqin_Senad-Malokraja-n\u00eb-TV21.3.jpg'><img width=\"150\" height=\"150\" src=\"https:\/\/www.visit-ulcinj.com\/blog\/wp-content\/uploads\/2012\/07\/Kuzhinjeri-i-restorantit-Grand-ne-Ulqin_Senad-Malokraja-n\u00eb-TV21.3-150x150.jpg\" class=\"attachment-thumbnail size-thumbnail\" alt=\"\" loading=\"lazy\" \/><\/a>\n\t\t\t<\/dt><\/dl><br style=\"clear: both\" \/><dl class='gallery-item'>\n\t\t\t<dt class='gallery-icon landscape'>\n\t\t\t\t<a href='https:\/\/www.visit-ulcinj.com\/blog\/wp-content\/uploads\/2012\/07\/Kuzhinjeri-i-restorantit-Grand-ne-Ulqin_Senad-Malokraja-n\u00eb-TV21.7.jpg'><img width=\"150\" height=\"150\" src=\"https:\/\/www.visit-ulcinj.com\/blog\/wp-content\/uploads\/2012\/07\/Kuzhinjeri-i-restorantit-Grand-ne-Ulqin_Senad-Malokraja-n\u00eb-TV21.7-150x150.jpg\" class=\"attachment-thumbnail size-thumbnail\" alt=\"\" loading=\"lazy\" \/><\/a>\n\t\t\t<\/dt><\/dl><dl class='gallery-item'>\n\t\t\t<dt class='gallery-icon landscape'>\n\t\t\t\t<a href='https:\/\/www.visit-ulcinj.com\/blog\/wp-content\/uploads\/2012\/07\/Restorant-Grand-Ulqin_Ulcinj_Montenegro.jpg'><img width=\"150\" height=\"150\" src=\"https:\/\/www.visit-ulcinj.com\/blog\/wp-content\/uploads\/2012\/07\/Restorant-Grand-Ulqin_Ulcinj_Montenegro-150x150.jpg\" class=\"attachment-thumbnail size-thumbnail\" alt=\"\" loading=\"lazy\" \/><\/a>\n\t\t\t<\/dt><\/dl><dl class='gallery-item'>\n\t\t\t<dt class='gallery-icon portrait'>\n\t\t\t\t<a href='https:\/\/www.visit-ulcinj.com\/blog\/wp-content\/uploads\/2012\/07\/Restorant-Grand-Ulqin_Ulcinj_Montenegro.1.jpg'><img width=\"150\" height=\"150\" src=\"https:\/\/www.visit-ulcinj.com\/blog\/wp-content\/uploads\/2012\/07\/Restorant-Grand-Ulqin_Ulcinj_Montenegro.1-150x150.jpg\" class=\"attachment-thumbnail size-thumbnail\" alt=\"\" loading=\"lazy\" \/><\/a>\n\t\t\t<\/dt><\/dl><br style=\"clear: both\" \/>\n\t\t<\/div>\n<\/p>\n<p>&nbsp;<\/p>\n","protected":false},"excerpt":{"rendered":"<p>Nga stafii restaurantit &#8220;Grand&#8221; Senad Malokraja\u00a0 kuzhinjer profesional dhe Maloja si asistent\u00eb,morr\u00ebn pjes n\u00eb emisionin e TV21 \u201cDi\u00e7ka po Zihet\u201d.Ky \u00ebsht\u00eb emisioni i par\u00eb televiziv i prodhuar n\u00eb Kosov\u00eb mbi gatimin. \u00cbsht\u00eb ky nj\u00eb show televiziv i cili ka filluar n\u00eb vitin 2007 dhe n\u00eb t\u00eb cilin kan\u00eb marr pjes\u00eb fytyra t\u00eb njohura publike duke [&hellip;]<\/p>\n","protected":false},"author":1,"featured_media":0,"comment_status":"open","ping_status":"closed","sticky":false,"template":"","format":"standard","meta":{"spay_email":"","jetpack_publicize_message":"","jetpack_is_tweetstorm":false,"jetpack_publicize_feature_enabled":true},"categories":[5,1],"tags":[15622,20825,14887,12036,20822,20823,4845,20824,200],"jetpack_publicize_connections":[],"yoast_head":"<!-- This site is optimized with the Yoast SEO plugin v19.1 - https:\/\/yoast.com\/wordpress\/plugins\/seo\/ -->\n<title>Kuzhinjeri i restorantit &quot;Grand&quot; Senad Malokraja n\u00eb TV21 - Video - Lajme nga Ulqini<\/title>\n<meta name=\"description\" content=\"Nga stafii restaurantit &quot;Grand&quot; Senad Malokraja\u00a0 kuzhinjer profesional dhe Maloja si asistent\u00eb,morr\u00ebn pjes n\u00eb emisionin e TV21 \u201cDi\u00e7ka po Zihet\u201d.Ky \u00ebsht\u00eb\" \/>\n<meta name=\"robots\" content=\"index, follow, max-snippet:-1, max-image-preview:large, max-video-preview:-1\" \/>\n<link rel=\"canonical\" href=\"https:\/\/www.visit-ulcinj.com\/blog\/2012\/07\/06\/kuzhinjeri-i-restorantit-grand-senad-malokraja-ne-tv21-video\/\" \/>\n<meta property=\"og:locale\" content=\"en_US\" \/>\n<meta property=\"og:type\" content=\"article\" \/>\n<meta property=\"og:title\" content=\"Kuzhinjeri i restorantit &quot;Grand&quot; Senad Malokraja n\u00eb TV21 - Video - Lajme nga Ulqini\" \/>\n<meta property=\"og:description\" content=\"Nga stafii restaurantit &quot;Grand&quot; Senad Malokraja\u00a0 kuzhinjer profesional dhe Maloja si asistent\u00eb,morr\u00ebn pjes n\u00eb emisionin e TV21 \u201cDi\u00e7ka po Zihet\u201d.Ky \u00ebsht\u00eb\" \/>\n<meta property=\"og:url\" content=\"https:\/\/www.visit-ulcinj.com\/blog\/2012\/07\/06\/kuzhinjeri-i-restorantit-grand-senad-malokraja-ne-tv21-video\/\" \/>\n<meta property=\"og:site_name\" content=\"Lajme nga Ulqini\" \/>\n<meta property=\"article:published_time\" content=\"2012-07-06T09:16:26+00:00\" \/>\n<meta property=\"article:modified_time\" content=\"2012-07-11T19:11:12+00:00\" \/>\n<meta property=\"og:image\" content=\"https:\/\/www.visit-ulcinj.com\/blog\/wp-content\/uploads\/2012\/07\/Kuzhinjeri-i-restorantit-Grand-ne-Ulqin_Senad-Malokraja-n\u00eb-TV21.1-150x150.jpg\" \/>\n<meta name=\"twitter:label1\" content=\"Written by\" \/>\n\t<meta name=\"twitter:data1\" content=\"ulqini\" \/>\n\t<meta name=\"twitter:label2\" content=\"Est. reading time\" \/>\n\t<meta name=\"twitter:data2\" content=\"2 minutes\" \/>\n<script type=\"application\/ld+json\" class=\"yoast-schema-graph\">{\"@context\":\"https:\/\/schema.org\",\"@graph\":[{\"@type\":\"WebSite\",\"@id\":\"https:\/\/www.visit-ulcinj.com\/blog\/#website\",\"url\":\"https:\/\/www.visit-ulcinj.com\/blog\/\",\"name\":\"Lajme nga Ulqini\",\"description\":\"Lajme,Vijesti,Ulqini,Ulqin,Crna Gora,Mali i Zi\",\"potentialAction\":[{\"@type\":\"SearchAction\",\"target\":{\"@type\":\"EntryPoint\",\"urlTemplate\":\"https:\/\/www.visit-ulcinj.com\/blog\/?s={search_term_string}\"},\"query-input\":\"required name=search_term_string\"}],\"inLanguage\":\"en-US\"},{\"@type\":\"ImageObject\",\"inLanguage\":\"en-US\",\"@id\":\"https:\/\/www.visit-ulcinj.com\/blog\/2012\/07\/06\/kuzhinjeri-i-restorantit-grand-senad-malokraja-ne-tv21-video\/#primaryimage\",\"url\":\"https:\/\/www.visit-ulcinj.com\/blog\/wp-content\/uploads\/2012\/07\/Restorant-Grand-Ulqin_Ulcinj_Montenegro.jpg\",\"contentUrl\":\"https:\/\/www.visit-ulcinj.com\/blog\/wp-content\/uploads\/2012\/07\/Restorant-Grand-Ulqin_Ulcinj_Montenegro.jpg\",\"width\":\"762\",\"height\":\"497\"},{\"@type\":\"WebPage\",\"@id\":\"https:\/\/www.visit-ulcinj.com\/blog\/2012\/07\/06\/kuzhinjeri-i-restorantit-grand-senad-malokraja-ne-tv21-video\/#webpage\",\"url\":\"https:\/\/www.visit-ulcinj.com\/blog\/2012\/07\/06\/kuzhinjeri-i-restorantit-grand-senad-malokraja-ne-tv21-video\/\",\"name\":\"Kuzhinjeri i restorantit \\\"Grand\\\" Senad Malokraja n\u00eb TV21 - Video - Lajme nga Ulqini\",\"isPartOf\":{\"@id\":\"https:\/\/www.visit-ulcinj.com\/blog\/#website\"},\"primaryImageOfPage\":{\"@id\":\"https:\/\/www.visit-ulcinj.com\/blog\/2012\/07\/06\/kuzhinjeri-i-restorantit-grand-senad-malokraja-ne-tv21-video\/#primaryimage\"},\"datePublished\":\"2012-07-06T09:16:26+00:00\",\"dateModified\":\"2012-07-11T19:11:12+00:00\",\"author\":{\"@id\":\"https:\/\/www.visit-ulcinj.com\/blog\/#\/schema\/person\/dcab619c614d3038751c63bc2aadc06d\"},\"description\":\"Nga stafii restaurantit \\\"Grand\\\" Senad Malokraja\u00a0 kuzhinjer profesional dhe Maloja si asistent\u00eb,morr\u00ebn pjes n\u00eb emisionin e TV21 \u201cDi\u00e7ka po Zihet\u201d.Ky \u00ebsht\u00eb\",\"breadcrumb\":{\"@id\":\"https:\/\/www.visit-ulcinj.com\/blog\/2012\/07\/06\/kuzhinjeri-i-restorantit-grand-senad-malokraja-ne-tv21-video\/#breadcrumb\"},\"inLanguage\":\"en-US\",\"potentialAction\":[{\"@type\":\"ReadAction\",\"target\":[\"https:\/\/www.visit-ulcinj.com\/blog\/2012\/07\/06\/kuzhinjeri-i-restorantit-grand-senad-malokraja-ne-tv21-video\/\"]}]},{\"@type\":\"BreadcrumbList\",\"@id\":\"https:\/\/www.visit-ulcinj.com\/blog\/2012\/07\/06\/kuzhinjeri-i-restorantit-grand-senad-malokraja-ne-tv21-video\/#breadcrumb\",\"itemListElement\":[{\"@type\":\"ListItem\",\"position\":1,\"name\":\"Kuzhinjeri i restorantit &#8220;Grand&#8221; Senad Malokraja n\u00eb TV21 &#8211; Video\"}]},{\"@type\":\"Person\",\"@id\":\"https:\/\/www.visit-ulcinj.com\/blog\/#\/schema\/person\/dcab619c614d3038751c63bc2aadc06d\",\"name\":\"ulqini\",\"sameAs\":[\"http:\/\/www.visit-ulcinj.com\"],\"url\":\"https:\/\/www.visit-ulcinj.com\/blog\/author\/admin\/\"}]}<\/script>\n<!-- \/ Yoast SEO plugin. -->","yoast_head_json":{"title":"Kuzhinjeri i restorantit \"Grand\" Senad Malokraja n\u00eb TV21 - Video - Lajme nga Ulqini","description":"Nga stafii restaurantit \"Grand\" Senad Malokraja\u00a0 kuzhinjer profesional dhe Maloja si asistent\u00eb,morr\u00ebn pjes n\u00eb emisionin e TV21 \u201cDi\u00e7ka po Zihet\u201d.Ky \u00ebsht\u00eb","robots":{"index":"index","follow":"follow","max-snippet":"max-snippet:-1","max-image-preview":"max-image-preview:large","max-video-preview":"max-video-preview:-1"},"canonical":"https:\/\/www.visit-ulcinj.com\/blog\/2012\/07\/06\/kuzhinjeri-i-restorantit-grand-senad-malokraja-ne-tv21-video\/","og_locale":"en_US","og_type":"article","og_title":"Kuzhinjeri i restorantit \"Grand\" Senad Malokraja n\u00eb TV21 - Video - Lajme nga Ulqini","og_description":"Nga stafii restaurantit \"Grand\" Senad Malokraja\u00a0 kuzhinjer profesional dhe Maloja si asistent\u00eb,morr\u00ebn pjes n\u00eb emisionin e TV21 \u201cDi\u00e7ka po Zihet\u201d.Ky \u00ebsht\u00eb","og_url":"https:\/\/www.visit-ulcinj.com\/blog\/2012\/07\/06\/kuzhinjeri-i-restorantit-grand-senad-malokraja-ne-tv21-video\/","og_site_name":"Lajme nga Ulqini","article_published_time":"2012-07-06T09:16:26+00:00","article_modified_time":"2012-07-11T19:11:12+00:00","og_image":[{"url":"https:\/\/www.visit-ulcinj.com\/blog\/wp-content\/uploads\/2012\/07\/Kuzhinjeri-i-restorantit-Grand-ne-Ulqin_Senad-Malokraja-n\u00eb-TV21.1-150x150.jpg"}],"twitter_misc":{"Written by":"ulqini","Est. reading time":"2 minutes"},"schema":{"@context":"https:\/\/schema.org","@graph":[{"@type":"WebSite","@id":"https:\/\/www.visit-ulcinj.com\/blog\/#website","url":"https:\/\/www.visit-ulcinj.com\/blog\/","name":"Lajme nga Ulqini","description":"Lajme,Vijesti,Ulqini,Ulqin,Crna Gora,Mali i Zi","potentialAction":[{"@type":"SearchAction","target":{"@type":"EntryPoint","urlTemplate":"https:\/\/www.visit-ulcinj.com\/blog\/?s={search_term_string}"},"query-input":"required name=search_term_string"}],"inLanguage":"en-US"},{"@type":"ImageObject","inLanguage":"en-US","@id":"https:\/\/www.visit-ulcinj.com\/blog\/2012\/07\/06\/kuzhinjeri-i-restorantit-grand-senad-malokraja-ne-tv21-video\/#primaryimage","url":"https:\/\/www.visit-ulcinj.com\/blog\/wp-content\/uploads\/2012\/07\/Restorant-Grand-Ulqin_Ulcinj_Montenegro.jpg","contentUrl":"https:\/\/www.visit-ulcinj.com\/blog\/wp-content\/uploads\/2012\/07\/Restorant-Grand-Ulqin_Ulcinj_Montenegro.jpg","width":"762","height":"497"},{"@type":"WebPage","@id":"https:\/\/www.visit-ulcinj.com\/blog\/2012\/07\/06\/kuzhinjeri-i-restorantit-grand-senad-malokraja-ne-tv21-video\/#webpage","url":"https:\/\/www.visit-ulcinj.com\/blog\/2012\/07\/06\/kuzhinjeri-i-restorantit-grand-senad-malokraja-ne-tv21-video\/","name":"Kuzhinjeri i restorantit \"Grand\" Senad Malokraja n\u00eb TV21 - Video - Lajme nga Ulqini","isPartOf":{"@id":"https:\/\/www.visit-ulcinj.com\/blog\/#website"},"primaryImageOfPage":{"@id":"https:\/\/www.visit-ulcinj.com\/blog\/2012\/07\/06\/kuzhinjeri-i-restorantit-grand-senad-malokraja-ne-tv21-video\/#primaryimage"},"datePublished":"2012-07-06T09:16:26+00:00","dateModified":"2012-07-11T19:11:12+00:00","author":{"@id":"https:\/\/www.visit-ulcinj.com\/blog\/#\/schema\/person\/dcab619c614d3038751c63bc2aadc06d"},"description":"Nga stafii restaurantit \"Grand\" Senad Malokraja\u00a0 kuzhinjer profesional dhe Maloja si asistent\u00eb,morr\u00ebn pjes n\u00eb emisionin e TV21 \u201cDi\u00e7ka po Zihet\u201d.Ky \u00ebsht\u00eb","breadcrumb":{"@id":"https:\/\/www.visit-ulcinj.com\/blog\/2012\/07\/06\/kuzhinjeri-i-restorantit-grand-senad-malokraja-ne-tv21-video\/#breadcrumb"},"inLanguage":"en-US","potentialAction":[{"@type":"ReadAction","target":["https:\/\/www.visit-ulcinj.com\/blog\/2012\/07\/06\/kuzhinjeri-i-restorantit-grand-senad-malokraja-ne-tv21-video\/"]}]},{"@type":"BreadcrumbList","@id":"https:\/\/www.visit-ulcinj.com\/blog\/2012\/07\/06\/kuzhinjeri-i-restorantit-grand-senad-malokraja-ne-tv21-video\/#breadcrumb","itemListElement":[{"@type":"ListItem","position":1,"name":"Kuzhinjeri i restorantit &#8220;Grand&#8221; Senad Malokraja n\u00eb TV21 &#8211; Video"}]},{"@type":"Person","@id":"https:\/\/www.visit-ulcinj.com\/blog\/#\/schema\/person\/dcab619c614d3038751c63bc2aadc06d","name":"ulqini","sameAs":["http:\/\/www.visit-ulcinj.com"],"url":"https:\/\/www.visit-ulcinj.com\/blog\/author\/admin\/"}]}},"jetpack_featured_media_url":"","jetpack_sharing_enabled":true,"jetpack_shortlink":"https:\/\/wp.me\/pe6lTn-g98","_links":{"self":[{"href":"https:\/\/www.visit-ulcinj.com\/blog\/wp-json\/wp\/v2\/posts\/62070"}],"collection":[{"href":"https:\/\/www.visit-ulcinj.com\/blog\/wp-json\/wp\/v2\/posts"}],"about":[{"href":"https:\/\/www.visit-ulcinj.com\/blog\/wp-json\/wp\/v2\/types\/post"}],"author":[{"embeddable":true,"href":"https:\/\/www.visit-ulcinj.com\/blog\/wp-json\/wp\/v2\/users\/1"}],"replies":[{"embeddable":true,"href":"https:\/\/www.visit-ulcinj.com\/blog\/wp-json\/wp\/v2\/comments?post=62070"}],"version-history":[{"count":10,"href":"https:\/\/www.visit-ulcinj.com\/blog\/wp-json\/wp\/v2\/posts\/62070\/revisions"}],"predecessor-version":[{"id":62182,"href":"https:\/\/www.visit-ulcinj.com\/blog\/wp-json\/wp\/v2\/posts\/62070\/revisions\/62182"}],"wp:attachment":[{"href":"https:\/\/www.visit-ulcinj.com\/blog\/wp-json\/wp\/v2\/media?parent=62070"}],"wp:term":[{"taxonomy":"category","embeddable":true,"href":"https:\/\/www.visit-ulcinj.com\/blog\/wp-json\/wp\/v2\/categories?post=62070"},{"taxonomy":"post_tag","embeddable":true,"href":"https:\/\/www.visit-ulcinj.com\/blog\/wp-json\/wp\/v2\/tags?post=62070"}],"curies":[{"name":"wp","href":"https:\/\/api.w.org\/{rel}","templated":true}]}}