{"id":62093,"date":"2012-07-06T10:47:53","date_gmt":"2012-07-06T09:47:53","guid":{"rendered":"http:\/\/www.visit-ulcinj.com\/blog\/?p=62093"},"modified":"2012-07-08T09:24:04","modified_gmt":"2012-07-08T08:24:04","slug":"bka-e-pakenaqur-me-mungesen-e-ujit-ne-ane-te-malit","status":"publish","type":"post","link":"https:\/\/www.visit-ulcinj.com\/blog\/2012\/07\/06\/bka-e-pakenaqur-me-mungesen-e-ujit-ne-ane-te-malit\/","title":{"rendered":"BKA e pak\u00ebnaqur me mungesen e ujit ne An\u00eb te Malit"},"content":{"rendered":"<p><a href=\"http:\/\/www.visit-ulcinj.com\/blog\/wp-content\/uploads\/2012\/07\/Biznis-Klub-Ana-Malit.jpg\"><img loading=\"lazy\" class=\"alignleft  wp-image-62094\" title=\"Biznis Klub Ana Malit\" src=\"http:\/\/www.visit-ulcinj.com\/blog\/wp-content\/uploads\/2012\/07\/Biznis-Klub-Ana-Malit.jpg\" alt=\"\" width=\"508\" height=\"360\" \/><\/a>Nr.02-07\/12<br \/>\nUlqin, m\u00eb 02.07.2012<\/p>\n<p>Shoqata Biznis Klub Anamalit,e cila n\u00eb baz\u00ebn e programit dhe statutit t\u00eb saj ka mbrojtjen e qytetar\u00ebve t\u00eb An\u00ebs s\u00eb Malit, p\u00ebrkat\u00ebsisht interesave te tyre jet\u00ebsore \u00ebsht\u00eb thell\u00ebsisht\u00a0 e shqet\u00ebsuar me mungesen e ujit n\u00eb zon\u00ebn e An\u00ebs s\u00eb Malit, giat\u00eb k\u00ebtyre dit\u00ebve me temperatura shum\u00eb t\u00eb larta, kur mungesae ujit n\u00eb k\u00ebt\u00eb zon\u00eb shkakton probleme elementare p\u00ebr funksionim normal t\u00eb jet\u00ebs.<\/p>\n<p>Mungesa e furnizimit me uj\u00eb \u00ebsht\u00eb v\u00ebshtir\u00ebsuar p\u00ebr t\u00ebr\u00eb zon\u00ebn e An\u00ebs s\u00eb Malit, megiith\u00ebse territoret e saj jan\u00eb t\u00eb njohura me burimet t\u00eb ujit, kursen n\u00eb m\u00ebnyr\u00eb t\u00eb ve\u00e7ant\u00eb qysh para rreth dy jav\u00ebve, sakt\u00ebsisht q\u00eb nga 23 qershori pothuajse nuk kan\u00eb fare uje qendra e An\u00ebs s\u00eb Malit, Kat\u00ebrkolla dhe Brajsha, nj\u00eb nga venbanimet m\u00eb t\u00eb m\u00ebdha.<\/p>\n<p>Ne n\u00eb Biznis Klub Anamalit, kemi pasur ankesa t\u00eb shumta nga qytetar\u00ebt anamalas p\u00ebr munges\u00ebne ujit q\u00eb nga fillimi i ver\u00ebs, prandaj u jemi drejtuar institucioneve p\u00ebrkat\u00ebse, nd\u00ebrmarrjes Uj\u00ebsjell\u00ebs dhe Kanalizime dhe Komun\u00ebs se Ulqinit, p\u00ebrkat\u00ebsisht Drejtorit t\u00eb k\u00ebsaj nd\u00ebrmarrjeje, Fatmir Gjeka dhe Kryetarit, Nazif Cungu, duke i njoftuar ata me shkrim p\u00ebr ekzistimin e problemit, t\u00eb mosfurnizimit me uj\u00eb t\u00eb An\u00ebs s\u00eb Malit, mir\u00ebpo deri m\u00eb tash nuk kemi marr\u00eb ndonj\u00eb p\u00ebrgjigje zyrtare. Sqarojme se Drejtori i nd\u00ebrmarrjes p\u00ebrkat\u00ebse, n\u00eb nj\u00eb komunikim jo zyrtar na ka informuar se situata do t\u00eb jet\u00eb e k\u00ebtill\u00eb, deri sa pompa e ujit q\u00eb \u00ebsht\u00eb prishur p\u00ebr k\u00ebt\u00eb zon\u00eb t\u00eb rimontohet, m\u00eb dat\u00ebn 8 t\u00eb k\u00ebtij muaji.<\/p>\n<p>Shoqata Biznis Klub Anamalit e cila mb\u00ebshtet fuqish\u00ebm veprimtarite bujq\u00ebsore, blegtorale, turistike, p\u00ebrkat\u00ebsisht prodhuesit anamalas dhe, para s\u00eb giithave mbron jeten normale t\u00eb qytetar\u00ebve anamalas, si te giithe banor\u00ebve t\u00eb\u00a0 Ulqinit i b\u00ebn\u00eb thirrje urgjente Komun\u00ebs s\u00eb Ulqinit dhe Nd\u00ebrmarrjes p\u00ebrkatese q\u00eb ne afatin sa m\u00eb\u00a0 t\u00eb shkurt\u00ebr t\u00eb zgjidhin problemin e furnizimit\u00a0 me uj\u00eb t\u00eb An\u00ebs s\u00eb Malit.<\/p>\n<p>N\u00eb k\u00ebt\u00eb situat\u00eb t\u00eb krijuar, BKA thekson se \u00ebsht\u00eb e\u00a0 pafalshme q\u00eb rimontimi i nj\u00eb\u00a0 pompe uji t\u00eb zgias\u00eb 3 jav\u00eb t\u00eb t\u00ebra, n\u00eb koh\u00ebn kur temperaturat jan\u00eb 40 grad\u00eb celcius, prandaj ne pohojm\u00eb qart\u00eb se anamalasve jo\u00a0 vet\u00ebm q\u00eb u jan\u00eb rrezikuar prodhimet e tyre t\u00eb stin\u00ebs nga mungesa e ujit, por tashm\u00eb edhe jeta normale e p\u00ebrditshme.<\/p>\n<p>Komptent\u00ebve p\u00ebrgjegj\u00ebs p\u00ebr zgjidhjene k\u00ebtij problemij u themi: n\u00eb koh\u00ebn kur krenohemi se pjesa urbane e Ulqinit \u00ebsht\u00eb inkudruar n\u00eb uj\u00ebsjell\u00ebsin rajonal, n\u00eb An\u00eb t\u00eb Malit duhet\u00a0 t\u00eb hapen puse t\u00eb rinj t\u00eb ujit, kurse tregtia e furnizimit t\u00ebi ujit me cisterna \u00ebsht\u00eb n\u00eb faz\u00ebne lul\u00ebzimit.<\/p>\n<p><strong>Kabil Kurti &#8211; kryetar i Biznis Klub Anamalit<\/strong><\/p>\n","protected":false},"excerpt":{"rendered":"<p>Nr.02-07\/12 Ulqin, m\u00eb 02.07.2012 Shoqata Biznis Klub Anamalit,e cila n\u00eb baz\u00ebn e programit dhe statutit t\u00eb saj ka mbrojtjen e qytetar\u00ebve t\u00eb An\u00ebs s\u00eb Malit, p\u00ebrkat\u00ebsisht interesave te tyre jet\u00ebsore \u00ebsht\u00eb thell\u00ebsisht\u00a0 e shqet\u00ebsuar me mungesen e ujit n\u00eb zon\u00ebn e An\u00ebs s\u00eb Malit, giat\u00eb k\u00ebtyre dit\u00ebve me temperatura shum\u00eb t\u00eb larta, kur mungesae ujit [&hellip;]<\/p>\n","protected":false},"author":1,"featured_media":0,"comment_status":"open","ping_status":"closed","sticky":false,"template":"","format":"standard","meta":{"spay_email":"","jetpack_publicize_message":"","jetpack_is_tweetstorm":false,"jetpack_publicize_feature_enabled":true},"categories":[13],"tags":[212],"jetpack_publicize_connections":[],"yoast_head":"<!-- This site is optimized with the Yoast SEO plugin v19.1 - https:\/\/yoast.com\/wordpress\/plugins\/seo\/ -->\n<title>BKA e pak\u00ebnaqur me mungesen e ujit ne An\u00eb te Malit - Lajme nga Ulqini<\/title>\n<meta name=\"description\" content=\"Nr.02-07\/12 Ulqin, m\u00eb 02.07.2012 Shoqata Biznis Klub Anamalit,e cila n\u00eb baz\u00ebn e programit dhe statutit t\u00eb saj ka mbrojtjen e qytetar\u00ebve t\u00eb An\u00ebs s\u00eb Malit,\" \/>\n<meta name=\"robots\" content=\"index, follow, max-snippet:-1, max-image-preview:large, max-video-preview:-1\" \/>\n<link rel=\"canonical\" href=\"https:\/\/www.visit-ulcinj.com\/blog\/2012\/07\/06\/bka-e-pakenaqur-me-mungesen-e-ujit-ne-ane-te-malit\/\" \/>\n<meta property=\"og:locale\" content=\"en_US\" \/>\n<meta property=\"og:type\" content=\"article\" \/>\n<meta property=\"og:title\" content=\"BKA e pak\u00ebnaqur me mungesen e ujit ne An\u00eb te Malit - Lajme nga Ulqini\" \/>\n<meta property=\"og:description\" content=\"Nr.02-07\/12 Ulqin, m\u00eb 02.07.2012 Shoqata Biznis Klub Anamalit,e cila n\u00eb baz\u00ebn e programit dhe statutit t\u00eb saj ka mbrojtjen e qytetar\u00ebve t\u00eb An\u00ebs s\u00eb Malit,\" \/>\n<meta property=\"og:url\" content=\"https:\/\/www.visit-ulcinj.com\/blog\/2012\/07\/06\/bka-e-pakenaqur-me-mungesen-e-ujit-ne-ane-te-malit\/\" \/>\n<meta property=\"og:site_name\" content=\"Lajme nga Ulqini\" \/>\n<meta property=\"article:published_time\" content=\"2012-07-06T09:47:53+00:00\" \/>\n<meta property=\"article:modified_time\" content=\"2012-07-08T08:24:04+00:00\" \/>\n<meta property=\"og:image\" content=\"http:\/\/www.visit-ulcinj.com\/blog\/wp-content\/uploads\/2012\/07\/Biznis-Klub-Ana-Malit.jpg\" \/>\n<meta name=\"twitter:label1\" content=\"Written by\" \/>\n\t<meta name=\"twitter:data1\" content=\"ulqini\" \/>\n\t<meta name=\"twitter:label2\" content=\"Est. reading time\" \/>\n\t<meta name=\"twitter:data2\" content=\"2 minutes\" \/>\n<script type=\"application\/ld+json\" class=\"yoast-schema-graph\">{\"@context\":\"https:\/\/schema.org\",\"@graph\":[{\"@type\":\"WebSite\",\"@id\":\"https:\/\/www.visit-ulcinj.com\/blog\/#website\",\"url\":\"https:\/\/www.visit-ulcinj.com\/blog\/\",\"name\":\"Lajme nga Ulqini\",\"description\":\"Lajme,Vijesti,Ulqini,Ulqin,Crna Gora,Mali i Zi\",\"potentialAction\":[{\"@type\":\"SearchAction\",\"target\":{\"@type\":\"EntryPoint\",\"urlTemplate\":\"https:\/\/www.visit-ulcinj.com\/blog\/?s={search_term_string}\"},\"query-input\":\"required name=search_term_string\"}],\"inLanguage\":\"en-US\"},{\"@type\":\"ImageObject\",\"inLanguage\":\"en-US\",\"@id\":\"https:\/\/www.visit-ulcinj.com\/blog\/2012\/07\/06\/bka-e-pakenaqur-me-mungesen-e-ujit-ne-ane-te-malit\/#primaryimage\",\"url\":\"https:\/\/www.visit-ulcinj.com\/blog\/wp-content\/uploads\/2012\/07\/Biznis-Klub-Ana-Malit.jpg\",\"contentUrl\":\"https:\/\/www.visit-ulcinj.com\/blog\/wp-content\/uploads\/2012\/07\/Biznis-Klub-Ana-Malit.jpg\",\"width\":\"960\",\"height\":\"809\"},{\"@type\":\"WebPage\",\"@id\":\"https:\/\/www.visit-ulcinj.com\/blog\/2012\/07\/06\/bka-e-pakenaqur-me-mungesen-e-ujit-ne-ane-te-malit\/#webpage\",\"url\":\"https:\/\/www.visit-ulcinj.com\/blog\/2012\/07\/06\/bka-e-pakenaqur-me-mungesen-e-ujit-ne-ane-te-malit\/\",\"name\":\"BKA e pak\u00ebnaqur me mungesen e ujit ne An\u00eb te Malit - Lajme nga Ulqini\",\"isPartOf\":{\"@id\":\"https:\/\/www.visit-ulcinj.com\/blog\/#website\"},\"primaryImageOfPage\":{\"@id\":\"https:\/\/www.visit-ulcinj.com\/blog\/2012\/07\/06\/bka-e-pakenaqur-me-mungesen-e-ujit-ne-ane-te-malit\/#primaryimage\"},\"datePublished\":\"2012-07-06T09:47:53+00:00\",\"dateModified\":\"2012-07-08T08:24:04+00:00\",\"author\":{\"@id\":\"https:\/\/www.visit-ulcinj.com\/blog\/#\/schema\/person\/dcab619c614d3038751c63bc2aadc06d\"},\"description\":\"Nr.02-07\/12 Ulqin, m\u00eb 02.07.2012 Shoqata Biznis Klub Anamalit,e cila n\u00eb baz\u00ebn e programit dhe statutit t\u00eb saj ka mbrojtjen e qytetar\u00ebve t\u00eb An\u00ebs s\u00eb Malit,\",\"breadcrumb\":{\"@id\":\"https:\/\/www.visit-ulcinj.com\/blog\/2012\/07\/06\/bka-e-pakenaqur-me-mungesen-e-ujit-ne-ane-te-malit\/#breadcrumb\"},\"inLanguage\":\"en-US\",\"potentialAction\":[{\"@type\":\"ReadAction\",\"target\":[\"https:\/\/www.visit-ulcinj.com\/blog\/2012\/07\/06\/bka-e-pakenaqur-me-mungesen-e-ujit-ne-ane-te-malit\/\"]}]},{\"@type\":\"BreadcrumbList\",\"@id\":\"https:\/\/www.visit-ulcinj.com\/blog\/2012\/07\/06\/bka-e-pakenaqur-me-mungesen-e-ujit-ne-ane-te-malit\/#breadcrumb\",\"itemListElement\":[{\"@type\":\"ListItem\",\"position\":1,\"name\":\"BKA e pak\u00ebnaqur me mungesen e ujit ne An\u00eb te Malit\"}]},{\"@type\":\"Person\",\"@id\":\"https:\/\/www.visit-ulcinj.com\/blog\/#\/schema\/person\/dcab619c614d3038751c63bc2aadc06d\",\"name\":\"ulqini\",\"sameAs\":[\"http:\/\/www.visit-ulcinj.com\"],\"url\":\"https:\/\/www.visit-ulcinj.com\/blog\/author\/admin\/\"}]}<\/script>\n<!-- \/ Yoast SEO plugin. -->","yoast_head_json":{"title":"BKA e pak\u00ebnaqur me mungesen e ujit ne An\u00eb te Malit - Lajme nga Ulqini","description":"Nr.02-07\/12 Ulqin, m\u00eb 02.07.2012 Shoqata Biznis Klub Anamalit,e cila n\u00eb baz\u00ebn e programit dhe statutit t\u00eb saj ka mbrojtjen e qytetar\u00ebve t\u00eb An\u00ebs s\u00eb Malit,","robots":{"index":"index","follow":"follow","max-snippet":"max-snippet:-1","max-image-preview":"max-image-preview:large","max-video-preview":"max-video-preview:-1"},"canonical":"https:\/\/www.visit-ulcinj.com\/blog\/2012\/07\/06\/bka-e-pakenaqur-me-mungesen-e-ujit-ne-ane-te-malit\/","og_locale":"en_US","og_type":"article","og_title":"BKA e pak\u00ebnaqur me mungesen e ujit ne An\u00eb te Malit - Lajme nga Ulqini","og_description":"Nr.02-07\/12 Ulqin, m\u00eb 02.07.2012 Shoqata Biznis Klub Anamalit,e cila n\u00eb baz\u00ebn e programit dhe statutit t\u00eb saj ka mbrojtjen e qytetar\u00ebve t\u00eb An\u00ebs s\u00eb Malit,","og_url":"https:\/\/www.visit-ulcinj.com\/blog\/2012\/07\/06\/bka-e-pakenaqur-me-mungesen-e-ujit-ne-ane-te-malit\/","og_site_name":"Lajme nga Ulqini","article_published_time":"2012-07-06T09:47:53+00:00","article_modified_time":"2012-07-08T08:24:04+00:00","og_image":[{"url":"http:\/\/www.visit-ulcinj.com\/blog\/wp-content\/uploads\/2012\/07\/Biznis-Klub-Ana-Malit.jpg"}],"twitter_misc":{"Written by":"ulqini","Est. reading time":"2 minutes"},"schema":{"@context":"https:\/\/schema.org","@graph":[{"@type":"WebSite","@id":"https:\/\/www.visit-ulcinj.com\/blog\/#website","url":"https:\/\/www.visit-ulcinj.com\/blog\/","name":"Lajme nga Ulqini","description":"Lajme,Vijesti,Ulqini,Ulqin,Crna Gora,Mali i Zi","potentialAction":[{"@type":"SearchAction","target":{"@type":"EntryPoint","urlTemplate":"https:\/\/www.visit-ulcinj.com\/blog\/?s={search_term_string}"},"query-input":"required name=search_term_string"}],"inLanguage":"en-US"},{"@type":"ImageObject","inLanguage":"en-US","@id":"https:\/\/www.visit-ulcinj.com\/blog\/2012\/07\/06\/bka-e-pakenaqur-me-mungesen-e-ujit-ne-ane-te-malit\/#primaryimage","url":"https:\/\/www.visit-ulcinj.com\/blog\/wp-content\/uploads\/2012\/07\/Biznis-Klub-Ana-Malit.jpg","contentUrl":"https:\/\/www.visit-ulcinj.com\/blog\/wp-content\/uploads\/2012\/07\/Biznis-Klub-Ana-Malit.jpg","width":"960","height":"809"},{"@type":"WebPage","@id":"https:\/\/www.visit-ulcinj.com\/blog\/2012\/07\/06\/bka-e-pakenaqur-me-mungesen-e-ujit-ne-ane-te-malit\/#webpage","url":"https:\/\/www.visit-ulcinj.com\/blog\/2012\/07\/06\/bka-e-pakenaqur-me-mungesen-e-ujit-ne-ane-te-malit\/","name":"BKA e pak\u00ebnaqur me mungesen e ujit ne An\u00eb te Malit - Lajme nga Ulqini","isPartOf":{"@id":"https:\/\/www.visit-ulcinj.com\/blog\/#website"},"primaryImageOfPage":{"@id":"https:\/\/www.visit-ulcinj.com\/blog\/2012\/07\/06\/bka-e-pakenaqur-me-mungesen-e-ujit-ne-ane-te-malit\/#primaryimage"},"datePublished":"2012-07-06T09:47:53+00:00","dateModified":"2012-07-08T08:24:04+00:00","author":{"@id":"https:\/\/www.visit-ulcinj.com\/blog\/#\/schema\/person\/dcab619c614d3038751c63bc2aadc06d"},"description":"Nr.02-07\/12 Ulqin, m\u00eb 02.07.2012 Shoqata Biznis Klub Anamalit,e cila n\u00eb baz\u00ebn e programit dhe statutit t\u00eb saj ka mbrojtjen e qytetar\u00ebve t\u00eb An\u00ebs s\u00eb Malit,","breadcrumb":{"@id":"https:\/\/www.visit-ulcinj.com\/blog\/2012\/07\/06\/bka-e-pakenaqur-me-mungesen-e-ujit-ne-ane-te-malit\/#breadcrumb"},"inLanguage":"en-US","potentialAction":[{"@type":"ReadAction","target":["https:\/\/www.visit-ulcinj.com\/blog\/2012\/07\/06\/bka-e-pakenaqur-me-mungesen-e-ujit-ne-ane-te-malit\/"]}]},{"@type":"BreadcrumbList","@id":"https:\/\/www.visit-ulcinj.com\/blog\/2012\/07\/06\/bka-e-pakenaqur-me-mungesen-e-ujit-ne-ane-te-malit\/#breadcrumb","itemListElement":[{"@type":"ListItem","position":1,"name":"BKA e pak\u00ebnaqur me mungesen e ujit ne An\u00eb te Malit"}]},{"@type":"Person","@id":"https:\/\/www.visit-ulcinj.com\/blog\/#\/schema\/person\/dcab619c614d3038751c63bc2aadc06d","name":"ulqini","sameAs":["http:\/\/www.visit-ulcinj.com"],"url":"https:\/\/www.visit-ulcinj.com\/blog\/author\/admin\/"}]}},"jetpack_featured_media_url":"","jetpack_sharing_enabled":true,"jetpack_shortlink":"https:\/\/wp.me\/pe6lTn-g9v","_links":{"self":[{"href":"https:\/\/www.visit-ulcinj.com\/blog\/wp-json\/wp\/v2\/posts\/62093"}],"collection":[{"href":"https:\/\/www.visit-ulcinj.com\/blog\/wp-json\/wp\/v2\/posts"}],"about":[{"href":"https:\/\/www.visit-ulcinj.com\/blog\/wp-json\/wp\/v2\/types\/post"}],"author":[{"embeddable":true,"href":"https:\/\/www.visit-ulcinj.com\/blog\/wp-json\/wp\/v2\/users\/1"}],"replies":[{"embeddable":true,"href":"https:\/\/www.visit-ulcinj.com\/blog\/wp-json\/wp\/v2\/comments?post=62093"}],"version-history":[{"count":6,"href":"https:\/\/www.visit-ulcinj.com\/blog\/wp-json\/wp\/v2\/posts\/62093\/revisions"}],"predecessor-version":[{"id":62096,"href":"https:\/\/www.visit-ulcinj.com\/blog\/wp-json\/wp\/v2\/posts\/62093\/revisions\/62096"}],"wp:attachment":[{"href":"https:\/\/www.visit-ulcinj.com\/blog\/wp-json\/wp\/v2\/media?parent=62093"}],"wp:term":[{"taxonomy":"category","embeddable":true,"href":"https:\/\/www.visit-ulcinj.com\/blog\/wp-json\/wp\/v2\/categories?post=62093"},{"taxonomy":"post_tag","embeddable":true,"href":"https:\/\/www.visit-ulcinj.com\/blog\/wp-json\/wp\/v2\/tags?post=62093"}],"curies":[{"name":"wp","href":"https:\/\/api.w.org\/{rel}","templated":true}]}}