{"id":62099,"date":"2012-07-07T00:16:04","date_gmt":"2012-07-06T23:16:04","guid":{"rendered":"http:\/\/www.visit-ulcinj.com\/blog\/?p=62099"},"modified":"2012-07-11T00:11:25","modified_gmt":"2012-07-10T23:11:25","slug":"reagimi-i-selim-resulbegoviqit-ndaj-deklarates-te-cungut","status":"publish","type":"post","link":"https:\/\/www.visit-ulcinj.com\/blog\/2012\/07\/07\/reagimi-i-selim-resulbegoviqit-ndaj-deklarates-te-cungut\/","title":{"rendered":"Reagimi i Selim Resulbegoviqit ndaj deklarates t\u00eb Cungut"},"content":{"rendered":"<p align=\"center\"><strong><a href=\"http:\/\/www.visit-ulcinj.com\/blog\/wp-content\/uploads\/2012\/07\/Reagimi-i-Selim-Resulbegoviqit-ndaj-deklarates-t\u00eb-Cungut.jpg\"><img loading=\"lazy\" class=\"alignleft  wp-image-62100\" title=\"Reagimi i Selim Resulbegoviqit ndaj deklarates t\u00eb Cungut\" src=\"http:\/\/www.visit-ulcinj.com\/blog\/wp-content\/uploads\/2012\/07\/Reagimi-i-Selim-Resulbegoviqit-ndaj-deklarates-t\u00eb-Cungut.jpg\" alt=\"\" width=\"508\" height=\"360\" \/><\/a>REAGIM ,<\/strong><\/p>\n<p>&nbsp;<\/p>\n<p>Nazif Cungu\u00a0 vazhdon me\u00a0 shfaqjen e pakuptimt\u00eb , shfaqe qe ka\u00a0 q\u00ebllim te\u00a0 vet\u00ebm \u00a0largimin e vemndjes s\u00eb opinionit nga paaft\u00ebsit\u00eb e tija ,nga \u00a0mosdija , mosangazhimi dhe papjekuria\u00a0 p\u00ebr t\u00eb ushtruar\u00a0 funksionin n\u00eb t\u00eb cilin \u00ebsht\u00eb.<\/p>\n<p>Kjo \u00ebsht\u00eb vet\u00ebm tentativ\u00eb q\u00eb me aktrimin gjoja t\u00eb\u00a0 fuqis\u00eb , vendosm\u00ebris\u00eb dhe mbrojt\u00ebsit t\u00eb interesave t\u00eb Ulqinit, t\u00eb\u00a0 pengohet r\u00ebnja\u00a0 e dinjitetit dhe autoritetit \u00a0t\u00eb tij , jo vetem tek qytetar\u00ebt por dhe n\u00eb qarqet me t\u00eb ngushta t\u00eb Partis\u00eb s\u00eb tij .<\/p>\n<p>Kumtesa e tij e djeshme\u00a0 \u00a0flet\u00a0 m\u00eb s\u00eb miri \u00a0p\u00ebr gjendjen , frym\u00ebn, karakterin ,edukimin dhe arsimimin\u00a0 e atij q\u00eb e ka shkruajtur dhe si e till\u00eb \u00a0nuk meriton as m\u00eb t\u00eb voglin koment. Pytemi \u00a0a duhet vall\u00eb ta komentojme ndopak Kryetarin n\u00eb mandatin e t\u00eb cilit Ulqini\u00a0 po\u00a0 p\u00ebrjeton dit\u00ebt m\u00eb t\u00eb pap\u00ebrgatitura t\u00eb sezonit turistik ,nd\u00ebrkoh\u00eb q\u00eb ai\u00a0 vazhdon luft\u00ebn me Kumtesa\u00a0 me bashk\u00ebpun\u00ebtorin e tij m\u00eb t\u00eb af\u00ebrt.<\/p>\n<p>Megjithat\u00eb\u00a0 ,duke i k\u00ebrkuar falje qytetar\u00ebve\u00a0 q\u00eb n\u00eb k\u00ebto dit\u00eb pa arsye i shqet\u00ebsojm\u00eb ,n\u00eb vend q\u00eb t\u00eb punojm\u00eb 24 or\u00eb p\u00ebr t\u00eb mir\u00ebn e tyre e ti mund\u00ebsojm\u00eb q\u00eb t\u00eb ken\u00eb perfitime\u00a0 p\u00ebr ekzistenc\u00eb\u00a0 dhe t\u00eb aktivizohemi p\u00ebr p\u00ebrmbushjen e ark\u00ebs s\u00eb zbrazet t\u00eb Komun\u00ebs me duhet t\u00eb them disa gj\u00ebra:<\/p>\n<p>ZotI Cungu ka hapur zemr\u00ebn dhe ka th\u00ebn\u00eb at\u00eb q\u00eb mendon , jo vet\u00ebm p\u00ebr mua por edhe p\u00ebr familjen time dhe paraardh\u00ebsit e mij . Nuk m\u00eb intereson fare mendimi i tij por\u00a0 besoj se ai personalisht ndjen nevoj\u00ebn q\u00eb qytetar\u00ebve t\u00eb Ulqinit\u00a0 ti spjegoj\u00eb si dhe p\u00ebrse\u00a0 pikerisht k\u00ebtij personi , pas\u00a0 zgjedhjeve lokale t\u00eb Qershorit\u00a0 ti ofroj\u00eb koalicion\u00a0 si dhe postin e Kryetarit te Komun\u00ebs (gj\u00eb t\u00eb cil\u00ebn e kam refuzuar)<\/p>\n<p>Si\u00a0 ka mundesi q\u00eb pik\u00ebrisht k\u00ebt\u00eb person ai ta em\u00ebroj\u00eb\u00a0 per bashk\u00ebpun\u00ebtorin e tij t\u00eb par\u00eb? A \u00ebsht\u00eb e mundur q\u00eb d\u00ebshira\u00a0 p\u00ebr funkcion\u00a0 dhe karrig\u00eb tek Z. Cungu ka qen\u00eb kaq e madhe dhe\u00a0 mbi t\u00eb gjitha principet.<\/p>\n<p>Duhet ta pranojm\u00eb q\u00eb n\u00eb n\u00eb Partine Social Demokrate n\u00eb momentin e krijimit t\u00eb k\u00ebtij Koalicioni, te cilin \u00a0e kemi pritur ashtu si shumica e qytetar\u00ebve t\u00eb Ulqinit\u00a0 dhe miqve t\u00eb k\u00ebtij qyteti\u00a0 me admirim t\u00eb madh, pritshm\u00ebri dhe shpresa , kemi qen\u00eb t\u00eb bindur q\u00eb Ulqini m\u00eb n\u00eb fund\u00a0 ka fituar\u00a0 Kryetar\u00eb t\u00eb aft\u00eb, pun\u00ebtor\u00eb energjik dhe efikas .\u00a0 Se sa \u00a0\u00a0ai\u00a0 \u00a0ka pasur sukses \u00a0t\u00eb p\u00ebrmbush\u00eb \u00a0\u00a0pritjet e qytetar\u00ebve\u00a0 t\u00eb Ulqinit\u00a0 k\u00ebt\u00eb ata kan\u00eb rast\u00a0 q\u00eb ta shohin dhe t\u00eb binden \u00e7do dit\u00eb.<\/p>\n<p>Ata m\u00eb s\u00eb miri\u00a0 do t\u00eb dijn\u00eb\u00a0 dhe do t\u00eb vler\u00ebsojn\u00eb\u00a0 nevojat dhe sensin\u00a0 e hapjes se\u00a0 diskutimeve\u00a0 rreth\u00a0 eksploarimit t\u00eb problemeve t\u00eb t\u00eb Mirave Detare pik\u00ebrisht tani n\u00eb vlugun e sezonit turistik .<\/p>\n<p>P\u00ebr at\u00eb se\u00a0 sa K\u00ebshilli Komunal i Partis\u00eb Social Demokrate t\u00eb Ulqinit\u00a0 ka b\u00ebr\u00eb p\u00ebr kthimin e zon\u00ebs t\u00eb t\u00eb Mirave detare\u00a0 n\u00eb kufinjt\u00eb natyror\u00eb dhe kthimin e ingjerencave t\u00eb administrates lokale n\u00eb at\u00eb zon\u00eb , opinionin do t\u00eb kemi rast ta njoftojm\u00eb detalisht dhe at\u00eb \u00a0me fakte konkrete\u00a0 dhe jo me fjal\u00eb boshe .<\/p>\n<p>Tani\u00a0 p\u00ebr tani mund t\u00eb them\u00a0 se fal\u00eb angazhimeve\u00a0 t\u00eb \u00a0mia t\u00eb pakursyera, sot plazhet e Ulqinit\u00a0 jan\u00eb pjesa m\u00eb atraktive e ofert\u00ebs turistike \u00a0dhe se\u00a0 gjat\u00eb mandatit tim n\u00eb K\u00ebshillim Drejtues\u00a0 t\u00eb ndermarrjes p\u00ebr te Mirat Detare\u00a0 \u00ebsht\u00eb ndertuar mini marina \u201c Kacemja \u201c\u00a0 e cila\u00a0 paraqet investimin m\u00eb madhor\u00eb t\u00eb ndermarrjes publike p\u00ebr t\u00eb mirat detare\u00a0 q\u00eb nga\u00a0 themelimi i saj .<\/p>\n<p>Nga\u00a0 e t\u00ebra ajo q\u00eb Z. Cungu ka publikuar n\u00eb kumtes\u00eb nj\u00ebra fatkeqsisht\u00a0 \u00ebsht\u00eb e v\u00ebrtet\u00eb n\u00eb fund\u00a0 t\u00eb tekstit ku thot\u00eb \u201c mund\u00ebsit\u00eb e k\u00ebtij Kryetari jan\u00eb shum\u00eb t\u00eb kufizuara \u201c dhe (bahk\u00ebpun\u00ebtor\u00ebt m\u00eb t\u00eb af\u00ebrt t\u00eb tij nuk jan\u00eb t\u00eb fokusuar n\u00eb pun\u00ebt p\u00ebr t\u00eb cilat paguhen, por n\u00eb disa aktivitete dhe interesa t\u00eb tjera). Edhe me k\u00ebt\u00eb n\u00eb t\u00ebr\u00ebsi pajtohemi.<\/p>\n<p>Sa i p\u00ebrket\u00a0 shpres\u00ebs dhe pritjes s\u00eb Kryetarit\u00a0 p\u00ebr vazhdimin e bashk\u00ebpunimit\u00a0 ton\u00eb mund t\u00eb konstatoj\u00a0 q\u00eb me\u00a0 m\u00ebnyr\u00ebn dhe komunikimin e tij\u00a0 t\u00eb ri, k\u00ebto mund\u00ebsi\u00a0 vihen seriozisht n\u00eb pik\u00ebpyetje .<\/p>\n<p>Ne nga rradh\u00ebt e partis\u00eb Social Demokrate \u00e7do her\u00eb kemi qen\u00eb dhe jemi p\u00ebr aplikimin e ligjit dhe k\u00ebt\u00eb kemi insistuar dhe k\u00ebrkojm\u00eb q\u00eb ta ken\u00eb dhe funksionar\u00ebt e tjer\u00eb \u00a0t\u00eb administrat\u00ebs lokale . Vecmas theksojm\u00eb se nuk do t\u00eb tolerojm\u00eb paaft\u00ebsin\u00eb, mosangazhimin joprofesionalizmin , munges\u00ebn e vullnetit\u00a0 q\u00eb t\u00eb punohet n\u00eb interes t\u00eb qytetit, q\u00ebndrim negativ ndaj investitor\u00ebve t\u00eb interesuar ,\u00a0 mosrespektimin e marrveshtjes s\u00eb\u00a0 Koalicionit\u00a0 si dhe shmangjen , perballjen me dob\u00ebsit\u00eb e veta p\u00ebrmes\u00a0 vazhdimit t\u00eb praktik\u00ebs \u00a0\u00a0t\u00eb bartjes \u00a0s\u00eb pergjegj\u00ebsis\u00eb\u00a0 p\u00ebr t\u00eb gjitha problemet e k\u00ebtij qyteti \u00a0\u00a0mbi \u00a0\u00a0Qeveri n\u00eb dhe organet shtet\u00ebrore .<\/p>\n<p>Me k\u00ebt\u00eb\u00a0 definitivisht p\u00ebrfundojme k\u00ebt\u00eb polemik\u00eb t\u00eb v\u00ebshtir\u00eb,t\u00eb panevojshme dhe t\u00eb d\u00ebmshme\u00a0 e cila\u00a0 na \u00ebshte \u00a0imponuar\u00a0 dhe me asgje e \u00a0nxitur \u00a0nga ana jon\u00eb.<\/p>\n<p>&nbsp;<\/p>\n<p>&nbsp;<\/p>\n<p style=\"text-align: right;\">\u00a0\u00a0\u00a0\u00a0\u00a0\u00a0\u00a0\u00a0\u00a0\u00a0\u00a0\u00a0\u00a0\u00a0\u00a0\u00a0\u00a0\u00a0\u00a0\u00a0\u00a0\u00a0\u00a0\u00a0\u00a0\u00a0\u00a0\u00a0\u00a0\u00a0\u00a0\u00a0\u00a0\u00a0\u00a0\u00a0\u00a0\u00a0\u00a0\u00a0\u00a0\u00a0\u00a0\u00a0\u00a0\u00a0\u00a0\u00a0\u00a0\u00a0\u00a0\u00a0\u00a0\u00a0\u00a0\u00a0\u00a0\u00a0\u00a0\u00a0\u00a0\u00a0\u00a0\u00a0\u00a0\u00a0\u00a0\u00a0\u00a0\u00a0\u00a0\u00a0\u00a0\u00a0\u00a0\u00a0\u00a0\u00a0\u00a0\u00a0\u00a0\u00a0\u00a0\u00a0\u00a0\u00a0\u00a0\u00a0\u00a0\u00a0\u00a0\u00a0\u00a0\u00a0\u00a0\u00a0\u00a0\u00a0\u00a0\u00a0\u00a0\u00a0\u00a0\u00a0\u00a0\u00a0\u00a0\u00a0\u00a0\u00a0\u00a0\u00a0\u00a0\u00a0\u00a0\u00a0\u00a0 <strong>KRYETARI I KK I PSD Ulqin <\/strong><\/p>\n<p style=\"text-align: right;\"><strong>\u00a0\u00a0\u00a0\u00a0\u00a0\u00a0\u00a0\u00a0\u00a0\u00a0\u00a0\u00a0\u00a0\u00a0\u00a0\u00a0\u00a0\u00a0\u00a0\u00a0\u00a0\u00a0\u00a0\u00a0\u00a0\u00a0\u00a0\u00a0\u00a0\u00a0\u00a0\u00a0\u00a0\u00a0\u00a0\u00a0\u00a0\u00a0\u00a0\u00a0\u00a0\u00a0\u00a0\u00a0\u00a0\u00a0\u00a0\u00a0\u00a0\u00a0\u00a0\u00a0\u00a0\u00a0\u00a0\u00a0\u00a0\u00a0\u00a0\u00a0\u00a0\u00a0\u00a0\u00a0\u00a0\u00a0\u00a0\u00a0\u00a0\u00a0\u00a0\u00a0\u00a0\u00a0\u00a0\u00a0\u00a0\u00a0\u00a0\u00a0\u00a0\u00a0\u00a0\u00a0\u00a0\u00a0\u00a0\u00a0\u00a0\u00a0\u00a0\u00a0\u00a0\u00a0\u00a0\u00a0\u00a0\u00a0\u00a0\u00a0\u00a0\u00a0\u00a0\u00a0\u00a0\u00a0\u00a0\u00a0\u00a0\u00a0 \u00a0\u00a0\u00a0\u00a0\u00a0\u00a0\u00a0\u00a0Selim\u00a0 Resulbegoviq<\/strong><\/p>\n<p>\u00a0<a href=\"http:\/\/www.visit-ulcinj.com\/blog\/wp-content\/uploads\/2012\/07\/Selim-Resulbegovic_ulqin_ulcinj.jpg\"><img loading=\"lazy\" class=\"alignleft  wp-image-62101\" title=\"Selim Resulbegovic_ulqin_ulcinj\" src=\"http:\/\/www.visit-ulcinj.com\/blog\/wp-content\/uploads\/2012\/07\/Selim-Resulbegovic_ulqin_ulcinj.jpg\" alt=\"\" width=\"508\" height=\"300\" \/><\/a><\/p>\n<p><strong>\u00a0\u00a0P.S<\/strong><\/p>\n<p>Me rastin e pohimeve t\u00eb Z. Cungu q\u00eb k\u00ebrkesa p\u00ebr\u00a0 rradhitjen e lokalitetit\u00a0 t\u00eb Moles s\u00eb Madhe n\u00eb programin e objeteve t\u00eb p\u00ebrkohshme \u00ebsht\u00eb\u00a0 p\u00ebrpunuar n\u00eb Sekretarijatin\u00a0 p\u00ebr planifikim\u00a0 hapsinor\u00eb dhe zhvillim t\u00eb q\u00ebndruesh\u00ebm \u00a0sjellim k\u00ebto fakte :<\/p>\n<p>Me daten 12.03.2012 Sekretarijatit\u00a0 i \u00ebsht\u00eb drejtuar\u00a0 z. Munib Husiq\u00a0 , p\u00ebrndryshe farefis \u00a0i \u00a0Z. Cungu. \u00a0Ai \u00ebsht\u00eb drejtuar me k\u00ebrkes\u00ebn me nr: 05-832\/1\u00a0\u00a0 dhe\u00a0\u00a0 ka k\u00ebrkuar q\u00eb ti jepet lokacioni i p\u00ebrkohsh\u00ebm p\u00ebr vendosjen e objektit\u00a0 n\u00eb lokalitetin\u00a0 e Moles s\u00eb Madhe n\u00eb Plazhin e vog\u00ebl.<\/p>\n<p>Sekretarijati , ne suaz\u00eb t\u00eb kompetencave t\u00eb veta, sjell aktvendimin nr: 05-832\/1-12 t\u00eb dat\u00ebs 14.03.2012 me t\u00eb cilin\u00a0 refuzohet k\u00ebrkesa dhe\u00a0 pala udh\u00ebzohet\u00a0 q\u00eb\u00a0 me t\u00eb till\u00eb k\u00ebrkes\u00eb ti drejtohet nd\u00ebrmarrjes\u00a0 publike p\u00ebr t\u00eb mirat detare\u00a0 e cila \u00ebsht\u00eb p\u00ebrgjegj\u00ebse p\u00ebr vendosjen e objekteve n\u00eb k\u00ebt\u00eb lokalitet .<\/p>\n<p>Sekretarijati asnj\u00ebher\u00eb nuk ka\u00a0 nd\u00ebrmarr\u00eb \u00a0iniciativa t\u00eb k\u00ebtij lloji ,p\u00ebrndryshe nj\u00eb akt i till\u00eb do t\u00eb ishte n\u00ebnshkruar nga ana e personit t\u00eb autorizuar dhe\u00a0 do t\u00eb kisht\u00eb titullin \u00a0e sekretarijatit .<\/p>\n<p>Megjithat\u00eb publikimi i\u00a0 dokumentit\u00a0\u00a0 me se miri flet vet\u00eb per vehte.<\/p>\n","protected":false},"excerpt":{"rendered":"<p>REAGIM , &nbsp; Nazif Cungu\u00a0 vazhdon me\u00a0 shfaqjen e pakuptimt\u00eb , shfaqe qe ka\u00a0 q\u00ebllim te\u00a0 vet\u00ebm \u00a0largimin e vemndjes s\u00eb opinionit nga paaft\u00ebsit\u00eb e tija ,nga \u00a0mosdija , mosangazhimi dhe papjekuria\u00a0 p\u00ebr t\u00eb ushtruar\u00a0 funksionin n\u00eb t\u00eb cilin \u00ebsht\u00eb. Kjo \u00ebsht\u00eb vet\u00ebm tentativ\u00eb q\u00eb me aktrimin gjoja t\u00eb\u00a0 fuqis\u00eb , vendosm\u00ebris\u00eb dhe mbrojt\u00ebsit t\u00eb [&hellip;]<\/p>\n","protected":false},"author":1,"featured_media":0,"comment_status":"open","ping_status":"closed","sticky":false,"template":"","format":"standard","meta":{"spay_email":"","jetpack_publicize_message":"","jetpack_is_tweetstorm":false,"jetpack_publicize_feature_enabled":true},"categories":[6950,6],"tags":[118,14387,200,18],"jetpack_publicize_connections":[],"yoast_head":"<!-- This site is optimized with the Yoast SEO plugin v19.1 - https:\/\/yoast.com\/wordpress\/plugins\/seo\/ -->\n<title>Reagimi i Selim Resulbegoviqit ndaj deklarates t\u00eb Cungut - Lajme nga Ulqini<\/title>\n<meta name=\"description\" content=\"REAGIM , &nbsp; Nazif Cungu\u00a0 vazhdon me\u00a0 shfaqjen e pakuptimt\u00eb , shfaqe qe ka\u00a0 q\u00ebllim te\u00a0 vet\u00ebm \u00a0largimin e vemndjes s\u00eb opinionit nga paaft\u00ebsit\u00eb e tija\" \/>\n<meta name=\"robots\" content=\"index, follow, max-snippet:-1, max-image-preview:large, max-video-preview:-1\" \/>\n<link rel=\"canonical\" href=\"https:\/\/www.visit-ulcinj.com\/blog\/2012\/07\/07\/reagimi-i-selim-resulbegoviqit-ndaj-deklarates-te-cungut\/\" \/>\n<meta property=\"og:locale\" content=\"en_US\" \/>\n<meta property=\"og:type\" content=\"article\" \/>\n<meta property=\"og:title\" content=\"Reagimi i Selim Resulbegoviqit ndaj deklarates t\u00eb Cungut - Lajme nga Ulqini\" \/>\n<meta property=\"og:description\" content=\"REAGIM , &nbsp; Nazif Cungu\u00a0 vazhdon me\u00a0 shfaqjen e pakuptimt\u00eb , shfaqe qe ka\u00a0 q\u00ebllim te\u00a0 vet\u00ebm \u00a0largimin e vemndjes s\u00eb opinionit nga paaft\u00ebsit\u00eb e tija\" \/>\n<meta property=\"og:url\" content=\"https:\/\/www.visit-ulcinj.com\/blog\/2012\/07\/07\/reagimi-i-selim-resulbegoviqit-ndaj-deklarates-te-cungut\/\" \/>\n<meta property=\"og:site_name\" content=\"Lajme nga Ulqini\" \/>\n<meta property=\"article:published_time\" content=\"2012-07-06T23:16:04+00:00\" \/>\n<meta property=\"article:modified_time\" content=\"2012-07-10T23:11:25+00:00\" \/>\n<meta property=\"og:image\" content=\"http:\/\/www.visit-ulcinj.com\/blog\/wp-content\/uploads\/2012\/07\/Selim-Resulbegovic_ulqin_ulcinj.jpg\" \/>\n<meta name=\"twitter:label1\" content=\"Written by\" \/>\n\t<meta name=\"twitter:data1\" content=\"ulqini\" \/>\n\t<meta name=\"twitter:label2\" content=\"Est. reading time\" \/>\n\t<meta name=\"twitter:data2\" content=\"5 minutes\" \/>\n<script type=\"application\/ld+json\" class=\"yoast-schema-graph\">{\"@context\":\"https:\/\/schema.org\",\"@graph\":[{\"@type\":\"WebSite\",\"@id\":\"https:\/\/www.visit-ulcinj.com\/blog\/#website\",\"url\":\"https:\/\/www.visit-ulcinj.com\/blog\/\",\"name\":\"Lajme nga Ulqini\",\"description\":\"Lajme,Vijesti,Ulqini,Ulqin,Crna Gora,Mali i Zi\",\"potentialAction\":[{\"@type\":\"SearchAction\",\"target\":{\"@type\":\"EntryPoint\",\"urlTemplate\":\"https:\/\/www.visit-ulcinj.com\/blog\/?s={search_term_string}\"},\"query-input\":\"required name=search_term_string\"}],\"inLanguage\":\"en-US\"},{\"@type\":\"ImageObject\",\"inLanguage\":\"en-US\",\"@id\":\"https:\/\/www.visit-ulcinj.com\/blog\/2012\/07\/07\/reagimi-i-selim-resulbegoviqit-ndaj-deklarates-te-cungut\/#primaryimage\",\"url\":\"https:\/\/www.visit-ulcinj.com\/blog\/wp-content\/uploads\/2012\/07\/Selim-Resulbegovic_ulqin_ulcinj.jpg\",\"contentUrl\":\"https:\/\/www.visit-ulcinj.com\/blog\/wp-content\/uploads\/2012\/07\/Selim-Resulbegovic_ulqin_ulcinj.jpg\",\"width\":\"640\",\"height\":\"562\"},{\"@type\":\"WebPage\",\"@id\":\"https:\/\/www.visit-ulcinj.com\/blog\/2012\/07\/07\/reagimi-i-selim-resulbegoviqit-ndaj-deklarates-te-cungut\/#webpage\",\"url\":\"https:\/\/www.visit-ulcinj.com\/blog\/2012\/07\/07\/reagimi-i-selim-resulbegoviqit-ndaj-deklarates-te-cungut\/\",\"name\":\"Reagimi i Selim Resulbegoviqit ndaj deklarates t\u00eb Cungut - Lajme nga Ulqini\",\"isPartOf\":{\"@id\":\"https:\/\/www.visit-ulcinj.com\/blog\/#website\"},\"primaryImageOfPage\":{\"@id\":\"https:\/\/www.visit-ulcinj.com\/blog\/2012\/07\/07\/reagimi-i-selim-resulbegoviqit-ndaj-deklarates-te-cungut\/#primaryimage\"},\"datePublished\":\"2012-07-06T23:16:04+00:00\",\"dateModified\":\"2012-07-10T23:11:25+00:00\",\"author\":{\"@id\":\"https:\/\/www.visit-ulcinj.com\/blog\/#\/schema\/person\/dcab619c614d3038751c63bc2aadc06d\"},\"description\":\"REAGIM , &nbsp; Nazif Cungu\u00a0 vazhdon me\u00a0 shfaqjen e pakuptimt\u00eb , shfaqe qe ka\u00a0 q\u00ebllim te\u00a0 vet\u00ebm \u00a0largimin e vemndjes s\u00eb opinionit nga paaft\u00ebsit\u00eb e tija\",\"breadcrumb\":{\"@id\":\"https:\/\/www.visit-ulcinj.com\/blog\/2012\/07\/07\/reagimi-i-selim-resulbegoviqit-ndaj-deklarates-te-cungut\/#breadcrumb\"},\"inLanguage\":\"en-US\",\"potentialAction\":[{\"@type\":\"ReadAction\",\"target\":[\"https:\/\/www.visit-ulcinj.com\/blog\/2012\/07\/07\/reagimi-i-selim-resulbegoviqit-ndaj-deklarates-te-cungut\/\"]}]},{\"@type\":\"BreadcrumbList\",\"@id\":\"https:\/\/www.visit-ulcinj.com\/blog\/2012\/07\/07\/reagimi-i-selim-resulbegoviqit-ndaj-deklarates-te-cungut\/#breadcrumb\",\"itemListElement\":[{\"@type\":\"ListItem\",\"position\":1,\"name\":\"Reagimi i Selim Resulbegoviqit ndaj deklarates t\u00eb Cungut\"}]},{\"@type\":\"Person\",\"@id\":\"https:\/\/www.visit-ulcinj.com\/blog\/#\/schema\/person\/dcab619c614d3038751c63bc2aadc06d\",\"name\":\"ulqini\",\"sameAs\":[\"http:\/\/www.visit-ulcinj.com\"],\"url\":\"https:\/\/www.visit-ulcinj.com\/blog\/author\/admin\/\"}]}<\/script>\n<!-- \/ Yoast SEO plugin. -->","yoast_head_json":{"title":"Reagimi i Selim Resulbegoviqit ndaj deklarates t\u00eb Cungut - Lajme nga Ulqini","description":"REAGIM , &nbsp; Nazif Cungu\u00a0 vazhdon me\u00a0 shfaqjen e pakuptimt\u00eb , shfaqe qe ka\u00a0 q\u00ebllim te\u00a0 vet\u00ebm \u00a0largimin e vemndjes s\u00eb opinionit nga paaft\u00ebsit\u00eb e tija","robots":{"index":"index","follow":"follow","max-snippet":"max-snippet:-1","max-image-preview":"max-image-preview:large","max-video-preview":"max-video-preview:-1"},"canonical":"https:\/\/www.visit-ulcinj.com\/blog\/2012\/07\/07\/reagimi-i-selim-resulbegoviqit-ndaj-deklarates-te-cungut\/","og_locale":"en_US","og_type":"article","og_title":"Reagimi i Selim Resulbegoviqit ndaj deklarates t\u00eb Cungut - Lajme nga Ulqini","og_description":"REAGIM , &nbsp; Nazif Cungu\u00a0 vazhdon me\u00a0 shfaqjen e pakuptimt\u00eb , shfaqe qe ka\u00a0 q\u00ebllim te\u00a0 vet\u00ebm \u00a0largimin e vemndjes s\u00eb opinionit nga paaft\u00ebsit\u00eb e tija","og_url":"https:\/\/www.visit-ulcinj.com\/blog\/2012\/07\/07\/reagimi-i-selim-resulbegoviqit-ndaj-deklarates-te-cungut\/","og_site_name":"Lajme nga Ulqini","article_published_time":"2012-07-06T23:16:04+00:00","article_modified_time":"2012-07-10T23:11:25+00:00","og_image":[{"url":"http:\/\/www.visit-ulcinj.com\/blog\/wp-content\/uploads\/2012\/07\/Selim-Resulbegovic_ulqin_ulcinj.jpg"}],"twitter_misc":{"Written by":"ulqini","Est. reading time":"5 minutes"},"schema":{"@context":"https:\/\/schema.org","@graph":[{"@type":"WebSite","@id":"https:\/\/www.visit-ulcinj.com\/blog\/#website","url":"https:\/\/www.visit-ulcinj.com\/blog\/","name":"Lajme nga Ulqini","description":"Lajme,Vijesti,Ulqini,Ulqin,Crna Gora,Mali i Zi","potentialAction":[{"@type":"SearchAction","target":{"@type":"EntryPoint","urlTemplate":"https:\/\/www.visit-ulcinj.com\/blog\/?s={search_term_string}"},"query-input":"required name=search_term_string"}],"inLanguage":"en-US"},{"@type":"ImageObject","inLanguage":"en-US","@id":"https:\/\/www.visit-ulcinj.com\/blog\/2012\/07\/07\/reagimi-i-selim-resulbegoviqit-ndaj-deklarates-te-cungut\/#primaryimage","url":"https:\/\/www.visit-ulcinj.com\/blog\/wp-content\/uploads\/2012\/07\/Selim-Resulbegovic_ulqin_ulcinj.jpg","contentUrl":"https:\/\/www.visit-ulcinj.com\/blog\/wp-content\/uploads\/2012\/07\/Selim-Resulbegovic_ulqin_ulcinj.jpg","width":"640","height":"562"},{"@type":"WebPage","@id":"https:\/\/www.visit-ulcinj.com\/blog\/2012\/07\/07\/reagimi-i-selim-resulbegoviqit-ndaj-deklarates-te-cungut\/#webpage","url":"https:\/\/www.visit-ulcinj.com\/blog\/2012\/07\/07\/reagimi-i-selim-resulbegoviqit-ndaj-deklarates-te-cungut\/","name":"Reagimi i Selim Resulbegoviqit ndaj deklarates t\u00eb Cungut - Lajme nga Ulqini","isPartOf":{"@id":"https:\/\/www.visit-ulcinj.com\/blog\/#website"},"primaryImageOfPage":{"@id":"https:\/\/www.visit-ulcinj.com\/blog\/2012\/07\/07\/reagimi-i-selim-resulbegoviqit-ndaj-deklarates-te-cungut\/#primaryimage"},"datePublished":"2012-07-06T23:16:04+00:00","dateModified":"2012-07-10T23:11:25+00:00","author":{"@id":"https:\/\/www.visit-ulcinj.com\/blog\/#\/schema\/person\/dcab619c614d3038751c63bc2aadc06d"},"description":"REAGIM , &nbsp; Nazif Cungu\u00a0 vazhdon me\u00a0 shfaqjen e pakuptimt\u00eb , shfaqe qe ka\u00a0 q\u00ebllim te\u00a0 vet\u00ebm \u00a0largimin e vemndjes s\u00eb opinionit nga paaft\u00ebsit\u00eb e tija","breadcrumb":{"@id":"https:\/\/www.visit-ulcinj.com\/blog\/2012\/07\/07\/reagimi-i-selim-resulbegoviqit-ndaj-deklarates-te-cungut\/#breadcrumb"},"inLanguage":"en-US","potentialAction":[{"@type":"ReadAction","target":["https:\/\/www.visit-ulcinj.com\/blog\/2012\/07\/07\/reagimi-i-selim-resulbegoviqit-ndaj-deklarates-te-cungut\/"]}]},{"@type":"BreadcrumbList","@id":"https:\/\/www.visit-ulcinj.com\/blog\/2012\/07\/07\/reagimi-i-selim-resulbegoviqit-ndaj-deklarates-te-cungut\/#breadcrumb","itemListElement":[{"@type":"ListItem","position":1,"name":"Reagimi i Selim Resulbegoviqit ndaj deklarates t\u00eb Cungut"}]},{"@type":"Person","@id":"https:\/\/www.visit-ulcinj.com\/blog\/#\/schema\/person\/dcab619c614d3038751c63bc2aadc06d","name":"ulqini","sameAs":["http:\/\/www.visit-ulcinj.com"],"url":"https:\/\/www.visit-ulcinj.com\/blog\/author\/admin\/"}]}},"jetpack_featured_media_url":"","jetpack_sharing_enabled":true,"jetpack_shortlink":"https:\/\/wp.me\/pe6lTn-g9B","_links":{"self":[{"href":"https:\/\/www.visit-ulcinj.com\/blog\/wp-json\/wp\/v2\/posts\/62099"}],"collection":[{"href":"https:\/\/www.visit-ulcinj.com\/blog\/wp-json\/wp\/v2\/posts"}],"about":[{"href":"https:\/\/www.visit-ulcinj.com\/blog\/wp-json\/wp\/v2\/types\/post"}],"author":[{"embeddable":true,"href":"https:\/\/www.visit-ulcinj.com\/blog\/wp-json\/wp\/v2\/users\/1"}],"replies":[{"embeddable":true,"href":"https:\/\/www.visit-ulcinj.com\/blog\/wp-json\/wp\/v2\/comments?post=62099"}],"version-history":[{"count":3,"href":"https:\/\/www.visit-ulcinj.com\/blog\/wp-json\/wp\/v2\/posts\/62099\/revisions"}],"predecessor-version":[{"id":62103,"href":"https:\/\/www.visit-ulcinj.com\/blog\/wp-json\/wp\/v2\/posts\/62099\/revisions\/62103"}],"wp:attachment":[{"href":"https:\/\/www.visit-ulcinj.com\/blog\/wp-json\/wp\/v2\/media?parent=62099"}],"wp:term":[{"taxonomy":"category","embeddable":true,"href":"https:\/\/www.visit-ulcinj.com\/blog\/wp-json\/wp\/v2\/categories?post=62099"},{"taxonomy":"post_tag","embeddable":true,"href":"https:\/\/www.visit-ulcinj.com\/blog\/wp-json\/wp\/v2\/tags?post=62099"}],"curies":[{"name":"wp","href":"https:\/\/api.w.org\/{rel}","templated":true}]}}