{"id":62111,"date":"2012-07-07T00:48:17","date_gmt":"2012-07-06T23:48:17","guid":{"rendered":"http:\/\/www.visit-ulcinj.com\/blog\/?p=62111"},"modified":"2012-07-07T01:00:00","modified_gmt":"2012-07-07T00:00:00","slug":"emina-cunmulaj-me-pushime-ne-ulqin-foto","status":"publish","type":"post","link":"https:\/\/www.visit-ulcinj.com\/blog\/2012\/07\/07\/emina-cunmulaj-me-pushime-ne-ulqin-foto\/","title":{"rendered":"Emina Cunmulaj me pushime n\u00eb Ulqin (Foto)"},"content":{"rendered":"<p><a href=\"http:\/\/www.visit-ulcinj.com\/blog\/wp-content\/uploads\/2012\/07\/Emina-Cunmulaj-me-pushime-n\u00eb-Ulqin.jpg\"><img loading=\"lazy\" class=\"alignleft  wp-image-62112\" title=\"Emina Cunmulaj me pushime n\u00eb Ulqin\" src=\"http:\/\/www.visit-ulcinj.com\/blog\/wp-content\/uploads\/2012\/07\/Emina-Cunmulaj-me-pushime-n\u00eb-Ulqin.jpg\" alt=\"\" width=\"508\" height=\"367\" \/><\/a>Ulqin, 2 korrik \u2013 N\u00ebse k\u00ebto dit\u00eb jeni duke pushuar n\u00eb Ulqin dhe p\u00ebrplaseni me ndonj\u00eb fem\u00ebr e cila ju duket e bukur si modele e i ngjan Emina Cunmulaj, nuk jeni gabuar, mund t\u00eb jet\u00eb vet\u00eb ajo Emina.<\/p>\n<p><a href=\"http:\/\/www.visit-ulcinj.com\/blog\/wp-content\/uploads\/2012\/07\/Emina-Cunmulaj-me-pushime-n\u00eb-Ulqin.1.jpg\"><img loading=\"lazy\" class=\"alignleft  wp-image-62113\" title=\"Emina Cunmulaj me pushime n\u00eb Ulqin.1\" src=\"http:\/\/www.visit-ulcinj.com\/blog\/wp-content\/uploads\/2012\/07\/Emina-Cunmulaj-me-pushime-n\u00eb-Ulqin.1.jpg\" alt=\"\" width=\"508\" height=\"300\" \/><\/a><\/p>\n<p>Topmodelja shqiptare \u00ebsht\u00eb rikthyer n\u00eb vendlindje p\u00ebr t\u00eb kaluar disa dit\u00eb pushimi n\u00eb nj\u00eb prej vendeve m\u00eb t\u00eb dashura p\u00ebr t\u00eb.<\/p>\n<p>KOHA NET<br \/>\n[flv]http:\/\/video.rtv21.tv\/video\/Emisionet\/Speciale\/05_Ulqini_speciale.flv[\/flv]<\/p>\n","protected":false},"excerpt":{"rendered":"<p>Ulqin, 2 korrik \u2013 N\u00ebse k\u00ebto dit\u00eb jeni duke pushuar n\u00eb Ulqin dhe p\u00ebrplaseni me ndonj\u00eb fem\u00ebr e cila ju duket e bukur si modele e i ngjan Emina Cunmulaj, nuk jeni gabuar, mund t\u00eb jet\u00eb vet\u00eb ajo Emina. Topmodelja shqiptare \u00ebsht\u00eb rikthyer n\u00eb vendlindje p\u00ebr t\u00eb kaluar disa dit\u00eb pushimi n\u00eb nj\u00eb prej vendeve [&hellip;]<\/p>\n","protected":false},"author":1,"featured_media":0,"comment_status":"open","ping_status":"closed","sticky":false,"template":"","format":"standard","meta":{"spay_email":"","jetpack_publicize_message":"","jetpack_is_tweetstorm":false,"jetpack_publicize_feature_enabled":true},"categories":[1],"tags":[12167,200],"jetpack_publicize_connections":[],"yoast_head":"<!-- This site is optimized with the Yoast SEO plugin v19.1 - https:\/\/yoast.com\/wordpress\/plugins\/seo\/ -->\n<title>Emina Cunmulaj me pushime n\u00eb Ulqin (Foto) - Lajme nga Ulqini<\/title>\n<meta name=\"description\" content=\"Ulqin, 2 korrik \u2013 N\u00ebse k\u00ebto dit\u00eb jeni duke pushuar n\u00eb Ulqin dhe p\u00ebrplaseni me ndonj\u00eb fem\u00ebr e cila ju duket e bukur si modele e i ngjan Emina Cunmulaj, nuk\" \/>\n<meta name=\"robots\" content=\"index, follow, max-snippet:-1, max-image-preview:large, max-video-preview:-1\" \/>\n<link rel=\"canonical\" href=\"https:\/\/www.visit-ulcinj.com\/blog\/2012\/07\/07\/emina-cunmulaj-me-pushime-ne-ulqin-foto\/\" \/>\n<meta property=\"og:locale\" content=\"en_US\" \/>\n<meta property=\"og:type\" content=\"article\" \/>\n<meta property=\"og:title\" content=\"Emina Cunmulaj me pushime n\u00eb Ulqin (Foto) - Lajme nga Ulqini\" \/>\n<meta property=\"og:description\" content=\"Ulqin, 2 korrik \u2013 N\u00ebse k\u00ebto dit\u00eb jeni duke pushuar n\u00eb Ulqin dhe p\u00ebrplaseni me ndonj\u00eb fem\u00ebr e cila ju duket e bukur si modele e i ngjan Emina Cunmulaj, nuk\" \/>\n<meta property=\"og:url\" content=\"https:\/\/www.visit-ulcinj.com\/blog\/2012\/07\/07\/emina-cunmulaj-me-pushime-ne-ulqin-foto\/\" \/>\n<meta property=\"og:site_name\" content=\"Lajme nga Ulqini\" \/>\n<meta property=\"article:published_time\" content=\"2012-07-06T23:48:17+00:00\" \/>\n<meta property=\"article:modified_time\" content=\"2012-07-07T00:00:00+00:00\" \/>\n<meta name=\"twitter:label1\" content=\"Written by\" \/>\n\t<meta name=\"twitter:data1\" content=\"ulqini\" \/>\n<script type=\"application\/ld+json\" class=\"yoast-schema-graph\">{\"@context\":\"https:\/\/schema.org\",\"@graph\":[{\"@type\":\"WebSite\",\"@id\":\"https:\/\/www.visit-ulcinj.com\/blog\/#website\",\"url\":\"https:\/\/www.visit-ulcinj.com\/blog\/\",\"name\":\"Lajme nga Ulqini\",\"description\":\"Lajme,Vijesti,Ulqini,Ulqin,Crna Gora,Mali i Zi\",\"potentialAction\":[{\"@type\":\"SearchAction\",\"target\":{\"@type\":\"EntryPoint\",\"urlTemplate\":\"https:\/\/www.visit-ulcinj.com\/blog\/?s={search_term_string}\"},\"query-input\":\"required name=search_term_string\"}],\"inLanguage\":\"en-US\"},{\"@type\":\"WebPage\",\"@id\":\"https:\/\/www.visit-ulcinj.com\/blog\/2012\/07\/07\/emina-cunmulaj-me-pushime-ne-ulqin-foto\/#webpage\",\"url\":\"https:\/\/www.visit-ulcinj.com\/blog\/2012\/07\/07\/emina-cunmulaj-me-pushime-ne-ulqin-foto\/\",\"name\":\"Emina Cunmulaj me pushime n\u00eb Ulqin (Foto) - Lajme nga Ulqini\",\"isPartOf\":{\"@id\":\"https:\/\/www.visit-ulcinj.com\/blog\/#website\"},\"datePublished\":\"2012-07-06T23:48:17+00:00\",\"dateModified\":\"2012-07-07T00:00:00+00:00\",\"author\":{\"@id\":\"https:\/\/www.visit-ulcinj.com\/blog\/#\/schema\/person\/dcab619c614d3038751c63bc2aadc06d\"},\"description\":\"Ulqin, 2 korrik \u2013 N\u00ebse k\u00ebto dit\u00eb jeni duke pushuar n\u00eb Ulqin dhe p\u00ebrplaseni me ndonj\u00eb fem\u00ebr e cila ju duket e bukur si modele e i ngjan Emina Cunmulaj, nuk\",\"breadcrumb\":{\"@id\":\"https:\/\/www.visit-ulcinj.com\/blog\/2012\/07\/07\/emina-cunmulaj-me-pushime-ne-ulqin-foto\/#breadcrumb\"},\"inLanguage\":\"en-US\",\"potentialAction\":[{\"@type\":\"ReadAction\",\"target\":[\"https:\/\/www.visit-ulcinj.com\/blog\/2012\/07\/07\/emina-cunmulaj-me-pushime-ne-ulqin-foto\/\"]}]},{\"@type\":\"BreadcrumbList\",\"@id\":\"https:\/\/www.visit-ulcinj.com\/blog\/2012\/07\/07\/emina-cunmulaj-me-pushime-ne-ulqin-foto\/#breadcrumb\",\"itemListElement\":[{\"@type\":\"ListItem\",\"position\":1,\"name\":\"Emina Cunmulaj me pushime n\u00eb Ulqin (Foto)\"}]},{\"@type\":\"Person\",\"@id\":\"https:\/\/www.visit-ulcinj.com\/blog\/#\/schema\/person\/dcab619c614d3038751c63bc2aadc06d\",\"name\":\"ulqini\",\"sameAs\":[\"http:\/\/www.visit-ulcinj.com\"],\"url\":\"https:\/\/www.visit-ulcinj.com\/blog\/author\/admin\/\"}]}<\/script>\n<!-- \/ Yoast SEO plugin. -->","yoast_head_json":{"title":"Emina Cunmulaj me pushime n\u00eb Ulqin (Foto) - Lajme nga Ulqini","description":"Ulqin, 2 korrik \u2013 N\u00ebse k\u00ebto dit\u00eb jeni duke pushuar n\u00eb Ulqin dhe p\u00ebrplaseni me ndonj\u00eb fem\u00ebr e cila ju duket e bukur si modele e i ngjan Emina Cunmulaj, nuk","robots":{"index":"index","follow":"follow","max-snippet":"max-snippet:-1","max-image-preview":"max-image-preview:large","max-video-preview":"max-video-preview:-1"},"canonical":"https:\/\/www.visit-ulcinj.com\/blog\/2012\/07\/07\/emina-cunmulaj-me-pushime-ne-ulqin-foto\/","og_locale":"en_US","og_type":"article","og_title":"Emina Cunmulaj me pushime n\u00eb Ulqin (Foto) - Lajme nga Ulqini","og_description":"Ulqin, 2 korrik \u2013 N\u00ebse k\u00ebto dit\u00eb jeni duke pushuar n\u00eb Ulqin dhe p\u00ebrplaseni me ndonj\u00eb fem\u00ebr e cila ju duket e bukur si modele e i ngjan Emina Cunmulaj, nuk","og_url":"https:\/\/www.visit-ulcinj.com\/blog\/2012\/07\/07\/emina-cunmulaj-me-pushime-ne-ulqin-foto\/","og_site_name":"Lajme nga Ulqini","article_published_time":"2012-07-06T23:48:17+00:00","article_modified_time":"2012-07-07T00:00:00+00:00","twitter_misc":{"Written by":"ulqini"},"schema":{"@context":"https:\/\/schema.org","@graph":[{"@type":"WebSite","@id":"https:\/\/www.visit-ulcinj.com\/blog\/#website","url":"https:\/\/www.visit-ulcinj.com\/blog\/","name":"Lajme nga Ulqini","description":"Lajme,Vijesti,Ulqini,Ulqin,Crna Gora,Mali i Zi","potentialAction":[{"@type":"SearchAction","target":{"@type":"EntryPoint","urlTemplate":"https:\/\/www.visit-ulcinj.com\/blog\/?s={search_term_string}"},"query-input":"required name=search_term_string"}],"inLanguage":"en-US"},{"@type":"WebPage","@id":"https:\/\/www.visit-ulcinj.com\/blog\/2012\/07\/07\/emina-cunmulaj-me-pushime-ne-ulqin-foto\/#webpage","url":"https:\/\/www.visit-ulcinj.com\/blog\/2012\/07\/07\/emina-cunmulaj-me-pushime-ne-ulqin-foto\/","name":"Emina Cunmulaj me pushime n\u00eb Ulqin (Foto) - Lajme nga Ulqini","isPartOf":{"@id":"https:\/\/www.visit-ulcinj.com\/blog\/#website"},"datePublished":"2012-07-06T23:48:17+00:00","dateModified":"2012-07-07T00:00:00+00:00","author":{"@id":"https:\/\/www.visit-ulcinj.com\/blog\/#\/schema\/person\/dcab619c614d3038751c63bc2aadc06d"},"description":"Ulqin, 2 korrik \u2013 N\u00ebse k\u00ebto dit\u00eb jeni duke pushuar n\u00eb Ulqin dhe p\u00ebrplaseni me ndonj\u00eb fem\u00ebr e cila ju duket e bukur si modele e i ngjan Emina Cunmulaj, nuk","breadcrumb":{"@id":"https:\/\/www.visit-ulcinj.com\/blog\/2012\/07\/07\/emina-cunmulaj-me-pushime-ne-ulqin-foto\/#breadcrumb"},"inLanguage":"en-US","potentialAction":[{"@type":"ReadAction","target":["https:\/\/www.visit-ulcinj.com\/blog\/2012\/07\/07\/emina-cunmulaj-me-pushime-ne-ulqin-foto\/"]}]},{"@type":"BreadcrumbList","@id":"https:\/\/www.visit-ulcinj.com\/blog\/2012\/07\/07\/emina-cunmulaj-me-pushime-ne-ulqin-foto\/#breadcrumb","itemListElement":[{"@type":"ListItem","position":1,"name":"Emina Cunmulaj me pushime n\u00eb Ulqin (Foto)"}]},{"@type":"Person","@id":"https:\/\/www.visit-ulcinj.com\/blog\/#\/schema\/person\/dcab619c614d3038751c63bc2aadc06d","name":"ulqini","sameAs":["http:\/\/www.visit-ulcinj.com"],"url":"https:\/\/www.visit-ulcinj.com\/blog\/author\/admin\/"}]}},"jetpack_featured_media_url":"","jetpack_sharing_enabled":true,"jetpack_shortlink":"https:\/\/wp.me\/pe6lTn-g9N","_links":{"self":[{"href":"https:\/\/www.visit-ulcinj.com\/blog\/wp-json\/wp\/v2\/posts\/62111"}],"collection":[{"href":"https:\/\/www.visit-ulcinj.com\/blog\/wp-json\/wp\/v2\/posts"}],"about":[{"href":"https:\/\/www.visit-ulcinj.com\/blog\/wp-json\/wp\/v2\/types\/post"}],"author":[{"embeddable":true,"href":"https:\/\/www.visit-ulcinj.com\/blog\/wp-json\/wp\/v2\/users\/1"}],"replies":[{"embeddable":true,"href":"https:\/\/www.visit-ulcinj.com\/blog\/wp-json\/wp\/v2\/comments?post=62111"}],"version-history":[{"count":2,"href":"https:\/\/www.visit-ulcinj.com\/blog\/wp-json\/wp\/v2\/posts\/62111\/revisions"}],"predecessor-version":[{"id":62120,"href":"https:\/\/www.visit-ulcinj.com\/blog\/wp-json\/wp\/v2\/posts\/62111\/revisions\/62120"}],"wp:attachment":[{"href":"https:\/\/www.visit-ulcinj.com\/blog\/wp-json\/wp\/v2\/media?parent=62111"}],"wp:term":[{"taxonomy":"category","embeddable":true,"href":"https:\/\/www.visit-ulcinj.com\/blog\/wp-json\/wp\/v2\/categories?post=62111"},{"taxonomy":"post_tag","embeddable":true,"href":"https:\/\/www.visit-ulcinj.com\/blog\/wp-json\/wp\/v2\/tags?post=62111"}],"curies":[{"name":"wp","href":"https:\/\/api.w.org\/{rel}","templated":true}]}}